{"id":61496,"date":"2016-08-16T08:52:59","date_gmt":"2016-08-16T07:52:59","guid":{"rendered":"http:\/\/kapitalis.com\/tunisie\/?p=61496"},"modified":"2016-08-16T08:52:59","modified_gmt":"2016-08-16T07:52:59","slug":"gouvernement-chahed-lupl-fait-entendre-sa-musique","status":"publish","type":"post","link":"https:\/\/kapitalis.com\/tunisie\/2016\/08\/16\/gouvernement-chahed-lupl-fait-entendre-sa-musique\/","title":{"rendered":"Gouvernement Chahed : L\u2019UPL fait entendre sa musique"},"content":{"rendered":"<p><img loading=\"lazy\" decoding=\"async\" class=\"alignnone size-full wp-image-46264 aligncenter\" src=\"http:\/\/kapitalis.com\/tunisie\/wp-content\/uploads\/2016\/04\/Slim-Riahi.jpg\" alt=\"Slim-Riahi\" width=\"626\" height=\"380\" \/><\/p>\n<p><em><strong>L\u2019Union patriotique libre (UPL) n\u2019a pas encore d\u00e9cid\u00e9 s\u2019il va ou non proposer des candidats pour le prochain gouvernement.<\/strong> <\/em><\/p>\n<p><!--more--><\/p>\n<p>L\u2019UPL ne proposera pas des noms pour des postes minist\u00e9riels avant de conna\u00eetre ceux qui lui seront sugg\u00e9r\u00e9s par Youssef Chahed, le chef du gouvernement d\u00e9sign\u00e9, a d\u00e9clar\u00e9 le pr\u00e9sident du groupe parlementaire de l\u2019UPL, Tarek Fetiti, qui s\u2019exprimait, lundi en conf\u00e9rence de presse, \u00e0 l\u2019issue de la r\u00e9union du bureau politique de son parti, ajoutant que l\u2019UPL doit, \u00e9galement, conna\u00eetre tous les candidats potentiels avant de se prononcer.<\/p>\n<p>Le parti a d\u00e9cid\u00e9 de maintenir la r\u00e9union ouverte durant les deux jours qui viennent pour trancher la question de la participation du parti au prochain gouvernement.<\/p>\n<p>Selon Fetiti, la r\u00e9union a \u00e9t\u00e9 marqu\u00e9e par une divergence des vues entre les membres du bloc parlementaire du parti et ceux de son bureau politique sur, justement, la participation au gouvernement. Il a confi\u00e9 que son parti \u00e9met des r\u00e9serves sur <em>\u00abl\u2019ambig\u00fcit\u00e9\u00bb<\/em> des concertations sur le gouvernement d\u2019union nationale.<\/p>\n<p>Le pr\u00e9sident de l\u2019UPL Slim Riahi, le ministre du Commerce Mohsen Hassen, le ministre des Domaines de l&rsquo;Etat et des Affaires fonci\u00e8res Hatem El-Euchi, ont pris part \u00e0 la r\u00e9union, en plus des d\u00e9put\u00e9s et des autres membres du bureau politique.<\/p>\n<p>L\u2019UPL, qui fait partie de la coalition au pouvoir, a particip\u00e9 aux concertations sur la formation du gouvernement d\u2019union nationale d\u00e8s leur lancement. Il est l\u2019un des 8 partis qui ont sign\u00e9 le <em>\u00abDocument de Carthage\u00bb<\/em>, r\u00e9sumant les priorit\u00e9s de ce gouvernement, aux c\u00f4t\u00e9s de 3 organisations nationales : Utica, UGTT et Utap.<\/p>\n<p style=\"text-align: right;\"><strong>I. B.<\/strong> (avec Tap).<\/p>\n","protected":false},"excerpt":{"rendered":"<p>L\u2019Union patriotique libre (UPL) n\u2019a pas encore d\u00e9cid\u00e9 s\u2019il va ou non proposer des candidats pour le prochain gouvernement.<\/p>\n","protected":false},"author":8,"featured_media":0,"comment_status":"open","ping_status":"open","sticky":false,"template":"","format":"standard","meta":{"footnotes":""},"categories":[997,2433],"tags":[14260,4973,3315,1642,21662,4205],"class_list":["post-61496","post","type-post","status-publish","format-standard","hentry","category-politique","category-tunisie","tag-gouvernement-dunion-nationale","tag-hatem-el-euchi","tag-mohsen-hassen","tag-slim-riahi","tag-tarek-fetiti","tag-union-patriotique-libre"],"yoast_head":"<!-- This site is optimized with the Yoast SEO plugin v26.6 - https:\/\/yoast.com\/wordpress\/plugins\/seo\/ -->\n<title>Gouvernement Chahed : L\u2019UPL fait entendre sa musique - Kapitalis<\/title>\n<meta name=\"robots\" content=\"index, follow, max-snippet:-1, max-image-preview:large, max-video-preview:-1\" \/>\n<link rel=\"canonical\" href=\"https:\/\/kapitalis.com\/tunisie\/2016\/08\/16\/gouvernement-chahed-lupl-fait-entendre-sa-musique\/\" \/>\n<meta property=\"og:locale\" content=\"fr_FR\" \/>\n<meta property=\"og:type\" content=\"article\" \/>\n<meta property=\"og:title\" content=\"Gouvernement Chahed : L\u2019UPL fait entendre sa musique - Kapitalis\" \/>\n<meta property=\"og:description\" content=\"L\u2019Union patriotique libre (UPL) n\u2019a pas encore d\u00e9cid\u00e9 s\u2019il va ou non proposer des candidats pour le prochain gouvernement.\" \/>\n<meta property=\"og:url\" content=\"https:\/\/kapitalis.com\/tunisie\/2016\/08\/16\/gouvernement-chahed-lupl-fait-entendre-sa-musique\/\" \/>\n<meta property=\"og:site_name\" content=\"Kapitalis\" \/>\n<meta property=\"article:publisher\" content=\"https:\/\/www.facebook.com\/KapitalisInfo\/\" \/>\n<meta property=\"article:published_time\" content=\"2016-08-16T07:52:59+00:00\" \/>\n<meta property=\"og:image\" content=\"http:\/\/kapitalis.com\/tunisie\/wp-content\/uploads\/2016\/04\/Slim-Riahi.jpg\" \/>\n<meta name=\"author\" content=\"webmaster kapitalis\" \/>\n<meta name=\"twitter:card\" content=\"summary_large_image\" \/>\n<meta name=\"twitter:creator\" content=\"@KapitalisInfo\" \/>\n<meta name=\"twitter:site\" content=\"@KapitalisInfo\" \/>\n<meta name=\"twitter:label1\" content=\"\u00c9crit par\" \/>\n\t<meta name=\"twitter:data1\" content=\"webmaster kapitalis\" \/>\n\t<meta name=\"twitter:label2\" content=\"Dur\u00e9e de lecture estim\u00e9e\" \/>\n\t<meta name=\"twitter:data2\" content=\"1 minute\" \/>\n<script type=\"application\/ld+json\" class=\"yoast-schema-graph\">{\"@context\":\"https:\/\/schema.org\",\"@graph\":[{\"@type\":\"Article\",\"@id\":\"https:\/\/kapitalis.com\/tunisie\/2016\/08\/16\/gouvernement-chahed-lupl-fait-entendre-sa-musique\/#article\",\"isPartOf\":{\"@id\":\"https:\/\/kapitalis.com\/tunisie\/2016\/08\/16\/gouvernement-chahed-lupl-fait-entendre-sa-musique\/\"},\"author\":{\"name\":\"webmaster kapitalis\",\"@id\":\"https:\/\/kapitalis.com\/tunisie\/#\/schema\/person\/d71f33a9ca44f7bad4698210b480c8e9\"},\"headline\":\"Gouvernement Chahed : L\u2019UPL fait entendre sa musique\",\"datePublished\":\"2016-08-16T07:52:59+00:00\",\"mainEntityOfPage\":{\"@id\":\"https:\/\/kapitalis.com\/tunisie\/2016\/08\/16\/gouvernement-chahed-lupl-fait-entendre-sa-musique\/\"},\"wordCount\":307,\"commentCount\":0,\"publisher\":{\"@id\":\"https:\/\/kapitalis.com\/tunisie\/#organization\"},\"image\":{\"@id\":\"https:\/\/kapitalis.com\/tunisie\/2016\/08\/16\/gouvernement-chahed-lupl-fait-entendre-sa-musique\/#primaryimage\"},\"thumbnailUrl\":\"http:\/\/kapitalis.com\/tunisie\/wp-content\/uploads\/2016\/04\/Slim-Riahi.jpg\",\"keywords\":[\"gouvernement d'union nationale\",\"Hatem El-Euchi\",\"Mohsen Hassen\",\"Slim Riahi\",\"Tarek Fetiti\",\"Union patriotique libre\"],\"articleSection\":[\"POLITIQUE\",\"Tunisie\"],\"inLanguage\":\"fr-FR\",\"potentialAction\":[{\"@type\":\"CommentAction\",\"name\":\"Comment\",\"target\":[\"https:\/\/kapitalis.com\/tunisie\/2016\/08\/16\/gouvernement-chahed-lupl-fait-entendre-sa-musique\/#respond\"]}]},{\"@type\":\"WebPage\",\"@id\":\"https:\/\/kapitalis.com\/tunisie\/2016\/08\/16\/gouvernement-chahed-lupl-fait-entendre-sa-musique\/\",\"url\":\"https:\/\/kapitalis.com\/tunisie\/2016\/08\/16\/gouvernement-chahed-lupl-fait-entendre-sa-musique\/\",\"name\":\"Gouvernement Chahed : L\u2019UPL fait entendre sa musique - Kapitalis\",\"isPartOf\":{\"@id\":\"https:\/\/kapitalis.com\/tunisie\/#website\"},\"primaryImageOfPage\":{\"@id\":\"https:\/\/kapitalis.com\/tunisie\/2016\/08\/16\/gouvernement-chahed-lupl-fait-entendre-sa-musique\/#primaryimage\"},\"image\":{\"@id\":\"https:\/\/kapitalis.com\/tunisie\/2016\/08\/16\/gouvernement-chahed-lupl-fait-entendre-sa-musique\/#primaryimage\"},\"thumbnailUrl\":\"http:\/\/kapitalis.com\/tunisie\/wp-content\/uploads\/2016\/04\/Slim-Riahi.jpg\",\"datePublished\":\"2016-08-16T07:52:59+00:00\",\"breadcrumb\":{\"@id\":\"https:\/\/kapitalis.com\/tunisie\/2016\/08\/16\/gouvernement-chahed-lupl-fait-entendre-sa-musique\/#breadcrumb\"},\"inLanguage\":\"fr-FR\",\"potentialAction\":[{\"@type\":\"ReadAction\",\"target\":[\"https:\/\/kapitalis.com\/tunisie\/2016\/08\/16\/gouvernement-chahed-lupl-fait-entendre-sa-musique\/\"]}]},{\"@type\":\"ImageObject\",\"inLanguage\":\"fr-FR\",\"@id\":\"https:\/\/kapitalis.com\/tunisie\/2016\/08\/16\/gouvernement-chahed-lupl-fait-entendre-sa-musique\/#primaryimage\",\"url\":\"http:\/\/kapitalis.com\/tunisie\/wp-content\/uploads\/2016\/04\/Slim-Riahi.jpg\",\"contentUrl\":\"http:\/\/kapitalis.com\/tunisie\/wp-content\/uploads\/2016\/04\/Slim-Riahi.jpg\"},{\"@type\":\"BreadcrumbList\",\"@id\":\"https:\/\/kapitalis.com\/tunisie\/2016\/08\/16\/gouvernement-chahed-lupl-fait-entendre-sa-musique\/#breadcrumb\",\"itemListElement\":[{\"@type\":\"ListItem\",\"position\":1,\"name\":\"Accueil\",\"item\":\"https:\/\/kapitalis.com\/tunisie\/\"},{\"@type\":\"ListItem\",\"position\":2,\"name\":\"Gouvernement Chahed : L\u2019UPL fait entendre sa musique\"}]},{\"@type\":\"WebSite\",\"@id\":\"https:\/\/kapitalis.com\/tunisie\/#website\",\"url\":\"https:\/\/kapitalis.com\/tunisie\/\",\"name\":\"Kapitalis\",\"description\":\"L&#039;actualit\u00e9 en Tunisie et dans le monde\",\"publisher\":{\"@id\":\"https:\/\/kapitalis.com\/tunisie\/#organization\"},\"potentialAction\":[{\"@type\":\"SearchAction\",\"target\":{\"@type\":\"EntryPoint\",\"urlTemplate\":\"https:\/\/kapitalis.com\/tunisie\/?s={search_term_string}\"},\"query-input\":{\"@type\":\"PropertyValueSpecification\",\"valueRequired\":true,\"valueName\":\"search_term_string\"}}],\"inLanguage\":\"fr-FR\"},{\"@type\":\"Organization\",\"@id\":\"https:\/\/kapitalis.com\/tunisie\/#organization\",\"name\":\"Kapitalis\",\"url\":\"https:\/\/kapitalis.com\/tunisie\/\",\"logo\":{\"@type\":\"ImageObject\",\"inLanguage\":\"fr-FR\",\"@id\":\"https:\/\/kapitalis.com\/tunisie\/#\/schema\/logo\/image\/\",\"url\":\"https:\/\/kapitalis.com\/tunisie\/wp-content\/uploads\/2022\/05\/Kapitalis-big-size.png\",\"contentUrl\":\"https:\/\/kapitalis.com\/tunisie\/wp-content\/uploads\/2022\/05\/Kapitalis-big-size.png\",\"width\":5000,\"height\":1500,\"caption\":\"Kapitalis\"},\"image\":{\"@id\":\"https:\/\/kapitalis.com\/tunisie\/#\/schema\/logo\/image\/\"},\"sameAs\":[\"https:\/\/www.facebook.com\/KapitalisInfo\/\",\"https:\/\/x.com\/KapitalisInfo\",\"https:\/\/www.youtube.com\/channel\/UC-yDYrHyfFBWWZaOw3FPg9Q\"]},{\"@type\":\"Person\",\"@id\":\"https:\/\/kapitalis.com\/tunisie\/#\/schema\/person\/d71f33a9ca44f7bad4698210b480c8e9\",\"name\":\"webmaster kapitalis\",\"url\":\"https:\/\/kapitalis.com\/tunisie\/author\/webmaster-kapitalis\/\"}]}<\/script>\n<!-- \/ Yoast SEO plugin. -->","yoast_head_json":{"title":"Gouvernement Chahed : L\u2019UPL fait entendre sa musique - Kapitalis","robots":{"index":"index","follow":"follow","max-snippet":"max-snippet:-1","max-image-preview":"max-image-preview:large","max-video-preview":"max-video-preview:-1"},"canonical":"https:\/\/kapitalis.com\/tunisie\/2016\/08\/16\/gouvernement-chahed-lupl-fait-entendre-sa-musique\/","og_locale":"fr_FR","og_type":"article","og_title":"Gouvernement Chahed : L\u2019UPL fait entendre sa musique - Kapitalis","og_description":"L\u2019Union patriotique libre (UPL) n\u2019a pas encore d\u00e9cid\u00e9 s\u2019il va ou non proposer des candidats pour le prochain gouvernement.","og_url":"https:\/\/kapitalis.com\/tunisie\/2016\/08\/16\/gouvernement-chahed-lupl-fait-entendre-sa-musique\/","og_site_name":"Kapitalis","article_publisher":"https:\/\/www.facebook.com\/KapitalisInfo\/","article_published_time":"2016-08-16T07:52:59+00:00","og_image":[{"url":"http:\/\/kapitalis.com\/tunisie\/wp-content\/uploads\/2016\/04\/Slim-Riahi.jpg","type":"","width":"","height":""}],"author":"webmaster kapitalis","twitter_card":"summary_large_image","twitter_creator":"@KapitalisInfo","twitter_site":"@KapitalisInfo","twitter_misc":{"\u00c9crit par":"webmaster kapitalis","Dur\u00e9e de lecture estim\u00e9e":"1 minute"},"schema":{"@context":"https:\/\/schema.org","@graph":[{"@type":"Article","@id":"https:\/\/kapitalis.com\/tunisie\/2016\/08\/16\/gouvernement-chahed-lupl-fait-entendre-sa-musique\/#article","isPartOf":{"@id":"https:\/\/kapitalis.com\/tunisie\/2016\/08\/16\/gouvernement-chahed-lupl-fait-entendre-sa-musique\/"},"author":{"name":"webmaster kapitalis","@id":"https:\/\/kapitalis.com\/tunisie\/#\/schema\/person\/d71f33a9ca44f7bad4698210b480c8e9"},"headline":"Gouvernement Chahed : L\u2019UPL fait entendre sa musique","datePublished":"2016-08-16T07:52:59+00:00","mainEntityOfPage":{"@id":"https:\/\/kapitalis.com\/tunisie\/2016\/08\/16\/gouvernement-chahed-lupl-fait-entendre-sa-musique\/"},"wordCount":307,"commentCount":0,"publisher":{"@id":"https:\/\/kapitalis.com\/tunisie\/#organization"},"image":{"@id":"https:\/\/kapitalis.com\/tunisie\/2016\/08\/16\/gouvernement-chahed-lupl-fait-entendre-sa-musique\/#primaryimage"},"thumbnailUrl":"http:\/\/kapitalis.com\/tunisie\/wp-content\/uploads\/2016\/04\/Slim-Riahi.jpg","keywords":["gouvernement d'union nationale","Hatem El-Euchi","Mohsen Hassen","Slim Riahi","Tarek Fetiti","Union patriotique libre"],"articleSection":["POLITIQUE","Tunisie"],"inLanguage":"fr-FR","potentialAction":[{"@type":"CommentAction","name":"Comment","target":["https:\/\/kapitalis.com\/tunisie\/2016\/08\/16\/gouvernement-chahed-lupl-fait-entendre-sa-musique\/#respond"]}]},{"@type":"WebPage","@id":"https:\/\/kapitalis.com\/tunisie\/2016\/08\/16\/gouvernement-chahed-lupl-fait-entendre-sa-musique\/","url":"https:\/\/kapitalis.com\/tunisie\/2016\/08\/16\/gouvernement-chahed-lupl-fait-entendre-sa-musique\/","name":"Gouvernement Chahed : L\u2019UPL fait entendre sa musique - Kapitalis","isPartOf":{"@id":"https:\/\/kapitalis.com\/tunisie\/#website"},"primaryImageOfPage":{"@id":"https:\/\/kapitalis.com\/tunisie\/2016\/08\/16\/gouvernement-chahed-lupl-fait-entendre-sa-musique\/#primaryimage"},"image":{"@id":"https:\/\/kapitalis.com\/tunisie\/2016\/08\/16\/gouvernement-chahed-lupl-fait-entendre-sa-musique\/#primaryimage"},"thumbnailUrl":"http:\/\/kapitalis.com\/tunisie\/wp-content\/uploads\/2016\/04\/Slim-Riahi.jpg","datePublished":"2016-08-16T07:52:59+00:00","breadcrumb":{"@id":"https:\/\/kapitalis.com\/tunisie\/2016\/08\/16\/gouvernement-chahed-lupl-fait-entendre-sa-musique\/#breadcrumb"},"inLanguage":"fr-FR","potentialAction":[{"@type":"ReadAction","target":["https:\/\/kapitalis.com\/tunisie\/2016\/08\/16\/gouvernement-chahed-lupl-fait-entendre-sa-musique\/"]}]},{"@type":"ImageObject","inLanguage":"fr-FR","@id":"https:\/\/kapitalis.com\/tunisie\/2016\/08\/16\/gouvernement-chahed-lupl-fait-entendre-sa-musique\/#primaryimage","url":"http:\/\/kapitalis.com\/tunisie\/wp-content\/uploads\/2016\/04\/Slim-Riahi.jpg","contentUrl":"http:\/\/kapitalis.com\/tunisie\/wp-content\/uploads\/2016\/04\/Slim-Riahi.jpg"},{"@type":"BreadcrumbList","@id":"https:\/\/kapitalis.com\/tunisie\/2016\/08\/16\/gouvernement-chahed-lupl-fait-entendre-sa-musique\/#breadcrumb","itemListElement":[{"@type":"ListItem","position":1,"name":"Accueil","item":"https:\/\/kapitalis.com\/tunisie\/"},{"@type":"ListItem","position":2,"name":"Gouvernement Chahed : L\u2019UPL fait entendre sa musique"}]},{"@type":"WebSite","@id":"https:\/\/kapitalis.com\/tunisie\/#website","url":"https:\/\/kapitalis.com\/tunisie\/","name":"Kapitalis","description":"L&#039;actualit\u00e9 en Tunisie et dans le monde","publisher":{"@id":"https:\/\/kapitalis.com\/tunisie\/#organization"},"potentialAction":[{"@type":"SearchAction","target":{"@type":"EntryPoint","urlTemplate":"https:\/\/kapitalis.com\/tunisie\/?s={search_term_string}"},"query-input":{"@type":"PropertyValueSpecification","valueRequired":true,"valueName":"search_term_string"}}],"inLanguage":"fr-FR"},{"@type":"Organization","@id":"https:\/\/kapitalis.com\/tunisie\/#organization","name":"Kapitalis","url":"https:\/\/kapitalis.com\/tunisie\/","logo":{"@type":"ImageObject","inLanguage":"fr-FR","@id":"https:\/\/kapitalis.com\/tunisie\/#\/schema\/logo\/image\/","url":"https:\/\/kapitalis.com\/tunisie\/wp-content\/uploads\/2022\/05\/Kapitalis-big-size.png","contentUrl":"https:\/\/kapitalis.com\/tunisie\/wp-content\/uploads\/2022\/05\/Kapitalis-big-size.png","width":5000,"height":1500,"caption":"Kapitalis"},"image":{"@id":"https:\/\/kapitalis.com\/tunisie\/#\/schema\/logo\/image\/"},"sameAs":["https:\/\/www.facebook.com\/KapitalisInfo\/","https:\/\/x.com\/KapitalisInfo","https:\/\/www.youtube.com\/channel\/UC-yDYrHyfFBWWZaOw3FPg9Q"]},{"@type":"Person","@id":"https:\/\/kapitalis.com\/tunisie\/#\/schema\/person\/d71f33a9ca44f7bad4698210b480c8e9","name":"webmaster kapitalis","url":"https:\/\/kapitalis.com\/tunisie\/author\/webmaster-kapitalis\/"}]}},"_links":{"self":[{"href":"https:\/\/kapitalis.com\/tunisie\/wp-json\/wp\/v2\/posts\/61496","targetHints":{"allow":["GET"]}}],"collection":[{"href":"https:\/\/kapitalis.com\/tunisie\/wp-json\/wp\/v2\/posts"}],"about":[{"href":"https:\/\/kapitalis.com\/tunisie\/wp-json\/wp\/v2\/types\/post"}],"author":[{"embeddable":true,"href":"https:\/\/kapitalis.com\/tunisie\/wp-json\/wp\/v2\/users\/8"}],"replies":[{"embeddable":true,"href":"https:\/\/kapitalis.com\/tunisie\/wp-json\/wp\/v2\/comments?post=61496"}],"version-history":[{"count":0,"href":"https:\/\/kapitalis.com\/tunisie\/wp-json\/wp\/v2\/posts\/61496\/revisions"}],"wp:attachment":[{"href":"https:\/\/kapitalis.com\/tunisie\/wp-json\/wp\/v2\/media?parent=61496"}],"wp:term":[{"taxonomy":"category","embeddable":true,"href":"https:\/\/kapitalis.com\/tunisie\/wp-json\/wp\/v2\/categories?post=61496"},{"taxonomy":"post_tag","embeddable":true,"href":"https:\/\/kapitalis.com\/tunisie\/wp-json\/wp\/v2\/tags?post=61496"}],"curies":[{"name":"wp","href":"https:\/\/api.w.org\/{rel}","templated":true}]}}