{"id":6154630,"date":"2023-01-20T11:57:56","date_gmt":"2023-01-20T10:57:56","guid":{"rendered":"https:\/\/kapitalis.com\/tunisie\/?p=6154630"},"modified":"2023-01-20T12:00:13","modified_gmt":"2023-01-20T11:00:13","slug":"des-mots-pour-le-dire-quand-mon-pere-parlait-le-latin-pour-critiquer-le-gouvernement","status":"publish","type":"post","link":"https:\/\/kapitalis.com\/tunisie\/2023\/01\/20\/des-mots-pour-le-dire-quand-mon-pere-parlait-le-latin-pour-critiquer-le-gouvernement\/","title":{"rendered":"Des mots pour le dire : Quand mon p\u00e8re parlait le latin\u2026 pour critiquer le gouvernement\u00a0!"},"content":{"rendered":"\n<p><strong><em>Enfant, j\u2019entendais mon p\u00e8re dire\u00a0: untel, ou telle marchandise est \u00abfalso, cifr\u00bb. Il osait m\u00eame dire, dans le secret de la maison, que le gouvernement de l\u2019\u00e9poque \u00e9tait \u00abfalso\u00bb. C&rsquo;\u00e9tait au milieu des ann\u00e9es 1960 et il parlait de la d\u00e9sastreuse politique de collectivisation men\u00e9e par Ahmed Ben Salah. Il n\u2019avait pas tort.<\/em><\/strong><\/p>\n\n\n\n<p>Par <strong>Abdellaziz Guesmi<\/strong> *<\/p>\n\n\n\n<!--more-->\n\n\n<div class=\"wp-block-image\">\n<figure class=\"alignleft size-full\"><img loading=\"lazy\" decoding=\"async\" width=\"200\" height=\"200\" src=\"https:\/\/kapitalis.com\/tunisie\/wp-content\/uploads\/2022\/12\/Abdelaziz-Guesmi.jpg\" alt=\"\" class=\"wp-image-5434153\" srcset=\"https:\/\/kapitalis.com\/tunisie\/wp-content\/uploads\/2022\/12\/Abdelaziz-Guesmi.jpg 200w, https:\/\/kapitalis.com\/tunisie\/wp-content\/uploads\/2022\/12\/Abdelaziz-Guesmi-150x150.jpg 150w, https:\/\/kapitalis.com\/tunisie\/wp-content\/uploads\/2022\/12\/Abdelaziz-Guesmi-120x120.jpg 120w\" sizes=\"auto, (max-width: 200px) 100vw, 200px\" \/><\/figure>\n<\/div>\n\n\n<p>Mon p\u00e8re utilisait aussi les mots comme <em>\u00abtabla,\u00a0table\u00bb<\/em> ou <em>\u00abouche, houche\u00bb<\/em>, l\u2019enclos autour de la maison, <em>\u00abmarmar, marbre\u00bb<\/em>&#8230; Si les termes de <em>tabla, marmar<\/em> et <em>ouche<\/em> sont, sans conteste, d\u2019origine latine\u00a0: <em>\u00abtabla, tabula\u00bb<\/em>, <em>\u00abouche, olca\u00bb<\/em>, <em>\u00abmarmar, marmor\u00bb<\/em>, comme je l&rsquo;ai appris plus tard, celui de <em>\u00abfalso\u00bb<\/em> m\u2019a toujours d\u00e9rout\u00e9.\u00a0<\/p>\n\n\n\n<p>J\u2019ai mis du temps pour comprendre que ce <em>\u00abfalso\u00bb<\/em> ne d\u00e9signait pas <em>\u00abun fils, un sou, un vaurien, de la menue monnaie\u00bb<\/em>, singulier de <em>\u00abflus,\u00a0 flouz, argent\u00bb<\/em>. Quoique, ne valoir qu\u2019un sou, c\u2019est quand-m\u00eame pas beaucoup\u00a0!<\/p>\n\n\n\n<p>Au d\u00e9but, j\u2019ai fait le lien entre le <em>\u00abfalso\u00bb<\/em> de mon p\u00e8re et l\u2019italien <em>\u00abfallito\u00bb<\/em>, faillite en fran\u00e7ais, car en arabe, faillite se dit <em>\u00abfalsa\u00bb<\/em>, mais le \u00abt\u00bb italien se prononce \u00abt\u00bb en arabe.<\/p>\n\n\n\n<h2 class=\"wp-block-heading\">Histoire du mot \u00abfaux, falsus\u00bb&nbsp;:<\/h2>\n\n\n\n<p>1100\u00a0: fals, jugement injuste (Rolland), false lei<em> \u00abfausse loi, fausse religion, qui n\u2019est pas vraie\u00bb<\/em>;<\/p>\n\n\n\n<p>1176\u00a0: contrefait, falsifi\u00e9;<\/p>\n\n\n\n<p>1223&nbsp;: faux;<\/p>\n\n\n\n<p>1495\u00a0: fausser, falsifier, du latin <em>\u00abfalsifcare\u00bb<\/em> de faux, issu du latin <em>\u00abfalsus\u00bb<\/em>.<\/p>\n\n\n\n<p>Le <em>\u00abfalso\u00bb<\/em> de mon p\u00e8re est donc issu du latin <em>\u00abfalsus\u00bb<\/em>, faux. Falsus a donn\u00e9 le fran\u00e7ais falsifi\u00e9 et non pas failli ou faillite, qui sont issus de l\u2019italien <em>\u00abfaillito, faillita\u00bb<\/em>.\u00a0<\/p>\n\n\n\n<p>J\u2019ai oubli\u00e9 de dire que mon p\u00e8re ne parlait ni latin, ni italien. Entretenait-il le fond linguistique de la Tunisie romane, ou utilisait-il ces mots \u00e9trangers pour \u00e9chapper \u00e0 la censure, comme on utilise de nos jours l\u2019argot ou le verlan?<\/p>\n\n\n\n<p>Ce qui est certain est que, si mon p\u00e8re revenait parmi nous, il dirait <em>\u00abfalso et falsa, c\u2019est kif-kif\u00bb<\/em> et s\u2019appliquent, h\u00e9las, aux choix du locataire du Palais Carthage et de tous ses pr\u00e9d\u00e9cesseurs depuis 2011.<\/p>\n\n\n\n<p>La r\u00e9volution lui a donn\u00e9 la libert\u00e9 de parler. Et la libert\u00e9 ne s&rsquo;use que si l&rsquo;on ne s&rsquo;en sert pas.<\/p>\n\n\n\n<p>* <em>Proviseur \u00e0 Grenoble.<\/em> <\/p>\n\n\n\n<h4 class=\"wp-block-heading\"><em>Pr\u00e9c\u00e9dents articles de la s\u00e9rie : <\/em><\/h4>\n\n\n\n<figure class=\"wp-block-embed is-type-wp-embed is-provider-kapitalis wp-block-embed-kapitalis\"><div class=\"wp-block-embed__wrapper\">\n<blockquote class=\"wp-embedded-content\" data-secret=\"6aVqlYX2Ha\"><a href=\"https:\/\/kapitalis.com\/tunisie\/2023\/01\/13\/des-mots-pour-le-dire-le-fmi-va-t-il-preter-des-thunes-aux-tunars\/\">Des mots pour le dire : le FMI va-t-il pr\u00eater des thunes aux Tunars&nbsp;?<\/a><\/blockquote><iframe loading=\"lazy\" class=\"wp-embedded-content\" sandbox=\"allow-scripts\" security=\"restricted\" style=\"position: absolute; clip: rect(1px, 1px, 1px, 1px);\" title=\"\u00ab\u00a0Des mots pour le dire : le FMI va-t-il pr\u00eater des thunes aux Tunars&nbsp;?\u00a0\u00bb &#8212; Kapitalis\" src=\"https:\/\/kapitalis.com\/tunisie\/2023\/01\/13\/des-mots-pour-le-dire-le-fmi-va-t-il-preter-des-thunes-aux-tunars\/embed\/#?secret=LRL4LF1RDa#?secret=6aVqlYX2Ha\" data-secret=\"6aVqlYX2Ha\" width=\"600\" height=\"338\" frameborder=\"0\" marginwidth=\"0\" marginheight=\"0\" scrolling=\"no\"><\/iframe>\n<\/div><\/figure>\n\n\n\n<figure class=\"wp-block-embed is-type-wp-embed is-provider-kapitalis wp-block-embed-kapitalis\"><div class=\"wp-block-embed__wrapper\">\n<blockquote class=\"wp-embedded-content\" data-secret=\"HDSpnj76YD\"><a href=\"https:\/\/kapitalis.com\/tunisie\/2023\/01\/11\/des-mots-pour-le-dire-quand-un-bghal-cache-une-brele\/\">Des mots pour le dire\u00a0: Quand un bghal cache une br\u00e8le\u00a0! \u00a0<\/a><\/blockquote><iframe loading=\"lazy\" class=\"wp-embedded-content\" sandbox=\"allow-scripts\" security=\"restricted\" style=\"position: absolute; clip: rect(1px, 1px, 1px, 1px);\" title=\"\u00ab\u00a0Des mots pour le dire\u00a0: Quand un bghal cache une br\u00e8le\u00a0! \u00a0\u00a0\u00bb &#8212; Kapitalis\" src=\"https:\/\/kapitalis.com\/tunisie\/2023\/01\/11\/des-mots-pour-le-dire-quand-un-bghal-cache-une-brele\/embed\/#?secret=FnRJL0wRX8#?secret=HDSpnj76YD\" data-secret=\"HDSpnj76YD\" width=\"600\" height=\"338\" frameborder=\"0\" marginwidth=\"0\" marginheight=\"0\" scrolling=\"no\"><\/iframe>\n<\/div><\/figure>\n","protected":false},"excerpt":{"rendered":"<p>Depuis 2011, la Tunisie n&rsquo;a eu que des dirigeants \u00abfalso\u00bb.  <\/p>\n","protected":false},"author":8,"featured_media":2144333,"comment_status":"open","ping_status":"open","sticky":false,"template":"","format":"standard","meta":{"footnotes":""},"categories":[992,994],"tags":[73152,106069,101559],"class_list":["post-6154630","post","type-post","status-publish","format-standard","has-post-thumbnail","hentry","category-a-la-une","category-culture","tag-ahmed-ben-salah","tag-falso","tag-tunisie-2"],"yoast_head":"<!-- This site is optimized with the Yoast SEO plugin v26.6 - https:\/\/yoast.com\/wordpress\/plugins\/seo\/ -->\n<title>Des mots pour le dire : Quand mon p\u00e8re parlait le latin\u2026 pour critiquer le gouvernement\u00a0! - Kapitalis<\/title>\n<meta name=\"robots\" content=\"index, follow, max-snippet:-1, max-image-preview:large, max-video-preview:-1\" \/>\n<link rel=\"canonical\" href=\"https:\/\/kapitalis.com\/tunisie\/2023\/01\/20\/des-mots-pour-le-dire-quand-mon-pere-parlait-le-latin-pour-critiquer-le-gouvernement\/\" \/>\n<meta property=\"og:locale\" content=\"fr_FR\" \/>\n<meta property=\"og:type\" content=\"article\" \/>\n<meta property=\"og:title\" content=\"Des mots pour le dire : Quand mon p\u00e8re parlait le latin\u2026 pour critiquer le gouvernement\u00a0! - Kapitalis\" \/>\n<meta property=\"og:description\" content=\"Depuis 2011, la Tunisie n&#039;a eu que des dirigeants \u00abfalso\u00bb.\" \/>\n<meta property=\"og:url\" content=\"https:\/\/kapitalis.com\/tunisie\/2023\/01\/20\/des-mots-pour-le-dire-quand-mon-pere-parlait-le-latin-pour-critiquer-le-gouvernement\/\" \/>\n<meta property=\"og:site_name\" content=\"Kapitalis\" \/>\n<meta property=\"article:publisher\" content=\"https:\/\/www.facebook.com\/KapitalisInfo\/\" \/>\n<meta property=\"article:published_time\" content=\"2023-01-20T10:57:56+00:00\" \/>\n<meta property=\"article:modified_time\" content=\"2023-01-20T11:00:13+00:00\" \/>\n<meta property=\"og:image\" content=\"https:\/\/kapitalis.com\/tunisie\/wp-content\/uploads\/2022\/07\/Palais-de-Carthage.jpg\" \/>\n\t<meta property=\"og:image:width\" content=\"1200\" \/>\n\t<meta property=\"og:image:height\" content=\"630\" \/>\n\t<meta property=\"og:image:type\" content=\"image\/jpeg\" \/>\n<meta name=\"author\" content=\"webmaster kapitalis\" \/>\n<meta name=\"twitter:card\" content=\"summary_large_image\" \/>\n<meta name=\"twitter:creator\" content=\"@KapitalisInfo\" \/>\n<meta name=\"twitter:site\" content=\"@KapitalisInfo\" \/>\n<meta name=\"twitter:label1\" content=\"\u00c9crit par\" \/>\n\t<meta name=\"twitter:data1\" content=\"webmaster kapitalis\" \/>\n\t<meta name=\"twitter:label2\" content=\"Dur\u00e9e de lecture estim\u00e9e\" \/>\n\t<meta name=\"twitter:data2\" content=\"3 minutes\" \/>\n<script type=\"application\/ld+json\" class=\"yoast-schema-graph\">{\"@context\":\"https:\/\/schema.org\",\"@graph\":[{\"@type\":\"Article\",\"@id\":\"https:\/\/kapitalis.com\/tunisie\/2023\/01\/20\/des-mots-pour-le-dire-quand-mon-pere-parlait-le-latin-pour-critiquer-le-gouvernement\/#article\",\"isPartOf\":{\"@id\":\"https:\/\/kapitalis.com\/tunisie\/2023\/01\/20\/des-mots-pour-le-dire-quand-mon-pere-parlait-le-latin-pour-critiquer-le-gouvernement\/\"},\"author\":{\"name\":\"webmaster kapitalis\",\"@id\":\"https:\/\/kapitalis.com\/tunisie\/#\/schema\/person\/d71f33a9ca44f7bad4698210b480c8e9\"},\"headline\":\"Des mots pour le dire : Quand mon p\u00e8re parlait le latin\u2026 pour critiquer le gouvernement\u00a0!\",\"datePublished\":\"2023-01-20T10:57:56+00:00\",\"dateModified\":\"2023-01-20T11:00:13+00:00\",\"mainEntityOfPage\":{\"@id\":\"https:\/\/kapitalis.com\/tunisie\/2023\/01\/20\/des-mots-pour-le-dire-quand-mon-pere-parlait-le-latin-pour-critiquer-le-gouvernement\/\"},\"wordCount\":411,\"commentCount\":1,\"publisher\":{\"@id\":\"https:\/\/kapitalis.com\/tunisie\/#organization\"},\"image\":{\"@id\":\"https:\/\/kapitalis.com\/tunisie\/2023\/01\/20\/des-mots-pour-le-dire-quand-mon-pere-parlait-le-latin-pour-critiquer-le-gouvernement\/#primaryimage\"},\"thumbnailUrl\":\"https:\/\/kapitalis.com\/tunisie\/wp-content\/uploads\/2022\/07\/Palais-de-Carthage.jpg\",\"keywords\":[\"Ahmed Ben Salah\",\"falso\",\"Tunisie;\"],\"articleSection\":[\"A LA UNE\",\"CULTURE\"],\"inLanguage\":\"fr-FR\",\"potentialAction\":[{\"@type\":\"CommentAction\",\"name\":\"Comment\",\"target\":[\"https:\/\/kapitalis.com\/tunisie\/2023\/01\/20\/des-mots-pour-le-dire-quand-mon-pere-parlait-le-latin-pour-critiquer-le-gouvernement\/#respond\"]}]},{\"@type\":\"WebPage\",\"@id\":\"https:\/\/kapitalis.com\/tunisie\/2023\/01\/20\/des-mots-pour-le-dire-quand-mon-pere-parlait-le-latin-pour-critiquer-le-gouvernement\/\",\"url\":\"https:\/\/kapitalis.com\/tunisie\/2023\/01\/20\/des-mots-pour-le-dire-quand-mon-pere-parlait-le-latin-pour-critiquer-le-gouvernement\/\",\"name\":\"Des mots pour le dire : Quand mon p\u00e8re parlait le latin\u2026 pour critiquer le gouvernement\u00a0! - Kapitalis\",\"isPartOf\":{\"@id\":\"https:\/\/kapitalis.com\/tunisie\/#website\"},\"primaryImageOfPage\":{\"@id\":\"https:\/\/kapitalis.com\/tunisie\/2023\/01\/20\/des-mots-pour-le-dire-quand-mon-pere-parlait-le-latin-pour-critiquer-le-gouvernement\/#primaryimage\"},\"image\":{\"@id\":\"https:\/\/kapitalis.com\/tunisie\/2023\/01\/20\/des-mots-pour-le-dire-quand-mon-pere-parlait-le-latin-pour-critiquer-le-gouvernement\/#primaryimage\"},\"thumbnailUrl\":\"https:\/\/kapitalis.com\/tunisie\/wp-content\/uploads\/2022\/07\/Palais-de-Carthage.jpg\",\"datePublished\":\"2023-01-20T10:57:56+00:00\",\"dateModified\":\"2023-01-20T11:00:13+00:00\",\"breadcrumb\":{\"@id\":\"https:\/\/kapitalis.com\/tunisie\/2023\/01\/20\/des-mots-pour-le-dire-quand-mon-pere-parlait-le-latin-pour-critiquer-le-gouvernement\/#breadcrumb\"},\"inLanguage\":\"fr-FR\",\"potentialAction\":[{\"@type\":\"ReadAction\",\"target\":[\"https:\/\/kapitalis.com\/tunisie\/2023\/01\/20\/des-mots-pour-le-dire-quand-mon-pere-parlait-le-latin-pour-critiquer-le-gouvernement\/\"]}]},{\"@type\":\"ImageObject\",\"inLanguage\":\"fr-FR\",\"@id\":\"https:\/\/kapitalis.com\/tunisie\/2023\/01\/20\/des-mots-pour-le-dire-quand-mon-pere-parlait-le-latin-pour-critiquer-le-gouvernement\/#primaryimage\",\"url\":\"https:\/\/kapitalis.com\/tunisie\/wp-content\/uploads\/2022\/07\/Palais-de-Carthage.jpg\",\"contentUrl\":\"https:\/\/kapitalis.com\/tunisie\/wp-content\/uploads\/2022\/07\/Palais-de-Carthage.jpg\",\"width\":1200,\"height\":630},{\"@type\":\"BreadcrumbList\",\"@id\":\"https:\/\/kapitalis.com\/tunisie\/2023\/01\/20\/des-mots-pour-le-dire-quand-mon-pere-parlait-le-latin-pour-critiquer-le-gouvernement\/#breadcrumb\",\"itemListElement\":[{\"@type\":\"ListItem\",\"position\":1,\"name\":\"Accueil\",\"item\":\"https:\/\/kapitalis.com\/tunisie\/\"},{\"@type\":\"ListItem\",\"position\":2,\"name\":\"Des mots pour le dire : Quand mon p\u00e8re parlait le latin\u2026 pour critiquer le gouvernement\u00a0!\"}]},{\"@type\":\"WebSite\",\"@id\":\"https:\/\/kapitalis.com\/tunisie\/#website\",\"url\":\"https:\/\/kapitalis.com\/tunisie\/\",\"name\":\"Kapitalis\",\"description\":\"L&#039;actualit\u00e9 en Tunisie et dans le monde\",\"publisher\":{\"@id\":\"https:\/\/kapitalis.com\/tunisie\/#organization\"},\"potentialAction\":[{\"@type\":\"SearchAction\",\"target\":{\"@type\":\"EntryPoint\",\"urlTemplate\":\"https:\/\/kapitalis.com\/tunisie\/?s={search_term_string}\"},\"query-input\":{\"@type\":\"PropertyValueSpecification\",\"valueRequired\":true,\"valueName\":\"search_term_string\"}}],\"inLanguage\":\"fr-FR\"},{\"@type\":\"Organization\",\"@id\":\"https:\/\/kapitalis.com\/tunisie\/#organization\",\"name\":\"Kapitalis\",\"url\":\"https:\/\/kapitalis.com\/tunisie\/\",\"logo\":{\"@type\":\"ImageObject\",\"inLanguage\":\"fr-FR\",\"@id\":\"https:\/\/kapitalis.com\/tunisie\/#\/schema\/logo\/image\/\",\"url\":\"https:\/\/kapitalis.com\/tunisie\/wp-content\/uploads\/2022\/05\/Kapitalis-big-size.png\",\"contentUrl\":\"https:\/\/kapitalis.com\/tunisie\/wp-content\/uploads\/2022\/05\/Kapitalis-big-size.png\",\"width\":5000,\"height\":1500,\"caption\":\"Kapitalis\"},\"image\":{\"@id\":\"https:\/\/kapitalis.com\/tunisie\/#\/schema\/logo\/image\/\"},\"sameAs\":[\"https:\/\/www.facebook.com\/KapitalisInfo\/\",\"https:\/\/x.com\/KapitalisInfo\",\"https:\/\/www.youtube.com\/channel\/UC-yDYrHyfFBWWZaOw3FPg9Q\"]},{\"@type\":\"Person\",\"@id\":\"https:\/\/kapitalis.com\/tunisie\/#\/schema\/person\/d71f33a9ca44f7bad4698210b480c8e9\",\"name\":\"webmaster kapitalis\",\"url\":\"https:\/\/kapitalis.com\/tunisie\/author\/webmaster-kapitalis\/\"}]}<\/script>\n<!-- \/ Yoast SEO plugin. -->","yoast_head_json":{"title":"Des mots pour le dire : Quand mon p\u00e8re parlait le latin\u2026 pour critiquer le gouvernement\u00a0! - Kapitalis","robots":{"index":"index","follow":"follow","max-snippet":"max-snippet:-1","max-image-preview":"max-image-preview:large","max-video-preview":"max-video-preview:-1"},"canonical":"https:\/\/kapitalis.com\/tunisie\/2023\/01\/20\/des-mots-pour-le-dire-quand-mon-pere-parlait-le-latin-pour-critiquer-le-gouvernement\/","og_locale":"fr_FR","og_type":"article","og_title":"Des mots pour le dire : Quand mon p\u00e8re parlait le latin\u2026 pour critiquer le gouvernement\u00a0! - Kapitalis","og_description":"Depuis 2011, la Tunisie n'a eu que des dirigeants \u00abfalso\u00bb.","og_url":"https:\/\/kapitalis.com\/tunisie\/2023\/01\/20\/des-mots-pour-le-dire-quand-mon-pere-parlait-le-latin-pour-critiquer-le-gouvernement\/","og_site_name":"Kapitalis","article_publisher":"https:\/\/www.facebook.com\/KapitalisInfo\/","article_published_time":"2023-01-20T10:57:56+00:00","article_modified_time":"2023-01-20T11:00:13+00:00","og_image":[{"width":1200,"height":630,"url":"https:\/\/kapitalis.com\/tunisie\/wp-content\/uploads\/2022\/07\/Palais-de-Carthage.jpg","type":"image\/jpeg"}],"author":"webmaster kapitalis","twitter_card":"summary_large_image","twitter_creator":"@KapitalisInfo","twitter_site":"@KapitalisInfo","twitter_misc":{"\u00c9crit par":"webmaster kapitalis","Dur\u00e9e de lecture estim\u00e9e":"3 minutes"},"schema":{"@context":"https:\/\/schema.org","@graph":[{"@type":"Article","@id":"https:\/\/kapitalis.com\/tunisie\/2023\/01\/20\/des-mots-pour-le-dire-quand-mon-pere-parlait-le-latin-pour-critiquer-le-gouvernement\/#article","isPartOf":{"@id":"https:\/\/kapitalis.com\/tunisie\/2023\/01\/20\/des-mots-pour-le-dire-quand-mon-pere-parlait-le-latin-pour-critiquer-le-gouvernement\/"},"author":{"name":"webmaster kapitalis","@id":"https:\/\/kapitalis.com\/tunisie\/#\/schema\/person\/d71f33a9ca44f7bad4698210b480c8e9"},"headline":"Des mots pour le dire : Quand mon p\u00e8re parlait le latin\u2026 pour critiquer le gouvernement\u00a0!","datePublished":"2023-01-20T10:57:56+00:00","dateModified":"2023-01-20T11:00:13+00:00","mainEntityOfPage":{"@id":"https:\/\/kapitalis.com\/tunisie\/2023\/01\/20\/des-mots-pour-le-dire-quand-mon-pere-parlait-le-latin-pour-critiquer-le-gouvernement\/"},"wordCount":411,"commentCount":1,"publisher":{"@id":"https:\/\/kapitalis.com\/tunisie\/#organization"},"image":{"@id":"https:\/\/kapitalis.com\/tunisie\/2023\/01\/20\/des-mots-pour-le-dire-quand-mon-pere-parlait-le-latin-pour-critiquer-le-gouvernement\/#primaryimage"},"thumbnailUrl":"https:\/\/kapitalis.com\/tunisie\/wp-content\/uploads\/2022\/07\/Palais-de-Carthage.jpg","keywords":["Ahmed Ben Salah","falso","Tunisie;"],"articleSection":["A LA UNE","CULTURE"],"inLanguage":"fr-FR","potentialAction":[{"@type":"CommentAction","name":"Comment","target":["https:\/\/kapitalis.com\/tunisie\/2023\/01\/20\/des-mots-pour-le-dire-quand-mon-pere-parlait-le-latin-pour-critiquer-le-gouvernement\/#respond"]}]},{"@type":"WebPage","@id":"https:\/\/kapitalis.com\/tunisie\/2023\/01\/20\/des-mots-pour-le-dire-quand-mon-pere-parlait-le-latin-pour-critiquer-le-gouvernement\/","url":"https:\/\/kapitalis.com\/tunisie\/2023\/01\/20\/des-mots-pour-le-dire-quand-mon-pere-parlait-le-latin-pour-critiquer-le-gouvernement\/","name":"Des mots pour le dire : Quand mon p\u00e8re parlait le latin\u2026 pour critiquer le gouvernement\u00a0! - Kapitalis","isPartOf":{"@id":"https:\/\/kapitalis.com\/tunisie\/#website"},"primaryImageOfPage":{"@id":"https:\/\/kapitalis.com\/tunisie\/2023\/01\/20\/des-mots-pour-le-dire-quand-mon-pere-parlait-le-latin-pour-critiquer-le-gouvernement\/#primaryimage"},"image":{"@id":"https:\/\/kapitalis.com\/tunisie\/2023\/01\/20\/des-mots-pour-le-dire-quand-mon-pere-parlait-le-latin-pour-critiquer-le-gouvernement\/#primaryimage"},"thumbnailUrl":"https:\/\/kapitalis.com\/tunisie\/wp-content\/uploads\/2022\/07\/Palais-de-Carthage.jpg","datePublished":"2023-01-20T10:57:56+00:00","dateModified":"2023-01-20T11:00:13+00:00","breadcrumb":{"@id":"https:\/\/kapitalis.com\/tunisie\/2023\/01\/20\/des-mots-pour-le-dire-quand-mon-pere-parlait-le-latin-pour-critiquer-le-gouvernement\/#breadcrumb"},"inLanguage":"fr-FR","potentialAction":[{"@type":"ReadAction","target":["https:\/\/kapitalis.com\/tunisie\/2023\/01\/20\/des-mots-pour-le-dire-quand-mon-pere-parlait-le-latin-pour-critiquer-le-gouvernement\/"]}]},{"@type":"ImageObject","inLanguage":"fr-FR","@id":"https:\/\/kapitalis.com\/tunisie\/2023\/01\/20\/des-mots-pour-le-dire-quand-mon-pere-parlait-le-latin-pour-critiquer-le-gouvernement\/#primaryimage","url":"https:\/\/kapitalis.com\/tunisie\/wp-content\/uploads\/2022\/07\/Palais-de-Carthage.jpg","contentUrl":"https:\/\/kapitalis.com\/tunisie\/wp-content\/uploads\/2022\/07\/Palais-de-Carthage.jpg","width":1200,"height":630},{"@type":"BreadcrumbList","@id":"https:\/\/kapitalis.com\/tunisie\/2023\/01\/20\/des-mots-pour-le-dire-quand-mon-pere-parlait-le-latin-pour-critiquer-le-gouvernement\/#breadcrumb","itemListElement":[{"@type":"ListItem","position":1,"name":"Accueil","item":"https:\/\/kapitalis.com\/tunisie\/"},{"@type":"ListItem","position":2,"name":"Des mots pour le dire : Quand mon p\u00e8re parlait le latin\u2026 pour critiquer le gouvernement\u00a0!"}]},{"@type":"WebSite","@id":"https:\/\/kapitalis.com\/tunisie\/#website","url":"https:\/\/kapitalis.com\/tunisie\/","name":"Kapitalis","description":"L&#039;actualit\u00e9 en Tunisie et dans le monde","publisher":{"@id":"https:\/\/kapitalis.com\/tunisie\/#organization"},"potentialAction":[{"@type":"SearchAction","target":{"@type":"EntryPoint","urlTemplate":"https:\/\/kapitalis.com\/tunisie\/?s={search_term_string}"},"query-input":{"@type":"PropertyValueSpecification","valueRequired":true,"valueName":"search_term_string"}}],"inLanguage":"fr-FR"},{"@type":"Organization","@id":"https:\/\/kapitalis.com\/tunisie\/#organization","name":"Kapitalis","url":"https:\/\/kapitalis.com\/tunisie\/","logo":{"@type":"ImageObject","inLanguage":"fr-FR","@id":"https:\/\/kapitalis.com\/tunisie\/#\/schema\/logo\/image\/","url":"https:\/\/kapitalis.com\/tunisie\/wp-content\/uploads\/2022\/05\/Kapitalis-big-size.png","contentUrl":"https:\/\/kapitalis.com\/tunisie\/wp-content\/uploads\/2022\/05\/Kapitalis-big-size.png","width":5000,"height":1500,"caption":"Kapitalis"},"image":{"@id":"https:\/\/kapitalis.com\/tunisie\/#\/schema\/logo\/image\/"},"sameAs":["https:\/\/www.facebook.com\/KapitalisInfo\/","https:\/\/x.com\/KapitalisInfo","https:\/\/www.youtube.com\/channel\/UC-yDYrHyfFBWWZaOw3FPg9Q"]},{"@type":"Person","@id":"https:\/\/kapitalis.com\/tunisie\/#\/schema\/person\/d71f33a9ca44f7bad4698210b480c8e9","name":"webmaster kapitalis","url":"https:\/\/kapitalis.com\/tunisie\/author\/webmaster-kapitalis\/"}]}},"_links":{"self":[{"href":"https:\/\/kapitalis.com\/tunisie\/wp-json\/wp\/v2\/posts\/6154630","targetHints":{"allow":["GET"]}}],"collection":[{"href":"https:\/\/kapitalis.com\/tunisie\/wp-json\/wp\/v2\/posts"}],"about":[{"href":"https:\/\/kapitalis.com\/tunisie\/wp-json\/wp\/v2\/types\/post"}],"author":[{"embeddable":true,"href":"https:\/\/kapitalis.com\/tunisie\/wp-json\/wp\/v2\/users\/8"}],"replies":[{"embeddable":true,"href":"https:\/\/kapitalis.com\/tunisie\/wp-json\/wp\/v2\/comments?post=6154630"}],"version-history":[{"count":2,"href":"https:\/\/kapitalis.com\/tunisie\/wp-json\/wp\/v2\/posts\/6154630\/revisions"}],"predecessor-version":[{"id":6154713,"href":"https:\/\/kapitalis.com\/tunisie\/wp-json\/wp\/v2\/posts\/6154630\/revisions\/6154713"}],"wp:featuredmedia":[{"embeddable":true,"href":"https:\/\/kapitalis.com\/tunisie\/wp-json\/wp\/v2\/media\/2144333"}],"wp:attachment":[{"href":"https:\/\/kapitalis.com\/tunisie\/wp-json\/wp\/v2\/media?parent=6154630"}],"wp:term":[{"taxonomy":"category","embeddable":true,"href":"https:\/\/kapitalis.com\/tunisie\/wp-json\/wp\/v2\/categories?post=6154630"},{"taxonomy":"post_tag","embeddable":true,"href":"https:\/\/kapitalis.com\/tunisie\/wp-json\/wp\/v2\/tags?post=6154630"}],"curies":[{"name":"wp","href":"https:\/\/api.w.org\/{rel}","templated":true}]}}