{"id":6160994,"date":"2023-01-21T08:50:57","date_gmt":"2023-01-21T07:50:57","guid":{"rendered":"https:\/\/kapitalis.com\/tunisie\/?p=6160994"},"modified":"2023-01-21T08:50:59","modified_gmt":"2023-01-21T07:50:59","slug":"dans-un-maghreb-dechire-la-tunisie-perd-le-nord","status":"publish","type":"post","link":"https:\/\/kapitalis.com\/tunisie\/2023\/01\/21\/dans-un-maghreb-dechire-la-tunisie-perd-le-nord\/","title":{"rendered":"Dans un Maghreb d\u00e9chir\u00e9, la Tunisie perd le nord"},"content":{"rendered":"\n<p><strong><em>Situ\u00e9e au c\u0153ur d\u2019un Maghreb qui n\u2019a jamais \u00e9t\u00e9 aussi divis\u00e9 et aux prises avec de fortes tensions g\u00e9ostrat\u00e9giques, la Tunisie n\u2019arrive ni \u00e0 se situer, ni \u00e0 se doter d\u2019une strat\u00e9gie diplomatique pour sortir de la crise et se relancer dans un monde en pleine reconfiguration. Alors qu\u2019en interne, le feu dort sous la cendre\u2026<\/em><\/strong> <em>(Illustration : la diplomatie tunisienne se r\u00e9sume presque \u00e0 des liens privil\u00e9gi\u00e9es entre Ka\u00efs Sa\u00efed et Abdelmadjid Tebboune). <\/em><\/p>\n\n\n\n<p>Par <strong>Elyes Kasri<\/strong> * \u00a0\u00a0<\/p>\n\n\n\n<!--more-->\n\n\n<div class=\"wp-block-image\">\n<figure class=\"alignleft size-full\"><img decoding=\"async\" src=\"http:\/\/kapitalis.com\/tunisie\/wp-content\/uploads\/2021\/06\/Elyes-Kasri.jpg\" alt=\"\" class=\"wp-image-352204\"\/><\/figure>\n<\/div>\n\n\n<p>La r\u00e9gion maghr\u00e9bine est en train de subir des changements tectoniques avec le rapprochement maroco-isra\u00e9lo-am\u00e9ricain et la prochaine installation d\u2019une base militaro-industrielle am\u00e9ricaine au Maroc \u00e0 vocation r\u00e9gionale pour contrer l\u2019incursion russe en Afrique.<\/p>\n\n\n\n<p>De son c\u00f4t\u00e9, \u00e0 la faveur des r\u00e9alignements internationaux cons\u00e9quemment au conflit Russie-Otan en Ukraine, l\u2019Alg\u00e9rie renforce ses relations avec la Russie et pr\u00e9pare son adh\u00e9sion au Brics (Br\u00e9sil, Russie, Chine, Inde, Afrique du Sud). Tout en profitant de ses ressources \u00e9nerg\u00e9tiques pour maintenir des liens privil\u00e9gi\u00e9s avec l\u2019Italie, la France et l\u2019Espagne. &nbsp;<\/p>\n\n\n\n<p>Pour sa part, le gouvernement Dbeibah de Tripoli s\u2019efforce de se maintenir au pouvoir gr\u00e2ce aux milices islamistes et vient de recevoir les directeurs des renseignements des Etats-Unis d\u2019Am\u00e9rique et de la Turquie, anciens instigateurs du printemps arabe.<\/p>\n\n\n\n<h2 class=\"wp-block-heading\">La Tunisie n\u2019arrive pas \u00e0 se situer<\/h2>\n\n\n\n<p>Entretemps, la Tunisie semble absente sur la sc\u00e8ne internationale, \u00e0 part la visite en Norv\u00e8ge d\u2019une d\u00e9l\u00e9gation tunisienne et celle de la Premi\u00e8re ministre au Forum de Davos qui projettent l\u2019image d\u2019un pays qui n\u2019arrive pas \u00e0 se situer et \u00e0 faire les choix strat\u00e9giques en interne et \u00e0 l\u2019international qu\u2019exigent sa situation critique et la conjoncture internationale volatile. Pour sa part, la diplomatie tunisienne fait preuve d\u2019une discr\u00e9tion telle qu\u2019elle m\u00e9riterait de faire l\u2019objet d\u2019un avis de disparition et de recherche.<\/p>\n\n\n\n<figure class=\"wp-block-embed is-type-wp-embed is-provider-kapitalis wp-block-embed-kapitalis\"><div class=\"wp-block-embed__wrapper\">\n<blockquote class=\"wp-embedded-content\" data-secret=\"mgoOhzE3qi\"><a href=\"https:\/\/kapitalis.com\/tunisie\/2022\/12\/09\/etats-unis-maghreb-et-nouvel-ordre-mondial\/\">Etats-Unis, Maghreb et nouvel ordre mondial<\/a><\/blockquote><iframe loading=\"lazy\" class=\"wp-embedded-content\" sandbox=\"allow-scripts\" security=\"restricted\" style=\"position: absolute; clip: rect(1px, 1px, 1px, 1px);\" title=\"\u00ab\u00a0Etats-Unis, Maghreb et nouvel ordre mondial\u00a0\u00bb &#8212; Kapitalis\" src=\"https:\/\/kapitalis.com\/tunisie\/2022\/12\/09\/etats-unis-maghreb-et-nouvel-ordre-mondial\/embed\/#?secret=XIch81WjQf#?secret=mgoOhzE3qi\" data-secret=\"mgoOhzE3qi\" width=\"600\" height=\"338\" frameborder=\"0\" marginwidth=\"0\" marginheight=\"0\" scrolling=\"no\"><\/iframe>\n<\/div><\/figure>\n\n\n\n<p>La visite d\u2019une d\u00e9l\u00e9gation italienne pr\u00e9c\u00e9dant celle que ferait incessamment la nouvelle pr\u00e9sidente du gouvernement italien Giorgia Meloni est une illustration de l\u2019exasp\u00e9ration europ\u00e9enne envers une Tunisie qui se rapproche dangereusement de la situation d\u2019Etat failli avec tous les risques d\u2019exacerbation du flux migratoire ill\u00e9gal en direction de l\u2019Europe avec l\u2019Italie comme principal point d\u2019entr\u00e9e.<\/p>\n\n\n\n<p>Entretemps, le d\u00e9bat politique tunisien est focalis\u00e9 sur une loi de finance alourdissant le fardeau fiscal d\u2019une \u00e9conomie an\u00e9mique et d\u00e9pourvue de tout m\u00e9canisme de relance, des \u00e9lections l\u00e9gislatives destin\u00e9es \u00e0 maintenir leur record mondial de d\u00e9sint\u00e9r\u00eat et d\u2019abstention populaires et une opposition qui tourne en rond et persiste \u00e0 refaire les m\u00eames erreurs en privil\u00e9giant les personnes aux projets. Si projets il y a, ils consistent \u00e0 refaire les m\u00eames erreurs du pass\u00e9 proche ou \u00e9loign\u00e9 et n\u2019arrivent pas \u00e0 concevoir un nouveau mod\u00e8le de gouvernance et de cr\u00e9ation de richesses et d\u2019opportunit\u00e9s pour une Tunisie plus innovante et plus ouverte aussi bien pour ses citoyens qu\u2019aux nouvelles technologies.<\/p>\n\n\n\n<figure class=\"wp-block-embed is-type-wp-embed is-provider-kapitalis wp-block-embed-kapitalis\"><div class=\"wp-block-embed__wrapper\">\n<blockquote class=\"wp-embedded-content\" data-secret=\"7aUOzsEdwW\"><a href=\"https:\/\/kapitalis.com\/tunisie\/2022\/09\/21\/la-crise-du-sahara-occidental-va-t-elle-dechirer-le-maghreb\/\">La crise du Sahara occidental va-t-elle d\u00e9chirer le Maghreb ?<\/a><\/blockquote><iframe loading=\"lazy\" class=\"wp-embedded-content\" sandbox=\"allow-scripts\" security=\"restricted\" style=\"position: absolute; clip: rect(1px, 1px, 1px, 1px);\" title=\"\u00ab\u00a0La crise du Sahara occidental va-t-elle d\u00e9chirer le Maghreb ?\u00a0\u00bb &#8212; Kapitalis\" src=\"https:\/\/kapitalis.com\/tunisie\/2022\/09\/21\/la-crise-du-sahara-occidental-va-t-elle-dechirer-le-maghreb\/embed\/#?secret=XU61TBKRxi#?secret=7aUOzsEdwW\" data-secret=\"7aUOzsEdwW\" width=\"600\" height=\"338\" frameborder=\"0\" marginwidth=\"0\" marginheight=\"0\" scrolling=\"no\"><\/iframe>\n<\/div><\/figure>\n\n\n\n<h2 class=\"wp-block-heading\">Le feu sous la cendre<\/h2>\n\n\n\n<p>La Tunisie doit d\u00e9passer la fiction de la table rase des illumin\u00e9s r\u00e9volutionnaires de tout bord et les palliatifs bureaucratiques des technocrates en mal de vision et d\u2019audace et concevoir un nouveau mod\u00e8le de d\u00e9veloppement destin\u00e9 \u00e0 faire du pays un centre d\u2019excellence r\u00e9gional et un vivier d\u2019entrepreneurs et d\u2019innovation au lieu d\u2019un peuple d&rsquo;assist\u00e9s r\u00eavant d\u2019une manne divine ou de l&rsquo;escarcelle imaginaire des suppos\u00e9s voleurs.<\/p>\n\n\n\n<p>Entretemps, le peuple tunisien est frapp\u00e9 dans sa subsistance et piqu\u00e9 dans sa fiert\u00e9 en voyant le tapage fait par l&rsquo;autorit\u00e9 de Tripoli autour d\u2019une centaine de camions de vivres comme si la Tunisie \u00e9tait le Biafra d\u2019antan ou le Y\u00e9men d\u2019aujourd\u2019hui.<\/p>\n\n\n\n<p>Pierre Corneille (XVIIe si\u00e8cle), c\u00e9l\u00e8bre pour son genre de trag\u00e9die historique avec ses chefs-d\u2019\u0153uvre <em>Horace<\/em>, <em>Cinna<\/em>,<em> Polyeucte<\/em>, <em>Rodogune<\/em>, <em>H\u00e9raclius<\/em> et <em>Nicom\u00e8de<\/em>, disait : <em>\u00abLe feu qui semble \u00e9teint, souvent dort sous la cendre\u00bb<\/em>.** <\/p>\n\n\n\n<p><em>* Ancien ambassadeur. <\/em><\/p>\n\n\n\n<p><em>** Le titre et les intertitres sont de la r\u00e9daction.<\/em><\/p>\n","protected":false},"excerpt":{"rendered":"<p>La Tunisie n\u2019arrive pas \u00e0 se doter d\u2019une strat\u00e9gie diplomatique pour sortir de la crise et se relancer dans un monde en pleine reconfiguration.<\/p>\n","protected":false},"author":8,"featured_media":2412135,"comment_status":"open","ping_status":"open","sticky":false,"template":"","format":"standard","meta":{"footnotes":""},"categories":[992,997,1000,2433],"tags":[70720,64,75918,103508,505,76012,544,1659,577,796,62643],"class_list":["post-6160994","post","type-post","status-publish","format-standard","has-post-thumbnail","hentry","category-a-la-une","category-politique","category-tribune","category-tunisie","tag-abdelmadjid-tebboune","tag-algerie","tag-etats-unis-2","tag-giorgia-meloni","tag-italie","tag-kais-saied-2","tag-libye","tag-maghreb","tag-maroc","tag-russie","tag-tunisie"],"yoast_head":"<!-- This site is optimized with the Yoast SEO plugin v26.6 - https:\/\/yoast.com\/wordpress\/plugins\/seo\/ -->\n<title>Dans un Maghreb d\u00e9chir\u00e9, la Tunisie perd le nord - Kapitalis<\/title>\n<meta name=\"robots\" content=\"index, follow, max-snippet:-1, max-image-preview:large, max-video-preview:-1\" \/>\n<link rel=\"canonical\" href=\"https:\/\/kapitalis.com\/tunisie\/2023\/01\/21\/dans-un-maghreb-dechire-la-tunisie-perd-le-nord\/\" \/>\n<meta property=\"og:locale\" content=\"fr_FR\" \/>\n<meta property=\"og:type\" content=\"article\" \/>\n<meta property=\"og:title\" content=\"Dans un Maghreb d\u00e9chir\u00e9, la Tunisie perd le nord - Kapitalis\" \/>\n<meta property=\"og:description\" content=\"La Tunisie n\u2019arrive pas \u00e0 se doter d\u2019une strat\u00e9gie diplomatique pour sortir de la crise et se relancer dans un monde en pleine reconfiguration.\" \/>\n<meta property=\"og:url\" content=\"https:\/\/kapitalis.com\/tunisie\/2023\/01\/21\/dans-un-maghreb-dechire-la-tunisie-perd-le-nord\/\" \/>\n<meta property=\"og:site_name\" content=\"Kapitalis\" \/>\n<meta property=\"article:publisher\" content=\"https:\/\/www.facebook.com\/KapitalisInfo\/\" \/>\n<meta property=\"article:published_time\" content=\"2023-01-21T07:50:57+00:00\" \/>\n<meta property=\"article:modified_time\" content=\"2023-01-21T07:50:59+00:00\" \/>\n<meta property=\"og:image\" content=\"https:\/\/kapitalis.com\/tunisie\/wp-content\/uploads\/2022\/07\/Kais-Saied-Abdelmadjid-Tebboune.jpg\" \/>\n\t<meta property=\"og:image:width\" content=\"1200\" \/>\n\t<meta property=\"og:image:height\" content=\"630\" \/>\n\t<meta property=\"og:image:type\" content=\"image\/jpeg\" \/>\n<meta name=\"author\" content=\"webmaster kapitalis\" \/>\n<meta name=\"twitter:card\" content=\"summary_large_image\" \/>\n<meta name=\"twitter:creator\" content=\"@KapitalisInfo\" \/>\n<meta name=\"twitter:site\" content=\"@KapitalisInfo\" \/>\n<meta name=\"twitter:label1\" content=\"\u00c9crit par\" \/>\n\t<meta name=\"twitter:data1\" content=\"webmaster kapitalis\" \/>\n\t<meta name=\"twitter:label2\" content=\"Dur\u00e9e de lecture estim\u00e9e\" \/>\n\t<meta name=\"twitter:data2\" content=\"4 minutes\" \/>\n<script type=\"application\/ld+json\" class=\"yoast-schema-graph\">{\"@context\":\"https:\/\/schema.org\",\"@graph\":[{\"@type\":\"Article\",\"@id\":\"https:\/\/kapitalis.com\/tunisie\/2023\/01\/21\/dans-un-maghreb-dechire-la-tunisie-perd-le-nord\/#article\",\"isPartOf\":{\"@id\":\"https:\/\/kapitalis.com\/tunisie\/2023\/01\/21\/dans-un-maghreb-dechire-la-tunisie-perd-le-nord\/\"},\"author\":{\"name\":\"webmaster kapitalis\",\"@id\":\"https:\/\/kapitalis.com\/tunisie\/#\/schema\/person\/d71f33a9ca44f7bad4698210b480c8e9\"},\"headline\":\"Dans un Maghreb d\u00e9chir\u00e9, la Tunisie perd le nord\",\"datePublished\":\"2023-01-21T07:50:57+00:00\",\"dateModified\":\"2023-01-21T07:50:59+00:00\",\"mainEntityOfPage\":{\"@id\":\"https:\/\/kapitalis.com\/tunisie\/2023\/01\/21\/dans-un-maghreb-dechire-la-tunisie-perd-le-nord\/\"},\"wordCount\":740,\"commentCount\":0,\"publisher\":{\"@id\":\"https:\/\/kapitalis.com\/tunisie\/#organization\"},\"image\":{\"@id\":\"https:\/\/kapitalis.com\/tunisie\/2023\/01\/21\/dans-un-maghreb-dechire-la-tunisie-perd-le-nord\/#primaryimage\"},\"thumbnailUrl\":\"https:\/\/kapitalis.com\/tunisie\/wp-content\/uploads\/2022\/07\/Kais-Saied-Abdelmadjid-Tebboune.jpg\",\"keywords\":[\"Abdelmadjid Tebboune\",\"Alg\u00e9rie\",\"Etats-Unis\",\"Giorgia Meloni\",\"Italie\",\"Ka\u00efs Sa\u00efed\",\"Libye\",\"Maghreb\",\"Maroc\",\"Russie\",\"Tunisie\"],\"articleSection\":[\"A LA UNE\",\"POLITIQUE\",\"TRIBUNE\",\"Tunisie\"],\"inLanguage\":\"fr-FR\",\"potentialAction\":[{\"@type\":\"CommentAction\",\"name\":\"Comment\",\"target\":[\"https:\/\/kapitalis.com\/tunisie\/2023\/01\/21\/dans-un-maghreb-dechire-la-tunisie-perd-le-nord\/#respond\"]}]},{\"@type\":\"WebPage\",\"@id\":\"https:\/\/kapitalis.com\/tunisie\/2023\/01\/21\/dans-un-maghreb-dechire-la-tunisie-perd-le-nord\/\",\"url\":\"https:\/\/kapitalis.com\/tunisie\/2023\/01\/21\/dans-un-maghreb-dechire-la-tunisie-perd-le-nord\/\",\"name\":\"Dans un Maghreb d\u00e9chir\u00e9, la Tunisie perd le nord - Kapitalis\",\"isPartOf\":{\"@id\":\"https:\/\/kapitalis.com\/tunisie\/#website\"},\"primaryImageOfPage\":{\"@id\":\"https:\/\/kapitalis.com\/tunisie\/2023\/01\/21\/dans-un-maghreb-dechire-la-tunisie-perd-le-nord\/#primaryimage\"},\"image\":{\"@id\":\"https:\/\/kapitalis.com\/tunisie\/2023\/01\/21\/dans-un-maghreb-dechire-la-tunisie-perd-le-nord\/#primaryimage\"},\"thumbnailUrl\":\"https:\/\/kapitalis.com\/tunisie\/wp-content\/uploads\/2022\/07\/Kais-Saied-Abdelmadjid-Tebboune.jpg\",\"datePublished\":\"2023-01-21T07:50:57+00:00\",\"dateModified\":\"2023-01-21T07:50:59+00:00\",\"breadcrumb\":{\"@id\":\"https:\/\/kapitalis.com\/tunisie\/2023\/01\/21\/dans-un-maghreb-dechire-la-tunisie-perd-le-nord\/#breadcrumb\"},\"inLanguage\":\"fr-FR\",\"potentialAction\":[{\"@type\":\"ReadAction\",\"target\":[\"https:\/\/kapitalis.com\/tunisie\/2023\/01\/21\/dans-un-maghreb-dechire-la-tunisie-perd-le-nord\/\"]}]},{\"@type\":\"ImageObject\",\"inLanguage\":\"fr-FR\",\"@id\":\"https:\/\/kapitalis.com\/tunisie\/2023\/01\/21\/dans-un-maghreb-dechire-la-tunisie-perd-le-nord\/#primaryimage\",\"url\":\"https:\/\/kapitalis.com\/tunisie\/wp-content\/uploads\/2022\/07\/Kais-Saied-Abdelmadjid-Tebboune.jpg\",\"contentUrl\":\"https:\/\/kapitalis.com\/tunisie\/wp-content\/uploads\/2022\/07\/Kais-Saied-Abdelmadjid-Tebboune.jpg\",\"width\":1200,\"height\":630},{\"@type\":\"BreadcrumbList\",\"@id\":\"https:\/\/kapitalis.com\/tunisie\/2023\/01\/21\/dans-un-maghreb-dechire-la-tunisie-perd-le-nord\/#breadcrumb\",\"itemListElement\":[{\"@type\":\"ListItem\",\"position\":1,\"name\":\"Accueil\",\"item\":\"https:\/\/kapitalis.com\/tunisie\/\"},{\"@type\":\"ListItem\",\"position\":2,\"name\":\"Dans un Maghreb d\u00e9chir\u00e9, la Tunisie perd le nord\"}]},{\"@type\":\"WebSite\",\"@id\":\"https:\/\/kapitalis.com\/tunisie\/#website\",\"url\":\"https:\/\/kapitalis.com\/tunisie\/\",\"name\":\"Kapitalis\",\"description\":\"L&#039;actualit\u00e9 en Tunisie et dans le monde\",\"publisher\":{\"@id\":\"https:\/\/kapitalis.com\/tunisie\/#organization\"},\"potentialAction\":[{\"@type\":\"SearchAction\",\"target\":{\"@type\":\"EntryPoint\",\"urlTemplate\":\"https:\/\/kapitalis.com\/tunisie\/?s={search_term_string}\"},\"query-input\":{\"@type\":\"PropertyValueSpecification\",\"valueRequired\":true,\"valueName\":\"search_term_string\"}}],\"inLanguage\":\"fr-FR\"},{\"@type\":\"Organization\",\"@id\":\"https:\/\/kapitalis.com\/tunisie\/#organization\",\"name\":\"Kapitalis\",\"url\":\"https:\/\/kapitalis.com\/tunisie\/\",\"logo\":{\"@type\":\"ImageObject\",\"inLanguage\":\"fr-FR\",\"@id\":\"https:\/\/kapitalis.com\/tunisie\/#\/schema\/logo\/image\/\",\"url\":\"https:\/\/kapitalis.com\/tunisie\/wp-content\/uploads\/2022\/05\/Kapitalis-big-size.png\",\"contentUrl\":\"https:\/\/kapitalis.com\/tunisie\/wp-content\/uploads\/2022\/05\/Kapitalis-big-size.png\",\"width\":5000,\"height\":1500,\"caption\":\"Kapitalis\"},\"image\":{\"@id\":\"https:\/\/kapitalis.com\/tunisie\/#\/schema\/logo\/image\/\"},\"sameAs\":[\"https:\/\/www.facebook.com\/KapitalisInfo\/\",\"https:\/\/x.com\/KapitalisInfo\",\"https:\/\/www.youtube.com\/channel\/UC-yDYrHyfFBWWZaOw3FPg9Q\"]},{\"@type\":\"Person\",\"@id\":\"https:\/\/kapitalis.com\/tunisie\/#\/schema\/person\/d71f33a9ca44f7bad4698210b480c8e9\",\"name\":\"webmaster kapitalis\",\"url\":\"https:\/\/kapitalis.com\/tunisie\/author\/webmaster-kapitalis\/\"}]}<\/script>\n<!-- \/ Yoast SEO plugin. -->","yoast_head_json":{"title":"Dans un Maghreb d\u00e9chir\u00e9, la Tunisie perd le nord - Kapitalis","robots":{"index":"index","follow":"follow","max-snippet":"max-snippet:-1","max-image-preview":"max-image-preview:large","max-video-preview":"max-video-preview:-1"},"canonical":"https:\/\/kapitalis.com\/tunisie\/2023\/01\/21\/dans-un-maghreb-dechire-la-tunisie-perd-le-nord\/","og_locale":"fr_FR","og_type":"article","og_title":"Dans un Maghreb d\u00e9chir\u00e9, la Tunisie perd le nord - Kapitalis","og_description":"La Tunisie n\u2019arrive pas \u00e0 se doter d\u2019une strat\u00e9gie diplomatique pour sortir de la crise et se relancer dans un monde en pleine reconfiguration.","og_url":"https:\/\/kapitalis.com\/tunisie\/2023\/01\/21\/dans-un-maghreb-dechire-la-tunisie-perd-le-nord\/","og_site_name":"Kapitalis","article_publisher":"https:\/\/www.facebook.com\/KapitalisInfo\/","article_published_time":"2023-01-21T07:50:57+00:00","article_modified_time":"2023-01-21T07:50:59+00:00","og_image":[{"width":1200,"height":630,"url":"https:\/\/kapitalis.com\/tunisie\/wp-content\/uploads\/2022\/07\/Kais-Saied-Abdelmadjid-Tebboune.jpg","type":"image\/jpeg"}],"author":"webmaster kapitalis","twitter_card":"summary_large_image","twitter_creator":"@KapitalisInfo","twitter_site":"@KapitalisInfo","twitter_misc":{"\u00c9crit par":"webmaster kapitalis","Dur\u00e9e de lecture estim\u00e9e":"4 minutes"},"schema":{"@context":"https:\/\/schema.org","@graph":[{"@type":"Article","@id":"https:\/\/kapitalis.com\/tunisie\/2023\/01\/21\/dans-un-maghreb-dechire-la-tunisie-perd-le-nord\/#article","isPartOf":{"@id":"https:\/\/kapitalis.com\/tunisie\/2023\/01\/21\/dans-un-maghreb-dechire-la-tunisie-perd-le-nord\/"},"author":{"name":"webmaster kapitalis","@id":"https:\/\/kapitalis.com\/tunisie\/#\/schema\/person\/d71f33a9ca44f7bad4698210b480c8e9"},"headline":"Dans un Maghreb d\u00e9chir\u00e9, la Tunisie perd le nord","datePublished":"2023-01-21T07:50:57+00:00","dateModified":"2023-01-21T07:50:59+00:00","mainEntityOfPage":{"@id":"https:\/\/kapitalis.com\/tunisie\/2023\/01\/21\/dans-un-maghreb-dechire-la-tunisie-perd-le-nord\/"},"wordCount":740,"commentCount":0,"publisher":{"@id":"https:\/\/kapitalis.com\/tunisie\/#organization"},"image":{"@id":"https:\/\/kapitalis.com\/tunisie\/2023\/01\/21\/dans-un-maghreb-dechire-la-tunisie-perd-le-nord\/#primaryimage"},"thumbnailUrl":"https:\/\/kapitalis.com\/tunisie\/wp-content\/uploads\/2022\/07\/Kais-Saied-Abdelmadjid-Tebboune.jpg","keywords":["Abdelmadjid Tebboune","Alg\u00e9rie","Etats-Unis","Giorgia Meloni","Italie","Ka\u00efs Sa\u00efed","Libye","Maghreb","Maroc","Russie","Tunisie"],"articleSection":["A LA UNE","POLITIQUE","TRIBUNE","Tunisie"],"inLanguage":"fr-FR","potentialAction":[{"@type":"CommentAction","name":"Comment","target":["https:\/\/kapitalis.com\/tunisie\/2023\/01\/21\/dans-un-maghreb-dechire-la-tunisie-perd-le-nord\/#respond"]}]},{"@type":"WebPage","@id":"https:\/\/kapitalis.com\/tunisie\/2023\/01\/21\/dans-un-maghreb-dechire-la-tunisie-perd-le-nord\/","url":"https:\/\/kapitalis.com\/tunisie\/2023\/01\/21\/dans-un-maghreb-dechire-la-tunisie-perd-le-nord\/","name":"Dans un Maghreb d\u00e9chir\u00e9, la Tunisie perd le nord - Kapitalis","isPartOf":{"@id":"https:\/\/kapitalis.com\/tunisie\/#website"},"primaryImageOfPage":{"@id":"https:\/\/kapitalis.com\/tunisie\/2023\/01\/21\/dans-un-maghreb-dechire-la-tunisie-perd-le-nord\/#primaryimage"},"image":{"@id":"https:\/\/kapitalis.com\/tunisie\/2023\/01\/21\/dans-un-maghreb-dechire-la-tunisie-perd-le-nord\/#primaryimage"},"thumbnailUrl":"https:\/\/kapitalis.com\/tunisie\/wp-content\/uploads\/2022\/07\/Kais-Saied-Abdelmadjid-Tebboune.jpg","datePublished":"2023-01-21T07:50:57+00:00","dateModified":"2023-01-21T07:50:59+00:00","breadcrumb":{"@id":"https:\/\/kapitalis.com\/tunisie\/2023\/01\/21\/dans-un-maghreb-dechire-la-tunisie-perd-le-nord\/#breadcrumb"},"inLanguage":"fr-FR","potentialAction":[{"@type":"ReadAction","target":["https:\/\/kapitalis.com\/tunisie\/2023\/01\/21\/dans-un-maghreb-dechire-la-tunisie-perd-le-nord\/"]}]},{"@type":"ImageObject","inLanguage":"fr-FR","@id":"https:\/\/kapitalis.com\/tunisie\/2023\/01\/21\/dans-un-maghreb-dechire-la-tunisie-perd-le-nord\/#primaryimage","url":"https:\/\/kapitalis.com\/tunisie\/wp-content\/uploads\/2022\/07\/Kais-Saied-Abdelmadjid-Tebboune.jpg","contentUrl":"https:\/\/kapitalis.com\/tunisie\/wp-content\/uploads\/2022\/07\/Kais-Saied-Abdelmadjid-Tebboune.jpg","width":1200,"height":630},{"@type":"BreadcrumbList","@id":"https:\/\/kapitalis.com\/tunisie\/2023\/01\/21\/dans-un-maghreb-dechire-la-tunisie-perd-le-nord\/#breadcrumb","itemListElement":[{"@type":"ListItem","position":1,"name":"Accueil","item":"https:\/\/kapitalis.com\/tunisie\/"},{"@type":"ListItem","position":2,"name":"Dans un Maghreb d\u00e9chir\u00e9, la Tunisie perd le nord"}]},{"@type":"WebSite","@id":"https:\/\/kapitalis.com\/tunisie\/#website","url":"https:\/\/kapitalis.com\/tunisie\/","name":"Kapitalis","description":"L&#039;actualit\u00e9 en Tunisie et dans le monde","publisher":{"@id":"https:\/\/kapitalis.com\/tunisie\/#organization"},"potentialAction":[{"@type":"SearchAction","target":{"@type":"EntryPoint","urlTemplate":"https:\/\/kapitalis.com\/tunisie\/?s={search_term_string}"},"query-input":{"@type":"PropertyValueSpecification","valueRequired":true,"valueName":"search_term_string"}}],"inLanguage":"fr-FR"},{"@type":"Organization","@id":"https:\/\/kapitalis.com\/tunisie\/#organization","name":"Kapitalis","url":"https:\/\/kapitalis.com\/tunisie\/","logo":{"@type":"ImageObject","inLanguage":"fr-FR","@id":"https:\/\/kapitalis.com\/tunisie\/#\/schema\/logo\/image\/","url":"https:\/\/kapitalis.com\/tunisie\/wp-content\/uploads\/2022\/05\/Kapitalis-big-size.png","contentUrl":"https:\/\/kapitalis.com\/tunisie\/wp-content\/uploads\/2022\/05\/Kapitalis-big-size.png","width":5000,"height":1500,"caption":"Kapitalis"},"image":{"@id":"https:\/\/kapitalis.com\/tunisie\/#\/schema\/logo\/image\/"},"sameAs":["https:\/\/www.facebook.com\/KapitalisInfo\/","https:\/\/x.com\/KapitalisInfo","https:\/\/www.youtube.com\/channel\/UC-yDYrHyfFBWWZaOw3FPg9Q"]},{"@type":"Person","@id":"https:\/\/kapitalis.com\/tunisie\/#\/schema\/person\/d71f33a9ca44f7bad4698210b480c8e9","name":"webmaster kapitalis","url":"https:\/\/kapitalis.com\/tunisie\/author\/webmaster-kapitalis\/"}]}},"_links":{"self":[{"href":"https:\/\/kapitalis.com\/tunisie\/wp-json\/wp\/v2\/posts\/6160994","targetHints":{"allow":["GET"]}}],"collection":[{"href":"https:\/\/kapitalis.com\/tunisie\/wp-json\/wp\/v2\/posts"}],"about":[{"href":"https:\/\/kapitalis.com\/tunisie\/wp-json\/wp\/v2\/types\/post"}],"author":[{"embeddable":true,"href":"https:\/\/kapitalis.com\/tunisie\/wp-json\/wp\/v2\/users\/8"}],"replies":[{"embeddable":true,"href":"https:\/\/kapitalis.com\/tunisie\/wp-json\/wp\/v2\/comments?post=6160994"}],"version-history":[{"count":1,"href":"https:\/\/kapitalis.com\/tunisie\/wp-json\/wp\/v2\/posts\/6160994\/revisions"}],"predecessor-version":[{"id":6161032,"href":"https:\/\/kapitalis.com\/tunisie\/wp-json\/wp\/v2\/posts\/6160994\/revisions\/6161032"}],"wp:featuredmedia":[{"embeddable":true,"href":"https:\/\/kapitalis.com\/tunisie\/wp-json\/wp\/v2\/media\/2412135"}],"wp:attachment":[{"href":"https:\/\/kapitalis.com\/tunisie\/wp-json\/wp\/v2\/media?parent=6160994"}],"wp:term":[{"taxonomy":"category","embeddable":true,"href":"https:\/\/kapitalis.com\/tunisie\/wp-json\/wp\/v2\/categories?post=6160994"},{"taxonomy":"post_tag","embeddable":true,"href":"https:\/\/kapitalis.com\/tunisie\/wp-json\/wp\/v2\/tags?post=6160994"}],"curies":[{"name":"wp","href":"https:\/\/api.w.org\/{rel}","templated":true}]}}