{"id":6164238,"date":"2023-01-21T16:34:14","date_gmt":"2023-01-21T15:34:14","guid":{"rendered":"https:\/\/kapitalis.com\/tunisie\/?p=6164238"},"modified":"2023-01-21T16:39:52","modified_gmt":"2023-01-21T15:39:52","slug":"vague-de-froid-en-tunisie-cinq-gouvernorats-places-en-vigilance-orange","status":"publish","type":"post","link":"https:\/\/kapitalis.com\/tunisie\/2023\/01\/21\/vague-de-froid-en-tunisie-cinq-gouvernorats-places-en-vigilance-orange\/","title":{"rendered":"Vague de froid en Tunisie : Cinq gouvernorats plac\u00e9s en vigilance orange"},"content":{"rendered":"\n<p><strong><em>L\u2019Institut national de la m\u00e9t\u00e9orologie (INM) a annonc\u00e9, ce samedi 21 janvier 2023, via une alerte m\u00e9t\u00e9o que cinq gouvernorats du pays ont \u00e9t\u00e9 plac\u00e9s en vigilance orange<\/em><\/strong><\/p>\n\n\n\n<!--more-->\n\n\n\n<p>Il s&rsquo;agit des gouvernorats de B\u00e9ja, de Jendouba, de Siliana, du Kef et de Kasserine, et ce, en raison des r\u00e9centes accumulations de neige et celles pr\u00e9vues, pouvant entra\u00eener des perturbations de la circulation et m\u00eame l&rsquo;isolement de certaines zones.<\/p>\n\n\n\n<p>Rappelons que le temps est marqu\u00e9, depuis une semaine, par une baisse consid\u00e9rable des temp\u00e9ratures, des vents forts et des pluies enregistr\u00e9es dans plusieurs r\u00e9gions du pays, sachant que ce temps froid se poursuivra \u00e9galement ce week-end, selon les pr\u00e9visions de l&rsquo;INM.<\/p>\n\n\n\n<p>Aussi, \u00e0 cause de la neige, plusieurs routes ont \u00e9t\u00e9 bloqu\u00e9es et certaines \u00e9coles ont m\u00eame d\u00fb fermer leurs portes, notamment \u00e0 A\u00efn Draham (Jendouba).<\/p>\n\n\n\n<p class=\"has-text-align-right\"><strong>Y. N.<\/strong><\/p>\n","protected":false},"excerpt":{"rendered":"<p>Vague de froid en Tunisie : Cinq gouvernorats plac\u00e9s en vigilance orange<\/p>\n","protected":false},"author":6,"featured_media":6164299,"comment_status":"open","ping_status":"open","sticky":false,"template":"","format":"standard","meta":{"footnotes":""},"categories":[998,2433],"tags":[12804,483,603,12807,62643,96926],"class_list":["post-6164238","post","type-post","status-publish","format-standard","has-post-thumbnail","hentry","category-societe","category-tunisie","tag-froid","tag-inm","tag-meteo","tag-neige","tag-tunisie","tag-vigilance-orange"],"yoast_head":"<!-- This site is optimized with the Yoast SEO plugin v26.6 - https:\/\/yoast.com\/wordpress\/plugins\/seo\/ -->\n<title>Vague de froid en Tunisie : Cinq gouvernorats plac\u00e9s en vigilance orange - Kapitalis<\/title>\n<meta name=\"description\" content=\"L\u2019Institut national de la m\u00e9t\u00e9orologie (INM) a annonc\u00e9, ce samedi 21 janvier 2023, via une alerte m\u00e9t\u00e9o que cinq gouvernorats du pays ont \u00e9t\u00e9 plac\u00e9s en vigilance orange\" \/>\n<meta name=\"robots\" content=\"index, follow, max-snippet:-1, max-image-preview:large, max-video-preview:-1\" \/>\n<link rel=\"canonical\" href=\"https:\/\/kapitalis.com\/tunisie\/2023\/01\/21\/vague-de-froid-en-tunisie-cinq-gouvernorats-places-en-vigilance-orange\/\" \/>\n<meta property=\"og:locale\" content=\"fr_FR\" \/>\n<meta property=\"og:type\" content=\"article\" \/>\n<meta property=\"og:title\" content=\"Vague de froid en Tunisie : Cinq gouvernorats plac\u00e9s en vigilance orange - Kapitalis\" \/>\n<meta property=\"og:description\" content=\"L\u2019Institut national de la m\u00e9t\u00e9orologie (INM) a annonc\u00e9, ce samedi 21 janvier 2023, via une alerte m\u00e9t\u00e9o que cinq gouvernorats du pays ont \u00e9t\u00e9 plac\u00e9s en vigilance orange\" \/>\n<meta property=\"og:url\" content=\"https:\/\/kapitalis.com\/tunisie\/2023\/01\/21\/vague-de-froid-en-tunisie-cinq-gouvernorats-places-en-vigilance-orange\/\" \/>\n<meta property=\"og:site_name\" content=\"Kapitalis\" \/>\n<meta property=\"article:publisher\" content=\"https:\/\/www.facebook.com\/KapitalisInfo\/\" \/>\n<meta property=\"article:published_time\" content=\"2023-01-21T15:34:14+00:00\" \/>\n<meta property=\"article:modified_time\" content=\"2023-01-21T15:39:52+00:00\" \/>\n<meta property=\"og:image\" content=\"https:\/\/kapitalis.com\/tunisie\/wp-content\/uploads\/2023\/01\/neige-Jendouba.jpg\" \/>\n\t<meta property=\"og:image:width\" content=\"1200\" \/>\n\t<meta property=\"og:image:height\" content=\"630\" \/>\n\t<meta property=\"og:image:type\" content=\"image\/jpeg\" \/>\n<meta name=\"author\" content=\"Yusra NY\" \/>\n<meta name=\"twitter:card\" content=\"summary_large_image\" \/>\n<meta name=\"twitter:creator\" content=\"@KapitalisInfo\" \/>\n<meta name=\"twitter:site\" content=\"@KapitalisInfo\" \/>\n<meta name=\"twitter:label1\" content=\"\u00c9crit par\" \/>\n\t<meta name=\"twitter:data1\" content=\"Yusra NY\" \/>\n\t<meta name=\"twitter:label2\" content=\"Dur\u00e9e de lecture estim\u00e9e\" \/>\n\t<meta name=\"twitter:data2\" content=\"1 minute\" \/>\n<script type=\"application\/ld+json\" class=\"yoast-schema-graph\">{\"@context\":\"https:\/\/schema.org\",\"@graph\":[{\"@type\":\"Article\",\"@id\":\"https:\/\/kapitalis.com\/tunisie\/2023\/01\/21\/vague-de-froid-en-tunisie-cinq-gouvernorats-places-en-vigilance-orange\/#article\",\"isPartOf\":{\"@id\":\"https:\/\/kapitalis.com\/tunisie\/2023\/01\/21\/vague-de-froid-en-tunisie-cinq-gouvernorats-places-en-vigilance-orange\/\"},\"author\":{\"name\":\"Yusra NY\",\"@id\":\"https:\/\/kapitalis.com\/tunisie\/#\/schema\/person\/74bbde0154d49d790a92aaeac5bc01d5\"},\"headline\":\"Vague de froid en Tunisie : Cinq gouvernorats plac\u00e9s en vigilance orange\",\"datePublished\":\"2023-01-21T15:34:14+00:00\",\"dateModified\":\"2023-01-21T15:39:52+00:00\",\"mainEntityOfPage\":{\"@id\":\"https:\/\/kapitalis.com\/tunisie\/2023\/01\/21\/vague-de-froid-en-tunisie-cinq-gouvernorats-places-en-vigilance-orange\/\"},\"wordCount\":164,\"commentCount\":0,\"publisher\":{\"@id\":\"https:\/\/kapitalis.com\/tunisie\/#organization\"},\"image\":{\"@id\":\"https:\/\/kapitalis.com\/tunisie\/2023\/01\/21\/vague-de-froid-en-tunisie-cinq-gouvernorats-places-en-vigilance-orange\/#primaryimage\"},\"thumbnailUrl\":\"https:\/\/kapitalis.com\/tunisie\/wp-content\/uploads\/2023\/01\/neige-Jendouba.jpg\",\"keywords\":[\"froid\",\"INM\",\"m\u00e9t\u00e9o\",\"neige\",\"Tunisie\",\"vigilance orange\"],\"articleSection\":[\"SOCIETE\",\"Tunisie\"],\"inLanguage\":\"fr-FR\",\"potentialAction\":[{\"@type\":\"CommentAction\",\"name\":\"Comment\",\"target\":[\"https:\/\/kapitalis.com\/tunisie\/2023\/01\/21\/vague-de-froid-en-tunisie-cinq-gouvernorats-places-en-vigilance-orange\/#respond\"]}]},{\"@type\":\"WebPage\",\"@id\":\"https:\/\/kapitalis.com\/tunisie\/2023\/01\/21\/vague-de-froid-en-tunisie-cinq-gouvernorats-places-en-vigilance-orange\/\",\"url\":\"https:\/\/kapitalis.com\/tunisie\/2023\/01\/21\/vague-de-froid-en-tunisie-cinq-gouvernorats-places-en-vigilance-orange\/\",\"name\":\"Vague de froid en Tunisie : Cinq gouvernorats plac\u00e9s en vigilance orange - Kapitalis\",\"isPartOf\":{\"@id\":\"https:\/\/kapitalis.com\/tunisie\/#website\"},\"primaryImageOfPage\":{\"@id\":\"https:\/\/kapitalis.com\/tunisie\/2023\/01\/21\/vague-de-froid-en-tunisie-cinq-gouvernorats-places-en-vigilance-orange\/#primaryimage\"},\"image\":{\"@id\":\"https:\/\/kapitalis.com\/tunisie\/2023\/01\/21\/vague-de-froid-en-tunisie-cinq-gouvernorats-places-en-vigilance-orange\/#primaryimage\"},\"thumbnailUrl\":\"https:\/\/kapitalis.com\/tunisie\/wp-content\/uploads\/2023\/01\/neige-Jendouba.jpg\",\"datePublished\":\"2023-01-21T15:34:14+00:00\",\"dateModified\":\"2023-01-21T15:39:52+00:00\",\"description\":\"L\u2019Institut national de la m\u00e9t\u00e9orologie (INM) a annonc\u00e9, ce samedi 21 janvier 2023, via une alerte m\u00e9t\u00e9o que cinq gouvernorats du pays ont \u00e9t\u00e9 plac\u00e9s en vigilance orange\",\"breadcrumb\":{\"@id\":\"https:\/\/kapitalis.com\/tunisie\/2023\/01\/21\/vague-de-froid-en-tunisie-cinq-gouvernorats-places-en-vigilance-orange\/#breadcrumb\"},\"inLanguage\":\"fr-FR\",\"potentialAction\":[{\"@type\":\"ReadAction\",\"target\":[\"https:\/\/kapitalis.com\/tunisie\/2023\/01\/21\/vague-de-froid-en-tunisie-cinq-gouvernorats-places-en-vigilance-orange\/\"]}]},{\"@type\":\"ImageObject\",\"inLanguage\":\"fr-FR\",\"@id\":\"https:\/\/kapitalis.com\/tunisie\/2023\/01\/21\/vague-de-froid-en-tunisie-cinq-gouvernorats-places-en-vigilance-orange\/#primaryimage\",\"url\":\"https:\/\/kapitalis.com\/tunisie\/wp-content\/uploads\/2023\/01\/neige-Jendouba.jpg\",\"contentUrl\":\"https:\/\/kapitalis.com\/tunisie\/wp-content\/uploads\/2023\/01\/neige-Jendouba.jpg\",\"width\":1200,\"height\":630},{\"@type\":\"BreadcrumbList\",\"@id\":\"https:\/\/kapitalis.com\/tunisie\/2023\/01\/21\/vague-de-froid-en-tunisie-cinq-gouvernorats-places-en-vigilance-orange\/#breadcrumb\",\"itemListElement\":[{\"@type\":\"ListItem\",\"position\":1,\"name\":\"Accueil\",\"item\":\"https:\/\/kapitalis.com\/tunisie\/\"},{\"@type\":\"ListItem\",\"position\":2,\"name\":\"Vague de froid en Tunisie : Cinq gouvernorats plac\u00e9s en vigilance orange\"}]},{\"@type\":\"WebSite\",\"@id\":\"https:\/\/kapitalis.com\/tunisie\/#website\",\"url\":\"https:\/\/kapitalis.com\/tunisie\/\",\"name\":\"Kapitalis\",\"description\":\"L&#039;actualit\u00e9 en Tunisie et dans le monde\",\"publisher\":{\"@id\":\"https:\/\/kapitalis.com\/tunisie\/#organization\"},\"potentialAction\":[{\"@type\":\"SearchAction\",\"target\":{\"@type\":\"EntryPoint\",\"urlTemplate\":\"https:\/\/kapitalis.com\/tunisie\/?s={search_term_string}\"},\"query-input\":{\"@type\":\"PropertyValueSpecification\",\"valueRequired\":true,\"valueName\":\"search_term_string\"}}],\"inLanguage\":\"fr-FR\"},{\"@type\":\"Organization\",\"@id\":\"https:\/\/kapitalis.com\/tunisie\/#organization\",\"name\":\"Kapitalis\",\"url\":\"https:\/\/kapitalis.com\/tunisie\/\",\"logo\":{\"@type\":\"ImageObject\",\"inLanguage\":\"fr-FR\",\"@id\":\"https:\/\/kapitalis.com\/tunisie\/#\/schema\/logo\/image\/\",\"url\":\"https:\/\/kapitalis.com\/tunisie\/wp-content\/uploads\/2022\/05\/Kapitalis-big-size.png\",\"contentUrl\":\"https:\/\/kapitalis.com\/tunisie\/wp-content\/uploads\/2022\/05\/Kapitalis-big-size.png\",\"width\":5000,\"height\":1500,\"caption\":\"Kapitalis\"},\"image\":{\"@id\":\"https:\/\/kapitalis.com\/tunisie\/#\/schema\/logo\/image\/\"},\"sameAs\":[\"https:\/\/www.facebook.com\/KapitalisInfo\/\",\"https:\/\/x.com\/KapitalisInfo\",\"https:\/\/www.youtube.com\/channel\/UC-yDYrHyfFBWWZaOw3FPg9Q\"]},{\"@type\":\"Person\",\"@id\":\"https:\/\/kapitalis.com\/tunisie\/#\/schema\/person\/74bbde0154d49d790a92aaeac5bc01d5\",\"name\":\"Yusra NY\",\"url\":\"https:\/\/kapitalis.com\/tunisie\/author\/yuza_adam\/\"}]}<\/script>\n<!-- \/ Yoast SEO plugin. -->","yoast_head_json":{"title":"Vague de froid en Tunisie : Cinq gouvernorats plac\u00e9s en vigilance orange - Kapitalis","description":"L\u2019Institut national de la m\u00e9t\u00e9orologie (INM) a annonc\u00e9, ce samedi 21 janvier 2023, via une alerte m\u00e9t\u00e9o que cinq gouvernorats du pays ont \u00e9t\u00e9 plac\u00e9s en vigilance orange","robots":{"index":"index","follow":"follow","max-snippet":"max-snippet:-1","max-image-preview":"max-image-preview:large","max-video-preview":"max-video-preview:-1"},"canonical":"https:\/\/kapitalis.com\/tunisie\/2023\/01\/21\/vague-de-froid-en-tunisie-cinq-gouvernorats-places-en-vigilance-orange\/","og_locale":"fr_FR","og_type":"article","og_title":"Vague de froid en Tunisie : Cinq gouvernorats plac\u00e9s en vigilance orange - Kapitalis","og_description":"L\u2019Institut national de la m\u00e9t\u00e9orologie (INM) a annonc\u00e9, ce samedi 21 janvier 2023, via une alerte m\u00e9t\u00e9o que cinq gouvernorats du pays ont \u00e9t\u00e9 plac\u00e9s en vigilance orange","og_url":"https:\/\/kapitalis.com\/tunisie\/2023\/01\/21\/vague-de-froid-en-tunisie-cinq-gouvernorats-places-en-vigilance-orange\/","og_site_name":"Kapitalis","article_publisher":"https:\/\/www.facebook.com\/KapitalisInfo\/","article_published_time":"2023-01-21T15:34:14+00:00","article_modified_time":"2023-01-21T15:39:52+00:00","og_image":[{"width":1200,"height":630,"url":"https:\/\/kapitalis.com\/tunisie\/wp-content\/uploads\/2023\/01\/neige-Jendouba.jpg","type":"image\/jpeg"}],"author":"Yusra NY","twitter_card":"summary_large_image","twitter_creator":"@KapitalisInfo","twitter_site":"@KapitalisInfo","twitter_misc":{"\u00c9crit par":"Yusra NY","Dur\u00e9e de lecture estim\u00e9e":"1 minute"},"schema":{"@context":"https:\/\/schema.org","@graph":[{"@type":"Article","@id":"https:\/\/kapitalis.com\/tunisie\/2023\/01\/21\/vague-de-froid-en-tunisie-cinq-gouvernorats-places-en-vigilance-orange\/#article","isPartOf":{"@id":"https:\/\/kapitalis.com\/tunisie\/2023\/01\/21\/vague-de-froid-en-tunisie-cinq-gouvernorats-places-en-vigilance-orange\/"},"author":{"name":"Yusra NY","@id":"https:\/\/kapitalis.com\/tunisie\/#\/schema\/person\/74bbde0154d49d790a92aaeac5bc01d5"},"headline":"Vague de froid en Tunisie : Cinq gouvernorats plac\u00e9s en vigilance orange","datePublished":"2023-01-21T15:34:14+00:00","dateModified":"2023-01-21T15:39:52+00:00","mainEntityOfPage":{"@id":"https:\/\/kapitalis.com\/tunisie\/2023\/01\/21\/vague-de-froid-en-tunisie-cinq-gouvernorats-places-en-vigilance-orange\/"},"wordCount":164,"commentCount":0,"publisher":{"@id":"https:\/\/kapitalis.com\/tunisie\/#organization"},"image":{"@id":"https:\/\/kapitalis.com\/tunisie\/2023\/01\/21\/vague-de-froid-en-tunisie-cinq-gouvernorats-places-en-vigilance-orange\/#primaryimage"},"thumbnailUrl":"https:\/\/kapitalis.com\/tunisie\/wp-content\/uploads\/2023\/01\/neige-Jendouba.jpg","keywords":["froid","INM","m\u00e9t\u00e9o","neige","Tunisie","vigilance orange"],"articleSection":["SOCIETE","Tunisie"],"inLanguage":"fr-FR","potentialAction":[{"@type":"CommentAction","name":"Comment","target":["https:\/\/kapitalis.com\/tunisie\/2023\/01\/21\/vague-de-froid-en-tunisie-cinq-gouvernorats-places-en-vigilance-orange\/#respond"]}]},{"@type":"WebPage","@id":"https:\/\/kapitalis.com\/tunisie\/2023\/01\/21\/vague-de-froid-en-tunisie-cinq-gouvernorats-places-en-vigilance-orange\/","url":"https:\/\/kapitalis.com\/tunisie\/2023\/01\/21\/vague-de-froid-en-tunisie-cinq-gouvernorats-places-en-vigilance-orange\/","name":"Vague de froid en Tunisie : Cinq gouvernorats plac\u00e9s en vigilance orange - Kapitalis","isPartOf":{"@id":"https:\/\/kapitalis.com\/tunisie\/#website"},"primaryImageOfPage":{"@id":"https:\/\/kapitalis.com\/tunisie\/2023\/01\/21\/vague-de-froid-en-tunisie-cinq-gouvernorats-places-en-vigilance-orange\/#primaryimage"},"image":{"@id":"https:\/\/kapitalis.com\/tunisie\/2023\/01\/21\/vague-de-froid-en-tunisie-cinq-gouvernorats-places-en-vigilance-orange\/#primaryimage"},"thumbnailUrl":"https:\/\/kapitalis.com\/tunisie\/wp-content\/uploads\/2023\/01\/neige-Jendouba.jpg","datePublished":"2023-01-21T15:34:14+00:00","dateModified":"2023-01-21T15:39:52+00:00","description":"L\u2019Institut national de la m\u00e9t\u00e9orologie (INM) a annonc\u00e9, ce samedi 21 janvier 2023, via une alerte m\u00e9t\u00e9o que cinq gouvernorats du pays ont \u00e9t\u00e9 plac\u00e9s en vigilance orange","breadcrumb":{"@id":"https:\/\/kapitalis.com\/tunisie\/2023\/01\/21\/vague-de-froid-en-tunisie-cinq-gouvernorats-places-en-vigilance-orange\/#breadcrumb"},"inLanguage":"fr-FR","potentialAction":[{"@type":"ReadAction","target":["https:\/\/kapitalis.com\/tunisie\/2023\/01\/21\/vague-de-froid-en-tunisie-cinq-gouvernorats-places-en-vigilance-orange\/"]}]},{"@type":"ImageObject","inLanguage":"fr-FR","@id":"https:\/\/kapitalis.com\/tunisie\/2023\/01\/21\/vague-de-froid-en-tunisie-cinq-gouvernorats-places-en-vigilance-orange\/#primaryimage","url":"https:\/\/kapitalis.com\/tunisie\/wp-content\/uploads\/2023\/01\/neige-Jendouba.jpg","contentUrl":"https:\/\/kapitalis.com\/tunisie\/wp-content\/uploads\/2023\/01\/neige-Jendouba.jpg","width":1200,"height":630},{"@type":"BreadcrumbList","@id":"https:\/\/kapitalis.com\/tunisie\/2023\/01\/21\/vague-de-froid-en-tunisie-cinq-gouvernorats-places-en-vigilance-orange\/#breadcrumb","itemListElement":[{"@type":"ListItem","position":1,"name":"Accueil","item":"https:\/\/kapitalis.com\/tunisie\/"},{"@type":"ListItem","position":2,"name":"Vague de froid en Tunisie : Cinq gouvernorats plac\u00e9s en vigilance orange"}]},{"@type":"WebSite","@id":"https:\/\/kapitalis.com\/tunisie\/#website","url":"https:\/\/kapitalis.com\/tunisie\/","name":"Kapitalis","description":"L&#039;actualit\u00e9 en Tunisie et dans le monde","publisher":{"@id":"https:\/\/kapitalis.com\/tunisie\/#organization"},"potentialAction":[{"@type":"SearchAction","target":{"@type":"EntryPoint","urlTemplate":"https:\/\/kapitalis.com\/tunisie\/?s={search_term_string}"},"query-input":{"@type":"PropertyValueSpecification","valueRequired":true,"valueName":"search_term_string"}}],"inLanguage":"fr-FR"},{"@type":"Organization","@id":"https:\/\/kapitalis.com\/tunisie\/#organization","name":"Kapitalis","url":"https:\/\/kapitalis.com\/tunisie\/","logo":{"@type":"ImageObject","inLanguage":"fr-FR","@id":"https:\/\/kapitalis.com\/tunisie\/#\/schema\/logo\/image\/","url":"https:\/\/kapitalis.com\/tunisie\/wp-content\/uploads\/2022\/05\/Kapitalis-big-size.png","contentUrl":"https:\/\/kapitalis.com\/tunisie\/wp-content\/uploads\/2022\/05\/Kapitalis-big-size.png","width":5000,"height":1500,"caption":"Kapitalis"},"image":{"@id":"https:\/\/kapitalis.com\/tunisie\/#\/schema\/logo\/image\/"},"sameAs":["https:\/\/www.facebook.com\/KapitalisInfo\/","https:\/\/x.com\/KapitalisInfo","https:\/\/www.youtube.com\/channel\/UC-yDYrHyfFBWWZaOw3FPg9Q"]},{"@type":"Person","@id":"https:\/\/kapitalis.com\/tunisie\/#\/schema\/person\/74bbde0154d49d790a92aaeac5bc01d5","name":"Yusra NY","url":"https:\/\/kapitalis.com\/tunisie\/author\/yuza_adam\/"}]}},"_links":{"self":[{"href":"https:\/\/kapitalis.com\/tunisie\/wp-json\/wp\/v2\/posts\/6164238","targetHints":{"allow":["GET"]}}],"collection":[{"href":"https:\/\/kapitalis.com\/tunisie\/wp-json\/wp\/v2\/posts"}],"about":[{"href":"https:\/\/kapitalis.com\/tunisie\/wp-json\/wp\/v2\/types\/post"}],"author":[{"embeddable":true,"href":"https:\/\/kapitalis.com\/tunisie\/wp-json\/wp\/v2\/users\/6"}],"replies":[{"embeddable":true,"href":"https:\/\/kapitalis.com\/tunisie\/wp-json\/wp\/v2\/comments?post=6164238"}],"version-history":[{"count":1,"href":"https:\/\/kapitalis.com\/tunisie\/wp-json\/wp\/v2\/posts\/6164238\/revisions"}],"predecessor-version":[{"id":6164280,"href":"https:\/\/kapitalis.com\/tunisie\/wp-json\/wp\/v2\/posts\/6164238\/revisions\/6164280"}],"wp:featuredmedia":[{"embeddable":true,"href":"https:\/\/kapitalis.com\/tunisie\/wp-json\/wp\/v2\/media\/6164299"}],"wp:attachment":[{"href":"https:\/\/kapitalis.com\/tunisie\/wp-json\/wp\/v2\/media?parent=6164238"}],"wp:term":[{"taxonomy":"category","embeddable":true,"href":"https:\/\/kapitalis.com\/tunisie\/wp-json\/wp\/v2\/categories?post=6164238"},{"taxonomy":"post_tag","embeddable":true,"href":"https:\/\/kapitalis.com\/tunisie\/wp-json\/wp\/v2\/tags?post=6164238"}],"curies":[{"name":"wp","href":"https:\/\/api.w.org\/{rel}","templated":true}]}}