{"id":6164967,"date":"2023-01-22T09:22:32","date_gmt":"2023-01-22T08:22:32","guid":{"rendered":"https:\/\/kapitalis.com\/tunisie\/?p=6164967"},"modified":"2023-01-22T09:22:33","modified_gmt":"2023-01-22T08:22:33","slug":"un-centre-international-a-gammarth-pour-venir-en-aide-aux-handicapes","status":"publish","type":"post","link":"https:\/\/kapitalis.com\/tunisie\/2023\/01\/22\/un-centre-international-a-gammarth-pour-venir-en-aide-aux-handicapes\/","title":{"rendered":"Un centre international \u00e0 Gammarth pour venir en aide aux handicap\u00e9s"},"content":{"rendered":"\n<p><strong><em>Malek Zahi, ministre des Affaires sociales a inaugur\u00e9, le 20 janvier 2023, le Centre international pour la promotion des personnes handicap\u00e9es (CIPPH) \u00e0 Gammarth, \u00e0 la banlieue nord de Tunis, sp\u00e9cialis\u00e9 en programmes \u00e9ducatifs \u00e0 leur intention.<\/em><\/strong><\/p>\n\n\n\n<!--more-->\n\n\n\n<p>Le CIPPH, sp\u00e9cialis\u00e9 dans la mise en place de programmes \u00e9ducatifs pour cette cat\u00e9gorie de personnes, incapables d&rsquo;int\u00e9grer le syst\u00e8me scolaire, r\u00e9alise \u00e9galement, dans le cadre de la mise en \u0153uvre de la politique du minist\u00e8re des Affaires sociales en mati\u00e8re de handicap, des recherches, des \u00e9tudes et des formations.<\/p>\n\n\n\n<p>A cette occasion, le ministre a fait appel au personnel du CIPPH pour d\u00e9velopper des m\u00e9canismes de travail, promouvoir les soins sociaux et de sant\u00e9, et aider \u00e0 l&rsquo;int\u00e9gration des personnes handicap\u00e9es \u00e0 l&rsquo;aide d&rsquo;ateliers de formation.<\/p>\n\n\n\n<p>Le minist\u00e8re annonce, par ailleurs, que son d\u00e9partement pr\u00e9voit d&rsquo;entamer la cr\u00e9ation de centres similaires dans les r\u00e9gions du pays, pour offrir une \u00e9ducation sp\u00e9cialis\u00e9e selon une nouvelle approche qui prend en consid\u00e9ration, la qualit\u00e9 des services ainsi que la r\u00e9alisation de l&rsquo;int\u00e9gration des personnes \u00e0 besoins particuliers.<\/p>\n\n\n\n<p class=\"has-text-align-right\"><strong>A. M.<\/strong> (avec <a href=\"https:\/\/www.tap.info.tn\/en\/Portal-Society\/15932118-international\">TAP<\/a>)<\/p>\n","protected":false},"excerpt":{"rendered":"<p>Un Centre international pour la promotion des personnes handicap\u00e9es inaugur\u00e9 \u00e0 Gammarth. <\/p>\n","protected":false},"author":22,"featured_media":6169433,"comment_status":"open","ping_status":"open","sticky":false,"template":"","format":"standard","meta":{"footnotes":""},"categories":[998,2433],"tags":[21563,106117,1994,106118,10932],"class_list":["post-6164967","post","type-post","status-publish","format-standard","has-post-thumbnail","hentry","category-societe","category-tunisie","tag-banlieue-nord-de-tunis","tag-cipph","tag-gammarth","tag-malek-zehi","tag-ministere-des-affaires-sociales"],"yoast_head":"<!-- This site is optimized with the Yoast SEO plugin v26.6 - https:\/\/yoast.com\/wordpress\/plugins\/seo\/ -->\n<title>Un centre international \u00e0 Gammarth pour venir en aide aux handicap\u00e9s - Kapitalis<\/title>\n<meta name=\"description\" content=\"Le CIPPH, sp\u00e9cialis\u00e9 dans la mise en place de programmes \u00e9ducatifs, pour cette cat\u00e9gorie de personnes incapable d&#039;int\u00e9grer le syst\u00e8me scolaire, r\u00e9alise \u00e9galement, dans le cadre de la mise en \u0153uvre de la politique du Minist\u00e8re des Affaires Sociales en mati\u00e8re de handicap, des recherches, des \u00e9tudes et des formations.\" \/>\n<meta name=\"robots\" content=\"index, follow, max-snippet:-1, max-image-preview:large, max-video-preview:-1\" \/>\n<link rel=\"canonical\" href=\"https:\/\/kapitalis.com\/tunisie\/2023\/01\/22\/un-centre-international-a-gammarth-pour-venir-en-aide-aux-handicapes\/\" \/>\n<meta property=\"og:locale\" content=\"fr_FR\" \/>\n<meta property=\"og:type\" content=\"article\" \/>\n<meta property=\"og:title\" content=\"Un centre international \u00e0 Gammarth pour venir en aide aux handicap\u00e9s - Kapitalis\" \/>\n<meta property=\"og:description\" content=\"Le CIPPH, sp\u00e9cialis\u00e9 dans la mise en place de programmes \u00e9ducatifs, pour cette cat\u00e9gorie de personnes incapable d&#039;int\u00e9grer le syst\u00e8me scolaire, r\u00e9alise \u00e9galement, dans le cadre de la mise en \u0153uvre de la politique du Minist\u00e8re des Affaires Sociales en mati\u00e8re de handicap, des recherches, des \u00e9tudes et des formations.\" \/>\n<meta property=\"og:url\" content=\"https:\/\/kapitalis.com\/tunisie\/2023\/01\/22\/un-centre-international-a-gammarth-pour-venir-en-aide-aux-handicapes\/\" \/>\n<meta property=\"og:site_name\" content=\"Kapitalis\" \/>\n<meta property=\"article:publisher\" content=\"https:\/\/www.facebook.com\/KapitalisInfo\/\" \/>\n<meta property=\"article:published_time\" content=\"2023-01-22T08:22:32+00:00\" \/>\n<meta property=\"article:modified_time\" content=\"2023-01-22T08:22:33+00:00\" \/>\n<meta property=\"og:image\" content=\"https:\/\/kapitalis.com\/tunisie\/wp-content\/uploads\/2023\/01\/Malek-Zahi-CIPPH-Gammarth.jpg\" \/>\n\t<meta property=\"og:image:width\" content=\"1200\" \/>\n\t<meta property=\"og:image:height\" content=\"630\" \/>\n\t<meta property=\"og:image:type\" content=\"image\/jpeg\" \/>\n<meta name=\"author\" content=\"Amina Mkada\" \/>\n<meta name=\"twitter:card\" content=\"summary_large_image\" \/>\n<meta name=\"twitter:creator\" content=\"@KapitalisInfo\" \/>\n<meta name=\"twitter:site\" content=\"@KapitalisInfo\" \/>\n<meta name=\"twitter:label1\" content=\"\u00c9crit par\" \/>\n\t<meta name=\"twitter:data1\" content=\"Amina Mkada\" \/>\n\t<meta name=\"twitter:label2\" content=\"Dur\u00e9e de lecture estim\u00e9e\" \/>\n\t<meta name=\"twitter:data2\" content=\"1 minute\" \/>\n<script type=\"application\/ld+json\" class=\"yoast-schema-graph\">{\"@context\":\"https:\/\/schema.org\",\"@graph\":[{\"@type\":\"Article\",\"@id\":\"https:\/\/kapitalis.com\/tunisie\/2023\/01\/22\/un-centre-international-a-gammarth-pour-venir-en-aide-aux-handicapes\/#article\",\"isPartOf\":{\"@id\":\"https:\/\/kapitalis.com\/tunisie\/2023\/01\/22\/un-centre-international-a-gammarth-pour-venir-en-aide-aux-handicapes\/\"},\"author\":{\"name\":\"Amina Mkada\",\"@id\":\"https:\/\/kapitalis.com\/tunisie\/#\/schema\/person\/093913313d3017554cb3ad077fff3fbd\"},\"headline\":\"Un centre international \u00e0 Gammarth pour venir en aide aux handicap\u00e9s\",\"datePublished\":\"2023-01-22T08:22:32+00:00\",\"dateModified\":\"2023-01-22T08:22:33+00:00\",\"mainEntityOfPage\":{\"@id\":\"https:\/\/kapitalis.com\/tunisie\/2023\/01\/22\/un-centre-international-a-gammarth-pour-venir-en-aide-aux-handicapes\/\"},\"wordCount\":202,\"commentCount\":1,\"publisher\":{\"@id\":\"https:\/\/kapitalis.com\/tunisie\/#organization\"},\"image\":{\"@id\":\"https:\/\/kapitalis.com\/tunisie\/2023\/01\/22\/un-centre-international-a-gammarth-pour-venir-en-aide-aux-handicapes\/#primaryimage\"},\"thumbnailUrl\":\"https:\/\/kapitalis.com\/tunisie\/wp-content\/uploads\/2023\/01\/Malek-Zahi-CIPPH-Gammarth.jpg\",\"keywords\":[\"banlieue nord de Tunis.\",\"CIPPH\",\"Gammarth\",\"Malek Zehi\",\"minist\u00e8re des affaires sociales\"],\"articleSection\":[\"SOCIETE\",\"Tunisie\"],\"inLanguage\":\"fr-FR\",\"potentialAction\":[{\"@type\":\"CommentAction\",\"name\":\"Comment\",\"target\":[\"https:\/\/kapitalis.com\/tunisie\/2023\/01\/22\/un-centre-international-a-gammarth-pour-venir-en-aide-aux-handicapes\/#respond\"]}]},{\"@type\":\"WebPage\",\"@id\":\"https:\/\/kapitalis.com\/tunisie\/2023\/01\/22\/un-centre-international-a-gammarth-pour-venir-en-aide-aux-handicapes\/\",\"url\":\"https:\/\/kapitalis.com\/tunisie\/2023\/01\/22\/un-centre-international-a-gammarth-pour-venir-en-aide-aux-handicapes\/\",\"name\":\"Un centre international \u00e0 Gammarth pour venir en aide aux handicap\u00e9s - Kapitalis\",\"isPartOf\":{\"@id\":\"https:\/\/kapitalis.com\/tunisie\/#website\"},\"primaryImageOfPage\":{\"@id\":\"https:\/\/kapitalis.com\/tunisie\/2023\/01\/22\/un-centre-international-a-gammarth-pour-venir-en-aide-aux-handicapes\/#primaryimage\"},\"image\":{\"@id\":\"https:\/\/kapitalis.com\/tunisie\/2023\/01\/22\/un-centre-international-a-gammarth-pour-venir-en-aide-aux-handicapes\/#primaryimage\"},\"thumbnailUrl\":\"https:\/\/kapitalis.com\/tunisie\/wp-content\/uploads\/2023\/01\/Malek-Zahi-CIPPH-Gammarth.jpg\",\"datePublished\":\"2023-01-22T08:22:32+00:00\",\"dateModified\":\"2023-01-22T08:22:33+00:00\",\"description\":\"Le CIPPH, sp\u00e9cialis\u00e9 dans la mise en place de programmes \u00e9ducatifs, pour cette cat\u00e9gorie de personnes incapable d'int\u00e9grer le syst\u00e8me scolaire, r\u00e9alise \u00e9galement, dans le cadre de la mise en \u0153uvre de la politique du Minist\u00e8re des Affaires Sociales en mati\u00e8re de handicap, des recherches, des \u00e9tudes et des formations.\",\"breadcrumb\":{\"@id\":\"https:\/\/kapitalis.com\/tunisie\/2023\/01\/22\/un-centre-international-a-gammarth-pour-venir-en-aide-aux-handicapes\/#breadcrumb\"},\"inLanguage\":\"fr-FR\",\"potentialAction\":[{\"@type\":\"ReadAction\",\"target\":[\"https:\/\/kapitalis.com\/tunisie\/2023\/01\/22\/un-centre-international-a-gammarth-pour-venir-en-aide-aux-handicapes\/\"]}]},{\"@type\":\"ImageObject\",\"inLanguage\":\"fr-FR\",\"@id\":\"https:\/\/kapitalis.com\/tunisie\/2023\/01\/22\/un-centre-international-a-gammarth-pour-venir-en-aide-aux-handicapes\/#primaryimage\",\"url\":\"https:\/\/kapitalis.com\/tunisie\/wp-content\/uploads\/2023\/01\/Malek-Zahi-CIPPH-Gammarth.jpg\",\"contentUrl\":\"https:\/\/kapitalis.com\/tunisie\/wp-content\/uploads\/2023\/01\/Malek-Zahi-CIPPH-Gammarth.jpg\",\"width\":1200,\"height\":630},{\"@type\":\"BreadcrumbList\",\"@id\":\"https:\/\/kapitalis.com\/tunisie\/2023\/01\/22\/un-centre-international-a-gammarth-pour-venir-en-aide-aux-handicapes\/#breadcrumb\",\"itemListElement\":[{\"@type\":\"ListItem\",\"position\":1,\"name\":\"Accueil\",\"item\":\"https:\/\/kapitalis.com\/tunisie\/\"},{\"@type\":\"ListItem\",\"position\":2,\"name\":\"Un centre international \u00e0 Gammarth pour venir en aide aux handicap\u00e9s\"}]},{\"@type\":\"WebSite\",\"@id\":\"https:\/\/kapitalis.com\/tunisie\/#website\",\"url\":\"https:\/\/kapitalis.com\/tunisie\/\",\"name\":\"Kapitalis\",\"description\":\"L&#039;actualit\u00e9 en Tunisie et dans le monde\",\"publisher\":{\"@id\":\"https:\/\/kapitalis.com\/tunisie\/#organization\"},\"potentialAction\":[{\"@type\":\"SearchAction\",\"target\":{\"@type\":\"EntryPoint\",\"urlTemplate\":\"https:\/\/kapitalis.com\/tunisie\/?s={search_term_string}\"},\"query-input\":{\"@type\":\"PropertyValueSpecification\",\"valueRequired\":true,\"valueName\":\"search_term_string\"}}],\"inLanguage\":\"fr-FR\"},{\"@type\":\"Organization\",\"@id\":\"https:\/\/kapitalis.com\/tunisie\/#organization\",\"name\":\"Kapitalis\",\"url\":\"https:\/\/kapitalis.com\/tunisie\/\",\"logo\":{\"@type\":\"ImageObject\",\"inLanguage\":\"fr-FR\",\"@id\":\"https:\/\/kapitalis.com\/tunisie\/#\/schema\/logo\/image\/\",\"url\":\"https:\/\/kapitalis.com\/tunisie\/wp-content\/uploads\/2022\/05\/Kapitalis-big-size.png\",\"contentUrl\":\"https:\/\/kapitalis.com\/tunisie\/wp-content\/uploads\/2022\/05\/Kapitalis-big-size.png\",\"width\":5000,\"height\":1500,\"caption\":\"Kapitalis\"},\"image\":{\"@id\":\"https:\/\/kapitalis.com\/tunisie\/#\/schema\/logo\/image\/\"},\"sameAs\":[\"https:\/\/www.facebook.com\/KapitalisInfo\/\",\"https:\/\/x.com\/KapitalisInfo\",\"https:\/\/www.youtube.com\/channel\/UC-yDYrHyfFBWWZaOw3FPg9Q\"]},{\"@type\":\"Person\",\"@id\":\"https:\/\/kapitalis.com\/tunisie\/#\/schema\/person\/093913313d3017554cb3ad077fff3fbd\",\"name\":\"Amina Mkada\",\"url\":\"https:\/\/kapitalis.com\/tunisie\/author\/amina\/\"}]}<\/script>\n<!-- \/ Yoast SEO plugin. -->","yoast_head_json":{"title":"Un centre international \u00e0 Gammarth pour venir en aide aux handicap\u00e9s - Kapitalis","description":"Le CIPPH, sp\u00e9cialis\u00e9 dans la mise en place de programmes \u00e9ducatifs, pour cette cat\u00e9gorie de personnes incapable d'int\u00e9grer le syst\u00e8me scolaire, r\u00e9alise \u00e9galement, dans le cadre de la mise en \u0153uvre de la politique du Minist\u00e8re des Affaires Sociales en mati\u00e8re de handicap, des recherches, des \u00e9tudes et des formations.","robots":{"index":"index","follow":"follow","max-snippet":"max-snippet:-1","max-image-preview":"max-image-preview:large","max-video-preview":"max-video-preview:-1"},"canonical":"https:\/\/kapitalis.com\/tunisie\/2023\/01\/22\/un-centre-international-a-gammarth-pour-venir-en-aide-aux-handicapes\/","og_locale":"fr_FR","og_type":"article","og_title":"Un centre international \u00e0 Gammarth pour venir en aide aux handicap\u00e9s - Kapitalis","og_description":"Le CIPPH, sp\u00e9cialis\u00e9 dans la mise en place de programmes \u00e9ducatifs, pour cette cat\u00e9gorie de personnes incapable d'int\u00e9grer le syst\u00e8me scolaire, r\u00e9alise \u00e9galement, dans le cadre de la mise en \u0153uvre de la politique du Minist\u00e8re des Affaires Sociales en mati\u00e8re de handicap, des recherches, des \u00e9tudes et des formations.","og_url":"https:\/\/kapitalis.com\/tunisie\/2023\/01\/22\/un-centre-international-a-gammarth-pour-venir-en-aide-aux-handicapes\/","og_site_name":"Kapitalis","article_publisher":"https:\/\/www.facebook.com\/KapitalisInfo\/","article_published_time":"2023-01-22T08:22:32+00:00","article_modified_time":"2023-01-22T08:22:33+00:00","og_image":[{"width":1200,"height":630,"url":"https:\/\/kapitalis.com\/tunisie\/wp-content\/uploads\/2023\/01\/Malek-Zahi-CIPPH-Gammarth.jpg","type":"image\/jpeg"}],"author":"Amina Mkada","twitter_card":"summary_large_image","twitter_creator":"@KapitalisInfo","twitter_site":"@KapitalisInfo","twitter_misc":{"\u00c9crit par":"Amina Mkada","Dur\u00e9e de lecture estim\u00e9e":"1 minute"},"schema":{"@context":"https:\/\/schema.org","@graph":[{"@type":"Article","@id":"https:\/\/kapitalis.com\/tunisie\/2023\/01\/22\/un-centre-international-a-gammarth-pour-venir-en-aide-aux-handicapes\/#article","isPartOf":{"@id":"https:\/\/kapitalis.com\/tunisie\/2023\/01\/22\/un-centre-international-a-gammarth-pour-venir-en-aide-aux-handicapes\/"},"author":{"name":"Amina Mkada","@id":"https:\/\/kapitalis.com\/tunisie\/#\/schema\/person\/093913313d3017554cb3ad077fff3fbd"},"headline":"Un centre international \u00e0 Gammarth pour venir en aide aux handicap\u00e9s","datePublished":"2023-01-22T08:22:32+00:00","dateModified":"2023-01-22T08:22:33+00:00","mainEntityOfPage":{"@id":"https:\/\/kapitalis.com\/tunisie\/2023\/01\/22\/un-centre-international-a-gammarth-pour-venir-en-aide-aux-handicapes\/"},"wordCount":202,"commentCount":1,"publisher":{"@id":"https:\/\/kapitalis.com\/tunisie\/#organization"},"image":{"@id":"https:\/\/kapitalis.com\/tunisie\/2023\/01\/22\/un-centre-international-a-gammarth-pour-venir-en-aide-aux-handicapes\/#primaryimage"},"thumbnailUrl":"https:\/\/kapitalis.com\/tunisie\/wp-content\/uploads\/2023\/01\/Malek-Zahi-CIPPH-Gammarth.jpg","keywords":["banlieue nord de Tunis.","CIPPH","Gammarth","Malek Zehi","minist\u00e8re des affaires sociales"],"articleSection":["SOCIETE","Tunisie"],"inLanguage":"fr-FR","potentialAction":[{"@type":"CommentAction","name":"Comment","target":["https:\/\/kapitalis.com\/tunisie\/2023\/01\/22\/un-centre-international-a-gammarth-pour-venir-en-aide-aux-handicapes\/#respond"]}]},{"@type":"WebPage","@id":"https:\/\/kapitalis.com\/tunisie\/2023\/01\/22\/un-centre-international-a-gammarth-pour-venir-en-aide-aux-handicapes\/","url":"https:\/\/kapitalis.com\/tunisie\/2023\/01\/22\/un-centre-international-a-gammarth-pour-venir-en-aide-aux-handicapes\/","name":"Un centre international \u00e0 Gammarth pour venir en aide aux handicap\u00e9s - Kapitalis","isPartOf":{"@id":"https:\/\/kapitalis.com\/tunisie\/#website"},"primaryImageOfPage":{"@id":"https:\/\/kapitalis.com\/tunisie\/2023\/01\/22\/un-centre-international-a-gammarth-pour-venir-en-aide-aux-handicapes\/#primaryimage"},"image":{"@id":"https:\/\/kapitalis.com\/tunisie\/2023\/01\/22\/un-centre-international-a-gammarth-pour-venir-en-aide-aux-handicapes\/#primaryimage"},"thumbnailUrl":"https:\/\/kapitalis.com\/tunisie\/wp-content\/uploads\/2023\/01\/Malek-Zahi-CIPPH-Gammarth.jpg","datePublished":"2023-01-22T08:22:32+00:00","dateModified":"2023-01-22T08:22:33+00:00","description":"Le CIPPH, sp\u00e9cialis\u00e9 dans la mise en place de programmes \u00e9ducatifs, pour cette cat\u00e9gorie de personnes incapable d'int\u00e9grer le syst\u00e8me scolaire, r\u00e9alise \u00e9galement, dans le cadre de la mise en \u0153uvre de la politique du Minist\u00e8re des Affaires Sociales en mati\u00e8re de handicap, des recherches, des \u00e9tudes et des formations.","breadcrumb":{"@id":"https:\/\/kapitalis.com\/tunisie\/2023\/01\/22\/un-centre-international-a-gammarth-pour-venir-en-aide-aux-handicapes\/#breadcrumb"},"inLanguage":"fr-FR","potentialAction":[{"@type":"ReadAction","target":["https:\/\/kapitalis.com\/tunisie\/2023\/01\/22\/un-centre-international-a-gammarth-pour-venir-en-aide-aux-handicapes\/"]}]},{"@type":"ImageObject","inLanguage":"fr-FR","@id":"https:\/\/kapitalis.com\/tunisie\/2023\/01\/22\/un-centre-international-a-gammarth-pour-venir-en-aide-aux-handicapes\/#primaryimage","url":"https:\/\/kapitalis.com\/tunisie\/wp-content\/uploads\/2023\/01\/Malek-Zahi-CIPPH-Gammarth.jpg","contentUrl":"https:\/\/kapitalis.com\/tunisie\/wp-content\/uploads\/2023\/01\/Malek-Zahi-CIPPH-Gammarth.jpg","width":1200,"height":630},{"@type":"BreadcrumbList","@id":"https:\/\/kapitalis.com\/tunisie\/2023\/01\/22\/un-centre-international-a-gammarth-pour-venir-en-aide-aux-handicapes\/#breadcrumb","itemListElement":[{"@type":"ListItem","position":1,"name":"Accueil","item":"https:\/\/kapitalis.com\/tunisie\/"},{"@type":"ListItem","position":2,"name":"Un centre international \u00e0 Gammarth pour venir en aide aux handicap\u00e9s"}]},{"@type":"WebSite","@id":"https:\/\/kapitalis.com\/tunisie\/#website","url":"https:\/\/kapitalis.com\/tunisie\/","name":"Kapitalis","description":"L&#039;actualit\u00e9 en Tunisie et dans le monde","publisher":{"@id":"https:\/\/kapitalis.com\/tunisie\/#organization"},"potentialAction":[{"@type":"SearchAction","target":{"@type":"EntryPoint","urlTemplate":"https:\/\/kapitalis.com\/tunisie\/?s={search_term_string}"},"query-input":{"@type":"PropertyValueSpecification","valueRequired":true,"valueName":"search_term_string"}}],"inLanguage":"fr-FR"},{"@type":"Organization","@id":"https:\/\/kapitalis.com\/tunisie\/#organization","name":"Kapitalis","url":"https:\/\/kapitalis.com\/tunisie\/","logo":{"@type":"ImageObject","inLanguage":"fr-FR","@id":"https:\/\/kapitalis.com\/tunisie\/#\/schema\/logo\/image\/","url":"https:\/\/kapitalis.com\/tunisie\/wp-content\/uploads\/2022\/05\/Kapitalis-big-size.png","contentUrl":"https:\/\/kapitalis.com\/tunisie\/wp-content\/uploads\/2022\/05\/Kapitalis-big-size.png","width":5000,"height":1500,"caption":"Kapitalis"},"image":{"@id":"https:\/\/kapitalis.com\/tunisie\/#\/schema\/logo\/image\/"},"sameAs":["https:\/\/www.facebook.com\/KapitalisInfo\/","https:\/\/x.com\/KapitalisInfo","https:\/\/www.youtube.com\/channel\/UC-yDYrHyfFBWWZaOw3FPg9Q"]},{"@type":"Person","@id":"https:\/\/kapitalis.com\/tunisie\/#\/schema\/person\/093913313d3017554cb3ad077fff3fbd","name":"Amina Mkada","url":"https:\/\/kapitalis.com\/tunisie\/author\/amina\/"}]}},"_links":{"self":[{"href":"https:\/\/kapitalis.com\/tunisie\/wp-json\/wp\/v2\/posts\/6164967","targetHints":{"allow":["GET"]}}],"collection":[{"href":"https:\/\/kapitalis.com\/tunisie\/wp-json\/wp\/v2\/posts"}],"about":[{"href":"https:\/\/kapitalis.com\/tunisie\/wp-json\/wp\/v2\/types\/post"}],"author":[{"embeddable":true,"href":"https:\/\/kapitalis.com\/tunisie\/wp-json\/wp\/v2\/users\/22"}],"replies":[{"embeddable":true,"href":"https:\/\/kapitalis.com\/tunisie\/wp-json\/wp\/v2\/comments?post=6164967"}],"version-history":[{"count":9,"href":"https:\/\/kapitalis.com\/tunisie\/wp-json\/wp\/v2\/posts\/6164967\/revisions"}],"predecessor-version":[{"id":6169443,"href":"https:\/\/kapitalis.com\/tunisie\/wp-json\/wp\/v2\/posts\/6164967\/revisions\/6169443"}],"wp:featuredmedia":[{"embeddable":true,"href":"https:\/\/kapitalis.com\/tunisie\/wp-json\/wp\/v2\/media\/6169433"}],"wp:attachment":[{"href":"https:\/\/kapitalis.com\/tunisie\/wp-json\/wp\/v2\/media?parent=6164967"}],"wp:term":[{"taxonomy":"category","embeddable":true,"href":"https:\/\/kapitalis.com\/tunisie\/wp-json\/wp\/v2\/categories?post=6164967"},{"taxonomy":"post_tag","embeddable":true,"href":"https:\/\/kapitalis.com\/tunisie\/wp-json\/wp\/v2\/tags?post=6164967"}],"curies":[{"name":"wp","href":"https:\/\/api.w.org\/{rel}","templated":true}]}}