{"id":6167651,"date":"2023-01-21T23:23:13","date_gmt":"2023-01-21T22:23:13","guid":{"rendered":"https:\/\/kapitalis.com\/tunisie\/?p=6167651"},"modified":"2023-01-21T23:23:17","modified_gmt":"2023-01-21T22:23:17","slug":"le-film-tunisien-el-gotra-en-competition-au-luxor-africain-film-festival","status":"publish","type":"post","link":"https:\/\/kapitalis.com\/tunisie\/2023\/01\/21\/le-film-tunisien-el-gotra-en-competition-au-luxor-africain-film-festival\/","title":{"rendered":"Le film tunisien \u00ab\u00a0El Gotra\u00a0\u00bb en comp\u00e9tition au Luxor Africain Film Festival"},"content":{"rendered":"\n<p><strong><em>Le film tunisien \u00ab\u00a0El Gotra\u00a0\u00bb de Younes Ben Hajria fera partie de la comp\u00e9tition officielle du Luxor  African Film Festival (LAFF) en Egypte.<\/em><\/strong><\/p>\n\n\n\n<!--more-->\n\n\n\n<p>Apr\u00e8s sa premi\u00e8re \u00e0 la 33e \u00e9dition des Journ\u00e9es cin\u00e9matographiques de Carthage (JCC 2022) o\u00f9 il avait fait partie de la section \u00ab\u00a0Horizons du cin\u00e9ma tunisien\u00a0\u00bb, le long m\u00e9trage documentaire \u00ab\u00a0<em>El Gotra<\/em>\u00a0\u00bb r\u00e9alis\u00e9 par le cin\u00e9aste tunisien Younes Ben Hajria ira prochainement \u00e0 la rencontre du public \u00e9gyptien.<\/p>\n\n\n\n<p>Le film vient d&rsquo;\u00eatre retenu \u00e0 la comp\u00e9tition officielle de la 12e \u00e9dition du Festival du Film africain de Louxor qui aura lieu du 4 au 10 f\u00e9vrier prochain.<\/p>\n\n\n\n<p class=\"has-text-align-right\"><strong>F.B<\/strong><\/p>\n","protected":false},"excerpt":{"rendered":"<p>Le film tunisien \u00ab\u00a0El Gotra\u00a0\u00bb de Younes Ben Hajria fera partie de la comp\u00e9tition officielle du Luxor African Film Festival (LAFF) en Egypte.<\/p>\n","protected":false},"author":26,"featured_media":6167745,"comment_status":"open","ping_status":"open","sticky":false,"template":"","format":"standard","meta":{"footnotes":""},"categories":[994,2433],"tags":[2379,103919,106127,62643,106126],"class_list":["post-6167651","post","type-post","status-publish","format-standard","has-post-thumbnail","hentry","category-culture","category-tunisie","tag-egypte","tag-film-el-gotra","tag-luxor-film-festival","tag-tunisie","tag-younes-ben-hajria"],"yoast_head":"<!-- This site is optimized with the Yoast SEO plugin v26.6 - https:\/\/yoast.com\/wordpress\/plugins\/seo\/ -->\n<title>Le film tunisien &quot;El Gotra&quot; en comp\u00e9tition au Luxor Africain Film Festival - Kapitalis<\/title>\n<meta name=\"robots\" content=\"index, follow, max-snippet:-1, max-image-preview:large, max-video-preview:-1\" \/>\n<link rel=\"canonical\" href=\"https:\/\/kapitalis.com\/tunisie\/2023\/01\/21\/le-film-tunisien-el-gotra-en-competition-au-luxor-africain-film-festival\/\" \/>\n<meta property=\"og:locale\" content=\"fr_FR\" \/>\n<meta property=\"og:type\" content=\"article\" \/>\n<meta property=\"og:title\" content=\"Le film tunisien &quot;El Gotra&quot; en comp\u00e9tition au Luxor Africain Film Festival - Kapitalis\" \/>\n<meta property=\"og:description\" content=\"Le film tunisien \u00ab\u00a0El Gotra\u00a0\u00bb de Younes Ben Hajria fera partie de la comp\u00e9tition officielle du Luxor African Film Festival (LAFF) en Egypte.\" \/>\n<meta property=\"og:url\" content=\"https:\/\/kapitalis.com\/tunisie\/2023\/01\/21\/le-film-tunisien-el-gotra-en-competition-au-luxor-africain-film-festival\/\" \/>\n<meta property=\"og:site_name\" content=\"Kapitalis\" \/>\n<meta property=\"article:publisher\" content=\"https:\/\/www.facebook.com\/KapitalisInfo\/\" \/>\n<meta property=\"article:published_time\" content=\"2023-01-21T22:23:13+00:00\" \/>\n<meta property=\"article:modified_time\" content=\"2023-01-21T22:23:17+00:00\" \/>\n<meta property=\"og:image\" content=\"https:\/\/kapitalis.com\/tunisie\/wp-content\/uploads\/2023\/01\/El-Gotra-Film.jpg\" \/>\n\t<meta property=\"og:image:width\" content=\"1200\" \/>\n\t<meta property=\"og:image:height\" content=\"630\" \/>\n\t<meta property=\"og:image:type\" content=\"image\/jpeg\" \/>\n<meta name=\"author\" content=\"Fawz BenAli\" \/>\n<meta name=\"twitter:card\" content=\"summary_large_image\" \/>\n<meta name=\"twitter:creator\" content=\"@KapitalisInfo\" \/>\n<meta name=\"twitter:site\" content=\"@KapitalisInfo\" \/>\n<meta name=\"twitter:label1\" content=\"\u00c9crit par\" \/>\n\t<meta name=\"twitter:data1\" content=\"Fawz BenAli\" \/>\n\t<meta name=\"twitter:label2\" content=\"Dur\u00e9e de lecture estim\u00e9e\" \/>\n\t<meta name=\"twitter:data2\" content=\"1 minute\" \/>\n<script type=\"application\/ld+json\" class=\"yoast-schema-graph\">{\"@context\":\"https:\/\/schema.org\",\"@graph\":[{\"@type\":\"Article\",\"@id\":\"https:\/\/kapitalis.com\/tunisie\/2023\/01\/21\/le-film-tunisien-el-gotra-en-competition-au-luxor-africain-film-festival\/#article\",\"isPartOf\":{\"@id\":\"https:\/\/kapitalis.com\/tunisie\/2023\/01\/21\/le-film-tunisien-el-gotra-en-competition-au-luxor-africain-film-festival\/\"},\"author\":{\"name\":\"Fawz BenAli\",\"@id\":\"https:\/\/kapitalis.com\/tunisie\/#\/schema\/person\/73a5ecc1f6ae540c6ed91342eadca948\"},\"headline\":\"Le film tunisien \u00ab\u00a0El Gotra\u00a0\u00bb en comp\u00e9tition au Luxor Africain Film Festival\",\"datePublished\":\"2023-01-21T22:23:13+00:00\",\"dateModified\":\"2023-01-21T22:23:17+00:00\",\"mainEntityOfPage\":{\"@id\":\"https:\/\/kapitalis.com\/tunisie\/2023\/01\/21\/le-film-tunisien-el-gotra-en-competition-au-luxor-africain-film-festival\/\"},\"wordCount\":121,\"commentCount\":0,\"publisher\":{\"@id\":\"https:\/\/kapitalis.com\/tunisie\/#organization\"},\"image\":{\"@id\":\"https:\/\/kapitalis.com\/tunisie\/2023\/01\/21\/le-film-tunisien-el-gotra-en-competition-au-luxor-africain-film-festival\/#primaryimage\"},\"thumbnailUrl\":\"https:\/\/kapitalis.com\/tunisie\/wp-content\/uploads\/2023\/01\/El-Gotra-Film.jpg\",\"keywords\":[\"Egypte\",\"film El Gotra\",\"Luxor Film Festival\",\"Tunisie\",\"Younes Ben Hajria\"],\"articleSection\":[\"CULTURE\",\"Tunisie\"],\"inLanguage\":\"fr-FR\",\"potentialAction\":[{\"@type\":\"CommentAction\",\"name\":\"Comment\",\"target\":[\"https:\/\/kapitalis.com\/tunisie\/2023\/01\/21\/le-film-tunisien-el-gotra-en-competition-au-luxor-africain-film-festival\/#respond\"]}]},{\"@type\":\"WebPage\",\"@id\":\"https:\/\/kapitalis.com\/tunisie\/2023\/01\/21\/le-film-tunisien-el-gotra-en-competition-au-luxor-africain-film-festival\/\",\"url\":\"https:\/\/kapitalis.com\/tunisie\/2023\/01\/21\/le-film-tunisien-el-gotra-en-competition-au-luxor-africain-film-festival\/\",\"name\":\"Le film tunisien \\\"El Gotra\\\" en comp\u00e9tition au Luxor Africain Film Festival - Kapitalis\",\"isPartOf\":{\"@id\":\"https:\/\/kapitalis.com\/tunisie\/#website\"},\"primaryImageOfPage\":{\"@id\":\"https:\/\/kapitalis.com\/tunisie\/2023\/01\/21\/le-film-tunisien-el-gotra-en-competition-au-luxor-africain-film-festival\/#primaryimage\"},\"image\":{\"@id\":\"https:\/\/kapitalis.com\/tunisie\/2023\/01\/21\/le-film-tunisien-el-gotra-en-competition-au-luxor-africain-film-festival\/#primaryimage\"},\"thumbnailUrl\":\"https:\/\/kapitalis.com\/tunisie\/wp-content\/uploads\/2023\/01\/El-Gotra-Film.jpg\",\"datePublished\":\"2023-01-21T22:23:13+00:00\",\"dateModified\":\"2023-01-21T22:23:17+00:00\",\"breadcrumb\":{\"@id\":\"https:\/\/kapitalis.com\/tunisie\/2023\/01\/21\/le-film-tunisien-el-gotra-en-competition-au-luxor-africain-film-festival\/#breadcrumb\"},\"inLanguage\":\"fr-FR\",\"potentialAction\":[{\"@type\":\"ReadAction\",\"target\":[\"https:\/\/kapitalis.com\/tunisie\/2023\/01\/21\/le-film-tunisien-el-gotra-en-competition-au-luxor-africain-film-festival\/\"]}]},{\"@type\":\"ImageObject\",\"inLanguage\":\"fr-FR\",\"@id\":\"https:\/\/kapitalis.com\/tunisie\/2023\/01\/21\/le-film-tunisien-el-gotra-en-competition-au-luxor-africain-film-festival\/#primaryimage\",\"url\":\"https:\/\/kapitalis.com\/tunisie\/wp-content\/uploads\/2023\/01\/El-Gotra-Film.jpg\",\"contentUrl\":\"https:\/\/kapitalis.com\/tunisie\/wp-content\/uploads\/2023\/01\/El-Gotra-Film.jpg\",\"width\":1200,\"height\":630},{\"@type\":\"BreadcrumbList\",\"@id\":\"https:\/\/kapitalis.com\/tunisie\/2023\/01\/21\/le-film-tunisien-el-gotra-en-competition-au-luxor-africain-film-festival\/#breadcrumb\",\"itemListElement\":[{\"@type\":\"ListItem\",\"position\":1,\"name\":\"Accueil\",\"item\":\"https:\/\/kapitalis.com\/tunisie\/\"},{\"@type\":\"ListItem\",\"position\":2,\"name\":\"Le film tunisien \u00ab\u00a0El Gotra\u00a0\u00bb en comp\u00e9tition au Luxor Africain Film Festival\"}]},{\"@type\":\"WebSite\",\"@id\":\"https:\/\/kapitalis.com\/tunisie\/#website\",\"url\":\"https:\/\/kapitalis.com\/tunisie\/\",\"name\":\"Kapitalis\",\"description\":\"L&#039;actualit\u00e9 en Tunisie et dans le monde\",\"publisher\":{\"@id\":\"https:\/\/kapitalis.com\/tunisie\/#organization\"},\"potentialAction\":[{\"@type\":\"SearchAction\",\"target\":{\"@type\":\"EntryPoint\",\"urlTemplate\":\"https:\/\/kapitalis.com\/tunisie\/?s={search_term_string}\"},\"query-input\":{\"@type\":\"PropertyValueSpecification\",\"valueRequired\":true,\"valueName\":\"search_term_string\"}}],\"inLanguage\":\"fr-FR\"},{\"@type\":\"Organization\",\"@id\":\"https:\/\/kapitalis.com\/tunisie\/#organization\",\"name\":\"Kapitalis\",\"url\":\"https:\/\/kapitalis.com\/tunisie\/\",\"logo\":{\"@type\":\"ImageObject\",\"inLanguage\":\"fr-FR\",\"@id\":\"https:\/\/kapitalis.com\/tunisie\/#\/schema\/logo\/image\/\",\"url\":\"https:\/\/kapitalis.com\/tunisie\/wp-content\/uploads\/2022\/05\/Kapitalis-big-size.png\",\"contentUrl\":\"https:\/\/kapitalis.com\/tunisie\/wp-content\/uploads\/2022\/05\/Kapitalis-big-size.png\",\"width\":5000,\"height\":1500,\"caption\":\"Kapitalis\"},\"image\":{\"@id\":\"https:\/\/kapitalis.com\/tunisie\/#\/schema\/logo\/image\/\"},\"sameAs\":[\"https:\/\/www.facebook.com\/KapitalisInfo\/\",\"https:\/\/x.com\/KapitalisInfo\",\"https:\/\/www.youtube.com\/channel\/UC-yDYrHyfFBWWZaOw3FPg9Q\"]},{\"@type\":\"Person\",\"@id\":\"https:\/\/kapitalis.com\/tunisie\/#\/schema\/person\/73a5ecc1f6ae540c6ed91342eadca948\",\"name\":\"Fawz BenAli\",\"url\":\"https:\/\/kapitalis.com\/tunisie\/author\/fawz\/\"}]}<\/script>\n<!-- \/ Yoast SEO plugin. -->","yoast_head_json":{"title":"Le film tunisien \"El Gotra\" en comp\u00e9tition au Luxor Africain Film Festival - Kapitalis","robots":{"index":"index","follow":"follow","max-snippet":"max-snippet:-1","max-image-preview":"max-image-preview:large","max-video-preview":"max-video-preview:-1"},"canonical":"https:\/\/kapitalis.com\/tunisie\/2023\/01\/21\/le-film-tunisien-el-gotra-en-competition-au-luxor-africain-film-festival\/","og_locale":"fr_FR","og_type":"article","og_title":"Le film tunisien \"El Gotra\" en comp\u00e9tition au Luxor Africain Film Festival - Kapitalis","og_description":"Le film tunisien \u00ab\u00a0El Gotra\u00a0\u00bb de Younes Ben Hajria fera partie de la comp\u00e9tition officielle du Luxor African Film Festival (LAFF) en Egypte.","og_url":"https:\/\/kapitalis.com\/tunisie\/2023\/01\/21\/le-film-tunisien-el-gotra-en-competition-au-luxor-africain-film-festival\/","og_site_name":"Kapitalis","article_publisher":"https:\/\/www.facebook.com\/KapitalisInfo\/","article_published_time":"2023-01-21T22:23:13+00:00","article_modified_time":"2023-01-21T22:23:17+00:00","og_image":[{"width":1200,"height":630,"url":"https:\/\/kapitalis.com\/tunisie\/wp-content\/uploads\/2023\/01\/El-Gotra-Film.jpg","type":"image\/jpeg"}],"author":"Fawz BenAli","twitter_card":"summary_large_image","twitter_creator":"@KapitalisInfo","twitter_site":"@KapitalisInfo","twitter_misc":{"\u00c9crit par":"Fawz BenAli","Dur\u00e9e de lecture estim\u00e9e":"1 minute"},"schema":{"@context":"https:\/\/schema.org","@graph":[{"@type":"Article","@id":"https:\/\/kapitalis.com\/tunisie\/2023\/01\/21\/le-film-tunisien-el-gotra-en-competition-au-luxor-africain-film-festival\/#article","isPartOf":{"@id":"https:\/\/kapitalis.com\/tunisie\/2023\/01\/21\/le-film-tunisien-el-gotra-en-competition-au-luxor-africain-film-festival\/"},"author":{"name":"Fawz BenAli","@id":"https:\/\/kapitalis.com\/tunisie\/#\/schema\/person\/73a5ecc1f6ae540c6ed91342eadca948"},"headline":"Le film tunisien \u00ab\u00a0El Gotra\u00a0\u00bb en comp\u00e9tition au Luxor Africain Film Festival","datePublished":"2023-01-21T22:23:13+00:00","dateModified":"2023-01-21T22:23:17+00:00","mainEntityOfPage":{"@id":"https:\/\/kapitalis.com\/tunisie\/2023\/01\/21\/le-film-tunisien-el-gotra-en-competition-au-luxor-africain-film-festival\/"},"wordCount":121,"commentCount":0,"publisher":{"@id":"https:\/\/kapitalis.com\/tunisie\/#organization"},"image":{"@id":"https:\/\/kapitalis.com\/tunisie\/2023\/01\/21\/le-film-tunisien-el-gotra-en-competition-au-luxor-africain-film-festival\/#primaryimage"},"thumbnailUrl":"https:\/\/kapitalis.com\/tunisie\/wp-content\/uploads\/2023\/01\/El-Gotra-Film.jpg","keywords":["Egypte","film El Gotra","Luxor Film Festival","Tunisie","Younes Ben Hajria"],"articleSection":["CULTURE","Tunisie"],"inLanguage":"fr-FR","potentialAction":[{"@type":"CommentAction","name":"Comment","target":["https:\/\/kapitalis.com\/tunisie\/2023\/01\/21\/le-film-tunisien-el-gotra-en-competition-au-luxor-africain-film-festival\/#respond"]}]},{"@type":"WebPage","@id":"https:\/\/kapitalis.com\/tunisie\/2023\/01\/21\/le-film-tunisien-el-gotra-en-competition-au-luxor-africain-film-festival\/","url":"https:\/\/kapitalis.com\/tunisie\/2023\/01\/21\/le-film-tunisien-el-gotra-en-competition-au-luxor-africain-film-festival\/","name":"Le film tunisien \"El Gotra\" en comp\u00e9tition au Luxor Africain Film Festival - Kapitalis","isPartOf":{"@id":"https:\/\/kapitalis.com\/tunisie\/#website"},"primaryImageOfPage":{"@id":"https:\/\/kapitalis.com\/tunisie\/2023\/01\/21\/le-film-tunisien-el-gotra-en-competition-au-luxor-africain-film-festival\/#primaryimage"},"image":{"@id":"https:\/\/kapitalis.com\/tunisie\/2023\/01\/21\/le-film-tunisien-el-gotra-en-competition-au-luxor-africain-film-festival\/#primaryimage"},"thumbnailUrl":"https:\/\/kapitalis.com\/tunisie\/wp-content\/uploads\/2023\/01\/El-Gotra-Film.jpg","datePublished":"2023-01-21T22:23:13+00:00","dateModified":"2023-01-21T22:23:17+00:00","breadcrumb":{"@id":"https:\/\/kapitalis.com\/tunisie\/2023\/01\/21\/le-film-tunisien-el-gotra-en-competition-au-luxor-africain-film-festival\/#breadcrumb"},"inLanguage":"fr-FR","potentialAction":[{"@type":"ReadAction","target":["https:\/\/kapitalis.com\/tunisie\/2023\/01\/21\/le-film-tunisien-el-gotra-en-competition-au-luxor-africain-film-festival\/"]}]},{"@type":"ImageObject","inLanguage":"fr-FR","@id":"https:\/\/kapitalis.com\/tunisie\/2023\/01\/21\/le-film-tunisien-el-gotra-en-competition-au-luxor-africain-film-festival\/#primaryimage","url":"https:\/\/kapitalis.com\/tunisie\/wp-content\/uploads\/2023\/01\/El-Gotra-Film.jpg","contentUrl":"https:\/\/kapitalis.com\/tunisie\/wp-content\/uploads\/2023\/01\/El-Gotra-Film.jpg","width":1200,"height":630},{"@type":"BreadcrumbList","@id":"https:\/\/kapitalis.com\/tunisie\/2023\/01\/21\/le-film-tunisien-el-gotra-en-competition-au-luxor-africain-film-festival\/#breadcrumb","itemListElement":[{"@type":"ListItem","position":1,"name":"Accueil","item":"https:\/\/kapitalis.com\/tunisie\/"},{"@type":"ListItem","position":2,"name":"Le film tunisien \u00ab\u00a0El Gotra\u00a0\u00bb en comp\u00e9tition au Luxor Africain Film Festival"}]},{"@type":"WebSite","@id":"https:\/\/kapitalis.com\/tunisie\/#website","url":"https:\/\/kapitalis.com\/tunisie\/","name":"Kapitalis","description":"L&#039;actualit\u00e9 en Tunisie et dans le monde","publisher":{"@id":"https:\/\/kapitalis.com\/tunisie\/#organization"},"potentialAction":[{"@type":"SearchAction","target":{"@type":"EntryPoint","urlTemplate":"https:\/\/kapitalis.com\/tunisie\/?s={search_term_string}"},"query-input":{"@type":"PropertyValueSpecification","valueRequired":true,"valueName":"search_term_string"}}],"inLanguage":"fr-FR"},{"@type":"Organization","@id":"https:\/\/kapitalis.com\/tunisie\/#organization","name":"Kapitalis","url":"https:\/\/kapitalis.com\/tunisie\/","logo":{"@type":"ImageObject","inLanguage":"fr-FR","@id":"https:\/\/kapitalis.com\/tunisie\/#\/schema\/logo\/image\/","url":"https:\/\/kapitalis.com\/tunisie\/wp-content\/uploads\/2022\/05\/Kapitalis-big-size.png","contentUrl":"https:\/\/kapitalis.com\/tunisie\/wp-content\/uploads\/2022\/05\/Kapitalis-big-size.png","width":5000,"height":1500,"caption":"Kapitalis"},"image":{"@id":"https:\/\/kapitalis.com\/tunisie\/#\/schema\/logo\/image\/"},"sameAs":["https:\/\/www.facebook.com\/KapitalisInfo\/","https:\/\/x.com\/KapitalisInfo","https:\/\/www.youtube.com\/channel\/UC-yDYrHyfFBWWZaOw3FPg9Q"]},{"@type":"Person","@id":"https:\/\/kapitalis.com\/tunisie\/#\/schema\/person\/73a5ecc1f6ae540c6ed91342eadca948","name":"Fawz BenAli","url":"https:\/\/kapitalis.com\/tunisie\/author\/fawz\/"}]}},"_links":{"self":[{"href":"https:\/\/kapitalis.com\/tunisie\/wp-json\/wp\/v2\/posts\/6167651","targetHints":{"allow":["GET"]}}],"collection":[{"href":"https:\/\/kapitalis.com\/tunisie\/wp-json\/wp\/v2\/posts"}],"about":[{"href":"https:\/\/kapitalis.com\/tunisie\/wp-json\/wp\/v2\/types\/post"}],"author":[{"embeddable":true,"href":"https:\/\/kapitalis.com\/tunisie\/wp-json\/wp\/v2\/users\/26"}],"replies":[{"embeddable":true,"href":"https:\/\/kapitalis.com\/tunisie\/wp-json\/wp\/v2\/comments?post=6167651"}],"version-history":[{"count":1,"href":"https:\/\/kapitalis.com\/tunisie\/wp-json\/wp\/v2\/posts\/6167651\/revisions"}],"predecessor-version":[{"id":6167759,"href":"https:\/\/kapitalis.com\/tunisie\/wp-json\/wp\/v2\/posts\/6167651\/revisions\/6167759"}],"wp:featuredmedia":[{"embeddable":true,"href":"https:\/\/kapitalis.com\/tunisie\/wp-json\/wp\/v2\/media\/6167745"}],"wp:attachment":[{"href":"https:\/\/kapitalis.com\/tunisie\/wp-json\/wp\/v2\/media?parent=6167651"}],"wp:term":[{"taxonomy":"category","embeddable":true,"href":"https:\/\/kapitalis.com\/tunisie\/wp-json\/wp\/v2\/categories?post=6167651"},{"taxonomy":"post_tag","embeddable":true,"href":"https:\/\/kapitalis.com\/tunisie\/wp-json\/wp\/v2\/tags?post=6167651"}],"curies":[{"name":"wp","href":"https:\/\/api.w.org\/{rel}","templated":true}]}}