{"id":617266,"date":"2022-05-13T20:31:58","date_gmt":"2022-05-13T18:31:58","guid":{"rendered":"https:\/\/kapitalis.com\/tunisie\/?p=617266"},"modified":"2022-05-13T20:32:01","modified_gmt":"2022-05-13T18:32:01","slug":"convocation-de-ghazi-chaouachi-par-la-justice-attayar-denonce-un-harcelement-des-opposants-politiques","status":"publish","type":"post","link":"https:\/\/kapitalis.com\/tunisie\/2022\/05\/13\/convocation-de-ghazi-chaouachi-par-la-justice-attayar-denonce-un-harcelement-des-opposants-politiques\/","title":{"rendered":"Convocation de Ghazi Chaouachi par la justice : Attayar d\u00e9nonce un harc\u00e8lement des opposants politiques"},"content":{"rendered":"\n<p><strong><em>Le Courant d\u00e9mocrate (Attayar), a d\u00e9nonc\u00e9 la convocation par la justice de son Secr\u00e9taire G\u00e9n\u00e9ral Ghazi Chaouachi, qui devra compara\u00eetre devant le juge d\u2019instruction du tribunal de premi\u00e8re instance de Ben Arous, pour \u00ab trouble \u00e0 l\u2019ordre public et d\u00e9stabilisation de l\u2019action du gouvernement\u00bb.<\/em><\/strong><\/p>\n\n\n\n<!--more-->\n\n\n\n<p>Cette convocation survient apr\u00e8s que Ghazi Chaouchi ait d\u00e9clar\u00e9 dans une intervention m\u00e9diatique que la cheffe du gouvernement, Nejla Bouden, et des ministres du gouvernement ont pr\u00e9sent\u00e9 leur d\u00e9mission, information d\u00e9mentie par le pr\u00e9sident de la r\u00e9publique et par le ministre des Affaires sociales, ainsi que par le porte-parole du gouvernement, qui affirm\u00e9 qu&rsquo;il s&rsquo;agit de <em>\u00ab rumeurs pouvant inqui\u00e9ter les citoyens et perturber le travail du gouvernement\u00bb.<\/em><\/p>\n\n\n\n<p>Attayar , qui a r\u00e9affirm\u00e9 son soutien total \u00e0 Ghazi Chaouachi a d\u00e9nonc\u00e9 <em>\u00ab un harc\u00e8lement des opposants politiques et une nouvelle tentative de faire taire toutes les voix qui s\u2019opposent au gouvernement du coup d\u2019Etat\u00bb<\/em>, estimant que cette d\u00e9cision est arbitraire et n&rsquo;a aucune base juridique, tout en accusant Ka\u00efs Sa\u00efed d&rsquo;instrumentaliser la justice pour <em>\u00abse d\u00e9barrasser de des adversaires politiques <\/em>\u00bb.<\/p>\n\n\n\n<p class=\"has-text-align-right\"><strong>Y. N.<\/strong><\/p>\n\n\n\n<figure class=\"wp-block-embed is-type-wp-embed is-provider-kapitalis wp-block-embed-kapitalis\"><div class=\"wp-block-embed__wrapper\">\n<blockquote class=\"wp-embedded-content\" data-secret=\"LMPCl23UTO\"><a href=\"https:\/\/kapitalis.com\/tunisie\/2022\/05\/13\/tunisie-ghazi-chaouachi-a-t-il-parle-trop-vite\/\">Tunisie\u00a0: Ghazi Chaouachi a-t-il parl\u00e9 trop vite\u00a0?<\/a><\/blockquote><iframe loading=\"lazy\" class=\"wp-embedded-content\" sandbox=\"allow-scripts\" security=\"restricted\" style=\"position: absolute; clip: rect(1px, 1px, 1px, 1px);\" title=\"\u00ab\u00a0Tunisie\u00a0: Ghazi Chaouachi a-t-il parl\u00e9 trop vite\u00a0?\u00a0\u00bb &#8212; Kapitalis\" src=\"https:\/\/kapitalis.com\/tunisie\/2022\/05\/13\/tunisie-ghazi-chaouachi-a-t-il-parle-trop-vite\/embed\/#?secret=dBQ1lz3xTx#?secret=LMPCl23UTO\" data-secret=\"LMPCl23UTO\" width=\"600\" height=\"338\" frameborder=\"0\" marginwidth=\"0\" marginheight=\"0\" scrolling=\"no\"><\/iframe>\n<\/div><\/figure>\n","protected":false},"excerpt":{"rendered":"<p>Attayar exprime son soutien avec Ghazi Chaouachi et d\u00e9nonce un harc\u00e8lement des opposants politiques<\/p>\n","protected":false},"author":6,"featured_media":617594,"comment_status":"open","ping_status":"open","sticky":false,"template":"","format":"standard","meta":{"footnotes":""},"categories":[997,2433],"tags":[15519,15936,418,64355,76012,99678,62643],"class_list":["post-617266","post","type-post","status-publish","format-standard","has-post-thumbnail","hentry","category-politique","category-tunisie","tag-attayar","tag-ghazi-chaouachi","tag-gouvernement","tag-justice","tag-kais-saied-2","tag-opposants-politiques","tag-tunisie"],"yoast_head":"<!-- This site is optimized with the Yoast SEO plugin v26.6 - https:\/\/yoast.com\/wordpress\/plugins\/seo\/ -->\n<title>Convocation de Ghazi Chaouachi par la justice : Attayar d\u00e9nonce un harc\u00e8lement des opposants politiques - Kapitalis<\/title>\n<meta name=\"robots\" content=\"index, follow, max-snippet:-1, max-image-preview:large, max-video-preview:-1\" \/>\n<link rel=\"canonical\" href=\"https:\/\/kapitalis.com\/tunisie\/2022\/05\/13\/convocation-de-ghazi-chaouachi-par-la-justice-attayar-denonce-un-harcelement-des-opposants-politiques\/\" \/>\n<meta property=\"og:locale\" content=\"fr_FR\" \/>\n<meta property=\"og:type\" content=\"article\" \/>\n<meta property=\"og:title\" content=\"Convocation de Ghazi Chaouachi par la justice : Attayar d\u00e9nonce un harc\u00e8lement des opposants politiques - Kapitalis\" \/>\n<meta property=\"og:description\" content=\"Attayar exprime son soutien avec Ghazi Chaouachi et d\u00e9nonce un harc\u00e8lement des opposants politiques\" \/>\n<meta property=\"og:url\" content=\"https:\/\/kapitalis.com\/tunisie\/2022\/05\/13\/convocation-de-ghazi-chaouachi-par-la-justice-attayar-denonce-un-harcelement-des-opposants-politiques\/\" \/>\n<meta property=\"og:site_name\" content=\"Kapitalis\" \/>\n<meta property=\"article:publisher\" content=\"https:\/\/www.facebook.com\/KapitalisInfo\/\" \/>\n<meta property=\"article:published_time\" content=\"2022-05-13T18:31:58+00:00\" \/>\n<meta property=\"article:modified_time\" content=\"2022-05-13T18:32:01+00:00\" \/>\n<meta property=\"og:image\" content=\"https:\/\/kapitalis.com\/tunisie\/wp-content\/uploads\/2022\/05\/Ghazi-Chaouachi-Attayar.jpg\" \/>\n\t<meta property=\"og:image:width\" content=\"1200\" \/>\n\t<meta property=\"og:image:height\" content=\"630\" \/>\n\t<meta property=\"og:image:type\" content=\"image\/jpeg\" \/>\n<meta name=\"author\" content=\"Yusra NY\" \/>\n<meta name=\"twitter:card\" content=\"summary_large_image\" \/>\n<meta name=\"twitter:creator\" content=\"@KapitalisInfo\" \/>\n<meta name=\"twitter:site\" content=\"@KapitalisInfo\" \/>\n<meta name=\"twitter:label1\" content=\"\u00c9crit par\" \/>\n\t<meta name=\"twitter:data1\" content=\"Yusra NY\" \/>\n\t<meta name=\"twitter:label2\" content=\"Dur\u00e9e de lecture estim\u00e9e\" \/>\n\t<meta name=\"twitter:data2\" content=\"1 minute\" \/>\n<script type=\"application\/ld+json\" class=\"yoast-schema-graph\">{\"@context\":\"https:\/\/schema.org\",\"@graph\":[{\"@type\":\"Article\",\"@id\":\"https:\/\/kapitalis.com\/tunisie\/2022\/05\/13\/convocation-de-ghazi-chaouachi-par-la-justice-attayar-denonce-un-harcelement-des-opposants-politiques\/#article\",\"isPartOf\":{\"@id\":\"https:\/\/kapitalis.com\/tunisie\/2022\/05\/13\/convocation-de-ghazi-chaouachi-par-la-justice-attayar-denonce-un-harcelement-des-opposants-politiques\/\"},\"author\":{\"name\":\"Yusra NY\",\"@id\":\"https:\/\/kapitalis.com\/tunisie\/#\/schema\/person\/74bbde0154d49d790a92aaeac5bc01d5\"},\"headline\":\"Convocation de Ghazi Chaouachi par la justice : Attayar d\u00e9nonce un harc\u00e8lement des opposants politiques\",\"datePublished\":\"2022-05-13T18:31:58+00:00\",\"dateModified\":\"2022-05-13T18:32:01+00:00\",\"mainEntityOfPage\":{\"@id\":\"https:\/\/kapitalis.com\/tunisie\/2022\/05\/13\/convocation-de-ghazi-chaouachi-par-la-justice-attayar-denonce-un-harcelement-des-opposants-politiques\/\"},\"wordCount\":220,\"commentCount\":6,\"publisher\":{\"@id\":\"https:\/\/kapitalis.com\/tunisie\/#organization\"},\"image\":{\"@id\":\"https:\/\/kapitalis.com\/tunisie\/2022\/05\/13\/convocation-de-ghazi-chaouachi-par-la-justice-attayar-denonce-un-harcelement-des-opposants-politiques\/#primaryimage\"},\"thumbnailUrl\":\"https:\/\/kapitalis.com\/tunisie\/wp-content\/uploads\/2022\/05\/Ghazi-Chaouachi-Attayar.jpg\",\"keywords\":[\"Attayar\",\"Ghazi Chaouachi\",\"gouvernement\",\"justice\",\"Ka\u00efs Sa\u00efed\",\"opposants politiques\",\"Tunisie\"],\"articleSection\":[\"POLITIQUE\",\"Tunisie\"],\"inLanguage\":\"fr-FR\",\"potentialAction\":[{\"@type\":\"CommentAction\",\"name\":\"Comment\",\"target\":[\"https:\/\/kapitalis.com\/tunisie\/2022\/05\/13\/convocation-de-ghazi-chaouachi-par-la-justice-attayar-denonce-un-harcelement-des-opposants-politiques\/#respond\"]}]},{\"@type\":\"WebPage\",\"@id\":\"https:\/\/kapitalis.com\/tunisie\/2022\/05\/13\/convocation-de-ghazi-chaouachi-par-la-justice-attayar-denonce-un-harcelement-des-opposants-politiques\/\",\"url\":\"https:\/\/kapitalis.com\/tunisie\/2022\/05\/13\/convocation-de-ghazi-chaouachi-par-la-justice-attayar-denonce-un-harcelement-des-opposants-politiques\/\",\"name\":\"Convocation de Ghazi Chaouachi par la justice : Attayar d\u00e9nonce un harc\u00e8lement des opposants politiques - Kapitalis\",\"isPartOf\":{\"@id\":\"https:\/\/kapitalis.com\/tunisie\/#website\"},\"primaryImageOfPage\":{\"@id\":\"https:\/\/kapitalis.com\/tunisie\/2022\/05\/13\/convocation-de-ghazi-chaouachi-par-la-justice-attayar-denonce-un-harcelement-des-opposants-politiques\/#primaryimage\"},\"image\":{\"@id\":\"https:\/\/kapitalis.com\/tunisie\/2022\/05\/13\/convocation-de-ghazi-chaouachi-par-la-justice-attayar-denonce-un-harcelement-des-opposants-politiques\/#primaryimage\"},\"thumbnailUrl\":\"https:\/\/kapitalis.com\/tunisie\/wp-content\/uploads\/2022\/05\/Ghazi-Chaouachi-Attayar.jpg\",\"datePublished\":\"2022-05-13T18:31:58+00:00\",\"dateModified\":\"2022-05-13T18:32:01+00:00\",\"breadcrumb\":{\"@id\":\"https:\/\/kapitalis.com\/tunisie\/2022\/05\/13\/convocation-de-ghazi-chaouachi-par-la-justice-attayar-denonce-un-harcelement-des-opposants-politiques\/#breadcrumb\"},\"inLanguage\":\"fr-FR\",\"potentialAction\":[{\"@type\":\"ReadAction\",\"target\":[\"https:\/\/kapitalis.com\/tunisie\/2022\/05\/13\/convocation-de-ghazi-chaouachi-par-la-justice-attayar-denonce-un-harcelement-des-opposants-politiques\/\"]}]},{\"@type\":\"ImageObject\",\"inLanguage\":\"fr-FR\",\"@id\":\"https:\/\/kapitalis.com\/tunisie\/2022\/05\/13\/convocation-de-ghazi-chaouachi-par-la-justice-attayar-denonce-un-harcelement-des-opposants-politiques\/#primaryimage\",\"url\":\"https:\/\/kapitalis.com\/tunisie\/wp-content\/uploads\/2022\/05\/Ghazi-Chaouachi-Attayar.jpg\",\"contentUrl\":\"https:\/\/kapitalis.com\/tunisie\/wp-content\/uploads\/2022\/05\/Ghazi-Chaouachi-Attayar.jpg\",\"width\":1200,\"height\":630},{\"@type\":\"BreadcrumbList\",\"@id\":\"https:\/\/kapitalis.com\/tunisie\/2022\/05\/13\/convocation-de-ghazi-chaouachi-par-la-justice-attayar-denonce-un-harcelement-des-opposants-politiques\/#breadcrumb\",\"itemListElement\":[{\"@type\":\"ListItem\",\"position\":1,\"name\":\"Accueil\",\"item\":\"https:\/\/kapitalis.com\/tunisie\/\"},{\"@type\":\"ListItem\",\"position\":2,\"name\":\"Convocation de Ghazi Chaouachi par la justice : Attayar d\u00e9nonce un harc\u00e8lement des opposants politiques\"}]},{\"@type\":\"WebSite\",\"@id\":\"https:\/\/kapitalis.com\/tunisie\/#website\",\"url\":\"https:\/\/kapitalis.com\/tunisie\/\",\"name\":\"Kapitalis\",\"description\":\"L&#039;actualit\u00e9 en Tunisie et dans le monde\",\"publisher\":{\"@id\":\"https:\/\/kapitalis.com\/tunisie\/#organization\"},\"potentialAction\":[{\"@type\":\"SearchAction\",\"target\":{\"@type\":\"EntryPoint\",\"urlTemplate\":\"https:\/\/kapitalis.com\/tunisie\/?s={search_term_string}\"},\"query-input\":{\"@type\":\"PropertyValueSpecification\",\"valueRequired\":true,\"valueName\":\"search_term_string\"}}],\"inLanguage\":\"fr-FR\"},{\"@type\":\"Organization\",\"@id\":\"https:\/\/kapitalis.com\/tunisie\/#organization\",\"name\":\"Kapitalis\",\"url\":\"https:\/\/kapitalis.com\/tunisie\/\",\"logo\":{\"@type\":\"ImageObject\",\"inLanguage\":\"fr-FR\",\"@id\":\"https:\/\/kapitalis.com\/tunisie\/#\/schema\/logo\/image\/\",\"url\":\"https:\/\/kapitalis.com\/tunisie\/wp-content\/uploads\/2022\/05\/Kapitalis-big-size.png\",\"contentUrl\":\"https:\/\/kapitalis.com\/tunisie\/wp-content\/uploads\/2022\/05\/Kapitalis-big-size.png\",\"width\":5000,\"height\":1500,\"caption\":\"Kapitalis\"},\"image\":{\"@id\":\"https:\/\/kapitalis.com\/tunisie\/#\/schema\/logo\/image\/\"},\"sameAs\":[\"https:\/\/www.facebook.com\/KapitalisInfo\/\",\"https:\/\/x.com\/KapitalisInfo\",\"https:\/\/www.youtube.com\/channel\/UC-yDYrHyfFBWWZaOw3FPg9Q\"]},{\"@type\":\"Person\",\"@id\":\"https:\/\/kapitalis.com\/tunisie\/#\/schema\/person\/74bbde0154d49d790a92aaeac5bc01d5\",\"name\":\"Yusra NY\",\"url\":\"https:\/\/kapitalis.com\/tunisie\/author\/yuza_adam\/\"}]}<\/script>\n<!-- \/ Yoast SEO plugin. -->","yoast_head_json":{"title":"Convocation de Ghazi Chaouachi par la justice : Attayar d\u00e9nonce un harc\u00e8lement des opposants politiques - Kapitalis","robots":{"index":"index","follow":"follow","max-snippet":"max-snippet:-1","max-image-preview":"max-image-preview:large","max-video-preview":"max-video-preview:-1"},"canonical":"https:\/\/kapitalis.com\/tunisie\/2022\/05\/13\/convocation-de-ghazi-chaouachi-par-la-justice-attayar-denonce-un-harcelement-des-opposants-politiques\/","og_locale":"fr_FR","og_type":"article","og_title":"Convocation de Ghazi Chaouachi par la justice : Attayar d\u00e9nonce un harc\u00e8lement des opposants politiques - Kapitalis","og_description":"Attayar exprime son soutien avec Ghazi Chaouachi et d\u00e9nonce un harc\u00e8lement des opposants politiques","og_url":"https:\/\/kapitalis.com\/tunisie\/2022\/05\/13\/convocation-de-ghazi-chaouachi-par-la-justice-attayar-denonce-un-harcelement-des-opposants-politiques\/","og_site_name":"Kapitalis","article_publisher":"https:\/\/www.facebook.com\/KapitalisInfo\/","article_published_time":"2022-05-13T18:31:58+00:00","article_modified_time":"2022-05-13T18:32:01+00:00","og_image":[{"width":1200,"height":630,"url":"https:\/\/kapitalis.com\/tunisie\/wp-content\/uploads\/2022\/05\/Ghazi-Chaouachi-Attayar.jpg","type":"image\/jpeg"}],"author":"Yusra NY","twitter_card":"summary_large_image","twitter_creator":"@KapitalisInfo","twitter_site":"@KapitalisInfo","twitter_misc":{"\u00c9crit par":"Yusra NY","Dur\u00e9e de lecture estim\u00e9e":"1 minute"},"schema":{"@context":"https:\/\/schema.org","@graph":[{"@type":"Article","@id":"https:\/\/kapitalis.com\/tunisie\/2022\/05\/13\/convocation-de-ghazi-chaouachi-par-la-justice-attayar-denonce-un-harcelement-des-opposants-politiques\/#article","isPartOf":{"@id":"https:\/\/kapitalis.com\/tunisie\/2022\/05\/13\/convocation-de-ghazi-chaouachi-par-la-justice-attayar-denonce-un-harcelement-des-opposants-politiques\/"},"author":{"name":"Yusra NY","@id":"https:\/\/kapitalis.com\/tunisie\/#\/schema\/person\/74bbde0154d49d790a92aaeac5bc01d5"},"headline":"Convocation de Ghazi Chaouachi par la justice : Attayar d\u00e9nonce un harc\u00e8lement des opposants politiques","datePublished":"2022-05-13T18:31:58+00:00","dateModified":"2022-05-13T18:32:01+00:00","mainEntityOfPage":{"@id":"https:\/\/kapitalis.com\/tunisie\/2022\/05\/13\/convocation-de-ghazi-chaouachi-par-la-justice-attayar-denonce-un-harcelement-des-opposants-politiques\/"},"wordCount":220,"commentCount":6,"publisher":{"@id":"https:\/\/kapitalis.com\/tunisie\/#organization"},"image":{"@id":"https:\/\/kapitalis.com\/tunisie\/2022\/05\/13\/convocation-de-ghazi-chaouachi-par-la-justice-attayar-denonce-un-harcelement-des-opposants-politiques\/#primaryimage"},"thumbnailUrl":"https:\/\/kapitalis.com\/tunisie\/wp-content\/uploads\/2022\/05\/Ghazi-Chaouachi-Attayar.jpg","keywords":["Attayar","Ghazi Chaouachi","gouvernement","justice","Ka\u00efs Sa\u00efed","opposants politiques","Tunisie"],"articleSection":["POLITIQUE","Tunisie"],"inLanguage":"fr-FR","potentialAction":[{"@type":"CommentAction","name":"Comment","target":["https:\/\/kapitalis.com\/tunisie\/2022\/05\/13\/convocation-de-ghazi-chaouachi-par-la-justice-attayar-denonce-un-harcelement-des-opposants-politiques\/#respond"]}]},{"@type":"WebPage","@id":"https:\/\/kapitalis.com\/tunisie\/2022\/05\/13\/convocation-de-ghazi-chaouachi-par-la-justice-attayar-denonce-un-harcelement-des-opposants-politiques\/","url":"https:\/\/kapitalis.com\/tunisie\/2022\/05\/13\/convocation-de-ghazi-chaouachi-par-la-justice-attayar-denonce-un-harcelement-des-opposants-politiques\/","name":"Convocation de Ghazi Chaouachi par la justice : Attayar d\u00e9nonce un harc\u00e8lement des opposants politiques - Kapitalis","isPartOf":{"@id":"https:\/\/kapitalis.com\/tunisie\/#website"},"primaryImageOfPage":{"@id":"https:\/\/kapitalis.com\/tunisie\/2022\/05\/13\/convocation-de-ghazi-chaouachi-par-la-justice-attayar-denonce-un-harcelement-des-opposants-politiques\/#primaryimage"},"image":{"@id":"https:\/\/kapitalis.com\/tunisie\/2022\/05\/13\/convocation-de-ghazi-chaouachi-par-la-justice-attayar-denonce-un-harcelement-des-opposants-politiques\/#primaryimage"},"thumbnailUrl":"https:\/\/kapitalis.com\/tunisie\/wp-content\/uploads\/2022\/05\/Ghazi-Chaouachi-Attayar.jpg","datePublished":"2022-05-13T18:31:58+00:00","dateModified":"2022-05-13T18:32:01+00:00","breadcrumb":{"@id":"https:\/\/kapitalis.com\/tunisie\/2022\/05\/13\/convocation-de-ghazi-chaouachi-par-la-justice-attayar-denonce-un-harcelement-des-opposants-politiques\/#breadcrumb"},"inLanguage":"fr-FR","potentialAction":[{"@type":"ReadAction","target":["https:\/\/kapitalis.com\/tunisie\/2022\/05\/13\/convocation-de-ghazi-chaouachi-par-la-justice-attayar-denonce-un-harcelement-des-opposants-politiques\/"]}]},{"@type":"ImageObject","inLanguage":"fr-FR","@id":"https:\/\/kapitalis.com\/tunisie\/2022\/05\/13\/convocation-de-ghazi-chaouachi-par-la-justice-attayar-denonce-un-harcelement-des-opposants-politiques\/#primaryimage","url":"https:\/\/kapitalis.com\/tunisie\/wp-content\/uploads\/2022\/05\/Ghazi-Chaouachi-Attayar.jpg","contentUrl":"https:\/\/kapitalis.com\/tunisie\/wp-content\/uploads\/2022\/05\/Ghazi-Chaouachi-Attayar.jpg","width":1200,"height":630},{"@type":"BreadcrumbList","@id":"https:\/\/kapitalis.com\/tunisie\/2022\/05\/13\/convocation-de-ghazi-chaouachi-par-la-justice-attayar-denonce-un-harcelement-des-opposants-politiques\/#breadcrumb","itemListElement":[{"@type":"ListItem","position":1,"name":"Accueil","item":"https:\/\/kapitalis.com\/tunisie\/"},{"@type":"ListItem","position":2,"name":"Convocation de Ghazi Chaouachi par la justice : Attayar d\u00e9nonce un harc\u00e8lement des opposants politiques"}]},{"@type":"WebSite","@id":"https:\/\/kapitalis.com\/tunisie\/#website","url":"https:\/\/kapitalis.com\/tunisie\/","name":"Kapitalis","description":"L&#039;actualit\u00e9 en Tunisie et dans le monde","publisher":{"@id":"https:\/\/kapitalis.com\/tunisie\/#organization"},"potentialAction":[{"@type":"SearchAction","target":{"@type":"EntryPoint","urlTemplate":"https:\/\/kapitalis.com\/tunisie\/?s={search_term_string}"},"query-input":{"@type":"PropertyValueSpecification","valueRequired":true,"valueName":"search_term_string"}}],"inLanguage":"fr-FR"},{"@type":"Organization","@id":"https:\/\/kapitalis.com\/tunisie\/#organization","name":"Kapitalis","url":"https:\/\/kapitalis.com\/tunisie\/","logo":{"@type":"ImageObject","inLanguage":"fr-FR","@id":"https:\/\/kapitalis.com\/tunisie\/#\/schema\/logo\/image\/","url":"https:\/\/kapitalis.com\/tunisie\/wp-content\/uploads\/2022\/05\/Kapitalis-big-size.png","contentUrl":"https:\/\/kapitalis.com\/tunisie\/wp-content\/uploads\/2022\/05\/Kapitalis-big-size.png","width":5000,"height":1500,"caption":"Kapitalis"},"image":{"@id":"https:\/\/kapitalis.com\/tunisie\/#\/schema\/logo\/image\/"},"sameAs":["https:\/\/www.facebook.com\/KapitalisInfo\/","https:\/\/x.com\/KapitalisInfo","https:\/\/www.youtube.com\/channel\/UC-yDYrHyfFBWWZaOw3FPg9Q"]},{"@type":"Person","@id":"https:\/\/kapitalis.com\/tunisie\/#\/schema\/person\/74bbde0154d49d790a92aaeac5bc01d5","name":"Yusra NY","url":"https:\/\/kapitalis.com\/tunisie\/author\/yuza_adam\/"}]}},"_links":{"self":[{"href":"https:\/\/kapitalis.com\/tunisie\/wp-json\/wp\/v2\/posts\/617266","targetHints":{"allow":["GET"]}}],"collection":[{"href":"https:\/\/kapitalis.com\/tunisie\/wp-json\/wp\/v2\/posts"}],"about":[{"href":"https:\/\/kapitalis.com\/tunisie\/wp-json\/wp\/v2\/types\/post"}],"author":[{"embeddable":true,"href":"https:\/\/kapitalis.com\/tunisie\/wp-json\/wp\/v2\/users\/6"}],"replies":[{"embeddable":true,"href":"https:\/\/kapitalis.com\/tunisie\/wp-json\/wp\/v2\/comments?post=617266"}],"version-history":[{"count":0,"href":"https:\/\/kapitalis.com\/tunisie\/wp-json\/wp\/v2\/posts\/617266\/revisions"}],"wp:featuredmedia":[{"embeddable":true,"href":"https:\/\/kapitalis.com\/tunisie\/wp-json\/wp\/v2\/media\/617594"}],"wp:attachment":[{"href":"https:\/\/kapitalis.com\/tunisie\/wp-json\/wp\/v2\/media?parent=617266"}],"wp:term":[{"taxonomy":"category","embeddable":true,"href":"https:\/\/kapitalis.com\/tunisie\/wp-json\/wp\/v2\/categories?post=617266"},{"taxonomy":"post_tag","embeddable":true,"href":"https:\/\/kapitalis.com\/tunisie\/wp-json\/wp\/v2\/tags?post=617266"}],"curies":[{"name":"wp","href":"https:\/\/api.w.org\/{rel}","templated":true}]}}