{"id":61740,"date":"2016-08-17T18:09:46","date_gmt":"2016-08-17T17:09:46","guid":{"rendered":"http:\/\/kapitalis.com\/tunisie\/?p=61740"},"modified":"2016-08-17T18:09:46","modified_gmt":"2016-08-17T17:09:46","slug":"les-aviculteurs-appellent-letat-a-fixer-les-prix-pour-reguler-le-marche","status":"publish","type":"post","link":"https:\/\/kapitalis.com\/tunisie\/2016\/08\/17\/les-aviculteurs-appellent-letat-a-fixer-les-prix-pour-reguler-le-marche\/","title":{"rendered":"Les aviculteurs appellent l\u2019Etat \u00e0 fixer les prix pour r\u00e9guler le march\u00e9"},"content":{"rendered":"<p><img loading=\"lazy\" decoding=\"async\" class=\"alignnone size-full wp-image-2567 aligncenter\" src=\"http:\/\/kapitalis.com\/tunisie\/wp-content\/uploads\/2015\/05\/Aviculture.jpg\" alt=\"Aviculture\" width=\"626\" height=\"380\" \/><\/p>\n<p><em><strong>Les aviculteurs se plaignent de la mainmise des grandes entreprises sur le secteur de l\u2019aviculture. Et appellent l\u2019Etat \u00e0 mieux r\u00e9gulariser le march\u00e9.<\/strong><\/em><\/p>\n<p><!--more--><\/p>\n<p>Tout en mettant l\u2019accent sur la n\u00e9cessit\u00e9 de r\u00e9duire la production, le secr\u00e9taire g\u00e9n\u00e9ral de la F\u00e9d\u00e9ration tunisienne des aviculteurs (FTA), relevant de l\u2019Union tunisienne de l\u2019agriculture et de la p\u00eache (Utap), a appel\u00e9 les autorit\u00e9s comp\u00e9tentes \u00e0 mobiliser une enveloppe de 10 millions de dinars tunisiens (MDT) pour r\u00e9gulariser le march\u00e9.<\/p>\n<p>Fathi Ben Khalifa, qui parlait lors d\u2019une conf\u00e9rence de presse, mercredi \u00e0 Tunis, a estim\u00e9 que la lib\u00e9ralisation de la production et l\u2019annulation du syst\u00e8me qui fixe des quotas pr\u00e9cis pour les producteurs sp\u00e9cialis\u00e9s dans l\u2019importation des poulets couveuses depuis juillets 2011, <em>\u00aba permis aux grandes entreprises de faire main basse sur le secteur\u00bb,<\/em> ajoutant que ces soci\u00e9t\u00e9s sont les seules \u00e0 avoir b\u00e9n\u00e9fici\u00e9 de cette mesure, qui a caus\u00e9 des pertes pour la plupart des producteurs.<\/p>\n<p>Sur un autre plan, le responsable a estim\u00e9 que seul l\u2019op\u00e9ration de contr\u00f4le des marges b\u00e9n\u00e9ficiaires par le minist\u00e8re du Commerce pourra garantir la r\u00e9gulation du march\u00e9.<\/p>\n<p style=\"text-align: right;\"><strong>I. B.<\/strong> (avec Tap).<\/p>\n","protected":false},"excerpt":{"rendered":"<p>Les aviculteurs se plaignent de la mainmise des grandes entreprises sur le secteur de l\u2019aviculture. Et appellent l\u2019Etat \u00e0 mieux r\u00e9gulariser le march\u00e9.<\/p>\n","protected":false},"author":8,"featured_media":0,"comment_status":"open","ping_status":"open","sticky":false,"template":"","format":"standard","meta":{"footnotes":""},"categories":[995,2433],"tags":[1075,740,3614],"class_list":["post-61740","post","type-post","status-publish","format-standard","hentry","category-economie","category-tunisie","tag-aviculture","tag-prix","tag-utap"],"yoast_head":"<!-- This site is optimized with the Yoast SEO plugin v26.6 - https:\/\/yoast.com\/wordpress\/plugins\/seo\/ -->\n<title>Les aviculteurs appellent l\u2019Etat \u00e0 fixer les prix pour r\u00e9guler le march\u00e9 - Kapitalis<\/title>\n<meta name=\"robots\" content=\"index, follow, max-snippet:-1, max-image-preview:large, max-video-preview:-1\" \/>\n<link rel=\"canonical\" href=\"https:\/\/kapitalis.com\/tunisie\/2016\/08\/17\/les-aviculteurs-appellent-letat-a-fixer-les-prix-pour-reguler-le-marche\/\" \/>\n<meta property=\"og:locale\" content=\"fr_FR\" \/>\n<meta property=\"og:type\" content=\"article\" \/>\n<meta property=\"og:title\" content=\"Les aviculteurs appellent l\u2019Etat \u00e0 fixer les prix pour r\u00e9guler le march\u00e9 - Kapitalis\" \/>\n<meta property=\"og:description\" content=\"Les aviculteurs se plaignent de la mainmise des grandes entreprises sur le secteur de l\u2019aviculture. Et appellent l\u2019Etat \u00e0 mieux r\u00e9gulariser le march\u00e9.\" \/>\n<meta property=\"og:url\" content=\"https:\/\/kapitalis.com\/tunisie\/2016\/08\/17\/les-aviculteurs-appellent-letat-a-fixer-les-prix-pour-reguler-le-marche\/\" \/>\n<meta property=\"og:site_name\" content=\"Kapitalis\" \/>\n<meta property=\"article:publisher\" content=\"https:\/\/www.facebook.com\/KapitalisInfo\/\" \/>\n<meta property=\"article:published_time\" content=\"2016-08-17T17:09:46+00:00\" \/>\n<meta property=\"og:image\" content=\"http:\/\/kapitalis.com\/tunisie\/wp-content\/uploads\/2015\/05\/Aviculture.jpg\" \/>\n<meta name=\"author\" content=\"webmaster kapitalis\" \/>\n<meta name=\"twitter:card\" content=\"summary_large_image\" \/>\n<meta name=\"twitter:creator\" content=\"@KapitalisInfo\" \/>\n<meta name=\"twitter:site\" content=\"@KapitalisInfo\" \/>\n<meta name=\"twitter:label1\" content=\"\u00c9crit par\" \/>\n\t<meta name=\"twitter:data1\" content=\"webmaster kapitalis\" \/>\n\t<meta name=\"twitter:label2\" content=\"Dur\u00e9e de lecture estim\u00e9e\" \/>\n\t<meta name=\"twitter:data2\" content=\"1 minute\" \/>\n<script type=\"application\/ld+json\" class=\"yoast-schema-graph\">{\"@context\":\"https:\/\/schema.org\",\"@graph\":[{\"@type\":\"Article\",\"@id\":\"https:\/\/kapitalis.com\/tunisie\/2016\/08\/17\/les-aviculteurs-appellent-letat-a-fixer-les-prix-pour-reguler-le-marche\/#article\",\"isPartOf\":{\"@id\":\"https:\/\/kapitalis.com\/tunisie\/2016\/08\/17\/les-aviculteurs-appellent-letat-a-fixer-les-prix-pour-reguler-le-marche\/\"},\"author\":{\"name\":\"webmaster kapitalis\",\"@id\":\"https:\/\/kapitalis.com\/tunisie\/#\/schema\/person\/d71f33a9ca44f7bad4698210b480c8e9\"},\"headline\":\"Les aviculteurs appellent l\u2019Etat \u00e0 fixer les prix pour r\u00e9guler le march\u00e9\",\"datePublished\":\"2016-08-17T17:09:46+00:00\",\"mainEntityOfPage\":{\"@id\":\"https:\/\/kapitalis.com\/tunisie\/2016\/08\/17\/les-aviculteurs-appellent-letat-a-fixer-les-prix-pour-reguler-le-marche\/\"},\"wordCount\":227,\"commentCount\":0,\"publisher\":{\"@id\":\"https:\/\/kapitalis.com\/tunisie\/#organization\"},\"image\":{\"@id\":\"https:\/\/kapitalis.com\/tunisie\/2016\/08\/17\/les-aviculteurs-appellent-letat-a-fixer-les-prix-pour-reguler-le-marche\/#primaryimage\"},\"thumbnailUrl\":\"http:\/\/kapitalis.com\/tunisie\/wp-content\/uploads\/2015\/05\/Aviculture.jpg\",\"keywords\":[\"aviculture\",\"prix\",\"Utap\"],\"articleSection\":[\"ECONOMIE\",\"Tunisie\"],\"inLanguage\":\"fr-FR\",\"potentialAction\":[{\"@type\":\"CommentAction\",\"name\":\"Comment\",\"target\":[\"https:\/\/kapitalis.com\/tunisie\/2016\/08\/17\/les-aviculteurs-appellent-letat-a-fixer-les-prix-pour-reguler-le-marche\/#respond\"]}]},{\"@type\":\"WebPage\",\"@id\":\"https:\/\/kapitalis.com\/tunisie\/2016\/08\/17\/les-aviculteurs-appellent-letat-a-fixer-les-prix-pour-reguler-le-marche\/\",\"url\":\"https:\/\/kapitalis.com\/tunisie\/2016\/08\/17\/les-aviculteurs-appellent-letat-a-fixer-les-prix-pour-reguler-le-marche\/\",\"name\":\"Les aviculteurs appellent l\u2019Etat \u00e0 fixer les prix pour r\u00e9guler le march\u00e9 - Kapitalis\",\"isPartOf\":{\"@id\":\"https:\/\/kapitalis.com\/tunisie\/#website\"},\"primaryImageOfPage\":{\"@id\":\"https:\/\/kapitalis.com\/tunisie\/2016\/08\/17\/les-aviculteurs-appellent-letat-a-fixer-les-prix-pour-reguler-le-marche\/#primaryimage\"},\"image\":{\"@id\":\"https:\/\/kapitalis.com\/tunisie\/2016\/08\/17\/les-aviculteurs-appellent-letat-a-fixer-les-prix-pour-reguler-le-marche\/#primaryimage\"},\"thumbnailUrl\":\"http:\/\/kapitalis.com\/tunisie\/wp-content\/uploads\/2015\/05\/Aviculture.jpg\",\"datePublished\":\"2016-08-17T17:09:46+00:00\",\"breadcrumb\":{\"@id\":\"https:\/\/kapitalis.com\/tunisie\/2016\/08\/17\/les-aviculteurs-appellent-letat-a-fixer-les-prix-pour-reguler-le-marche\/#breadcrumb\"},\"inLanguage\":\"fr-FR\",\"potentialAction\":[{\"@type\":\"ReadAction\",\"target\":[\"https:\/\/kapitalis.com\/tunisie\/2016\/08\/17\/les-aviculteurs-appellent-letat-a-fixer-les-prix-pour-reguler-le-marche\/\"]}]},{\"@type\":\"ImageObject\",\"inLanguage\":\"fr-FR\",\"@id\":\"https:\/\/kapitalis.com\/tunisie\/2016\/08\/17\/les-aviculteurs-appellent-letat-a-fixer-les-prix-pour-reguler-le-marche\/#primaryimage\",\"url\":\"http:\/\/kapitalis.com\/tunisie\/wp-content\/uploads\/2015\/05\/Aviculture.jpg\",\"contentUrl\":\"http:\/\/kapitalis.com\/tunisie\/wp-content\/uploads\/2015\/05\/Aviculture.jpg\"},{\"@type\":\"BreadcrumbList\",\"@id\":\"https:\/\/kapitalis.com\/tunisie\/2016\/08\/17\/les-aviculteurs-appellent-letat-a-fixer-les-prix-pour-reguler-le-marche\/#breadcrumb\",\"itemListElement\":[{\"@type\":\"ListItem\",\"position\":1,\"name\":\"Accueil\",\"item\":\"https:\/\/kapitalis.com\/tunisie\/\"},{\"@type\":\"ListItem\",\"position\":2,\"name\":\"Les aviculteurs appellent l\u2019Etat \u00e0 fixer les prix pour r\u00e9guler le march\u00e9\"}]},{\"@type\":\"WebSite\",\"@id\":\"https:\/\/kapitalis.com\/tunisie\/#website\",\"url\":\"https:\/\/kapitalis.com\/tunisie\/\",\"name\":\"Kapitalis\",\"description\":\"L&#039;actualit\u00e9 en Tunisie et dans le monde\",\"publisher\":{\"@id\":\"https:\/\/kapitalis.com\/tunisie\/#organization\"},\"potentialAction\":[{\"@type\":\"SearchAction\",\"target\":{\"@type\":\"EntryPoint\",\"urlTemplate\":\"https:\/\/kapitalis.com\/tunisie\/?s={search_term_string}\"},\"query-input\":{\"@type\":\"PropertyValueSpecification\",\"valueRequired\":true,\"valueName\":\"search_term_string\"}}],\"inLanguage\":\"fr-FR\"},{\"@type\":\"Organization\",\"@id\":\"https:\/\/kapitalis.com\/tunisie\/#organization\",\"name\":\"Kapitalis\",\"url\":\"https:\/\/kapitalis.com\/tunisie\/\",\"logo\":{\"@type\":\"ImageObject\",\"inLanguage\":\"fr-FR\",\"@id\":\"https:\/\/kapitalis.com\/tunisie\/#\/schema\/logo\/image\/\",\"url\":\"https:\/\/kapitalis.com\/tunisie\/wp-content\/uploads\/2022\/05\/Kapitalis-big-size.png\",\"contentUrl\":\"https:\/\/kapitalis.com\/tunisie\/wp-content\/uploads\/2022\/05\/Kapitalis-big-size.png\",\"width\":5000,\"height\":1500,\"caption\":\"Kapitalis\"},\"image\":{\"@id\":\"https:\/\/kapitalis.com\/tunisie\/#\/schema\/logo\/image\/\"},\"sameAs\":[\"https:\/\/www.facebook.com\/KapitalisInfo\/\",\"https:\/\/x.com\/KapitalisInfo\",\"https:\/\/www.youtube.com\/channel\/UC-yDYrHyfFBWWZaOw3FPg9Q\"]},{\"@type\":\"Person\",\"@id\":\"https:\/\/kapitalis.com\/tunisie\/#\/schema\/person\/d71f33a9ca44f7bad4698210b480c8e9\",\"name\":\"webmaster kapitalis\",\"url\":\"https:\/\/kapitalis.com\/tunisie\/author\/webmaster-kapitalis\/\"}]}<\/script>\n<!-- \/ Yoast SEO plugin. -->","yoast_head_json":{"title":"Les aviculteurs appellent l\u2019Etat \u00e0 fixer les prix pour r\u00e9guler le march\u00e9 - Kapitalis","robots":{"index":"index","follow":"follow","max-snippet":"max-snippet:-1","max-image-preview":"max-image-preview:large","max-video-preview":"max-video-preview:-1"},"canonical":"https:\/\/kapitalis.com\/tunisie\/2016\/08\/17\/les-aviculteurs-appellent-letat-a-fixer-les-prix-pour-reguler-le-marche\/","og_locale":"fr_FR","og_type":"article","og_title":"Les aviculteurs appellent l\u2019Etat \u00e0 fixer les prix pour r\u00e9guler le march\u00e9 - Kapitalis","og_description":"Les aviculteurs se plaignent de la mainmise des grandes entreprises sur le secteur de l\u2019aviculture. Et appellent l\u2019Etat \u00e0 mieux r\u00e9gulariser le march\u00e9.","og_url":"https:\/\/kapitalis.com\/tunisie\/2016\/08\/17\/les-aviculteurs-appellent-letat-a-fixer-les-prix-pour-reguler-le-marche\/","og_site_name":"Kapitalis","article_publisher":"https:\/\/www.facebook.com\/KapitalisInfo\/","article_published_time":"2016-08-17T17:09:46+00:00","og_image":[{"url":"http:\/\/kapitalis.com\/tunisie\/wp-content\/uploads\/2015\/05\/Aviculture.jpg","type":"","width":"","height":""}],"author":"webmaster kapitalis","twitter_card":"summary_large_image","twitter_creator":"@KapitalisInfo","twitter_site":"@KapitalisInfo","twitter_misc":{"\u00c9crit par":"webmaster kapitalis","Dur\u00e9e de lecture estim\u00e9e":"1 minute"},"schema":{"@context":"https:\/\/schema.org","@graph":[{"@type":"Article","@id":"https:\/\/kapitalis.com\/tunisie\/2016\/08\/17\/les-aviculteurs-appellent-letat-a-fixer-les-prix-pour-reguler-le-marche\/#article","isPartOf":{"@id":"https:\/\/kapitalis.com\/tunisie\/2016\/08\/17\/les-aviculteurs-appellent-letat-a-fixer-les-prix-pour-reguler-le-marche\/"},"author":{"name":"webmaster kapitalis","@id":"https:\/\/kapitalis.com\/tunisie\/#\/schema\/person\/d71f33a9ca44f7bad4698210b480c8e9"},"headline":"Les aviculteurs appellent l\u2019Etat \u00e0 fixer les prix pour r\u00e9guler le march\u00e9","datePublished":"2016-08-17T17:09:46+00:00","mainEntityOfPage":{"@id":"https:\/\/kapitalis.com\/tunisie\/2016\/08\/17\/les-aviculteurs-appellent-letat-a-fixer-les-prix-pour-reguler-le-marche\/"},"wordCount":227,"commentCount":0,"publisher":{"@id":"https:\/\/kapitalis.com\/tunisie\/#organization"},"image":{"@id":"https:\/\/kapitalis.com\/tunisie\/2016\/08\/17\/les-aviculteurs-appellent-letat-a-fixer-les-prix-pour-reguler-le-marche\/#primaryimage"},"thumbnailUrl":"http:\/\/kapitalis.com\/tunisie\/wp-content\/uploads\/2015\/05\/Aviculture.jpg","keywords":["aviculture","prix","Utap"],"articleSection":["ECONOMIE","Tunisie"],"inLanguage":"fr-FR","potentialAction":[{"@type":"CommentAction","name":"Comment","target":["https:\/\/kapitalis.com\/tunisie\/2016\/08\/17\/les-aviculteurs-appellent-letat-a-fixer-les-prix-pour-reguler-le-marche\/#respond"]}]},{"@type":"WebPage","@id":"https:\/\/kapitalis.com\/tunisie\/2016\/08\/17\/les-aviculteurs-appellent-letat-a-fixer-les-prix-pour-reguler-le-marche\/","url":"https:\/\/kapitalis.com\/tunisie\/2016\/08\/17\/les-aviculteurs-appellent-letat-a-fixer-les-prix-pour-reguler-le-marche\/","name":"Les aviculteurs appellent l\u2019Etat \u00e0 fixer les prix pour r\u00e9guler le march\u00e9 - Kapitalis","isPartOf":{"@id":"https:\/\/kapitalis.com\/tunisie\/#website"},"primaryImageOfPage":{"@id":"https:\/\/kapitalis.com\/tunisie\/2016\/08\/17\/les-aviculteurs-appellent-letat-a-fixer-les-prix-pour-reguler-le-marche\/#primaryimage"},"image":{"@id":"https:\/\/kapitalis.com\/tunisie\/2016\/08\/17\/les-aviculteurs-appellent-letat-a-fixer-les-prix-pour-reguler-le-marche\/#primaryimage"},"thumbnailUrl":"http:\/\/kapitalis.com\/tunisie\/wp-content\/uploads\/2015\/05\/Aviculture.jpg","datePublished":"2016-08-17T17:09:46+00:00","breadcrumb":{"@id":"https:\/\/kapitalis.com\/tunisie\/2016\/08\/17\/les-aviculteurs-appellent-letat-a-fixer-les-prix-pour-reguler-le-marche\/#breadcrumb"},"inLanguage":"fr-FR","potentialAction":[{"@type":"ReadAction","target":["https:\/\/kapitalis.com\/tunisie\/2016\/08\/17\/les-aviculteurs-appellent-letat-a-fixer-les-prix-pour-reguler-le-marche\/"]}]},{"@type":"ImageObject","inLanguage":"fr-FR","@id":"https:\/\/kapitalis.com\/tunisie\/2016\/08\/17\/les-aviculteurs-appellent-letat-a-fixer-les-prix-pour-reguler-le-marche\/#primaryimage","url":"http:\/\/kapitalis.com\/tunisie\/wp-content\/uploads\/2015\/05\/Aviculture.jpg","contentUrl":"http:\/\/kapitalis.com\/tunisie\/wp-content\/uploads\/2015\/05\/Aviculture.jpg"},{"@type":"BreadcrumbList","@id":"https:\/\/kapitalis.com\/tunisie\/2016\/08\/17\/les-aviculteurs-appellent-letat-a-fixer-les-prix-pour-reguler-le-marche\/#breadcrumb","itemListElement":[{"@type":"ListItem","position":1,"name":"Accueil","item":"https:\/\/kapitalis.com\/tunisie\/"},{"@type":"ListItem","position":2,"name":"Les aviculteurs appellent l\u2019Etat \u00e0 fixer les prix pour r\u00e9guler le march\u00e9"}]},{"@type":"WebSite","@id":"https:\/\/kapitalis.com\/tunisie\/#website","url":"https:\/\/kapitalis.com\/tunisie\/","name":"Kapitalis","description":"L&#039;actualit\u00e9 en Tunisie et dans le monde","publisher":{"@id":"https:\/\/kapitalis.com\/tunisie\/#organization"},"potentialAction":[{"@type":"SearchAction","target":{"@type":"EntryPoint","urlTemplate":"https:\/\/kapitalis.com\/tunisie\/?s={search_term_string}"},"query-input":{"@type":"PropertyValueSpecification","valueRequired":true,"valueName":"search_term_string"}}],"inLanguage":"fr-FR"},{"@type":"Organization","@id":"https:\/\/kapitalis.com\/tunisie\/#organization","name":"Kapitalis","url":"https:\/\/kapitalis.com\/tunisie\/","logo":{"@type":"ImageObject","inLanguage":"fr-FR","@id":"https:\/\/kapitalis.com\/tunisie\/#\/schema\/logo\/image\/","url":"https:\/\/kapitalis.com\/tunisie\/wp-content\/uploads\/2022\/05\/Kapitalis-big-size.png","contentUrl":"https:\/\/kapitalis.com\/tunisie\/wp-content\/uploads\/2022\/05\/Kapitalis-big-size.png","width":5000,"height":1500,"caption":"Kapitalis"},"image":{"@id":"https:\/\/kapitalis.com\/tunisie\/#\/schema\/logo\/image\/"},"sameAs":["https:\/\/www.facebook.com\/KapitalisInfo\/","https:\/\/x.com\/KapitalisInfo","https:\/\/www.youtube.com\/channel\/UC-yDYrHyfFBWWZaOw3FPg9Q"]},{"@type":"Person","@id":"https:\/\/kapitalis.com\/tunisie\/#\/schema\/person\/d71f33a9ca44f7bad4698210b480c8e9","name":"webmaster kapitalis","url":"https:\/\/kapitalis.com\/tunisie\/author\/webmaster-kapitalis\/"}]}},"_links":{"self":[{"href":"https:\/\/kapitalis.com\/tunisie\/wp-json\/wp\/v2\/posts\/61740","targetHints":{"allow":["GET"]}}],"collection":[{"href":"https:\/\/kapitalis.com\/tunisie\/wp-json\/wp\/v2\/posts"}],"about":[{"href":"https:\/\/kapitalis.com\/tunisie\/wp-json\/wp\/v2\/types\/post"}],"author":[{"embeddable":true,"href":"https:\/\/kapitalis.com\/tunisie\/wp-json\/wp\/v2\/users\/8"}],"replies":[{"embeddable":true,"href":"https:\/\/kapitalis.com\/tunisie\/wp-json\/wp\/v2\/comments?post=61740"}],"version-history":[{"count":0,"href":"https:\/\/kapitalis.com\/tunisie\/wp-json\/wp\/v2\/posts\/61740\/revisions"}],"wp:attachment":[{"href":"https:\/\/kapitalis.com\/tunisie\/wp-json\/wp\/v2\/media?parent=61740"}],"wp:term":[{"taxonomy":"category","embeddable":true,"href":"https:\/\/kapitalis.com\/tunisie\/wp-json\/wp\/v2\/categories?post=61740"},{"taxonomy":"post_tag","embeddable":true,"href":"https:\/\/kapitalis.com\/tunisie\/wp-json\/wp\/v2\/tags?post=61740"}],"curies":[{"name":"wp","href":"https:\/\/api.w.org\/{rel}","templated":true}]}}