{"id":6174969,"date":"2023-01-24T08:23:00","date_gmt":"2023-01-24T07:23:00","guid":{"rendered":"https:\/\/kapitalis.com\/tunisie\/?p=6174969"},"modified":"2023-01-24T08:23:02","modified_gmt":"2023-01-24T07:23:02","slug":"mena-la-crise-du-secteur-foncier-aggravee-par-la-mauvaise-gouvernance","status":"publish","type":"post","link":"https:\/\/kapitalis.com\/tunisie\/2023\/01\/24\/mena-la-crise-du-secteur-foncier-aggravee-par-la-mauvaise-gouvernance\/","title":{"rendered":"Mena : La crise du secteur foncier aggrav\u00e9e par la mauvaise gouvernance"},"content":{"rendered":"\n<p><strong><em>Selon une r\u00e9cente <a href=\"https:\/\/openknowledge.worldbank.org\/bitstream\/handle\/10986\/38384\/9781464816611.pdf\" target=\"_blank\" rel=\"noreferrer noopener\">enqu\u00eate de la Banque Mondiale<\/a> sur la d\u00e9t\u00e9rioration des terres dans la r\u00e9gion du Moyen-Orient et l&rsquo;Afrique du Nord (Mena), c&rsquo;est en Tunisie que les plus lourds obstacles p\u00e8sent sur l&rsquo;acc\u00e8s \u00e0 la terre.<\/em><\/strong><\/p>\n\n\n\n<p>Par <strong>Amina Mkada<\/strong> (avec <a href=\"https:\/\/openknowledge.worldbank.org\/bitstream\/handle\/10986\/38384\/9781464816611.pdf\">BM<\/a>).<\/p>\n\n\n\n<!--more-->\n\n\n\n<p>La Banque Mondiale (BM) a abord\u00e9 avec acuit\u00e9, dans son rapport du 18 janvier 2023, la d\u00e9t\u00e9rioration des terres souffrant de mauvaise gouvernance, alors qu&rsquo;elles sont d\u00e9j\u00e0 gravement affect\u00e9es par les changements climatiques et la croissance des populations, aussi bien en Tunisie que dans les autres pays du Moyen Orient et d&rsquo;Afrique du Nord (Mena). <\/p>\n\n\n\n<p>Pour la BM, le probl\u00e8me crucial qui se pose est de savoir si une meilleure gouvernance et une meilleure gestion de la raret\u00e9 des terres, peuvent pr\u00e9venir ou non une crise imminente du secteur foncier des pays Mena.<\/p>\n\n\n\n<p>Pour Ferid Belhaj, vice-pr\u00e9sident \u00e0 la BM de la r\u00e9gion Mena, les probl\u00e8mes fonciers occupent une place importante dans de nombreuses d\u00e9cisions de politique publique, mais ne sont toujours pas explicitement reconnus. Probl\u00e8mes d&rsquo;autant plus urgents, que les changements climatiques et l&rsquo;accroissement des populations dans cette r\u00e9gion viennent aggraver davantage la crise fonci\u00e8re. Car il y a crise&#8230;<\/p>\n\n\n\n<h2 class=\"wp-block-heading\">Diminution des terres cultiv\u00e9es<\/h2>\n\n\n\n<p>En effet et selon le rapport, la d\u00e9t\u00e9rioration continue des terres de la r\u00e9gion Mena (d\u00e9sertique \u00e0 84%) aggrave les probl\u00e8mes de la p\u00e9nurie d&rsquo;eau, d&rsquo;o\u00f9 une menace sur la s\u00e9curit\u00e9 alimentaire et le d\u00e9veloppement \u00e9conomique. Pour preuve, la superficie des terres cultiv\u00e9es a diminu\u00e9 de 2,4% en 15 ans, de 2003 \u00e0 2018. Il s&rsquo;agit de la plus forte baisse au monde, quand on sait que la population des pays Mena a bondi de +35% \u00e0 la m\u00eame p\u00e9riode. Les projections parlent de 650 millions de personnes qui viendront s&rsquo;ajouter (+40%) d&rsquo;ici 2050 ! <\/p>\n\n\n\n<p>Pour ne citer que le contexte foncier de la Tunisie cit\u00e9 dans ce rapport, celui du pays se situe notamment dans le chapitre des obstacles qui ont lourdement pes\u00e9 sur l&rsquo;acc\u00e8s \u00e0 la terre. Le rapport pointe du doigt le r\u00f4le des relations politiques pour le faciliter; la proportion d&rsquo;entreprises ayant subi de graves contraintes li\u00e9es \u00e0 cette situation; l&rsquo;effet du changement de r\u00e9gime (cas du village de Jemna situ\u00e9 sur des terres collectives appropri\u00e9es aux tribus locales sous la colonisation, puis transf\u00e9r\u00e9es \u00e0 l&rsquo;\u00c9tat apr\u00e8s l&rsquo;ind\u00e9pendance, et finalement r\u00e9cup\u00e9r\u00e9es par les villageois lors du printemps arabe &#8211; Foroudi 2020); l&rsquo;in\u00e9galit\u00e9 des richesses; le cas particulier de la femme rurale; etc.<\/p>\n\n\n\n<h2 class=\"wp-block-heading\">L&rsquo;in\u00e9galit\u00e9 des sexes dans l&rsquo;h\u00e9ritage <\/h2>\n\n\n\n<p>Le cas des femmes est particuli\u00e8rement <em>\u00abcriant\u00bb<\/em> dans la r\u00e9gion Mena plus qu&rsquo;ailleurs au monde. Dans la Tunisie rurale, seulement 21% des femmes poss\u00e9daient des terres au moment de leur d\u00e9c\u00e8s, contre 87% des hommes. Elles subissent une forte pression sociale pour renoncer \u00e0 leurs droits d&rsquo;h\u00e9ritage sur la propri\u00e9t\u00e9, souvent sans compensation \u00e9quitable (+70%). Or, une taxe sur les b\u00e9n\u00e9ficiaires masculins, lorsque les femmes renoncent \u00e0 leurs droits de succession sur la propri\u00e9t\u00e9, pourrait contribuer \u00e0 r\u00e9duire l&rsquo;\u00e9cart entre les sexes, car l&rsquo;argent collect\u00e9 pour financer des initiatives favoriserait ainsi leur autonomisation. <\/p>\n\n\n\n<p>Par ailleurs, l&rsquo;\u00e9galit\u00e9 des sexes dans les droits fonciers a \u00e9t\u00e9 promue au niveau international et a inspir\u00e9 des initiatives, mais les exemples restent limit\u00e9s. En Tunisie, le rapport de la BM fait allusion au <em>\u00abdroit d&rsquo;h\u00e9riter et de poss\u00e9der des terres et des biens, qui est l&rsquo;\u00e9pine dorsale des efforts de la r\u00e9forme l\u00e9gislative en Tunisie\u00bb<\/em>. <\/p>\n\n\n\n<p>En fait, en 2018, le pr\u00e9sident B\u00e9ji Ca\u00efd Essebsi a propos\u00e9, sur recommandation du Commission des libert\u00e9s individuelles et de l&rsquo;\u00e9galit\u00e9 (Colibe), un projet de loi instaurant la parit\u00e9 de l&rsquo;h\u00e9ritage entre les femmes et les hommes qui a \u00e9t\u00e9 approuv\u00e9, mais il s&rsquo;est heurt\u00e9 \u00e0 une forte opposition politique, et n&rsquo;a pas \u00e9t\u00e9 promulgu\u00e9, cite le rapport.<\/p>\n\n\n\n<p>Pour ce qui est des pratiques inefficaces d&rsquo;attribution des terres d\u00e9nonc\u00e9es par le rapport, motiv\u00e9es par la poursuite des objectifs de l&rsquo;ind\u00e9pendance alimentaire, en Tunisie par exemple, les b\u00e9n\u00e9ficiaires du bail peuvent \u00eatre tenus de s&rsquo;engager dans des types de production, pour lesquels ils peuvent ne pas avoir d&rsquo;avantage comparatif (cas du propri\u00e9taire d&rsquo;un terrain adapt\u00e9 \u00e0 la culture qui doit s&rsquo;engager en partie dans la production laiti\u00e8re !).<\/p>\n\n\n\n<h2 class=\"wp-block-heading\">L&rsquo;administration fonci\u00e8re en question<\/h2>\n\n\n\n<p>Du c\u00f4t\u00e9 de l&rsquo;administration fonci\u00e8re, la Tunisie se porte mieux que les pays Mena, selon la BM. L&rsquo;indice de qualit\u00e9 portant sur un score de 0 \u00e0 30 points, positionne le pays en t\u00eate du classement avec 13,5 points, alors que la moyenne de la r\u00e9gion est de 15,1. Le score couvre la fiabilit\u00e9 des infrastructures, la transparence de l&rsquo;information, la couverture g\u00e9ographique, la r\u00e9solution des litiges fonciers, l&rsquo;\u00e9galit\u00e9 d&rsquo;acc\u00e8s aux droits de propri\u00e9t\u00e9 (Doing Business 2004-2020). <\/p>\n\n\n\n<p>Par ailleurs, enregistrer une propri\u00e9t\u00e9 fonci\u00e8re en Tunisie 2020, n\u00e9cessite 5 jours, pour un co\u00fbt de 6,1% de la valeur de la propri\u00e9t\u00e9 fonci\u00e8re. En Syrie, il est de 28%, en Egypte, 11%, alors qu&rsquo;au Maroc, il est de 6,4% et de 7,1% en Alg\u00e9rie. Cependant, des politiques visant \u00e0 moderniser l&rsquo;administration fonci\u00e8re, sont d\u00e9j\u00e0 envisag\u00e9es ou formul\u00e9es en Tunisie, rappelle la BM.<\/p>\n\n\n\n<h2 class=\"wp-block-heading\">Connexion politique et accession aux terres <\/h2>\n\n\n\n<p>Concernant le rapport <em>\u00abpolitique-entreprises\u00bb<\/em> dans la r\u00e9gion Mena  il y a 2 fois plus d&rsquo;entreprises <em>\u00abpolitiquement connect\u00e9es\u00bb<\/em> (5,9%) qu&rsquo;en Europe et en Asie centrale <em>(2,4%)<\/em>. La majeure partie d&rsquo;entre elles sont fortement pr\u00e9sentes en Tunisie (27,9 %) o\u00f9 l&rsquo;acc\u00e8s \u00e0 la terre est un probl\u00e8me majeur, ou une grave contrainte \u00e0 leurs activit\u00e9s commerciales, si elles n&rsquo;ont pas d&rsquo;attaches avec le milieu politique (30%). <\/p>\n\n\n\n<p>Par contre, les entreprises <em>\u00abpolitiquement li\u00e9es\u00bb<\/em> ont moins de contraintes dans l&rsquo;acc\u00e8s \u00e0 la terre (12%). Cependant cite le rapport, le r\u00f4le de certaines connexions politiques a \u00e9t\u00e9 affaibli ou perdu (32%), avec le changement de r\u00e9gime en 2011. <\/p>\n\n\n\n<h2 class=\"wp-block-heading\">Les distorsions territoriales<\/h2>\n\n\n\n<p>Dans le chapitre des distorsions territoriales en Tunisie, la r\u00e9partition des terres agricoles fait que de nombreuses petites fermes occupent une large fraction de la totalit\u00e9 du terrain. La fragmentation des terres agricoles r\u00e9sultant des politiques de redistribution des terres, ou de la division des parcelles suite \u00e0 l&rsquo;h\u00e9ritage, reste un probl\u00e8me omnipr\u00e9sent dans le pays.<\/p>\n\n\n\n<p>Par ailleurs, les politiques d&rsquo;autosuffisance alimentaire, ont conduit \u00e0 d&rsquo;importants apports en eau, li\u00e9s \u00e0 la production de cultures grande consommatrices d&rsquo;eau suite aux pr\u00e9dictions selon lesquelles le syst\u00e8me aquif\u00e8re arabe sera \u00e9puis\u00e9 d&rsquo;ici les 3 \u00e0 14 prochaines d\u00e9cennies. <\/p>\n\n\n\n<p>Compte tenu de tout ce qui pr\u00e9c\u00e8de, des r\u00e9formes n\u00e9cessaires ont propos\u00e9es par la BM dans ce rapport, pour soutenir des d\u00e9cisions plus efficaces par les pays Mena, \u00e0 savoir \u00e9tablir des processus transparents ax\u00e9s sur le march\u00e9 pour \u00e9valuer et transf\u00e9rer les terres; \u00e9laborer des inventaires complets des terres publiques; et am\u00e9liorer l&rsquo;enregistrement des droits fonciers. <\/p>\n\n\n\n<p>Ces r\u00e9formes permettront aussi de garantir les fonctions sociales, \u00e9conomiques et fiscales des terres, en r\u00e9gion Mena. <\/p>\n\n\n\n<p>Le rapport pr\u00e9cise toutefois que la raret\u00e9 des terres et les probl\u00e8mes de gouvernance, varient dans la r\u00e9gion Mena. Aussi, les pays ont besoin d&rsquo;approches adapt\u00e9es \u00e0 leurs propres d\u00e9fis.<\/p>\n\n\n\n<p>Source : <\/p>\n","protected":false},"excerpt":{"rendered":"<p>En Tunisie l&rsquo;acc\u00e8s \u00e0 la terre fait face aux  plus lourds obstacles, estime un rapport de la Banque Mondiale. <\/p>\n","protected":false},"author":22,"featured_media":6186279,"comment_status":"open","ping_status":"open","sticky":false,"template":"","format":"standard","meta":{"footnotes":""},"categories":[992,995,2433],"tags":[130,40868,89381,48078,12287,106184],"class_list":["post-6174969","post","type-post","status-publish","format-standard","has-post-thumbnail","hentry","category-a-la-une","category-economie","category-tunisie","tag-banque-mondiale","tag-colibe","tag-doing-business-2020","tag-ferid-belhaj","tag-jemna","tag-secteur-foncier"],"yoast_head":"<!-- This site is optimized with the Yoast SEO plugin v26.6 - https:\/\/yoast.com\/wordpress\/plugins\/seo\/ -->\n<title>Mena : La crise du secteur foncier aggrav\u00e9e par la mauvaise gouvernance - Kapitalis<\/title>\n<meta name=\"description\" content=\"La Banque Mondiale a abord\u00e9 avec acuit\u00e9 dans son rapport du 18 janvier 2023, la d\u00e9t\u00e9rioration des terres souffrant de mauvaise gouvernance, alors qu&#039;elles sont d\u00e9j\u00e0 gravement affect\u00e9es par les changements climatiques et la croissance des populations, aussi bien en Tunisie que dans les pays du Moyen Orient et d&#039;Afrique du Nord (MENA).\" \/>\n<meta name=\"robots\" content=\"index, follow, max-snippet:-1, max-image-preview:large, max-video-preview:-1\" \/>\n<link rel=\"canonical\" href=\"https:\/\/kapitalis.com\/tunisie\/2023\/01\/24\/mena-la-crise-du-secteur-foncier-aggravee-par-la-mauvaise-gouvernance\/\" \/>\n<meta property=\"og:locale\" content=\"fr_FR\" \/>\n<meta property=\"og:type\" content=\"article\" \/>\n<meta property=\"og:title\" content=\"Mena : La crise du secteur foncier aggrav\u00e9e par la mauvaise gouvernance - Kapitalis\" \/>\n<meta property=\"og:description\" content=\"La Banque Mondiale a abord\u00e9 avec acuit\u00e9 dans son rapport du 18 janvier 2023, la d\u00e9t\u00e9rioration des terres souffrant de mauvaise gouvernance, alors qu&#039;elles sont d\u00e9j\u00e0 gravement affect\u00e9es par les changements climatiques et la croissance des populations, aussi bien en Tunisie que dans les pays du Moyen Orient et d&#039;Afrique du Nord (MENA).\" \/>\n<meta property=\"og:url\" content=\"https:\/\/kapitalis.com\/tunisie\/2023\/01\/24\/mena-la-crise-du-secteur-foncier-aggravee-par-la-mauvaise-gouvernance\/\" \/>\n<meta property=\"og:site_name\" content=\"Kapitalis\" \/>\n<meta property=\"article:publisher\" content=\"https:\/\/www.facebook.com\/KapitalisInfo\/\" \/>\n<meta property=\"article:published_time\" content=\"2023-01-24T07:23:00+00:00\" \/>\n<meta property=\"article:modified_time\" content=\"2023-01-24T07:23:02+00:00\" \/>\n<meta property=\"og:image\" content=\"https:\/\/kapitalis.com\/tunisie\/wp-content\/uploads\/2023\/01\/Banque-mondiale-Rapport-secteur-foncier.jpg\" \/>\n\t<meta property=\"og:image:width\" content=\"1200\" \/>\n\t<meta property=\"og:image:height\" content=\"630\" \/>\n\t<meta property=\"og:image:type\" content=\"image\/jpeg\" \/>\n<meta name=\"author\" content=\"Amina Mkada\" \/>\n<meta name=\"twitter:card\" content=\"summary_large_image\" \/>\n<meta name=\"twitter:creator\" content=\"@KapitalisInfo\" \/>\n<meta name=\"twitter:site\" content=\"@KapitalisInfo\" \/>\n<meta name=\"twitter:label1\" content=\"\u00c9crit par\" \/>\n\t<meta name=\"twitter:data1\" content=\"Amina Mkada\" \/>\n\t<meta name=\"twitter:label2\" content=\"Dur\u00e9e de lecture estim\u00e9e\" \/>\n\t<meta name=\"twitter:data2\" content=\"6 minutes\" \/>\n<script type=\"application\/ld+json\" class=\"yoast-schema-graph\">{\"@context\":\"https:\/\/schema.org\",\"@graph\":[{\"@type\":\"Article\",\"@id\":\"https:\/\/kapitalis.com\/tunisie\/2023\/01\/24\/mena-la-crise-du-secteur-foncier-aggravee-par-la-mauvaise-gouvernance\/#article\",\"isPartOf\":{\"@id\":\"https:\/\/kapitalis.com\/tunisie\/2023\/01\/24\/mena-la-crise-du-secteur-foncier-aggravee-par-la-mauvaise-gouvernance\/\"},\"author\":{\"name\":\"Amina Mkada\",\"@id\":\"https:\/\/kapitalis.com\/tunisie\/#\/schema\/person\/093913313d3017554cb3ad077fff3fbd\"},\"headline\":\"Mena : La crise du secteur foncier aggrav\u00e9e par la mauvaise gouvernance\",\"datePublished\":\"2023-01-24T07:23:00+00:00\",\"dateModified\":\"2023-01-24T07:23:02+00:00\",\"mainEntityOfPage\":{\"@id\":\"https:\/\/kapitalis.com\/tunisie\/2023\/01\/24\/mena-la-crise-du-secteur-foncier-aggravee-par-la-mauvaise-gouvernance\/\"},\"wordCount\":1228,\"commentCount\":0,\"publisher\":{\"@id\":\"https:\/\/kapitalis.com\/tunisie\/#organization\"},\"image\":{\"@id\":\"https:\/\/kapitalis.com\/tunisie\/2023\/01\/24\/mena-la-crise-du-secteur-foncier-aggravee-par-la-mauvaise-gouvernance\/#primaryimage\"},\"thumbnailUrl\":\"https:\/\/kapitalis.com\/tunisie\/wp-content\/uploads\/2023\/01\/Banque-mondiale-Rapport-secteur-foncier.jpg\",\"keywords\":[\"Banque Mondiale\",\"Colibe\",\"Doing Business 2020\",\"Ferid Belhaj\",\"Jemna\",\"secteur foncier\"],\"articleSection\":[\"A LA UNE\",\"ECONOMIE\",\"Tunisie\"],\"inLanguage\":\"fr-FR\",\"potentialAction\":[{\"@type\":\"CommentAction\",\"name\":\"Comment\",\"target\":[\"https:\/\/kapitalis.com\/tunisie\/2023\/01\/24\/mena-la-crise-du-secteur-foncier-aggravee-par-la-mauvaise-gouvernance\/#respond\"]}]},{\"@type\":\"WebPage\",\"@id\":\"https:\/\/kapitalis.com\/tunisie\/2023\/01\/24\/mena-la-crise-du-secteur-foncier-aggravee-par-la-mauvaise-gouvernance\/\",\"url\":\"https:\/\/kapitalis.com\/tunisie\/2023\/01\/24\/mena-la-crise-du-secteur-foncier-aggravee-par-la-mauvaise-gouvernance\/\",\"name\":\"Mena : La crise du secteur foncier aggrav\u00e9e par la mauvaise gouvernance - Kapitalis\",\"isPartOf\":{\"@id\":\"https:\/\/kapitalis.com\/tunisie\/#website\"},\"primaryImageOfPage\":{\"@id\":\"https:\/\/kapitalis.com\/tunisie\/2023\/01\/24\/mena-la-crise-du-secteur-foncier-aggravee-par-la-mauvaise-gouvernance\/#primaryimage\"},\"image\":{\"@id\":\"https:\/\/kapitalis.com\/tunisie\/2023\/01\/24\/mena-la-crise-du-secteur-foncier-aggravee-par-la-mauvaise-gouvernance\/#primaryimage\"},\"thumbnailUrl\":\"https:\/\/kapitalis.com\/tunisie\/wp-content\/uploads\/2023\/01\/Banque-mondiale-Rapport-secteur-foncier.jpg\",\"datePublished\":\"2023-01-24T07:23:00+00:00\",\"dateModified\":\"2023-01-24T07:23:02+00:00\",\"description\":\"La Banque Mondiale a abord\u00e9 avec acuit\u00e9 dans son rapport du 18 janvier 2023, la d\u00e9t\u00e9rioration des terres souffrant de mauvaise gouvernance, alors qu'elles sont d\u00e9j\u00e0 gravement affect\u00e9es par les changements climatiques et la croissance des populations, aussi bien en Tunisie que dans les pays du Moyen Orient et d'Afrique du Nord (MENA).\",\"breadcrumb\":{\"@id\":\"https:\/\/kapitalis.com\/tunisie\/2023\/01\/24\/mena-la-crise-du-secteur-foncier-aggravee-par-la-mauvaise-gouvernance\/#breadcrumb\"},\"inLanguage\":\"fr-FR\",\"potentialAction\":[{\"@type\":\"ReadAction\",\"target\":[\"https:\/\/kapitalis.com\/tunisie\/2023\/01\/24\/mena-la-crise-du-secteur-foncier-aggravee-par-la-mauvaise-gouvernance\/\"]}]},{\"@type\":\"ImageObject\",\"inLanguage\":\"fr-FR\",\"@id\":\"https:\/\/kapitalis.com\/tunisie\/2023\/01\/24\/mena-la-crise-du-secteur-foncier-aggravee-par-la-mauvaise-gouvernance\/#primaryimage\",\"url\":\"https:\/\/kapitalis.com\/tunisie\/wp-content\/uploads\/2023\/01\/Banque-mondiale-Rapport-secteur-foncier.jpg\",\"contentUrl\":\"https:\/\/kapitalis.com\/tunisie\/wp-content\/uploads\/2023\/01\/Banque-mondiale-Rapport-secteur-foncier.jpg\",\"width\":1200,\"height\":630},{\"@type\":\"BreadcrumbList\",\"@id\":\"https:\/\/kapitalis.com\/tunisie\/2023\/01\/24\/mena-la-crise-du-secteur-foncier-aggravee-par-la-mauvaise-gouvernance\/#breadcrumb\",\"itemListElement\":[{\"@type\":\"ListItem\",\"position\":1,\"name\":\"Accueil\",\"item\":\"https:\/\/kapitalis.com\/tunisie\/\"},{\"@type\":\"ListItem\",\"position\":2,\"name\":\"Mena : La crise du secteur foncier aggrav\u00e9e par la mauvaise gouvernance\"}]},{\"@type\":\"WebSite\",\"@id\":\"https:\/\/kapitalis.com\/tunisie\/#website\",\"url\":\"https:\/\/kapitalis.com\/tunisie\/\",\"name\":\"Kapitalis\",\"description\":\"L&#039;actualit\u00e9 en Tunisie et dans le monde\",\"publisher\":{\"@id\":\"https:\/\/kapitalis.com\/tunisie\/#organization\"},\"potentialAction\":[{\"@type\":\"SearchAction\",\"target\":{\"@type\":\"EntryPoint\",\"urlTemplate\":\"https:\/\/kapitalis.com\/tunisie\/?s={search_term_string}\"},\"query-input\":{\"@type\":\"PropertyValueSpecification\",\"valueRequired\":true,\"valueName\":\"search_term_string\"}}],\"inLanguage\":\"fr-FR\"},{\"@type\":\"Organization\",\"@id\":\"https:\/\/kapitalis.com\/tunisie\/#organization\",\"name\":\"Kapitalis\",\"url\":\"https:\/\/kapitalis.com\/tunisie\/\",\"logo\":{\"@type\":\"ImageObject\",\"inLanguage\":\"fr-FR\",\"@id\":\"https:\/\/kapitalis.com\/tunisie\/#\/schema\/logo\/image\/\",\"url\":\"https:\/\/kapitalis.com\/tunisie\/wp-content\/uploads\/2022\/05\/Kapitalis-big-size.png\",\"contentUrl\":\"https:\/\/kapitalis.com\/tunisie\/wp-content\/uploads\/2022\/05\/Kapitalis-big-size.png\",\"width\":5000,\"height\":1500,\"caption\":\"Kapitalis\"},\"image\":{\"@id\":\"https:\/\/kapitalis.com\/tunisie\/#\/schema\/logo\/image\/\"},\"sameAs\":[\"https:\/\/www.facebook.com\/KapitalisInfo\/\",\"https:\/\/x.com\/KapitalisInfo\",\"https:\/\/www.youtube.com\/channel\/UC-yDYrHyfFBWWZaOw3FPg9Q\"]},{\"@type\":\"Person\",\"@id\":\"https:\/\/kapitalis.com\/tunisie\/#\/schema\/person\/093913313d3017554cb3ad077fff3fbd\",\"name\":\"Amina Mkada\",\"url\":\"https:\/\/kapitalis.com\/tunisie\/author\/amina\/\"}]}<\/script>\n<!-- \/ Yoast SEO plugin. -->","yoast_head_json":{"title":"Mena : La crise du secteur foncier aggrav\u00e9e par la mauvaise gouvernance - Kapitalis","description":"La Banque Mondiale a abord\u00e9 avec acuit\u00e9 dans son rapport du 18 janvier 2023, la d\u00e9t\u00e9rioration des terres souffrant de mauvaise gouvernance, alors qu'elles sont d\u00e9j\u00e0 gravement affect\u00e9es par les changements climatiques et la croissance des populations, aussi bien en Tunisie que dans les pays du Moyen Orient et d'Afrique du Nord (MENA).","robots":{"index":"index","follow":"follow","max-snippet":"max-snippet:-1","max-image-preview":"max-image-preview:large","max-video-preview":"max-video-preview:-1"},"canonical":"https:\/\/kapitalis.com\/tunisie\/2023\/01\/24\/mena-la-crise-du-secteur-foncier-aggravee-par-la-mauvaise-gouvernance\/","og_locale":"fr_FR","og_type":"article","og_title":"Mena : La crise du secteur foncier aggrav\u00e9e par la mauvaise gouvernance - Kapitalis","og_description":"La Banque Mondiale a abord\u00e9 avec acuit\u00e9 dans son rapport du 18 janvier 2023, la d\u00e9t\u00e9rioration des terres souffrant de mauvaise gouvernance, alors qu'elles sont d\u00e9j\u00e0 gravement affect\u00e9es par les changements climatiques et la croissance des populations, aussi bien en Tunisie que dans les pays du Moyen Orient et d'Afrique du Nord (MENA).","og_url":"https:\/\/kapitalis.com\/tunisie\/2023\/01\/24\/mena-la-crise-du-secteur-foncier-aggravee-par-la-mauvaise-gouvernance\/","og_site_name":"Kapitalis","article_publisher":"https:\/\/www.facebook.com\/KapitalisInfo\/","article_published_time":"2023-01-24T07:23:00+00:00","article_modified_time":"2023-01-24T07:23:02+00:00","og_image":[{"width":1200,"height":630,"url":"https:\/\/kapitalis.com\/tunisie\/wp-content\/uploads\/2023\/01\/Banque-mondiale-Rapport-secteur-foncier.jpg","type":"image\/jpeg"}],"author":"Amina Mkada","twitter_card":"summary_large_image","twitter_creator":"@KapitalisInfo","twitter_site":"@KapitalisInfo","twitter_misc":{"\u00c9crit par":"Amina Mkada","Dur\u00e9e de lecture estim\u00e9e":"6 minutes"},"schema":{"@context":"https:\/\/schema.org","@graph":[{"@type":"Article","@id":"https:\/\/kapitalis.com\/tunisie\/2023\/01\/24\/mena-la-crise-du-secteur-foncier-aggravee-par-la-mauvaise-gouvernance\/#article","isPartOf":{"@id":"https:\/\/kapitalis.com\/tunisie\/2023\/01\/24\/mena-la-crise-du-secteur-foncier-aggravee-par-la-mauvaise-gouvernance\/"},"author":{"name":"Amina Mkada","@id":"https:\/\/kapitalis.com\/tunisie\/#\/schema\/person\/093913313d3017554cb3ad077fff3fbd"},"headline":"Mena : La crise du secteur foncier aggrav\u00e9e par la mauvaise gouvernance","datePublished":"2023-01-24T07:23:00+00:00","dateModified":"2023-01-24T07:23:02+00:00","mainEntityOfPage":{"@id":"https:\/\/kapitalis.com\/tunisie\/2023\/01\/24\/mena-la-crise-du-secteur-foncier-aggravee-par-la-mauvaise-gouvernance\/"},"wordCount":1228,"commentCount":0,"publisher":{"@id":"https:\/\/kapitalis.com\/tunisie\/#organization"},"image":{"@id":"https:\/\/kapitalis.com\/tunisie\/2023\/01\/24\/mena-la-crise-du-secteur-foncier-aggravee-par-la-mauvaise-gouvernance\/#primaryimage"},"thumbnailUrl":"https:\/\/kapitalis.com\/tunisie\/wp-content\/uploads\/2023\/01\/Banque-mondiale-Rapport-secteur-foncier.jpg","keywords":["Banque Mondiale","Colibe","Doing Business 2020","Ferid Belhaj","Jemna","secteur foncier"],"articleSection":["A LA UNE","ECONOMIE","Tunisie"],"inLanguage":"fr-FR","potentialAction":[{"@type":"CommentAction","name":"Comment","target":["https:\/\/kapitalis.com\/tunisie\/2023\/01\/24\/mena-la-crise-du-secteur-foncier-aggravee-par-la-mauvaise-gouvernance\/#respond"]}]},{"@type":"WebPage","@id":"https:\/\/kapitalis.com\/tunisie\/2023\/01\/24\/mena-la-crise-du-secteur-foncier-aggravee-par-la-mauvaise-gouvernance\/","url":"https:\/\/kapitalis.com\/tunisie\/2023\/01\/24\/mena-la-crise-du-secteur-foncier-aggravee-par-la-mauvaise-gouvernance\/","name":"Mena : La crise du secteur foncier aggrav\u00e9e par la mauvaise gouvernance - Kapitalis","isPartOf":{"@id":"https:\/\/kapitalis.com\/tunisie\/#website"},"primaryImageOfPage":{"@id":"https:\/\/kapitalis.com\/tunisie\/2023\/01\/24\/mena-la-crise-du-secteur-foncier-aggravee-par-la-mauvaise-gouvernance\/#primaryimage"},"image":{"@id":"https:\/\/kapitalis.com\/tunisie\/2023\/01\/24\/mena-la-crise-du-secteur-foncier-aggravee-par-la-mauvaise-gouvernance\/#primaryimage"},"thumbnailUrl":"https:\/\/kapitalis.com\/tunisie\/wp-content\/uploads\/2023\/01\/Banque-mondiale-Rapport-secteur-foncier.jpg","datePublished":"2023-01-24T07:23:00+00:00","dateModified":"2023-01-24T07:23:02+00:00","description":"La Banque Mondiale a abord\u00e9 avec acuit\u00e9 dans son rapport du 18 janvier 2023, la d\u00e9t\u00e9rioration des terres souffrant de mauvaise gouvernance, alors qu'elles sont d\u00e9j\u00e0 gravement affect\u00e9es par les changements climatiques et la croissance des populations, aussi bien en Tunisie que dans les pays du Moyen Orient et d'Afrique du Nord (MENA).","breadcrumb":{"@id":"https:\/\/kapitalis.com\/tunisie\/2023\/01\/24\/mena-la-crise-du-secteur-foncier-aggravee-par-la-mauvaise-gouvernance\/#breadcrumb"},"inLanguage":"fr-FR","potentialAction":[{"@type":"ReadAction","target":["https:\/\/kapitalis.com\/tunisie\/2023\/01\/24\/mena-la-crise-du-secteur-foncier-aggravee-par-la-mauvaise-gouvernance\/"]}]},{"@type":"ImageObject","inLanguage":"fr-FR","@id":"https:\/\/kapitalis.com\/tunisie\/2023\/01\/24\/mena-la-crise-du-secteur-foncier-aggravee-par-la-mauvaise-gouvernance\/#primaryimage","url":"https:\/\/kapitalis.com\/tunisie\/wp-content\/uploads\/2023\/01\/Banque-mondiale-Rapport-secteur-foncier.jpg","contentUrl":"https:\/\/kapitalis.com\/tunisie\/wp-content\/uploads\/2023\/01\/Banque-mondiale-Rapport-secteur-foncier.jpg","width":1200,"height":630},{"@type":"BreadcrumbList","@id":"https:\/\/kapitalis.com\/tunisie\/2023\/01\/24\/mena-la-crise-du-secteur-foncier-aggravee-par-la-mauvaise-gouvernance\/#breadcrumb","itemListElement":[{"@type":"ListItem","position":1,"name":"Accueil","item":"https:\/\/kapitalis.com\/tunisie\/"},{"@type":"ListItem","position":2,"name":"Mena : La crise du secteur foncier aggrav\u00e9e par la mauvaise gouvernance"}]},{"@type":"WebSite","@id":"https:\/\/kapitalis.com\/tunisie\/#website","url":"https:\/\/kapitalis.com\/tunisie\/","name":"Kapitalis","description":"L&#039;actualit\u00e9 en Tunisie et dans le monde","publisher":{"@id":"https:\/\/kapitalis.com\/tunisie\/#organization"},"potentialAction":[{"@type":"SearchAction","target":{"@type":"EntryPoint","urlTemplate":"https:\/\/kapitalis.com\/tunisie\/?s={search_term_string}"},"query-input":{"@type":"PropertyValueSpecification","valueRequired":true,"valueName":"search_term_string"}}],"inLanguage":"fr-FR"},{"@type":"Organization","@id":"https:\/\/kapitalis.com\/tunisie\/#organization","name":"Kapitalis","url":"https:\/\/kapitalis.com\/tunisie\/","logo":{"@type":"ImageObject","inLanguage":"fr-FR","@id":"https:\/\/kapitalis.com\/tunisie\/#\/schema\/logo\/image\/","url":"https:\/\/kapitalis.com\/tunisie\/wp-content\/uploads\/2022\/05\/Kapitalis-big-size.png","contentUrl":"https:\/\/kapitalis.com\/tunisie\/wp-content\/uploads\/2022\/05\/Kapitalis-big-size.png","width":5000,"height":1500,"caption":"Kapitalis"},"image":{"@id":"https:\/\/kapitalis.com\/tunisie\/#\/schema\/logo\/image\/"},"sameAs":["https:\/\/www.facebook.com\/KapitalisInfo\/","https:\/\/x.com\/KapitalisInfo","https:\/\/www.youtube.com\/channel\/UC-yDYrHyfFBWWZaOw3FPg9Q"]},{"@type":"Person","@id":"https:\/\/kapitalis.com\/tunisie\/#\/schema\/person\/093913313d3017554cb3ad077fff3fbd","name":"Amina Mkada","url":"https:\/\/kapitalis.com\/tunisie\/author\/amina\/"}]}},"_links":{"self":[{"href":"https:\/\/kapitalis.com\/tunisie\/wp-json\/wp\/v2\/posts\/6174969","targetHints":{"allow":["GET"]}}],"collection":[{"href":"https:\/\/kapitalis.com\/tunisie\/wp-json\/wp\/v2\/posts"}],"about":[{"href":"https:\/\/kapitalis.com\/tunisie\/wp-json\/wp\/v2\/types\/post"}],"author":[{"embeddable":true,"href":"https:\/\/kapitalis.com\/tunisie\/wp-json\/wp\/v2\/users\/22"}],"replies":[{"embeddable":true,"href":"https:\/\/kapitalis.com\/tunisie\/wp-json\/wp\/v2\/comments?post=6174969"}],"version-history":[{"count":72,"href":"https:\/\/kapitalis.com\/tunisie\/wp-json\/wp\/v2\/posts\/6174969\/revisions"}],"predecessor-version":[{"id":6186329,"href":"https:\/\/kapitalis.com\/tunisie\/wp-json\/wp\/v2\/posts\/6174969\/revisions\/6186329"}],"wp:featuredmedia":[{"embeddable":true,"href":"https:\/\/kapitalis.com\/tunisie\/wp-json\/wp\/v2\/media\/6186279"}],"wp:attachment":[{"href":"https:\/\/kapitalis.com\/tunisie\/wp-json\/wp\/v2\/media?parent=6174969"}],"wp:term":[{"taxonomy":"category","embeddable":true,"href":"https:\/\/kapitalis.com\/tunisie\/wp-json\/wp\/v2\/categories?post=6174969"},{"taxonomy":"post_tag","embeddable":true,"href":"https:\/\/kapitalis.com\/tunisie\/wp-json\/wp\/v2\/tags?post=6174969"}],"curies":[{"name":"wp","href":"https:\/\/api.w.org\/{rel}","templated":true}]}}