{"id":6186646,"date":"2023-01-24T09:28:47","date_gmt":"2023-01-24T08:28:47","guid":{"rendered":"https:\/\/kapitalis.com\/tunisie\/?p=6186646"},"modified":"2023-01-24T09:28:48","modified_gmt":"2023-01-24T08:28:48","slug":"ghar-el-melh-1er-site-cotier-de-demonstration-ecohydrologique-de-lunesco-en-afrique","status":"publish","type":"post","link":"https:\/\/kapitalis.com\/tunisie\/2023\/01\/24\/ghar-el-melh-1er-site-cotier-de-demonstration-ecohydrologique-de-lunesco-en-afrique\/","title":{"rendered":"Ghar El Melh,<em> 1<sup>er<\/sup> site c\u00f4tier de d\u00e9monstration \u00e9cohydrologique de l\u2019Unesco en Afrique<\/em>"},"content":{"rendered":"\n<p><strong><em>La lagune de Ghar El Melh (Bizerte) et son observatoire scientifique Omeli ont \u00e9t\u00e9 inclus dans le r\u00e9seau mondial des sites de d\u00e9monstration d\u2019\u00e9cohydrologie par le comit\u00e9 scientifique du Programme hydrologique intergouvernemental (PHI) de l\u2019Organisation des Nations Unies pour l\u2019\u00e9ducation, la science et la culture (Unesco).<\/em><\/strong><\/p>\n\n\n\n<!--more-->\n\n\n\n<p><em>\u00abGhar el Melh devient ainsi le premier site c\u00f4tier de d\u00e9monstration \u00e9cohydrologique de l\u2019Unesco en Afrique et en M\u00e9diterran\u00e9e\u00bb<\/em>, a indiqu\u00e9, lundi 23 janvier 2023, \u00e0 l\u2019agence Tap, Dr Oula Amrouni, chercheuse \u00e0 l\u2019Institut national des sciences et technologies de la mer (INSTM) et coordinatrice r\u00e9gionale du programme Medfriend-Unesco.<\/p>\n\n\n\n<p>Cr\u00e9\u00e9s depuis 2011 par le PHI, les sites de d\u00e9monstrations \u00e9cohydrologiques sont des bassins versants o\u00f9 l\u2019on applique des solutions bas\u00e9es sur la nature favorisant une meilleure gestion durable des \u00e9cosyst\u00e8mes aquatiques.<\/p>\n\n\n\n<p>Les bonnes pratiques d\u2019\u00e9cohydrologie doivent prendre en compte certains aspects dont essentiellement l\u2019am\u00e9lioration de la qualit\u00e9 et la quantit\u00e9 de l\u2019eau ainsi que la pr\u00e9servation de la biodiversit\u00e9.<\/p>\n\n\n\n<p>Selon Dr Amrouni, cette nouvelle classification permettra \u00e0 l\u2019observatoire Omeli de recevoir des fonds et un soutien technique de l\u2019Unesco afin de mener des \u00e9tudes sur la vuln\u00e9rabilit\u00e9 de l\u2019\u00e9cosyst\u00e8me littoral.<\/p>\n\n\n<div class=\"wp-block-image\">\n<figure class=\"aligncenter size-large is-resized\"><img decoding=\"async\" src=\"https:\/\/kapitalis.com\/tunisie\/wp-content\/uploads\/2023\/01\/Ecohydrologie-Ghar-El-Melh-1024x538.jpg\" alt=\"\" class=\"wp-image-6186687\" width=\"600\" srcset=\"https:\/\/kapitalis.com\/tunisie\/wp-content\/uploads\/2023\/01\/Ecohydrologie-Ghar-El-Melh-1024x538.jpg 1024w, https:\/\/kapitalis.com\/tunisie\/wp-content\/uploads\/2023\/01\/Ecohydrologie-Ghar-El-Melh-300x158.jpg 300w, https:\/\/kapitalis.com\/tunisie\/wp-content\/uploads\/2023\/01\/Ecohydrologie-Ghar-El-Melh-768x403.jpg 768w, https:\/\/kapitalis.com\/tunisie\/wp-content\/uploads\/2023\/01\/Ecohydrologie-Ghar-El-Melh-580x305.jpg 580w, https:\/\/kapitalis.com\/tunisie\/wp-content\/uploads\/2023\/01\/Ecohydrologie-Ghar-El-Melh-860x452.jpg 860w, https:\/\/kapitalis.com\/tunisie\/wp-content\/uploads\/2023\/01\/Ecohydrologie-Ghar-El-Melh-1160x609.jpg 1160w, https:\/\/kapitalis.com\/tunisie\/wp-content\/uploads\/2023\/01\/Ecohydrologie-Ghar-El-Melh.jpg 1200w\" sizes=\"(max-width: 1024px) 100vw, 1024px\" \/><\/figure>\n<\/div>\n\n\n<p>Lanc\u00e9 dans le cadre de la collaboration entre l\u2019INSTM, et l\u2019Institut de recherche pour le d\u00e9veloppement (IRD), l\u2019observatoire Omeli vise \u00e0 instaurer une meilleure gestion int\u00e9gr\u00e9e de l\u2019eau dans les zones lagunaires et littorales en M\u00e9diterran\u00e9e et en Afrique.<\/p>\n\n\n\n<p>En 2018, Ghar El Melh est devenue la premi\u00e8re ville arabe et nord-africaine sur la liste des villes Ramsar.<\/p>\n\n\n\n<p>Un site Ramsar est une <em>\u00abzone humaine d\u2019importance internationale\u00bb <\/em>d\u00e9sign\u00e9e par la Convention de Ramsar qui est un trait\u00e9 international pour la conservation et l\u2019utilisation durable des zones humides. Il vise \u00e0 mettre fin \u00e0 la perte progressive de zones humides et de d\u00e9velopper leur r\u00f4le \u00e9conomique, culturel et scientifique et leur valeur r\u00e9cr\u00e9ative.<\/p>\n\n\n\n<p><strong><em>D&rsquo;apr\u00e8s Tap. <\/em><\/strong><\/p>\n","protected":false},"excerpt":{"rendered":"<p>La lagune de Ghar El Melh (Bizerte) inclus dans le r\u00e9seau mondial des sites de d\u00e9monstration d\u2019\u00e9cohydrologie de l&rsquo;Unesco. <\/p>\n","protected":false},"author":8,"featured_media":6186684,"comment_status":"open","ping_status":"open","sticky":false,"template":"","format":"standard","meta":{"footnotes":""},"categories":[995,2433],"tags":[148,106187,106186,106188,79890,102538,62643,1068],"class_list":["post-6186646","post","type-post","status-publish","format-standard","has-post-thumbnail","hentry","category-economie","category-tunisie","tag-bizerte","tag-dr-oula-amrouni","tag-ecohydrologie","tag-ecosystemes-aquatiques","tag-ghar-el-melh-2","tag-ramsar","tag-tunisie","tag-unesco"],"yoast_head":"<!-- This site is optimized with the Yoast SEO plugin v26.6 - https:\/\/yoast.com\/wordpress\/plugins\/seo\/ -->\n<title>Ghar El Melh, 1er site c\u00f4tier de d\u00e9monstration \u00e9cohydrologique de l\u2019Unesco en Afrique - Kapitalis<\/title>\n<meta name=\"robots\" content=\"index, follow, max-snippet:-1, max-image-preview:large, max-video-preview:-1\" \/>\n<link rel=\"canonical\" href=\"https:\/\/kapitalis.com\/tunisie\/2023\/01\/24\/ghar-el-melh-1er-site-cotier-de-demonstration-ecohydrologique-de-lunesco-en-afrique\/\" \/>\n<meta property=\"og:locale\" content=\"fr_FR\" \/>\n<meta property=\"og:type\" content=\"article\" \/>\n<meta property=\"og:title\" content=\"Ghar El Melh, 1er site c\u00f4tier de d\u00e9monstration \u00e9cohydrologique de l\u2019Unesco en Afrique - Kapitalis\" \/>\n<meta property=\"og:description\" content=\"La lagune de Ghar El Melh (Bizerte) inclus dans le r\u00e9seau mondial des sites de d\u00e9monstration d\u2019\u00e9cohydrologie de l&#039;Unesco.\" \/>\n<meta property=\"og:url\" content=\"https:\/\/kapitalis.com\/tunisie\/2023\/01\/24\/ghar-el-melh-1er-site-cotier-de-demonstration-ecohydrologique-de-lunesco-en-afrique\/\" \/>\n<meta property=\"og:site_name\" content=\"Kapitalis\" \/>\n<meta property=\"article:publisher\" content=\"https:\/\/www.facebook.com\/KapitalisInfo\/\" \/>\n<meta property=\"article:published_time\" content=\"2023-01-24T08:28:47+00:00\" \/>\n<meta property=\"article:modified_time\" content=\"2023-01-24T08:28:48+00:00\" \/>\n<meta property=\"og:image\" content=\"https:\/\/kapitalis.com\/tunisie\/wp-content\/uploads\/2023\/01\/Lagune-de-Ghar-El-Melh.jpg\" \/>\n\t<meta property=\"og:image:width\" content=\"1200\" \/>\n\t<meta property=\"og:image:height\" content=\"630\" \/>\n\t<meta property=\"og:image:type\" content=\"image\/jpeg\" \/>\n<meta name=\"author\" content=\"webmaster kapitalis\" \/>\n<meta name=\"twitter:card\" content=\"summary_large_image\" \/>\n<meta name=\"twitter:creator\" content=\"@KapitalisInfo\" \/>\n<meta name=\"twitter:site\" content=\"@KapitalisInfo\" \/>\n<meta name=\"twitter:label1\" content=\"\u00c9crit par\" \/>\n\t<meta name=\"twitter:data1\" content=\"webmaster kapitalis\" \/>\n\t<meta name=\"twitter:label2\" content=\"Dur\u00e9e de lecture estim\u00e9e\" \/>\n\t<meta name=\"twitter:data2\" content=\"2 minutes\" \/>\n<script type=\"application\/ld+json\" class=\"yoast-schema-graph\">{\"@context\":\"https:\/\/schema.org\",\"@graph\":[{\"@type\":\"Article\",\"@id\":\"https:\/\/kapitalis.com\/tunisie\/2023\/01\/24\/ghar-el-melh-1er-site-cotier-de-demonstration-ecohydrologique-de-lunesco-en-afrique\/#article\",\"isPartOf\":{\"@id\":\"https:\/\/kapitalis.com\/tunisie\/2023\/01\/24\/ghar-el-melh-1er-site-cotier-de-demonstration-ecohydrologique-de-lunesco-en-afrique\/\"},\"author\":{\"name\":\"webmaster kapitalis\",\"@id\":\"https:\/\/kapitalis.com\/tunisie\/#\/schema\/person\/d71f33a9ca44f7bad4698210b480c8e9\"},\"headline\":\"Ghar El Melh, 1er site c\u00f4tier de d\u00e9monstration \u00e9cohydrologique de l\u2019Unesco en Afrique\",\"datePublished\":\"2023-01-24T08:28:47+00:00\",\"dateModified\":\"2023-01-24T08:28:48+00:00\",\"mainEntityOfPage\":{\"@id\":\"https:\/\/kapitalis.com\/tunisie\/2023\/01\/24\/ghar-el-melh-1er-site-cotier-de-demonstration-ecohydrologique-de-lunesco-en-afrique\/\"},\"wordCount\":353,\"commentCount\":0,\"publisher\":{\"@id\":\"https:\/\/kapitalis.com\/tunisie\/#organization\"},\"image\":{\"@id\":\"https:\/\/kapitalis.com\/tunisie\/2023\/01\/24\/ghar-el-melh-1er-site-cotier-de-demonstration-ecohydrologique-de-lunesco-en-afrique\/#primaryimage\"},\"thumbnailUrl\":\"https:\/\/kapitalis.com\/tunisie\/wp-content\/uploads\/2023\/01\/Lagune-de-Ghar-El-Melh.jpg\",\"keywords\":[\"Bizerte\",\"Dr Oula Amrouni\",\"\u00e9cohydrologie\",\"\u00e9cosyst\u00e8mes aquatiques\",\"Ghar El Melh\",\"Ramsar\",\"Tunisie\",\"Unesco\"],\"articleSection\":[\"ECONOMIE\",\"Tunisie\"],\"inLanguage\":\"fr-FR\",\"potentialAction\":[{\"@type\":\"CommentAction\",\"name\":\"Comment\",\"target\":[\"https:\/\/kapitalis.com\/tunisie\/2023\/01\/24\/ghar-el-melh-1er-site-cotier-de-demonstration-ecohydrologique-de-lunesco-en-afrique\/#respond\"]}]},{\"@type\":\"WebPage\",\"@id\":\"https:\/\/kapitalis.com\/tunisie\/2023\/01\/24\/ghar-el-melh-1er-site-cotier-de-demonstration-ecohydrologique-de-lunesco-en-afrique\/\",\"url\":\"https:\/\/kapitalis.com\/tunisie\/2023\/01\/24\/ghar-el-melh-1er-site-cotier-de-demonstration-ecohydrologique-de-lunesco-en-afrique\/\",\"name\":\"Ghar El Melh, 1er site c\u00f4tier de d\u00e9monstration \u00e9cohydrologique de l\u2019Unesco en Afrique - Kapitalis\",\"isPartOf\":{\"@id\":\"https:\/\/kapitalis.com\/tunisie\/#website\"},\"primaryImageOfPage\":{\"@id\":\"https:\/\/kapitalis.com\/tunisie\/2023\/01\/24\/ghar-el-melh-1er-site-cotier-de-demonstration-ecohydrologique-de-lunesco-en-afrique\/#primaryimage\"},\"image\":{\"@id\":\"https:\/\/kapitalis.com\/tunisie\/2023\/01\/24\/ghar-el-melh-1er-site-cotier-de-demonstration-ecohydrologique-de-lunesco-en-afrique\/#primaryimage\"},\"thumbnailUrl\":\"https:\/\/kapitalis.com\/tunisie\/wp-content\/uploads\/2023\/01\/Lagune-de-Ghar-El-Melh.jpg\",\"datePublished\":\"2023-01-24T08:28:47+00:00\",\"dateModified\":\"2023-01-24T08:28:48+00:00\",\"breadcrumb\":{\"@id\":\"https:\/\/kapitalis.com\/tunisie\/2023\/01\/24\/ghar-el-melh-1er-site-cotier-de-demonstration-ecohydrologique-de-lunesco-en-afrique\/#breadcrumb\"},\"inLanguage\":\"fr-FR\",\"potentialAction\":[{\"@type\":\"ReadAction\",\"target\":[\"https:\/\/kapitalis.com\/tunisie\/2023\/01\/24\/ghar-el-melh-1er-site-cotier-de-demonstration-ecohydrologique-de-lunesco-en-afrique\/\"]}]},{\"@type\":\"ImageObject\",\"inLanguage\":\"fr-FR\",\"@id\":\"https:\/\/kapitalis.com\/tunisie\/2023\/01\/24\/ghar-el-melh-1er-site-cotier-de-demonstration-ecohydrologique-de-lunesco-en-afrique\/#primaryimage\",\"url\":\"https:\/\/kapitalis.com\/tunisie\/wp-content\/uploads\/2023\/01\/Lagune-de-Ghar-El-Melh.jpg\",\"contentUrl\":\"https:\/\/kapitalis.com\/tunisie\/wp-content\/uploads\/2023\/01\/Lagune-de-Ghar-El-Melh.jpg\",\"width\":1200,\"height\":630},{\"@type\":\"BreadcrumbList\",\"@id\":\"https:\/\/kapitalis.com\/tunisie\/2023\/01\/24\/ghar-el-melh-1er-site-cotier-de-demonstration-ecohydrologique-de-lunesco-en-afrique\/#breadcrumb\",\"itemListElement\":[{\"@type\":\"ListItem\",\"position\":1,\"name\":\"Accueil\",\"item\":\"https:\/\/kapitalis.com\/tunisie\/\"},{\"@type\":\"ListItem\",\"position\":2,\"name\":\"Ghar El Melh, 1er site c\u00f4tier de d\u00e9monstration \u00e9cohydrologique de l\u2019Unesco en Afrique\"}]},{\"@type\":\"WebSite\",\"@id\":\"https:\/\/kapitalis.com\/tunisie\/#website\",\"url\":\"https:\/\/kapitalis.com\/tunisie\/\",\"name\":\"Kapitalis\",\"description\":\"L&#039;actualit\u00e9 en Tunisie et dans le monde\",\"publisher\":{\"@id\":\"https:\/\/kapitalis.com\/tunisie\/#organization\"},\"potentialAction\":[{\"@type\":\"SearchAction\",\"target\":{\"@type\":\"EntryPoint\",\"urlTemplate\":\"https:\/\/kapitalis.com\/tunisie\/?s={search_term_string}\"},\"query-input\":{\"@type\":\"PropertyValueSpecification\",\"valueRequired\":true,\"valueName\":\"search_term_string\"}}],\"inLanguage\":\"fr-FR\"},{\"@type\":\"Organization\",\"@id\":\"https:\/\/kapitalis.com\/tunisie\/#organization\",\"name\":\"Kapitalis\",\"url\":\"https:\/\/kapitalis.com\/tunisie\/\",\"logo\":{\"@type\":\"ImageObject\",\"inLanguage\":\"fr-FR\",\"@id\":\"https:\/\/kapitalis.com\/tunisie\/#\/schema\/logo\/image\/\",\"url\":\"https:\/\/kapitalis.com\/tunisie\/wp-content\/uploads\/2022\/05\/Kapitalis-big-size.png\",\"contentUrl\":\"https:\/\/kapitalis.com\/tunisie\/wp-content\/uploads\/2022\/05\/Kapitalis-big-size.png\",\"width\":5000,\"height\":1500,\"caption\":\"Kapitalis\"},\"image\":{\"@id\":\"https:\/\/kapitalis.com\/tunisie\/#\/schema\/logo\/image\/\"},\"sameAs\":[\"https:\/\/www.facebook.com\/KapitalisInfo\/\",\"https:\/\/x.com\/KapitalisInfo\",\"https:\/\/www.youtube.com\/channel\/UC-yDYrHyfFBWWZaOw3FPg9Q\"]},{\"@type\":\"Person\",\"@id\":\"https:\/\/kapitalis.com\/tunisie\/#\/schema\/person\/d71f33a9ca44f7bad4698210b480c8e9\",\"name\":\"webmaster kapitalis\",\"url\":\"https:\/\/kapitalis.com\/tunisie\/author\/webmaster-kapitalis\/\"}]}<\/script>\n<!-- \/ Yoast SEO plugin. -->","yoast_head_json":{"title":"Ghar El Melh, 1er site c\u00f4tier de d\u00e9monstration \u00e9cohydrologique de l\u2019Unesco en Afrique - Kapitalis","robots":{"index":"index","follow":"follow","max-snippet":"max-snippet:-1","max-image-preview":"max-image-preview:large","max-video-preview":"max-video-preview:-1"},"canonical":"https:\/\/kapitalis.com\/tunisie\/2023\/01\/24\/ghar-el-melh-1er-site-cotier-de-demonstration-ecohydrologique-de-lunesco-en-afrique\/","og_locale":"fr_FR","og_type":"article","og_title":"Ghar El Melh, 1er site c\u00f4tier de d\u00e9monstration \u00e9cohydrologique de l\u2019Unesco en Afrique - Kapitalis","og_description":"La lagune de Ghar El Melh (Bizerte) inclus dans le r\u00e9seau mondial des sites de d\u00e9monstration d\u2019\u00e9cohydrologie de l'Unesco.","og_url":"https:\/\/kapitalis.com\/tunisie\/2023\/01\/24\/ghar-el-melh-1er-site-cotier-de-demonstration-ecohydrologique-de-lunesco-en-afrique\/","og_site_name":"Kapitalis","article_publisher":"https:\/\/www.facebook.com\/KapitalisInfo\/","article_published_time":"2023-01-24T08:28:47+00:00","article_modified_time":"2023-01-24T08:28:48+00:00","og_image":[{"width":1200,"height":630,"url":"https:\/\/kapitalis.com\/tunisie\/wp-content\/uploads\/2023\/01\/Lagune-de-Ghar-El-Melh.jpg","type":"image\/jpeg"}],"author":"webmaster kapitalis","twitter_card":"summary_large_image","twitter_creator":"@KapitalisInfo","twitter_site":"@KapitalisInfo","twitter_misc":{"\u00c9crit par":"webmaster kapitalis","Dur\u00e9e de lecture estim\u00e9e":"2 minutes"},"schema":{"@context":"https:\/\/schema.org","@graph":[{"@type":"Article","@id":"https:\/\/kapitalis.com\/tunisie\/2023\/01\/24\/ghar-el-melh-1er-site-cotier-de-demonstration-ecohydrologique-de-lunesco-en-afrique\/#article","isPartOf":{"@id":"https:\/\/kapitalis.com\/tunisie\/2023\/01\/24\/ghar-el-melh-1er-site-cotier-de-demonstration-ecohydrologique-de-lunesco-en-afrique\/"},"author":{"name":"webmaster kapitalis","@id":"https:\/\/kapitalis.com\/tunisie\/#\/schema\/person\/d71f33a9ca44f7bad4698210b480c8e9"},"headline":"Ghar El Melh, 1er site c\u00f4tier de d\u00e9monstration \u00e9cohydrologique de l\u2019Unesco en Afrique","datePublished":"2023-01-24T08:28:47+00:00","dateModified":"2023-01-24T08:28:48+00:00","mainEntityOfPage":{"@id":"https:\/\/kapitalis.com\/tunisie\/2023\/01\/24\/ghar-el-melh-1er-site-cotier-de-demonstration-ecohydrologique-de-lunesco-en-afrique\/"},"wordCount":353,"commentCount":0,"publisher":{"@id":"https:\/\/kapitalis.com\/tunisie\/#organization"},"image":{"@id":"https:\/\/kapitalis.com\/tunisie\/2023\/01\/24\/ghar-el-melh-1er-site-cotier-de-demonstration-ecohydrologique-de-lunesco-en-afrique\/#primaryimage"},"thumbnailUrl":"https:\/\/kapitalis.com\/tunisie\/wp-content\/uploads\/2023\/01\/Lagune-de-Ghar-El-Melh.jpg","keywords":["Bizerte","Dr Oula Amrouni","\u00e9cohydrologie","\u00e9cosyst\u00e8mes aquatiques","Ghar El Melh","Ramsar","Tunisie","Unesco"],"articleSection":["ECONOMIE","Tunisie"],"inLanguage":"fr-FR","potentialAction":[{"@type":"CommentAction","name":"Comment","target":["https:\/\/kapitalis.com\/tunisie\/2023\/01\/24\/ghar-el-melh-1er-site-cotier-de-demonstration-ecohydrologique-de-lunesco-en-afrique\/#respond"]}]},{"@type":"WebPage","@id":"https:\/\/kapitalis.com\/tunisie\/2023\/01\/24\/ghar-el-melh-1er-site-cotier-de-demonstration-ecohydrologique-de-lunesco-en-afrique\/","url":"https:\/\/kapitalis.com\/tunisie\/2023\/01\/24\/ghar-el-melh-1er-site-cotier-de-demonstration-ecohydrologique-de-lunesco-en-afrique\/","name":"Ghar El Melh, 1er site c\u00f4tier de d\u00e9monstration \u00e9cohydrologique de l\u2019Unesco en Afrique - Kapitalis","isPartOf":{"@id":"https:\/\/kapitalis.com\/tunisie\/#website"},"primaryImageOfPage":{"@id":"https:\/\/kapitalis.com\/tunisie\/2023\/01\/24\/ghar-el-melh-1er-site-cotier-de-demonstration-ecohydrologique-de-lunesco-en-afrique\/#primaryimage"},"image":{"@id":"https:\/\/kapitalis.com\/tunisie\/2023\/01\/24\/ghar-el-melh-1er-site-cotier-de-demonstration-ecohydrologique-de-lunesco-en-afrique\/#primaryimage"},"thumbnailUrl":"https:\/\/kapitalis.com\/tunisie\/wp-content\/uploads\/2023\/01\/Lagune-de-Ghar-El-Melh.jpg","datePublished":"2023-01-24T08:28:47+00:00","dateModified":"2023-01-24T08:28:48+00:00","breadcrumb":{"@id":"https:\/\/kapitalis.com\/tunisie\/2023\/01\/24\/ghar-el-melh-1er-site-cotier-de-demonstration-ecohydrologique-de-lunesco-en-afrique\/#breadcrumb"},"inLanguage":"fr-FR","potentialAction":[{"@type":"ReadAction","target":["https:\/\/kapitalis.com\/tunisie\/2023\/01\/24\/ghar-el-melh-1er-site-cotier-de-demonstration-ecohydrologique-de-lunesco-en-afrique\/"]}]},{"@type":"ImageObject","inLanguage":"fr-FR","@id":"https:\/\/kapitalis.com\/tunisie\/2023\/01\/24\/ghar-el-melh-1er-site-cotier-de-demonstration-ecohydrologique-de-lunesco-en-afrique\/#primaryimage","url":"https:\/\/kapitalis.com\/tunisie\/wp-content\/uploads\/2023\/01\/Lagune-de-Ghar-El-Melh.jpg","contentUrl":"https:\/\/kapitalis.com\/tunisie\/wp-content\/uploads\/2023\/01\/Lagune-de-Ghar-El-Melh.jpg","width":1200,"height":630},{"@type":"BreadcrumbList","@id":"https:\/\/kapitalis.com\/tunisie\/2023\/01\/24\/ghar-el-melh-1er-site-cotier-de-demonstration-ecohydrologique-de-lunesco-en-afrique\/#breadcrumb","itemListElement":[{"@type":"ListItem","position":1,"name":"Accueil","item":"https:\/\/kapitalis.com\/tunisie\/"},{"@type":"ListItem","position":2,"name":"Ghar El Melh, 1er site c\u00f4tier de d\u00e9monstration \u00e9cohydrologique de l\u2019Unesco en Afrique"}]},{"@type":"WebSite","@id":"https:\/\/kapitalis.com\/tunisie\/#website","url":"https:\/\/kapitalis.com\/tunisie\/","name":"Kapitalis","description":"L&#039;actualit\u00e9 en Tunisie et dans le monde","publisher":{"@id":"https:\/\/kapitalis.com\/tunisie\/#organization"},"potentialAction":[{"@type":"SearchAction","target":{"@type":"EntryPoint","urlTemplate":"https:\/\/kapitalis.com\/tunisie\/?s={search_term_string}"},"query-input":{"@type":"PropertyValueSpecification","valueRequired":true,"valueName":"search_term_string"}}],"inLanguage":"fr-FR"},{"@type":"Organization","@id":"https:\/\/kapitalis.com\/tunisie\/#organization","name":"Kapitalis","url":"https:\/\/kapitalis.com\/tunisie\/","logo":{"@type":"ImageObject","inLanguage":"fr-FR","@id":"https:\/\/kapitalis.com\/tunisie\/#\/schema\/logo\/image\/","url":"https:\/\/kapitalis.com\/tunisie\/wp-content\/uploads\/2022\/05\/Kapitalis-big-size.png","contentUrl":"https:\/\/kapitalis.com\/tunisie\/wp-content\/uploads\/2022\/05\/Kapitalis-big-size.png","width":5000,"height":1500,"caption":"Kapitalis"},"image":{"@id":"https:\/\/kapitalis.com\/tunisie\/#\/schema\/logo\/image\/"},"sameAs":["https:\/\/www.facebook.com\/KapitalisInfo\/","https:\/\/x.com\/KapitalisInfo","https:\/\/www.youtube.com\/channel\/UC-yDYrHyfFBWWZaOw3FPg9Q"]},{"@type":"Person","@id":"https:\/\/kapitalis.com\/tunisie\/#\/schema\/person\/d71f33a9ca44f7bad4698210b480c8e9","name":"webmaster kapitalis","url":"https:\/\/kapitalis.com\/tunisie\/author\/webmaster-kapitalis\/"}]}},"_links":{"self":[{"href":"https:\/\/kapitalis.com\/tunisie\/wp-json\/wp\/v2\/posts\/6186646","targetHints":{"allow":["GET"]}}],"collection":[{"href":"https:\/\/kapitalis.com\/tunisie\/wp-json\/wp\/v2\/posts"}],"about":[{"href":"https:\/\/kapitalis.com\/tunisie\/wp-json\/wp\/v2\/types\/post"}],"author":[{"embeddable":true,"href":"https:\/\/kapitalis.com\/tunisie\/wp-json\/wp\/v2\/users\/8"}],"replies":[{"embeddable":true,"href":"https:\/\/kapitalis.com\/tunisie\/wp-json\/wp\/v2\/comments?post=6186646"}],"version-history":[{"count":1,"href":"https:\/\/kapitalis.com\/tunisie\/wp-json\/wp\/v2\/posts\/6186646\/revisions"}],"predecessor-version":[{"id":6186692,"href":"https:\/\/kapitalis.com\/tunisie\/wp-json\/wp\/v2\/posts\/6186646\/revisions\/6186692"}],"wp:featuredmedia":[{"embeddable":true,"href":"https:\/\/kapitalis.com\/tunisie\/wp-json\/wp\/v2\/media\/6186684"}],"wp:attachment":[{"href":"https:\/\/kapitalis.com\/tunisie\/wp-json\/wp\/v2\/media?parent=6186646"}],"wp:term":[{"taxonomy":"category","embeddable":true,"href":"https:\/\/kapitalis.com\/tunisie\/wp-json\/wp\/v2\/categories?post=6186646"},{"taxonomy":"post_tag","embeddable":true,"href":"https:\/\/kapitalis.com\/tunisie\/wp-json\/wp\/v2\/tags?post=6186646"}],"curies":[{"name":"wp","href":"https:\/\/api.w.org\/{rel}","templated":true}]}}