{"id":6186897,"date":"2023-01-24T10:26:06","date_gmt":"2023-01-24T09:26:06","guid":{"rendered":"https:\/\/kapitalis.com\/tunisie\/?p=6186897"},"modified":"2023-01-24T10:26:09","modified_gmt":"2023-01-24T09:26:09","slug":"une-belle-participation-tunisienne-au-festival-du-film-africain-de-louxor-2","status":"publish","type":"post","link":"https:\/\/kapitalis.com\/tunisie\/2023\/01\/24\/une-belle-participation-tunisienne-au-festival-du-film-africain-de-louxor-2\/","title":{"rendered":"Une belle participation tunisienne au Festival du Film africain de Louxor"},"content":{"rendered":"\n<p><em><strong>La Tunisie sera pr\u00e9sente cette ann\u00e9e au Luxor African Film Festival en Egypte aussi bien dans le jury que dans les diff\u00e9rentes sections du festival.<\/strong><\/em><\/p>\n\n\n\n<!--more-->\n\n\n\n<p>La cin\u00e9aste, universitaire, \u00e9crivaine et ancienne directrice des JCC Sonia Chamkhi fera partie du jury de la 12<sup>e<\/sup> \u00e9dition du Festival international du Film africain de Louxor qui aura lieu du 4 au 10 f\u00e9vrier 2023.<\/p>\n\n\n\n<p>Le festival \u00e9gyptien rendra aussi hommage au grand acteur tunisien Hichem Rostom, qui nous a quitt\u00e9 en juin dernier. Le cin\u00e9ma tunisien sera aussi pr\u00e9sent dans les diff\u00e9rentes sections du programme des projections, notamment avec \u00ab\u00a0<em>Harka<\/em>\u00a0\u00bb de lotfy Nathan qui fera partie de la comp\u00e9tition des films de la diaspora.<\/p>\n\n\n\n<p>\u00ab<em>\u00a0El Gotra<\/em>\u00a0\u00bb de Younes Ben Hajria sera \u00e9galement en comp\u00e9tition officielle.<\/p>\n\n\n\n<p class=\"has-text-align-right\"><strong>F.B<\/strong><\/p>\n","protected":false},"excerpt":{"rendered":"<p>La Tunisie sera pr\u00e9sente cette ann\u00e9e au Luxor African Film Festival en Egypte aussi bien dans le jury que dans les diff\u00e9rentes sections du festival.<\/p>\n","protected":false},"author":26,"featured_media":6187066,"comment_status":"open","ping_status":"open","sticky":false,"template":"","format":"standard","meta":{"footnotes":""},"categories":[994,2433],"tags":[9668,2379,106193,99165,106127,14506,62643],"class_list":["post-6186897","post","type-post","status-publish","format-standard","has-post-thumbnail","hentry","category-culture","category-tunisie","tag-cinema-tunisien","tag-egypte","tag-el-gotra","tag-harka","tag-luxor-film-festival","tag-sonia-chamkhi","tag-tunisie"],"yoast_head":"<!-- This site is optimized with the Yoast SEO plugin v26.6 - https:\/\/yoast.com\/wordpress\/plugins\/seo\/ -->\n<title>Une belle participation tunisienne au Festival du Film africain de Louxor - Kapitalis<\/title>\n<meta name=\"robots\" content=\"index, follow, max-snippet:-1, max-image-preview:large, max-video-preview:-1\" \/>\n<link rel=\"canonical\" href=\"https:\/\/kapitalis.com\/tunisie\/2023\/01\/24\/une-belle-participation-tunisienne-au-festival-du-film-africain-de-louxor-2\/\" \/>\n<meta property=\"og:locale\" content=\"fr_FR\" \/>\n<meta property=\"og:type\" content=\"article\" \/>\n<meta property=\"og:title\" content=\"Une belle participation tunisienne au Festival du Film africain de Louxor - Kapitalis\" \/>\n<meta property=\"og:description\" content=\"La Tunisie sera pr\u00e9sente cette ann\u00e9e au Luxor African Film Festival en Egypte aussi bien dans le jury que dans les diff\u00e9rentes sections du festival.\" \/>\n<meta property=\"og:url\" content=\"https:\/\/kapitalis.com\/tunisie\/2023\/01\/24\/une-belle-participation-tunisienne-au-festival-du-film-africain-de-louxor-2\/\" \/>\n<meta property=\"og:site_name\" content=\"Kapitalis\" \/>\n<meta property=\"article:publisher\" content=\"https:\/\/www.facebook.com\/KapitalisInfo\/\" \/>\n<meta property=\"article:published_time\" content=\"2023-01-24T09:26:06+00:00\" \/>\n<meta property=\"article:modified_time\" content=\"2023-01-24T09:26:09+00:00\" \/>\n<meta property=\"og:image\" content=\"https:\/\/kapitalis.com\/tunisie\/wp-content\/uploads\/2023\/01\/Luxor-Film-Festival.jpg\" \/>\n\t<meta property=\"og:image:width\" content=\"1200\" \/>\n\t<meta property=\"og:image:height\" content=\"630\" \/>\n\t<meta property=\"og:image:type\" content=\"image\/jpeg\" \/>\n<meta name=\"author\" content=\"Fawz BenAli\" \/>\n<meta name=\"twitter:card\" content=\"summary_large_image\" \/>\n<meta name=\"twitter:creator\" content=\"@KapitalisInfo\" \/>\n<meta name=\"twitter:site\" content=\"@KapitalisInfo\" \/>\n<meta name=\"twitter:label1\" content=\"\u00c9crit par\" \/>\n\t<meta name=\"twitter:data1\" content=\"Fawz BenAli\" \/>\n\t<meta name=\"twitter:label2\" content=\"Dur\u00e9e de lecture estim\u00e9e\" \/>\n\t<meta name=\"twitter:data2\" content=\"1 minute\" \/>\n<script type=\"application\/ld+json\" class=\"yoast-schema-graph\">{\"@context\":\"https:\/\/schema.org\",\"@graph\":[{\"@type\":\"Article\",\"@id\":\"https:\/\/kapitalis.com\/tunisie\/2023\/01\/24\/une-belle-participation-tunisienne-au-festival-du-film-africain-de-louxor-2\/#article\",\"isPartOf\":{\"@id\":\"https:\/\/kapitalis.com\/tunisie\/2023\/01\/24\/une-belle-participation-tunisienne-au-festival-du-film-africain-de-louxor-2\/\"},\"author\":{\"name\":\"Fawz BenAli\",\"@id\":\"https:\/\/kapitalis.com\/tunisie\/#\/schema\/person\/73a5ecc1f6ae540c6ed91342eadca948\"},\"headline\":\"Une belle participation tunisienne au Festival du Film africain de Louxor\",\"datePublished\":\"2023-01-24T09:26:06+00:00\",\"dateModified\":\"2023-01-24T09:26:09+00:00\",\"mainEntityOfPage\":{\"@id\":\"https:\/\/kapitalis.com\/tunisie\/2023\/01\/24\/une-belle-participation-tunisienne-au-festival-du-film-africain-de-louxor-2\/\"},\"wordCount\":142,\"commentCount\":0,\"publisher\":{\"@id\":\"https:\/\/kapitalis.com\/tunisie\/#organization\"},\"image\":{\"@id\":\"https:\/\/kapitalis.com\/tunisie\/2023\/01\/24\/une-belle-participation-tunisienne-au-festival-du-film-africain-de-louxor-2\/#primaryimage\"},\"thumbnailUrl\":\"https:\/\/kapitalis.com\/tunisie\/wp-content\/uploads\/2023\/01\/Luxor-Film-Festival.jpg\",\"keywords\":[\"cin\u00e9ma tunisien\",\"Egypte\",\"El Gotra\",\"Harka\",\"Luxor Film Festival\",\"Sonia Chamkhi\",\"Tunisie\"],\"articleSection\":[\"CULTURE\",\"Tunisie\"],\"inLanguage\":\"fr-FR\",\"potentialAction\":[{\"@type\":\"CommentAction\",\"name\":\"Comment\",\"target\":[\"https:\/\/kapitalis.com\/tunisie\/2023\/01\/24\/une-belle-participation-tunisienne-au-festival-du-film-africain-de-louxor-2\/#respond\"]}]},{\"@type\":\"WebPage\",\"@id\":\"https:\/\/kapitalis.com\/tunisie\/2023\/01\/24\/une-belle-participation-tunisienne-au-festival-du-film-africain-de-louxor-2\/\",\"url\":\"https:\/\/kapitalis.com\/tunisie\/2023\/01\/24\/une-belle-participation-tunisienne-au-festival-du-film-africain-de-louxor-2\/\",\"name\":\"Une belle participation tunisienne au Festival du Film africain de Louxor - Kapitalis\",\"isPartOf\":{\"@id\":\"https:\/\/kapitalis.com\/tunisie\/#website\"},\"primaryImageOfPage\":{\"@id\":\"https:\/\/kapitalis.com\/tunisie\/2023\/01\/24\/une-belle-participation-tunisienne-au-festival-du-film-africain-de-louxor-2\/#primaryimage\"},\"image\":{\"@id\":\"https:\/\/kapitalis.com\/tunisie\/2023\/01\/24\/une-belle-participation-tunisienne-au-festival-du-film-africain-de-louxor-2\/#primaryimage\"},\"thumbnailUrl\":\"https:\/\/kapitalis.com\/tunisie\/wp-content\/uploads\/2023\/01\/Luxor-Film-Festival.jpg\",\"datePublished\":\"2023-01-24T09:26:06+00:00\",\"dateModified\":\"2023-01-24T09:26:09+00:00\",\"breadcrumb\":{\"@id\":\"https:\/\/kapitalis.com\/tunisie\/2023\/01\/24\/une-belle-participation-tunisienne-au-festival-du-film-africain-de-louxor-2\/#breadcrumb\"},\"inLanguage\":\"fr-FR\",\"potentialAction\":[{\"@type\":\"ReadAction\",\"target\":[\"https:\/\/kapitalis.com\/tunisie\/2023\/01\/24\/une-belle-participation-tunisienne-au-festival-du-film-africain-de-louxor-2\/\"]}]},{\"@type\":\"ImageObject\",\"inLanguage\":\"fr-FR\",\"@id\":\"https:\/\/kapitalis.com\/tunisie\/2023\/01\/24\/une-belle-participation-tunisienne-au-festival-du-film-africain-de-louxor-2\/#primaryimage\",\"url\":\"https:\/\/kapitalis.com\/tunisie\/wp-content\/uploads\/2023\/01\/Luxor-Film-Festival.jpg\",\"contentUrl\":\"https:\/\/kapitalis.com\/tunisie\/wp-content\/uploads\/2023\/01\/Luxor-Film-Festival.jpg\",\"width\":1200,\"height\":630},{\"@type\":\"BreadcrumbList\",\"@id\":\"https:\/\/kapitalis.com\/tunisie\/2023\/01\/24\/une-belle-participation-tunisienne-au-festival-du-film-africain-de-louxor-2\/#breadcrumb\",\"itemListElement\":[{\"@type\":\"ListItem\",\"position\":1,\"name\":\"Accueil\",\"item\":\"https:\/\/kapitalis.com\/tunisie\/\"},{\"@type\":\"ListItem\",\"position\":2,\"name\":\"Une belle participation tunisienne au Festival du Film africain de Louxor\"}]},{\"@type\":\"WebSite\",\"@id\":\"https:\/\/kapitalis.com\/tunisie\/#website\",\"url\":\"https:\/\/kapitalis.com\/tunisie\/\",\"name\":\"Kapitalis\",\"description\":\"L&#039;actualit\u00e9 en Tunisie et dans le monde\",\"publisher\":{\"@id\":\"https:\/\/kapitalis.com\/tunisie\/#organization\"},\"potentialAction\":[{\"@type\":\"SearchAction\",\"target\":{\"@type\":\"EntryPoint\",\"urlTemplate\":\"https:\/\/kapitalis.com\/tunisie\/?s={search_term_string}\"},\"query-input\":{\"@type\":\"PropertyValueSpecification\",\"valueRequired\":true,\"valueName\":\"search_term_string\"}}],\"inLanguage\":\"fr-FR\"},{\"@type\":\"Organization\",\"@id\":\"https:\/\/kapitalis.com\/tunisie\/#organization\",\"name\":\"Kapitalis\",\"url\":\"https:\/\/kapitalis.com\/tunisie\/\",\"logo\":{\"@type\":\"ImageObject\",\"inLanguage\":\"fr-FR\",\"@id\":\"https:\/\/kapitalis.com\/tunisie\/#\/schema\/logo\/image\/\",\"url\":\"https:\/\/kapitalis.com\/tunisie\/wp-content\/uploads\/2022\/05\/Kapitalis-big-size.png\",\"contentUrl\":\"https:\/\/kapitalis.com\/tunisie\/wp-content\/uploads\/2022\/05\/Kapitalis-big-size.png\",\"width\":5000,\"height\":1500,\"caption\":\"Kapitalis\"},\"image\":{\"@id\":\"https:\/\/kapitalis.com\/tunisie\/#\/schema\/logo\/image\/\"},\"sameAs\":[\"https:\/\/www.facebook.com\/KapitalisInfo\/\",\"https:\/\/x.com\/KapitalisInfo\",\"https:\/\/www.youtube.com\/channel\/UC-yDYrHyfFBWWZaOw3FPg9Q\"]},{\"@type\":\"Person\",\"@id\":\"https:\/\/kapitalis.com\/tunisie\/#\/schema\/person\/73a5ecc1f6ae540c6ed91342eadca948\",\"name\":\"Fawz BenAli\",\"url\":\"https:\/\/kapitalis.com\/tunisie\/author\/fawz\/\"}]}<\/script>\n<!-- \/ Yoast SEO plugin. -->","yoast_head_json":{"title":"Une belle participation tunisienne au Festival du Film africain de Louxor - Kapitalis","robots":{"index":"index","follow":"follow","max-snippet":"max-snippet:-1","max-image-preview":"max-image-preview:large","max-video-preview":"max-video-preview:-1"},"canonical":"https:\/\/kapitalis.com\/tunisie\/2023\/01\/24\/une-belle-participation-tunisienne-au-festival-du-film-africain-de-louxor-2\/","og_locale":"fr_FR","og_type":"article","og_title":"Une belle participation tunisienne au Festival du Film africain de Louxor - Kapitalis","og_description":"La Tunisie sera pr\u00e9sente cette ann\u00e9e au Luxor African Film Festival en Egypte aussi bien dans le jury que dans les diff\u00e9rentes sections du festival.","og_url":"https:\/\/kapitalis.com\/tunisie\/2023\/01\/24\/une-belle-participation-tunisienne-au-festival-du-film-africain-de-louxor-2\/","og_site_name":"Kapitalis","article_publisher":"https:\/\/www.facebook.com\/KapitalisInfo\/","article_published_time":"2023-01-24T09:26:06+00:00","article_modified_time":"2023-01-24T09:26:09+00:00","og_image":[{"width":1200,"height":630,"url":"https:\/\/kapitalis.com\/tunisie\/wp-content\/uploads\/2023\/01\/Luxor-Film-Festival.jpg","type":"image\/jpeg"}],"author":"Fawz BenAli","twitter_card":"summary_large_image","twitter_creator":"@KapitalisInfo","twitter_site":"@KapitalisInfo","twitter_misc":{"\u00c9crit par":"Fawz BenAli","Dur\u00e9e de lecture estim\u00e9e":"1 minute"},"schema":{"@context":"https:\/\/schema.org","@graph":[{"@type":"Article","@id":"https:\/\/kapitalis.com\/tunisie\/2023\/01\/24\/une-belle-participation-tunisienne-au-festival-du-film-africain-de-louxor-2\/#article","isPartOf":{"@id":"https:\/\/kapitalis.com\/tunisie\/2023\/01\/24\/une-belle-participation-tunisienne-au-festival-du-film-africain-de-louxor-2\/"},"author":{"name":"Fawz BenAli","@id":"https:\/\/kapitalis.com\/tunisie\/#\/schema\/person\/73a5ecc1f6ae540c6ed91342eadca948"},"headline":"Une belle participation tunisienne au Festival du Film africain de Louxor","datePublished":"2023-01-24T09:26:06+00:00","dateModified":"2023-01-24T09:26:09+00:00","mainEntityOfPage":{"@id":"https:\/\/kapitalis.com\/tunisie\/2023\/01\/24\/une-belle-participation-tunisienne-au-festival-du-film-africain-de-louxor-2\/"},"wordCount":142,"commentCount":0,"publisher":{"@id":"https:\/\/kapitalis.com\/tunisie\/#organization"},"image":{"@id":"https:\/\/kapitalis.com\/tunisie\/2023\/01\/24\/une-belle-participation-tunisienne-au-festival-du-film-africain-de-louxor-2\/#primaryimage"},"thumbnailUrl":"https:\/\/kapitalis.com\/tunisie\/wp-content\/uploads\/2023\/01\/Luxor-Film-Festival.jpg","keywords":["cin\u00e9ma tunisien","Egypte","El Gotra","Harka","Luxor Film Festival","Sonia Chamkhi","Tunisie"],"articleSection":["CULTURE","Tunisie"],"inLanguage":"fr-FR","potentialAction":[{"@type":"CommentAction","name":"Comment","target":["https:\/\/kapitalis.com\/tunisie\/2023\/01\/24\/une-belle-participation-tunisienne-au-festival-du-film-africain-de-louxor-2\/#respond"]}]},{"@type":"WebPage","@id":"https:\/\/kapitalis.com\/tunisie\/2023\/01\/24\/une-belle-participation-tunisienne-au-festival-du-film-africain-de-louxor-2\/","url":"https:\/\/kapitalis.com\/tunisie\/2023\/01\/24\/une-belle-participation-tunisienne-au-festival-du-film-africain-de-louxor-2\/","name":"Une belle participation tunisienne au Festival du Film africain de Louxor - Kapitalis","isPartOf":{"@id":"https:\/\/kapitalis.com\/tunisie\/#website"},"primaryImageOfPage":{"@id":"https:\/\/kapitalis.com\/tunisie\/2023\/01\/24\/une-belle-participation-tunisienne-au-festival-du-film-africain-de-louxor-2\/#primaryimage"},"image":{"@id":"https:\/\/kapitalis.com\/tunisie\/2023\/01\/24\/une-belle-participation-tunisienne-au-festival-du-film-africain-de-louxor-2\/#primaryimage"},"thumbnailUrl":"https:\/\/kapitalis.com\/tunisie\/wp-content\/uploads\/2023\/01\/Luxor-Film-Festival.jpg","datePublished":"2023-01-24T09:26:06+00:00","dateModified":"2023-01-24T09:26:09+00:00","breadcrumb":{"@id":"https:\/\/kapitalis.com\/tunisie\/2023\/01\/24\/une-belle-participation-tunisienne-au-festival-du-film-africain-de-louxor-2\/#breadcrumb"},"inLanguage":"fr-FR","potentialAction":[{"@type":"ReadAction","target":["https:\/\/kapitalis.com\/tunisie\/2023\/01\/24\/une-belle-participation-tunisienne-au-festival-du-film-africain-de-louxor-2\/"]}]},{"@type":"ImageObject","inLanguage":"fr-FR","@id":"https:\/\/kapitalis.com\/tunisie\/2023\/01\/24\/une-belle-participation-tunisienne-au-festival-du-film-africain-de-louxor-2\/#primaryimage","url":"https:\/\/kapitalis.com\/tunisie\/wp-content\/uploads\/2023\/01\/Luxor-Film-Festival.jpg","contentUrl":"https:\/\/kapitalis.com\/tunisie\/wp-content\/uploads\/2023\/01\/Luxor-Film-Festival.jpg","width":1200,"height":630},{"@type":"BreadcrumbList","@id":"https:\/\/kapitalis.com\/tunisie\/2023\/01\/24\/une-belle-participation-tunisienne-au-festival-du-film-africain-de-louxor-2\/#breadcrumb","itemListElement":[{"@type":"ListItem","position":1,"name":"Accueil","item":"https:\/\/kapitalis.com\/tunisie\/"},{"@type":"ListItem","position":2,"name":"Une belle participation tunisienne au Festival du Film africain de Louxor"}]},{"@type":"WebSite","@id":"https:\/\/kapitalis.com\/tunisie\/#website","url":"https:\/\/kapitalis.com\/tunisie\/","name":"Kapitalis","description":"L&#039;actualit\u00e9 en Tunisie et dans le monde","publisher":{"@id":"https:\/\/kapitalis.com\/tunisie\/#organization"},"potentialAction":[{"@type":"SearchAction","target":{"@type":"EntryPoint","urlTemplate":"https:\/\/kapitalis.com\/tunisie\/?s={search_term_string}"},"query-input":{"@type":"PropertyValueSpecification","valueRequired":true,"valueName":"search_term_string"}}],"inLanguage":"fr-FR"},{"@type":"Organization","@id":"https:\/\/kapitalis.com\/tunisie\/#organization","name":"Kapitalis","url":"https:\/\/kapitalis.com\/tunisie\/","logo":{"@type":"ImageObject","inLanguage":"fr-FR","@id":"https:\/\/kapitalis.com\/tunisie\/#\/schema\/logo\/image\/","url":"https:\/\/kapitalis.com\/tunisie\/wp-content\/uploads\/2022\/05\/Kapitalis-big-size.png","contentUrl":"https:\/\/kapitalis.com\/tunisie\/wp-content\/uploads\/2022\/05\/Kapitalis-big-size.png","width":5000,"height":1500,"caption":"Kapitalis"},"image":{"@id":"https:\/\/kapitalis.com\/tunisie\/#\/schema\/logo\/image\/"},"sameAs":["https:\/\/www.facebook.com\/KapitalisInfo\/","https:\/\/x.com\/KapitalisInfo","https:\/\/www.youtube.com\/channel\/UC-yDYrHyfFBWWZaOw3FPg9Q"]},{"@type":"Person","@id":"https:\/\/kapitalis.com\/tunisie\/#\/schema\/person\/73a5ecc1f6ae540c6ed91342eadca948","name":"Fawz BenAli","url":"https:\/\/kapitalis.com\/tunisie\/author\/fawz\/"}]}},"_links":{"self":[{"href":"https:\/\/kapitalis.com\/tunisie\/wp-json\/wp\/v2\/posts\/6186897","targetHints":{"allow":["GET"]}}],"collection":[{"href":"https:\/\/kapitalis.com\/tunisie\/wp-json\/wp\/v2\/posts"}],"about":[{"href":"https:\/\/kapitalis.com\/tunisie\/wp-json\/wp\/v2\/types\/post"}],"author":[{"embeddable":true,"href":"https:\/\/kapitalis.com\/tunisie\/wp-json\/wp\/v2\/users\/26"}],"replies":[{"embeddable":true,"href":"https:\/\/kapitalis.com\/tunisie\/wp-json\/wp\/v2\/comments?post=6186897"}],"version-history":[{"count":1,"href":"https:\/\/kapitalis.com\/tunisie\/wp-json\/wp\/v2\/posts\/6186897\/revisions"}],"predecessor-version":[{"id":6187075,"href":"https:\/\/kapitalis.com\/tunisie\/wp-json\/wp\/v2\/posts\/6186897\/revisions\/6187075"}],"wp:featuredmedia":[{"embeddable":true,"href":"https:\/\/kapitalis.com\/tunisie\/wp-json\/wp\/v2\/media\/6187066"}],"wp:attachment":[{"href":"https:\/\/kapitalis.com\/tunisie\/wp-json\/wp\/v2\/media?parent=6186897"}],"wp:term":[{"taxonomy":"category","embeddable":true,"href":"https:\/\/kapitalis.com\/tunisie\/wp-json\/wp\/v2\/categories?post=6186897"},{"taxonomy":"post_tag","embeddable":true,"href":"https:\/\/kapitalis.com\/tunisie\/wp-json\/wp\/v2\/tags?post=6186897"}],"curies":[{"name":"wp","href":"https:\/\/api.w.org\/{rel}","templated":true}]}}