{"id":6190,"date":"2015-07-07T09:26:03","date_gmt":"2015-07-07T08:26:03","guid":{"rendered":"http:\/\/kapitalis.com\/tunisie\/?p=6190"},"modified":"2015-07-07T10:03:57","modified_gmt":"2015-07-07T09:03:57","slug":"quand-la-tunisie-se-tournera-t-elle-vers-lasie","status":"publish","type":"post","link":"https:\/\/kapitalis.com\/tunisie\/2015\/07\/07\/quand-la-tunisie-se-tournera-t-elle-vers-lasie\/","title":{"rendered":"Quand la Tunisie se tournera-t-elle vers l\u2019Asie?"},"content":{"rendered":"<p><img loading=\"lazy\" decoding=\"async\" class=\"aligncenter size-full wp-image-6191\" src=\"http:\/\/kapitalis.com\/tunisie\/wp-content\/uploads\/2015\/07\/Chine-Asie.jpg\" alt=\"Chine-Asie\" width=\"626\" height=\"380\" \/><\/p>\n<p><em><strong>La Tunisie doit consolider ses relations \u00e9conomiques et commerciales avec les pays asiatiques, le centre de gravit\u00e9 du monde en ce 21e si\u00e8cle.<\/strong><\/em><\/p>\n<p>Par<strong> Dr Mohamed Sahbi Basly<\/strong>*<\/p>\n<p><!--more--><\/p>\n<p>J&rsquo;ai \u00e9t\u00e9 invit\u00e9, en ma qualit\u00e9 de pr\u00e9sident du Conseil de coop\u00e9ration tuniso-chinois, \u00e0 participer au Forum annuel sur l&rsquo;investissement ext\u00e9rieur, qui s&rsquo;est d\u00e9roul\u00e9 le 3 juillet 2015 \u00e0 P\u00e9kin, dans le cadre de l&rsquo;initiative \u00ab<em>one Belt, one Road<\/em>\u00bb, mieux connue sous le nom de \u00ab<em>Route maritime de la soie<\/em>\u00bb, lanc\u00e9e par le pr\u00e9sident chinois, au moment o\u00f9 la Chine a pris la t\u00eate du classement de l&rsquo;\u00e9conomie mondiale, en janvier 2015.<\/p>\n<p><strong>Le r\u00f4le plan\u00e9taire de l&rsquo;\u00e9conomie chinoise <\/strong><\/p>\n<p>La port\u00e9e de cette nouvelle d\u00e9marche \u00e9conomique chinoise est hautement symbolique, puisque nul ne peut ignorer l&rsquo;impact de la croissance \u00e9conomique chinoise sur l&rsquo;\u00e9conomie mondiale. Dans un document r\u00e9cent du FMI, il est pr\u00e9cis\u00e9 que si le taux de croissance \u00e9conomique de la Chine chute de deux points, l&rsquo;Europe et les \u00c9tats Unis perdraient respectivement 1,5 et 1 point de leur taux de croissance \u00e9conomique, ce qui mettrait \u00e0 mal l&rsquo;\u00e9conomie europ\u00e9enne d\u00e9j\u00e0 en difficult\u00e9 et dont le taux de croissance en moyenne ne d\u00e9passe gu\u00e8re les 2 \u00e0 3% annuellement.<\/p>\n<p>En somme, quand la Chine \u00e9ternue c&rsquo;est le monde entier qui prend froid.<\/p>\n<p>C&rsquo;est dans ce cadre que cette nouvelle initiative \u00e0 \u00e9t\u00e9 lanc\u00e9e pour renforcer le r\u00f4le plan\u00e9taire de l&rsquo;\u00e9conomie chinoise qui devient la ceinture de s\u00e9curit\u00e9 (\u00ab<em>one Belt<\/em>\u00bb) avec un r\u00f4le de balisage de l\u2019\u00e9conomie mondiale, d\u00e9sign\u00e9e pour la circonstance de \u00ab<em>one Road<\/em>\u00bb.<\/p>\n<p>Appel\u00e9 \u00e0 intervenir dans ces assises importantes pour les entreprises chinoises en qu\u00eate de nouveaux horizons pour l&rsquo;investissement ext\u00e9rieur, il m&rsquo;a \u00e9t\u00e9 demand\u00e9 de pr\u00e9senter les atouts de la Tunisie, notamment apr\u00e8s les \u00e9v\u00e9nements du 14 janvier 2011, et la consolidation du processus d\u00e9mocratique et politique, apr\u00e8s les \u00e9lections de novembre-d\u00e9cembre 2014.<br \/>\nC&rsquo;est bien entendu un exercice auquel je me suis habitu\u00e9 depuis pr\u00e8s de 10 ans dans ce pays ami de la Tunisie, o\u00f9 j&rsquo;\u00e9tais en poste comme ambassadeur. Et auquel je me suis \u00e9galement adonn\u00e9 lors d\u2019un autre colloque international, tenu quelques jours auparavant, \u00e0 Dalian, une tr\u00e8s belle ville du nord de la Chine, dans le cadre du Forum de Davos Chine, que Klaus Schwab, pr\u00e9sident ex\u00e9cutif du Forum, et mon ami Victor Chu ont pris l&rsquo;habitude d&rsquo;organiser annuellement depuis 2006. Lors de ce colloque, pr\u00e9cis\u00e9ment, la Tunisie a \u00e9t\u00e9 pl\u00e9biscit\u00e9e comme le pays le plus stable de la r\u00e9gion et celui qui a pass\u00e9 honorablement son examen de passage vers la d\u00e9mocratie et la bonne gouvernance.<\/p>\n<p>Ce pl\u00e9biscite, qui a pr\u00e9c\u00e9d\u00e9 mon arriv\u00e9e \u00e0 P\u00e9kin de quelques jours, a encourag\u00e9 mes amis chinois au sein du minist\u00e8re du Commerce et du Parti communiste chinois \u00e0 me donner la parole pour parler des opportunit\u00e9s d&rsquo;investissement en Tunisie.<\/p>\n<p style=\"text-align: center;\"><img loading=\"lazy\" decoding=\"async\" class=\"aligncenter size-full wp-image-6200\" src=\"http:\/\/kapitalis.com\/tunisie\/wp-content\/uploads\/2015\/07\/Sahbi-Basly1.jpg\" alt=\"Sahbi-Basly\" width=\"500\" height=\"350\" \/><\/p>\n<p style=\"text-align: center;\"><em>Sahbi Basly, au milieu (capture d&rsquo;\u00e9cran).<\/em><\/p>\n<p><strong>L&rsquo;impact de cette catastrophe de Sousse <\/strong><\/p>\n<p>Seulement, entre les deux \u00e9v\u00e9nements, celui de Dalian et celui de P\u00e9kin, il y a eu l&rsquo;attentat terroriste de Sousse! Je ne saurais d\u00e9crire dans quelle situation je me suis trouv\u00e9. J&rsquo;avais beau pr\u00e9tendre que ce fl\u00e9au est mondialis\u00e9, que personne ni aucun Etat n&rsquo;en est \u00e0 l&rsquo;abri&#8230; En vain. L&rsquo;attentat de Sousse \u00e9tait \u00e0 la une de toutes les \u00e9ditions d&rsquo;information radiophonique et t\u00e9l\u00e9visuelle et dans les r\u00e9seaux sociaux en Chine. Le d\u00e9part pr\u00e9cipit\u00e9 des touristes le premier jour de l&rsquo;attentat l&rsquo;\u00e9tait aussi.<\/p>\n<p>Cela n&rsquo;\u00e9tait pas possible en Chine, il y a \u00e0 peine 5 ans. Je me souviens, alors que je quittais ce pays en d\u00e9cembre 2010, et que je suis rentr\u00e9 pour la derni\u00e8re fois de Chine le 9 janvier 2011, aucune ligne dans la presse ni aucun m\u00e9dia en Chine n&rsquo;a fait \u00e9tat de ce qui se passait en Tunisie, alors que tout un r\u00e9gime \u00e9tait sur le point de s&rsquo;effondrer pour dispara\u00eetre quelques jours apr\u00e8s.<\/p>\n<p>La Chine, dans ses relations avec tous les pays du monde, s&rsquo;est toujours gard\u00e9e de s&rsquo;immiscer dans les affaires int\u00e9rieures d&rsquo;un Etat souverain&#8230; Inutile de dire l&rsquo;impact de cette catastrophe de Sousse sur l&rsquo;investissement ext\u00e9rieur direct dont notre pays a, plus que jamais, besoin .<\/p>\n<p>Pourtant la Chine est le pays qui peut aider la Tunisie en ces circonstances particuli\u00e8res, mais je ne vois h\u00e9las gu\u00e8re de gestes louables envers ce pays ami, qui a toujours consid\u00e9r\u00e9 la Tunisie, gr\u00e2ce \u00e0 sa stabilit\u00e9 politique et \u00e9conomique, comme une plateforme pour les pays arabes, africains et europ\u00e9ens.<\/p>\n<p>Plus que jamais nous devons consolider nos relations \u00e9conomiques et commerciales avec les pays asiatiques et notamment la Chine et l&rsquo;Inde, deux pays avec lesquels nous avions toujours entretenu des relations traditionnelles d&rsquo;amiti\u00e9 et de coop\u00e9ration.<\/p>\n<p>Le centre de gravit\u00e9 du monde en ce 21e si\u00e8cle se trouve d\u00e9sormais en Asie, tout le monde le sait. M\u00eame la Gr\u00e8ce europ\u00e9enne a d\u00e9cid\u00e9 de faire pr\u00e9valoir l&rsquo;int\u00e9r\u00eat des Grecs avant celui de l&rsquo;Europe, alors que la Tunisie continue \u00e0 courtiser ce vieux monde encombr\u00e9 par son histoire et accabl\u00e9 par la crise \u00e9conomique.<\/p>\n<p>Depuis l&rsquo;av\u00e8nement du \u00abprintemps arabe\u00bb, qui \u00e9tait fortement encourag\u00e9 sinon initi\u00e9 par les puissances occidentales, force est de constater que ces puissances ne pouvaient nous offrir que de belles paroles ou bien des satisf\u00e9cits, parce que nous aurions r\u00e9ussi, semble-t-il, l&rsquo;examen de passage d\u00e9mocratique&#8230;<\/p>\n<p>Cependant, et nous l\u2019avons appris \u00e0 nos d\u00e9pens, si la d\u00e9mocratie est une valeur importante pour une nation, elle n&rsquo;am\u00e9liore pas, \u00e0 elle seule, le v\u00e9cu quotidien du citoyen, ni ne lui permet pas de manger \u00e0 sa faim.<br \/>\nSeul le travail, la discipline et l&rsquo;Etat de droit sont les garants d&rsquo;une prosp\u00e9rit\u00e9 \u00e9conomique et sociale d&rsquo;un peuple.<\/p>\n<p>On constatera aussi que, depuis 5 longues ann\u00e9es, les Tunisiens travaillent moins ou ne travaillent plus, l\u2019exigence de discipline est rejet\u00e9e comme une forme de dictature et a presque disparu du barom\u00e8tre social et politique de notre pays. Quant \u00e0 l&rsquo;Etat de droit, on continue de le rechercher encore&#8230;<\/p>\n<p><em>*Diplomate.<\/em><\/p>\n","protected":false},"excerpt":{"rendered":"<p>La Tunisie doit consolider ses relations \u00e9conomiques et commerciales avec les pays asiatiques, le centre de gravit\u00e9 du monde en ce 21e si\u00e8cle. Par Dr Mohamed Sahbi Basly*<\/p>\n","protected":false},"author":5,"featured_media":6191,"comment_status":"open","ping_status":"open","sticky":false,"template":"","format":"standard","meta":{"footnotes":""},"categories":[992,1000,2433],"tags":[3015,105,3016,301,3017,3018],"class_list":["post-6190","post","type-post","status-publish","format-standard","has-post-thumbnail","hentry","category-a-la-une","category-tribune","category-tunisie","tag-asie","tag-attentat","tag-chine","tag-economie","tag-inde","tag-investissement-exterieur"],"yoast_head":"<!-- This site is optimized with the Yoast SEO plugin v26.6 - https:\/\/yoast.com\/wordpress\/plugins\/seo\/ -->\n<title>Quand la Tunisie se tournera-t-elle vers l\u2019Asie? - Kapitalis<\/title>\n<meta name=\"robots\" content=\"index, follow, max-snippet:-1, max-image-preview:large, max-video-preview:-1\" \/>\n<link rel=\"canonical\" href=\"https:\/\/kapitalis.com\/tunisie\/2015\/07\/07\/quand-la-tunisie-se-tournera-t-elle-vers-lasie\/\" \/>\n<meta property=\"og:locale\" content=\"fr_FR\" \/>\n<meta property=\"og:type\" content=\"article\" \/>\n<meta property=\"og:title\" content=\"Quand la Tunisie se tournera-t-elle vers l\u2019Asie? - Kapitalis\" \/>\n<meta property=\"og:description\" content=\"La Tunisie doit consolider ses relations \u00e9conomiques et commerciales avec les pays asiatiques, le centre de gravit\u00e9 du monde en ce 21e si\u00e8cle. Par Dr Mohamed Sahbi Basly*\" \/>\n<meta property=\"og:url\" content=\"https:\/\/kapitalis.com\/tunisie\/2015\/07\/07\/quand-la-tunisie-se-tournera-t-elle-vers-lasie\/\" \/>\n<meta property=\"og:site_name\" content=\"Kapitalis\" \/>\n<meta property=\"article:publisher\" content=\"https:\/\/www.facebook.com\/KapitalisInfo\/\" \/>\n<meta property=\"article:published_time\" content=\"2015-07-07T08:26:03+00:00\" \/>\n<meta property=\"article:modified_time\" content=\"2015-07-07T09:03:57+00:00\" \/>\n<meta property=\"og:image\" content=\"https:\/\/kapitalis.com\/tunisie\/wp-content\/uploads\/2022\/05\/kapitalis-logo-fb.png\" \/>\n\t<meta property=\"og:image:width\" content=\"1200\" \/>\n\t<meta property=\"og:image:height\" content=\"630\" \/>\n\t<meta property=\"og:image:type\" content=\"image\/png\" \/>\n<meta name=\"author\" content=\"Ridha Elkefi\" \/>\n<meta name=\"twitter:card\" content=\"summary_large_image\" \/>\n<meta name=\"twitter:creator\" content=\"@KapitalisInfo\" \/>\n<meta name=\"twitter:site\" content=\"@KapitalisInfo\" \/>\n<meta name=\"twitter:label1\" content=\"\u00c9crit par\" \/>\n\t<meta name=\"twitter:data1\" content=\"Ridha Elkefi\" \/>\n\t<meta name=\"twitter:label2\" content=\"Dur\u00e9e de lecture estim\u00e9e\" \/>\n\t<meta name=\"twitter:data2\" content=\"5 minutes\" \/>\n<script type=\"application\/ld+json\" class=\"yoast-schema-graph\">{\"@context\":\"https:\/\/schema.org\",\"@graph\":[{\"@type\":\"Article\",\"@id\":\"https:\/\/kapitalis.com\/tunisie\/2015\/07\/07\/quand-la-tunisie-se-tournera-t-elle-vers-lasie\/#article\",\"isPartOf\":{\"@id\":\"https:\/\/kapitalis.com\/tunisie\/2015\/07\/07\/quand-la-tunisie-se-tournera-t-elle-vers-lasie\/\"},\"author\":{\"name\":\"Ridha Elkefi\",\"@id\":\"https:\/\/kapitalis.com\/tunisie\/#\/schema\/person\/16627fc9b2fc0116230e88af071eebab\"},\"headline\":\"Quand la Tunisie se tournera-t-elle vers l\u2019Asie?\",\"datePublished\":\"2015-07-07T08:26:03+00:00\",\"dateModified\":\"2015-07-07T09:03:57+00:00\",\"mainEntityOfPage\":{\"@id\":\"https:\/\/kapitalis.com\/tunisie\/2015\/07\/07\/quand-la-tunisie-se-tournera-t-elle-vers-lasie\/\"},\"wordCount\":1057,\"commentCount\":5,\"publisher\":{\"@id\":\"https:\/\/kapitalis.com\/tunisie\/#organization\"},\"image\":{\"@id\":\"https:\/\/kapitalis.com\/tunisie\/2015\/07\/07\/quand-la-tunisie-se-tournera-t-elle-vers-lasie\/#primaryimage\"},\"thumbnailUrl\":\"\",\"keywords\":[\"Asie\",\"attentat\",\"Chine\",\"\u00e9conomie\",\"Inde\",\"investissement ext\u00e9rieur\"],\"articleSection\":[\"A LA UNE\",\"TRIBUNE\",\"Tunisie\"],\"inLanguage\":\"fr-FR\",\"potentialAction\":[{\"@type\":\"CommentAction\",\"name\":\"Comment\",\"target\":[\"https:\/\/kapitalis.com\/tunisie\/2015\/07\/07\/quand-la-tunisie-se-tournera-t-elle-vers-lasie\/#respond\"]}]},{\"@type\":\"WebPage\",\"@id\":\"https:\/\/kapitalis.com\/tunisie\/2015\/07\/07\/quand-la-tunisie-se-tournera-t-elle-vers-lasie\/\",\"url\":\"https:\/\/kapitalis.com\/tunisie\/2015\/07\/07\/quand-la-tunisie-se-tournera-t-elle-vers-lasie\/\",\"name\":\"Quand la Tunisie se tournera-t-elle vers l\u2019Asie? - Kapitalis\",\"isPartOf\":{\"@id\":\"https:\/\/kapitalis.com\/tunisie\/#website\"},\"primaryImageOfPage\":{\"@id\":\"https:\/\/kapitalis.com\/tunisie\/2015\/07\/07\/quand-la-tunisie-se-tournera-t-elle-vers-lasie\/#primaryimage\"},\"image\":{\"@id\":\"https:\/\/kapitalis.com\/tunisie\/2015\/07\/07\/quand-la-tunisie-se-tournera-t-elle-vers-lasie\/#primaryimage\"},\"thumbnailUrl\":\"\",\"datePublished\":\"2015-07-07T08:26:03+00:00\",\"dateModified\":\"2015-07-07T09:03:57+00:00\",\"breadcrumb\":{\"@id\":\"https:\/\/kapitalis.com\/tunisie\/2015\/07\/07\/quand-la-tunisie-se-tournera-t-elle-vers-lasie\/#breadcrumb\"},\"inLanguage\":\"fr-FR\",\"potentialAction\":[{\"@type\":\"ReadAction\",\"target\":[\"https:\/\/kapitalis.com\/tunisie\/2015\/07\/07\/quand-la-tunisie-se-tournera-t-elle-vers-lasie\/\"]}]},{\"@type\":\"ImageObject\",\"inLanguage\":\"fr-FR\",\"@id\":\"https:\/\/kapitalis.com\/tunisie\/2015\/07\/07\/quand-la-tunisie-se-tournera-t-elle-vers-lasie\/#primaryimage\",\"url\":\"\",\"contentUrl\":\"\"},{\"@type\":\"BreadcrumbList\",\"@id\":\"https:\/\/kapitalis.com\/tunisie\/2015\/07\/07\/quand-la-tunisie-se-tournera-t-elle-vers-lasie\/#breadcrumb\",\"itemListElement\":[{\"@type\":\"ListItem\",\"position\":1,\"name\":\"Accueil\",\"item\":\"https:\/\/kapitalis.com\/tunisie\/\"},{\"@type\":\"ListItem\",\"position\":2,\"name\":\"Quand la Tunisie se tournera-t-elle vers l\u2019Asie?\"}]},{\"@type\":\"WebSite\",\"@id\":\"https:\/\/kapitalis.com\/tunisie\/#website\",\"url\":\"https:\/\/kapitalis.com\/tunisie\/\",\"name\":\"Kapitalis\",\"description\":\"L&#039;actualit\u00e9 en Tunisie et dans le monde\",\"publisher\":{\"@id\":\"https:\/\/kapitalis.com\/tunisie\/#organization\"},\"potentialAction\":[{\"@type\":\"SearchAction\",\"target\":{\"@type\":\"EntryPoint\",\"urlTemplate\":\"https:\/\/kapitalis.com\/tunisie\/?s={search_term_string}\"},\"query-input\":{\"@type\":\"PropertyValueSpecification\",\"valueRequired\":true,\"valueName\":\"search_term_string\"}}],\"inLanguage\":\"fr-FR\"},{\"@type\":\"Organization\",\"@id\":\"https:\/\/kapitalis.com\/tunisie\/#organization\",\"name\":\"Kapitalis\",\"url\":\"https:\/\/kapitalis.com\/tunisie\/\",\"logo\":{\"@type\":\"ImageObject\",\"inLanguage\":\"fr-FR\",\"@id\":\"https:\/\/kapitalis.com\/tunisie\/#\/schema\/logo\/image\/\",\"url\":\"https:\/\/kapitalis.com\/tunisie\/wp-content\/uploads\/2022\/05\/Kapitalis-big-size.png\",\"contentUrl\":\"https:\/\/kapitalis.com\/tunisie\/wp-content\/uploads\/2022\/05\/Kapitalis-big-size.png\",\"width\":5000,\"height\":1500,\"caption\":\"Kapitalis\"},\"image\":{\"@id\":\"https:\/\/kapitalis.com\/tunisie\/#\/schema\/logo\/image\/\"},\"sameAs\":[\"https:\/\/www.facebook.com\/KapitalisInfo\/\",\"https:\/\/x.com\/KapitalisInfo\",\"https:\/\/www.youtube.com\/channel\/UC-yDYrHyfFBWWZaOw3FPg9Q\"]},{\"@type\":\"Person\",\"@id\":\"https:\/\/kapitalis.com\/tunisie\/#\/schema\/person\/16627fc9b2fc0116230e88af071eebab\",\"name\":\"Ridha Elkefi\",\"url\":\"https:\/\/kapitalis.com\/tunisie\/author\/ridha-kefi\/\"}]}<\/script>\n<!-- \/ Yoast SEO plugin. -->","yoast_head_json":{"title":"Quand la Tunisie se tournera-t-elle vers l\u2019Asie? - Kapitalis","robots":{"index":"index","follow":"follow","max-snippet":"max-snippet:-1","max-image-preview":"max-image-preview:large","max-video-preview":"max-video-preview:-1"},"canonical":"https:\/\/kapitalis.com\/tunisie\/2015\/07\/07\/quand-la-tunisie-se-tournera-t-elle-vers-lasie\/","og_locale":"fr_FR","og_type":"article","og_title":"Quand la Tunisie se tournera-t-elle vers l\u2019Asie? - Kapitalis","og_description":"La Tunisie doit consolider ses relations \u00e9conomiques et commerciales avec les pays asiatiques, le centre de gravit\u00e9 du monde en ce 21e si\u00e8cle. Par Dr Mohamed Sahbi Basly*","og_url":"https:\/\/kapitalis.com\/tunisie\/2015\/07\/07\/quand-la-tunisie-se-tournera-t-elle-vers-lasie\/","og_site_name":"Kapitalis","article_publisher":"https:\/\/www.facebook.com\/KapitalisInfo\/","article_published_time":"2015-07-07T08:26:03+00:00","article_modified_time":"2015-07-07T09:03:57+00:00","og_image":[{"width":1200,"height":630,"url":"https:\/\/kapitalis.com\/tunisie\/wp-content\/uploads\/2022\/05\/kapitalis-logo-fb.png","type":"image\/png"}],"author":"Ridha Elkefi","twitter_card":"summary_large_image","twitter_creator":"@KapitalisInfo","twitter_site":"@KapitalisInfo","twitter_misc":{"\u00c9crit par":"Ridha Elkefi","Dur\u00e9e de lecture estim\u00e9e":"5 minutes"},"schema":{"@context":"https:\/\/schema.org","@graph":[{"@type":"Article","@id":"https:\/\/kapitalis.com\/tunisie\/2015\/07\/07\/quand-la-tunisie-se-tournera-t-elle-vers-lasie\/#article","isPartOf":{"@id":"https:\/\/kapitalis.com\/tunisie\/2015\/07\/07\/quand-la-tunisie-se-tournera-t-elle-vers-lasie\/"},"author":{"name":"Ridha Elkefi","@id":"https:\/\/kapitalis.com\/tunisie\/#\/schema\/person\/16627fc9b2fc0116230e88af071eebab"},"headline":"Quand la Tunisie se tournera-t-elle vers l\u2019Asie?","datePublished":"2015-07-07T08:26:03+00:00","dateModified":"2015-07-07T09:03:57+00:00","mainEntityOfPage":{"@id":"https:\/\/kapitalis.com\/tunisie\/2015\/07\/07\/quand-la-tunisie-se-tournera-t-elle-vers-lasie\/"},"wordCount":1057,"commentCount":5,"publisher":{"@id":"https:\/\/kapitalis.com\/tunisie\/#organization"},"image":{"@id":"https:\/\/kapitalis.com\/tunisie\/2015\/07\/07\/quand-la-tunisie-se-tournera-t-elle-vers-lasie\/#primaryimage"},"thumbnailUrl":"","keywords":["Asie","attentat","Chine","\u00e9conomie","Inde","investissement ext\u00e9rieur"],"articleSection":["A LA UNE","TRIBUNE","Tunisie"],"inLanguage":"fr-FR","potentialAction":[{"@type":"CommentAction","name":"Comment","target":["https:\/\/kapitalis.com\/tunisie\/2015\/07\/07\/quand-la-tunisie-se-tournera-t-elle-vers-lasie\/#respond"]}]},{"@type":"WebPage","@id":"https:\/\/kapitalis.com\/tunisie\/2015\/07\/07\/quand-la-tunisie-se-tournera-t-elle-vers-lasie\/","url":"https:\/\/kapitalis.com\/tunisie\/2015\/07\/07\/quand-la-tunisie-se-tournera-t-elle-vers-lasie\/","name":"Quand la Tunisie se tournera-t-elle vers l\u2019Asie? - Kapitalis","isPartOf":{"@id":"https:\/\/kapitalis.com\/tunisie\/#website"},"primaryImageOfPage":{"@id":"https:\/\/kapitalis.com\/tunisie\/2015\/07\/07\/quand-la-tunisie-se-tournera-t-elle-vers-lasie\/#primaryimage"},"image":{"@id":"https:\/\/kapitalis.com\/tunisie\/2015\/07\/07\/quand-la-tunisie-se-tournera-t-elle-vers-lasie\/#primaryimage"},"thumbnailUrl":"","datePublished":"2015-07-07T08:26:03+00:00","dateModified":"2015-07-07T09:03:57+00:00","breadcrumb":{"@id":"https:\/\/kapitalis.com\/tunisie\/2015\/07\/07\/quand-la-tunisie-se-tournera-t-elle-vers-lasie\/#breadcrumb"},"inLanguage":"fr-FR","potentialAction":[{"@type":"ReadAction","target":["https:\/\/kapitalis.com\/tunisie\/2015\/07\/07\/quand-la-tunisie-se-tournera-t-elle-vers-lasie\/"]}]},{"@type":"ImageObject","inLanguage":"fr-FR","@id":"https:\/\/kapitalis.com\/tunisie\/2015\/07\/07\/quand-la-tunisie-se-tournera-t-elle-vers-lasie\/#primaryimage","url":"","contentUrl":""},{"@type":"BreadcrumbList","@id":"https:\/\/kapitalis.com\/tunisie\/2015\/07\/07\/quand-la-tunisie-se-tournera-t-elle-vers-lasie\/#breadcrumb","itemListElement":[{"@type":"ListItem","position":1,"name":"Accueil","item":"https:\/\/kapitalis.com\/tunisie\/"},{"@type":"ListItem","position":2,"name":"Quand la Tunisie se tournera-t-elle vers l\u2019Asie?"}]},{"@type":"WebSite","@id":"https:\/\/kapitalis.com\/tunisie\/#website","url":"https:\/\/kapitalis.com\/tunisie\/","name":"Kapitalis","description":"L&#039;actualit\u00e9 en Tunisie et dans le monde","publisher":{"@id":"https:\/\/kapitalis.com\/tunisie\/#organization"},"potentialAction":[{"@type":"SearchAction","target":{"@type":"EntryPoint","urlTemplate":"https:\/\/kapitalis.com\/tunisie\/?s={search_term_string}"},"query-input":{"@type":"PropertyValueSpecification","valueRequired":true,"valueName":"search_term_string"}}],"inLanguage":"fr-FR"},{"@type":"Organization","@id":"https:\/\/kapitalis.com\/tunisie\/#organization","name":"Kapitalis","url":"https:\/\/kapitalis.com\/tunisie\/","logo":{"@type":"ImageObject","inLanguage":"fr-FR","@id":"https:\/\/kapitalis.com\/tunisie\/#\/schema\/logo\/image\/","url":"https:\/\/kapitalis.com\/tunisie\/wp-content\/uploads\/2022\/05\/Kapitalis-big-size.png","contentUrl":"https:\/\/kapitalis.com\/tunisie\/wp-content\/uploads\/2022\/05\/Kapitalis-big-size.png","width":5000,"height":1500,"caption":"Kapitalis"},"image":{"@id":"https:\/\/kapitalis.com\/tunisie\/#\/schema\/logo\/image\/"},"sameAs":["https:\/\/www.facebook.com\/KapitalisInfo\/","https:\/\/x.com\/KapitalisInfo","https:\/\/www.youtube.com\/channel\/UC-yDYrHyfFBWWZaOw3FPg9Q"]},{"@type":"Person","@id":"https:\/\/kapitalis.com\/tunisie\/#\/schema\/person\/16627fc9b2fc0116230e88af071eebab","name":"Ridha Elkefi","url":"https:\/\/kapitalis.com\/tunisie\/author\/ridha-kefi\/"}]}},"_links":{"self":[{"href":"https:\/\/kapitalis.com\/tunisie\/wp-json\/wp\/v2\/posts\/6190","targetHints":{"allow":["GET"]}}],"collection":[{"href":"https:\/\/kapitalis.com\/tunisie\/wp-json\/wp\/v2\/posts"}],"about":[{"href":"https:\/\/kapitalis.com\/tunisie\/wp-json\/wp\/v2\/types\/post"}],"author":[{"embeddable":true,"href":"https:\/\/kapitalis.com\/tunisie\/wp-json\/wp\/v2\/users\/5"}],"replies":[{"embeddable":true,"href":"https:\/\/kapitalis.com\/tunisie\/wp-json\/wp\/v2\/comments?post=6190"}],"version-history":[{"count":0,"href":"https:\/\/kapitalis.com\/tunisie\/wp-json\/wp\/v2\/posts\/6190\/revisions"}],"wp:featuredmedia":[{"embeddable":true,"href":"https:\/\/kapitalis.com\/tunisie\/wp-json\/wp\/v2\/media\/6191"}],"wp:attachment":[{"href":"https:\/\/kapitalis.com\/tunisie\/wp-json\/wp\/v2\/media?parent=6190"}],"wp:term":[{"taxonomy":"category","embeddable":true,"href":"https:\/\/kapitalis.com\/tunisie\/wp-json\/wp\/v2\/categories?post=6190"},{"taxonomy":"post_tag","embeddable":true,"href":"https:\/\/kapitalis.com\/tunisie\/wp-json\/wp\/v2\/tags?post=6190"}],"curies":[{"name":"wp","href":"https:\/\/api.w.org\/{rel}","templated":true}]}}