{"id":6190005,"date":"2023-01-25T07:55:50","date_gmt":"2023-01-25T06:55:50","guid":{"rendered":"https:\/\/kapitalis.com\/tunisie\/?p=6190005"},"modified":"2023-01-25T07:55:51","modified_gmt":"2023-01-25T06:55:51","slug":"projet-japonais-pour-soutenir-100-jeunes-entrepreneurs-en-tunisie","status":"publish","type":"post","link":"https:\/\/kapitalis.com\/tunisie\/2023\/01\/25\/projet-japonais-pour-soutenir-100-jeunes-entrepreneurs-en-tunisie\/","title":{"rendered":"Projet japonais pour soutenir 100 jeunes entrepreneurs en Tunisie"},"content":{"rendered":"\n<p><strong><em>Un projet tuniso-japonais de coop\u00e9ration technique a \u00e9t\u00e9 lanc\u00e9 le lundi 23 janvier 2023 \u00e0 Tunis pour accompagner 100 jeunes entrepreneurs tunisiens, indique l&rsquo;Agence japonaise de coop\u00e9ration internationale (Jica), faisant part d&rsquo;un accord tuniso-japonais de coop\u00e9ration sign\u00e9 \u00e0 cet effet en octobre 2022. <\/em><\/strong><\/p>\n\n\n\n<!--more-->\n\n\n\n<p>Ce projet, dont la c\u00e9r\u00e9monie de lancement\u00a0s&rsquo;est tenue le 23 janvier 2023, en pr\u00e9sence de Moncef Boukthir, ministre de l\u2019Enseignement sup\u00e9rieur et de la Recherche scientifique, a pour objet de renforcer les capacit\u00e9s des ressources humaines en appui aux start-ups op\u00e9rant dans les technologies de l&rsquo;information et de la communication (TIC).<\/p>\n\n\n\n<p>Il est initi\u00e9 par Jica, l&rsquo;Universit\u00e9 d&rsquo;Aizu (UoA), et l&rsquo;Institut sup\u00e9rieur des technologies de l&rsquo;information et de la communication (Istic ), bas\u00e9e \u00e0\u00a0la Technopole Borj C\u00e9dria de l&rsquo;Universit\u00e9 de Carthage. Parmi la centaine de jeunes \u00e0 accompagner, les femmes forment la cible majeure de ce projet.<\/p>\n\n\n\n<p>Ce projet a pour but d&rsquo;am\u00e9liorer la capacit\u00e9 institutionnelle de l&rsquo;Istic, afin qu&rsquo;il puisse appuyer ses cours en d\u00e9veloppement des ressources humaines, de pair avec l&rsquo;accompagnement des startups dans les TIC.  <\/p>\n\n\n\n<p>Des stages de formation seront ainsi organis\u00e9s en Tunisie et au Japon pour les \u00e9tudiants et les enseignants de l&rsquo;Istic. <\/p>\n\n\n\n<p>Le projet, qui se termine en 2025, vise \u00e0 faire de cette institution <em>\u00abun des leaders de ce domaine  en Tunisie\u00bb<\/em>, afin de faire profiter de nombreux entrepreneurs.<\/p>\n\n\n\n<p>L\u2019ambassadeur du Japon en Tunisie, Osuga Takeshi,\u00a0pr\u00e9sent \u00e0 la c\u00e9r\u00e9monie de lancement du projet, s&rsquo;est dit satisfait de la mise en \u0153uvre de ce projet \u00e0 la Technopole Borj C\u00e9dria qui fait partie des principaux projets de la coop\u00e9ration tuniso-japonaise, rappelant que la D\u00e9claration de Tunis adopt\u00e9e lors de la Ticad 8 a reconnu le r\u00f4le transformateur des start-ups, notamment des jeunes et des femmes entrepreneurs, en tant que nouvelle force dynamique pour r\u00e9soudre les probl\u00e8mes sociaux de l&rsquo;Afrique.\u00a0<\/p>\n\n\n\n<p>Ueno Shuhei, repr\u00e9sentant r\u00e9sident de la Jica en Tunisie, a rappel\u00e9, de son c\u00f4t\u00e9, que\u00a0ce projet s\u2019inscrit dans la continuit\u00e9 de l\u2019appui de la Jica aux diff\u00e9rentes composantes de la Technopole Borj C\u00e9dria qui remonte \u00e0 de longues ann\u00e9es, et dans le cadre duquel les b\u00e2timents de l\u2019Istic ont \u00e9t\u00e9 construits et divers \u00e9quipements scientifiques et bureautiques acquis.<\/p>\n\n\n\n<p class=\"has-text-align-right\"><strong>A.M.<\/strong> <\/p>\n","protected":false},"excerpt":{"rendered":"<p>La Jica va accompagner 100 jeunes entrepreneurs tunisiens dans le secteurs des TIC. <\/p>\n","protected":false},"author":22,"featured_media":6194180,"comment_status":"open","ping_status":"open","sticky":false,"template":"","format":"standard","meta":{"footnotes":""},"categories":[995,2433],"tags":[106209,4855,24777,1306,106208,18872],"class_list":["post-6190005","post","type-post","status-publish","format-standard","has-post-thumbnail","hentry","category-economie","category-tunisie","tag-istic","tag-japon","tag-jica","tag-tic","tag-universite-daizu-uoa","tag-universite-de-carthage"],"yoast_head":"<!-- This site is optimized with the Yoast SEO plugin v26.6 - https:\/\/yoast.com\/wordpress\/plugins\/seo\/ -->\n<title>Projet japonais pour soutenir 100 jeunes entrepreneurs en Tunisie - Kapitalis<\/title>\n<meta name=\"description\" content=\"Un projet tuniso-japonais de coop\u00e9ration technique a \u00e9t\u00e9 lanc\u00e9 le lundi 23 janvier 2023 \u00e0 Tunis, pour accompagner + 100 jeunes entrepreneurs tunisiens, selon l&#039;Agence japonaise de coop\u00e9ration internationale (JICA), \u00e0 la suite de l&#039;accord tuniso-japonais de coop\u00e9ration, sign\u00e9 en octobre 2022.\" \/>\n<meta name=\"robots\" content=\"index, follow, max-snippet:-1, max-image-preview:large, max-video-preview:-1\" \/>\n<link rel=\"canonical\" href=\"https:\/\/kapitalis.com\/tunisie\/2023\/01\/25\/projet-japonais-pour-soutenir-100-jeunes-entrepreneurs-en-tunisie\/\" \/>\n<meta property=\"og:locale\" content=\"fr_FR\" \/>\n<meta property=\"og:type\" content=\"article\" \/>\n<meta property=\"og:title\" content=\"Projet japonais pour soutenir 100 jeunes entrepreneurs en Tunisie - Kapitalis\" \/>\n<meta property=\"og:description\" content=\"Un projet tuniso-japonais de coop\u00e9ration technique a \u00e9t\u00e9 lanc\u00e9 le lundi 23 janvier 2023 \u00e0 Tunis, pour accompagner + 100 jeunes entrepreneurs tunisiens, selon l&#039;Agence japonaise de coop\u00e9ration internationale (JICA), \u00e0 la suite de l&#039;accord tuniso-japonais de coop\u00e9ration, sign\u00e9 en octobre 2022.\" \/>\n<meta property=\"og:url\" content=\"https:\/\/kapitalis.com\/tunisie\/2023\/01\/25\/projet-japonais-pour-soutenir-100-jeunes-entrepreneurs-en-tunisie\/\" \/>\n<meta property=\"og:site_name\" content=\"Kapitalis\" \/>\n<meta property=\"article:publisher\" content=\"https:\/\/www.facebook.com\/KapitalisInfo\/\" \/>\n<meta property=\"article:published_time\" content=\"2023-01-25T06:55:50+00:00\" \/>\n<meta property=\"article:modified_time\" content=\"2023-01-25T06:55:51+00:00\" \/>\n<meta property=\"og:image\" content=\"https:\/\/kapitalis.com\/tunisie\/wp-content\/uploads\/2023\/01\/Jica-Istic.jpg\" \/>\n\t<meta property=\"og:image:width\" content=\"1200\" \/>\n\t<meta property=\"og:image:height\" content=\"630\" \/>\n\t<meta property=\"og:image:type\" content=\"image\/jpeg\" \/>\n<meta name=\"author\" content=\"Amina Mkada\" \/>\n<meta name=\"twitter:card\" content=\"summary_large_image\" \/>\n<meta name=\"twitter:creator\" content=\"@KapitalisInfo\" \/>\n<meta name=\"twitter:site\" content=\"@KapitalisInfo\" \/>\n<meta name=\"twitter:label1\" content=\"\u00c9crit par\" \/>\n\t<meta name=\"twitter:data1\" content=\"Amina Mkada\" \/>\n\t<meta name=\"twitter:label2\" content=\"Dur\u00e9e de lecture estim\u00e9e\" \/>\n\t<meta name=\"twitter:data2\" content=\"2 minutes\" \/>\n<script type=\"application\/ld+json\" class=\"yoast-schema-graph\">{\"@context\":\"https:\/\/schema.org\",\"@graph\":[{\"@type\":\"Article\",\"@id\":\"https:\/\/kapitalis.com\/tunisie\/2023\/01\/25\/projet-japonais-pour-soutenir-100-jeunes-entrepreneurs-en-tunisie\/#article\",\"isPartOf\":{\"@id\":\"https:\/\/kapitalis.com\/tunisie\/2023\/01\/25\/projet-japonais-pour-soutenir-100-jeunes-entrepreneurs-en-tunisie\/\"},\"author\":{\"name\":\"Amina Mkada\",\"@id\":\"https:\/\/kapitalis.com\/tunisie\/#\/schema\/person\/093913313d3017554cb3ad077fff3fbd\"},\"headline\":\"Projet japonais pour soutenir 100 jeunes entrepreneurs en Tunisie\",\"datePublished\":\"2023-01-25T06:55:50+00:00\",\"dateModified\":\"2023-01-25T06:55:51+00:00\",\"mainEntityOfPage\":{\"@id\":\"https:\/\/kapitalis.com\/tunisie\/2023\/01\/25\/projet-japonais-pour-soutenir-100-jeunes-entrepreneurs-en-tunisie\/\"},\"wordCount\":390,\"commentCount\":0,\"publisher\":{\"@id\":\"https:\/\/kapitalis.com\/tunisie\/#organization\"},\"image\":{\"@id\":\"https:\/\/kapitalis.com\/tunisie\/2023\/01\/25\/projet-japonais-pour-soutenir-100-jeunes-entrepreneurs-en-tunisie\/#primaryimage\"},\"thumbnailUrl\":\"https:\/\/kapitalis.com\/tunisie\/wp-content\/uploads\/2023\/01\/Jica-Istic.jpg\",\"keywords\":[\"ISTIC\",\"Japon\",\"Jica\",\"TIC\",\"Universit\u00e9 d&#039;Aizu (UoA)\",\"Universit\u00e9 de Carthage\"],\"articleSection\":[\"ECONOMIE\",\"Tunisie\"],\"inLanguage\":\"fr-FR\",\"potentialAction\":[{\"@type\":\"CommentAction\",\"name\":\"Comment\",\"target\":[\"https:\/\/kapitalis.com\/tunisie\/2023\/01\/25\/projet-japonais-pour-soutenir-100-jeunes-entrepreneurs-en-tunisie\/#respond\"]}]},{\"@type\":\"WebPage\",\"@id\":\"https:\/\/kapitalis.com\/tunisie\/2023\/01\/25\/projet-japonais-pour-soutenir-100-jeunes-entrepreneurs-en-tunisie\/\",\"url\":\"https:\/\/kapitalis.com\/tunisie\/2023\/01\/25\/projet-japonais-pour-soutenir-100-jeunes-entrepreneurs-en-tunisie\/\",\"name\":\"Projet japonais pour soutenir 100 jeunes entrepreneurs en Tunisie - Kapitalis\",\"isPartOf\":{\"@id\":\"https:\/\/kapitalis.com\/tunisie\/#website\"},\"primaryImageOfPage\":{\"@id\":\"https:\/\/kapitalis.com\/tunisie\/2023\/01\/25\/projet-japonais-pour-soutenir-100-jeunes-entrepreneurs-en-tunisie\/#primaryimage\"},\"image\":{\"@id\":\"https:\/\/kapitalis.com\/tunisie\/2023\/01\/25\/projet-japonais-pour-soutenir-100-jeunes-entrepreneurs-en-tunisie\/#primaryimage\"},\"thumbnailUrl\":\"https:\/\/kapitalis.com\/tunisie\/wp-content\/uploads\/2023\/01\/Jica-Istic.jpg\",\"datePublished\":\"2023-01-25T06:55:50+00:00\",\"dateModified\":\"2023-01-25T06:55:51+00:00\",\"description\":\"Un projet tuniso-japonais de coop\u00e9ration technique a \u00e9t\u00e9 lanc\u00e9 le lundi 23 janvier 2023 \u00e0 Tunis, pour accompagner + 100 jeunes entrepreneurs tunisiens, selon l'Agence japonaise de coop\u00e9ration internationale (JICA), \u00e0 la suite de l'accord tuniso-japonais de coop\u00e9ration, sign\u00e9 en octobre 2022.\",\"breadcrumb\":{\"@id\":\"https:\/\/kapitalis.com\/tunisie\/2023\/01\/25\/projet-japonais-pour-soutenir-100-jeunes-entrepreneurs-en-tunisie\/#breadcrumb\"},\"inLanguage\":\"fr-FR\",\"potentialAction\":[{\"@type\":\"ReadAction\",\"target\":[\"https:\/\/kapitalis.com\/tunisie\/2023\/01\/25\/projet-japonais-pour-soutenir-100-jeunes-entrepreneurs-en-tunisie\/\"]}]},{\"@type\":\"ImageObject\",\"inLanguage\":\"fr-FR\",\"@id\":\"https:\/\/kapitalis.com\/tunisie\/2023\/01\/25\/projet-japonais-pour-soutenir-100-jeunes-entrepreneurs-en-tunisie\/#primaryimage\",\"url\":\"https:\/\/kapitalis.com\/tunisie\/wp-content\/uploads\/2023\/01\/Jica-Istic.jpg\",\"contentUrl\":\"https:\/\/kapitalis.com\/tunisie\/wp-content\/uploads\/2023\/01\/Jica-Istic.jpg\",\"width\":1200,\"height\":630},{\"@type\":\"BreadcrumbList\",\"@id\":\"https:\/\/kapitalis.com\/tunisie\/2023\/01\/25\/projet-japonais-pour-soutenir-100-jeunes-entrepreneurs-en-tunisie\/#breadcrumb\",\"itemListElement\":[{\"@type\":\"ListItem\",\"position\":1,\"name\":\"Accueil\",\"item\":\"https:\/\/kapitalis.com\/tunisie\/\"},{\"@type\":\"ListItem\",\"position\":2,\"name\":\"Projet japonais pour soutenir 100 jeunes entrepreneurs en Tunisie\"}]},{\"@type\":\"WebSite\",\"@id\":\"https:\/\/kapitalis.com\/tunisie\/#website\",\"url\":\"https:\/\/kapitalis.com\/tunisie\/\",\"name\":\"Kapitalis\",\"description\":\"L&#039;actualit\u00e9 en Tunisie et dans le monde\",\"publisher\":{\"@id\":\"https:\/\/kapitalis.com\/tunisie\/#organization\"},\"potentialAction\":[{\"@type\":\"SearchAction\",\"target\":{\"@type\":\"EntryPoint\",\"urlTemplate\":\"https:\/\/kapitalis.com\/tunisie\/?s={search_term_string}\"},\"query-input\":{\"@type\":\"PropertyValueSpecification\",\"valueRequired\":true,\"valueName\":\"search_term_string\"}}],\"inLanguage\":\"fr-FR\"},{\"@type\":\"Organization\",\"@id\":\"https:\/\/kapitalis.com\/tunisie\/#organization\",\"name\":\"Kapitalis\",\"url\":\"https:\/\/kapitalis.com\/tunisie\/\",\"logo\":{\"@type\":\"ImageObject\",\"inLanguage\":\"fr-FR\",\"@id\":\"https:\/\/kapitalis.com\/tunisie\/#\/schema\/logo\/image\/\",\"url\":\"https:\/\/kapitalis.com\/tunisie\/wp-content\/uploads\/2022\/05\/Kapitalis-big-size.png\",\"contentUrl\":\"https:\/\/kapitalis.com\/tunisie\/wp-content\/uploads\/2022\/05\/Kapitalis-big-size.png\",\"width\":5000,\"height\":1500,\"caption\":\"Kapitalis\"},\"image\":{\"@id\":\"https:\/\/kapitalis.com\/tunisie\/#\/schema\/logo\/image\/\"},\"sameAs\":[\"https:\/\/www.facebook.com\/KapitalisInfo\/\",\"https:\/\/x.com\/KapitalisInfo\",\"https:\/\/www.youtube.com\/channel\/UC-yDYrHyfFBWWZaOw3FPg9Q\"]},{\"@type\":\"Person\",\"@id\":\"https:\/\/kapitalis.com\/tunisie\/#\/schema\/person\/093913313d3017554cb3ad077fff3fbd\",\"name\":\"Amina Mkada\",\"url\":\"https:\/\/kapitalis.com\/tunisie\/author\/amina\/\"}]}<\/script>\n<!-- \/ Yoast SEO plugin. -->","yoast_head_json":{"title":"Projet japonais pour soutenir 100 jeunes entrepreneurs en Tunisie - Kapitalis","description":"Un projet tuniso-japonais de coop\u00e9ration technique a \u00e9t\u00e9 lanc\u00e9 le lundi 23 janvier 2023 \u00e0 Tunis, pour accompagner + 100 jeunes entrepreneurs tunisiens, selon l'Agence japonaise de coop\u00e9ration internationale (JICA), \u00e0 la suite de l'accord tuniso-japonais de coop\u00e9ration, sign\u00e9 en octobre 2022.","robots":{"index":"index","follow":"follow","max-snippet":"max-snippet:-1","max-image-preview":"max-image-preview:large","max-video-preview":"max-video-preview:-1"},"canonical":"https:\/\/kapitalis.com\/tunisie\/2023\/01\/25\/projet-japonais-pour-soutenir-100-jeunes-entrepreneurs-en-tunisie\/","og_locale":"fr_FR","og_type":"article","og_title":"Projet japonais pour soutenir 100 jeunes entrepreneurs en Tunisie - Kapitalis","og_description":"Un projet tuniso-japonais de coop\u00e9ration technique a \u00e9t\u00e9 lanc\u00e9 le lundi 23 janvier 2023 \u00e0 Tunis, pour accompagner + 100 jeunes entrepreneurs tunisiens, selon l'Agence japonaise de coop\u00e9ration internationale (JICA), \u00e0 la suite de l'accord tuniso-japonais de coop\u00e9ration, sign\u00e9 en octobre 2022.","og_url":"https:\/\/kapitalis.com\/tunisie\/2023\/01\/25\/projet-japonais-pour-soutenir-100-jeunes-entrepreneurs-en-tunisie\/","og_site_name":"Kapitalis","article_publisher":"https:\/\/www.facebook.com\/KapitalisInfo\/","article_published_time":"2023-01-25T06:55:50+00:00","article_modified_time":"2023-01-25T06:55:51+00:00","og_image":[{"width":1200,"height":630,"url":"https:\/\/kapitalis.com\/tunisie\/wp-content\/uploads\/2023\/01\/Jica-Istic.jpg","type":"image\/jpeg"}],"author":"Amina Mkada","twitter_card":"summary_large_image","twitter_creator":"@KapitalisInfo","twitter_site":"@KapitalisInfo","twitter_misc":{"\u00c9crit par":"Amina Mkada","Dur\u00e9e de lecture estim\u00e9e":"2 minutes"},"schema":{"@context":"https:\/\/schema.org","@graph":[{"@type":"Article","@id":"https:\/\/kapitalis.com\/tunisie\/2023\/01\/25\/projet-japonais-pour-soutenir-100-jeunes-entrepreneurs-en-tunisie\/#article","isPartOf":{"@id":"https:\/\/kapitalis.com\/tunisie\/2023\/01\/25\/projet-japonais-pour-soutenir-100-jeunes-entrepreneurs-en-tunisie\/"},"author":{"name":"Amina Mkada","@id":"https:\/\/kapitalis.com\/tunisie\/#\/schema\/person\/093913313d3017554cb3ad077fff3fbd"},"headline":"Projet japonais pour soutenir 100 jeunes entrepreneurs en Tunisie","datePublished":"2023-01-25T06:55:50+00:00","dateModified":"2023-01-25T06:55:51+00:00","mainEntityOfPage":{"@id":"https:\/\/kapitalis.com\/tunisie\/2023\/01\/25\/projet-japonais-pour-soutenir-100-jeunes-entrepreneurs-en-tunisie\/"},"wordCount":390,"commentCount":0,"publisher":{"@id":"https:\/\/kapitalis.com\/tunisie\/#organization"},"image":{"@id":"https:\/\/kapitalis.com\/tunisie\/2023\/01\/25\/projet-japonais-pour-soutenir-100-jeunes-entrepreneurs-en-tunisie\/#primaryimage"},"thumbnailUrl":"https:\/\/kapitalis.com\/tunisie\/wp-content\/uploads\/2023\/01\/Jica-Istic.jpg","keywords":["ISTIC","Japon","Jica","TIC","Universit\u00e9 d&#039;Aizu (UoA)","Universit\u00e9 de Carthage"],"articleSection":["ECONOMIE","Tunisie"],"inLanguage":"fr-FR","potentialAction":[{"@type":"CommentAction","name":"Comment","target":["https:\/\/kapitalis.com\/tunisie\/2023\/01\/25\/projet-japonais-pour-soutenir-100-jeunes-entrepreneurs-en-tunisie\/#respond"]}]},{"@type":"WebPage","@id":"https:\/\/kapitalis.com\/tunisie\/2023\/01\/25\/projet-japonais-pour-soutenir-100-jeunes-entrepreneurs-en-tunisie\/","url":"https:\/\/kapitalis.com\/tunisie\/2023\/01\/25\/projet-japonais-pour-soutenir-100-jeunes-entrepreneurs-en-tunisie\/","name":"Projet japonais pour soutenir 100 jeunes entrepreneurs en Tunisie - Kapitalis","isPartOf":{"@id":"https:\/\/kapitalis.com\/tunisie\/#website"},"primaryImageOfPage":{"@id":"https:\/\/kapitalis.com\/tunisie\/2023\/01\/25\/projet-japonais-pour-soutenir-100-jeunes-entrepreneurs-en-tunisie\/#primaryimage"},"image":{"@id":"https:\/\/kapitalis.com\/tunisie\/2023\/01\/25\/projet-japonais-pour-soutenir-100-jeunes-entrepreneurs-en-tunisie\/#primaryimage"},"thumbnailUrl":"https:\/\/kapitalis.com\/tunisie\/wp-content\/uploads\/2023\/01\/Jica-Istic.jpg","datePublished":"2023-01-25T06:55:50+00:00","dateModified":"2023-01-25T06:55:51+00:00","description":"Un projet tuniso-japonais de coop\u00e9ration technique a \u00e9t\u00e9 lanc\u00e9 le lundi 23 janvier 2023 \u00e0 Tunis, pour accompagner + 100 jeunes entrepreneurs tunisiens, selon l'Agence japonaise de coop\u00e9ration internationale (JICA), \u00e0 la suite de l'accord tuniso-japonais de coop\u00e9ration, sign\u00e9 en octobre 2022.","breadcrumb":{"@id":"https:\/\/kapitalis.com\/tunisie\/2023\/01\/25\/projet-japonais-pour-soutenir-100-jeunes-entrepreneurs-en-tunisie\/#breadcrumb"},"inLanguage":"fr-FR","potentialAction":[{"@type":"ReadAction","target":["https:\/\/kapitalis.com\/tunisie\/2023\/01\/25\/projet-japonais-pour-soutenir-100-jeunes-entrepreneurs-en-tunisie\/"]}]},{"@type":"ImageObject","inLanguage":"fr-FR","@id":"https:\/\/kapitalis.com\/tunisie\/2023\/01\/25\/projet-japonais-pour-soutenir-100-jeunes-entrepreneurs-en-tunisie\/#primaryimage","url":"https:\/\/kapitalis.com\/tunisie\/wp-content\/uploads\/2023\/01\/Jica-Istic.jpg","contentUrl":"https:\/\/kapitalis.com\/tunisie\/wp-content\/uploads\/2023\/01\/Jica-Istic.jpg","width":1200,"height":630},{"@type":"BreadcrumbList","@id":"https:\/\/kapitalis.com\/tunisie\/2023\/01\/25\/projet-japonais-pour-soutenir-100-jeunes-entrepreneurs-en-tunisie\/#breadcrumb","itemListElement":[{"@type":"ListItem","position":1,"name":"Accueil","item":"https:\/\/kapitalis.com\/tunisie\/"},{"@type":"ListItem","position":2,"name":"Projet japonais pour soutenir 100 jeunes entrepreneurs en Tunisie"}]},{"@type":"WebSite","@id":"https:\/\/kapitalis.com\/tunisie\/#website","url":"https:\/\/kapitalis.com\/tunisie\/","name":"Kapitalis","description":"L&#039;actualit\u00e9 en Tunisie et dans le monde","publisher":{"@id":"https:\/\/kapitalis.com\/tunisie\/#organization"},"potentialAction":[{"@type":"SearchAction","target":{"@type":"EntryPoint","urlTemplate":"https:\/\/kapitalis.com\/tunisie\/?s={search_term_string}"},"query-input":{"@type":"PropertyValueSpecification","valueRequired":true,"valueName":"search_term_string"}}],"inLanguage":"fr-FR"},{"@type":"Organization","@id":"https:\/\/kapitalis.com\/tunisie\/#organization","name":"Kapitalis","url":"https:\/\/kapitalis.com\/tunisie\/","logo":{"@type":"ImageObject","inLanguage":"fr-FR","@id":"https:\/\/kapitalis.com\/tunisie\/#\/schema\/logo\/image\/","url":"https:\/\/kapitalis.com\/tunisie\/wp-content\/uploads\/2022\/05\/Kapitalis-big-size.png","contentUrl":"https:\/\/kapitalis.com\/tunisie\/wp-content\/uploads\/2022\/05\/Kapitalis-big-size.png","width":5000,"height":1500,"caption":"Kapitalis"},"image":{"@id":"https:\/\/kapitalis.com\/tunisie\/#\/schema\/logo\/image\/"},"sameAs":["https:\/\/www.facebook.com\/KapitalisInfo\/","https:\/\/x.com\/KapitalisInfo","https:\/\/www.youtube.com\/channel\/UC-yDYrHyfFBWWZaOw3FPg9Q"]},{"@type":"Person","@id":"https:\/\/kapitalis.com\/tunisie\/#\/schema\/person\/093913313d3017554cb3ad077fff3fbd","name":"Amina Mkada","url":"https:\/\/kapitalis.com\/tunisie\/author\/amina\/"}]}},"_links":{"self":[{"href":"https:\/\/kapitalis.com\/tunisie\/wp-json\/wp\/v2\/posts\/6190005","targetHints":{"allow":["GET"]}}],"collection":[{"href":"https:\/\/kapitalis.com\/tunisie\/wp-json\/wp\/v2\/posts"}],"about":[{"href":"https:\/\/kapitalis.com\/tunisie\/wp-json\/wp\/v2\/types\/post"}],"author":[{"embeddable":true,"href":"https:\/\/kapitalis.com\/tunisie\/wp-json\/wp\/v2\/users\/22"}],"replies":[{"embeddable":true,"href":"https:\/\/kapitalis.com\/tunisie\/wp-json\/wp\/v2\/comments?post=6190005"}],"version-history":[{"count":20,"href":"https:\/\/kapitalis.com\/tunisie\/wp-json\/wp\/v2\/posts\/6190005\/revisions"}],"predecessor-version":[{"id":6194216,"href":"https:\/\/kapitalis.com\/tunisie\/wp-json\/wp\/v2\/posts\/6190005\/revisions\/6194216"}],"wp:featuredmedia":[{"embeddable":true,"href":"https:\/\/kapitalis.com\/tunisie\/wp-json\/wp\/v2\/media\/6194180"}],"wp:attachment":[{"href":"https:\/\/kapitalis.com\/tunisie\/wp-json\/wp\/v2\/media?parent=6190005"}],"wp:term":[{"taxonomy":"category","embeddable":true,"href":"https:\/\/kapitalis.com\/tunisie\/wp-json\/wp\/v2\/categories?post=6190005"},{"taxonomy":"post_tag","embeddable":true,"href":"https:\/\/kapitalis.com\/tunisie\/wp-json\/wp\/v2\/tags?post=6190005"}],"curies":[{"name":"wp","href":"https:\/\/api.w.org\/{rel}","templated":true}]}}