{"id":61902,"date":"2016-08-18T19:36:57","date_gmt":"2016-08-18T18:36:57","guid":{"rendered":"http:\/\/kapitalis.com\/tunisie\/?p=61902"},"modified":"2016-08-18T19:36:58","modified_gmt":"2016-08-18T18:36:58","slug":"la-tunisie-face-aux-emeutes-de-leau","status":"publish","type":"post","link":"https:\/\/kapitalis.com\/tunisie\/2016\/08\/18\/la-tunisie-face-aux-emeutes-de-leau\/","title":{"rendered":"La Tunisie face aux \u00e9meutes de l\u2019eau"},"content":{"rendered":"<p style=\"text-align: center;\"><img loading=\"lazy\" decoding=\"async\" class=\"alignnone size-full wp-image-61903\" src=\"http:\/\/kapitalis.com\/tunisie\/wp-content\/uploads\/2016\/08\/Eau-fontaine-publique.jpg\" alt=\"Eau-fontaine-publique\" width=\"626\" height=\"380\" \/><\/p>\n<p style=\"text-align: center;\"><em>Des citoyens font la queue pour remplir leurs bidons \u00e0 la fontaine publique.\u00a0<\/em><\/p>\n<p><em><strong>Les Tunisiens commencent \u00e0 prendre conscience d\u2019un grave probl\u00e8me structurel qui pourrait hypoth\u00e9quer leur avenir : la raret\u00e9 des ressources en eau.<\/strong> <\/em><\/p>\n<p>Par <strong>Chedly Mamoghli<\/strong> *<\/p>\n<p><!--more--><\/p>\n<p>Oublions un peu la composition du gouvernement en cours de constitution par le chef de gouvernement d\u00e9sign\u00e9 Youssef Chahed, Ennahdha qui veut avoir une bonne part dans ce gouvernement ou encore l\u2019affairiste Slim Riahi qui veut devenir ministre de la Bonne gouvernance et de la Lutte contre la corruption. Il y a une question, beaucoup plus importante, aujourd\u2019hui, en Tunisie, qui est celle du manque de l\u2019eau, qui atteint le niveau de la p\u00e9nurie dans certaines r\u00e9gions du pays.<\/p>\n<p><strong>Raret\u00e9 des ressources hydriques<\/strong><\/p>\n<p>Les coupures d\u2019eau fr\u00e9quentes et la qualit\u00e9 de l\u2019eau potable qui se d\u00e9t\u00e9riore (couleur, odeur\u2026) alimentent une vague de m\u00e9contentement dans certaines r\u00e9gions. Il y a m\u00eame eu des protestations et des citoyens exc\u00e9d\u00e9s par la soif qui ont bloqu\u00e9 des routes. Personne, aujourd\u2019hui, ne peut nier l\u2019existence de probl\u00e9matiques li\u00e9es au manque d\u2019eau en Tunisie. Faut-il que les quartiers dits hupp\u00e9s de la capitale en soient enfin touch\u00e9s pour que l\u2019on prenne vraiment conscience que la situation est pr\u00e9occupante.<\/p>\n<p>Mercredi soir, il y a eu un d\u00e9bat t\u00e9l\u00e9vis\u00e9 sur la cha\u00eene publique Al-Wataniya 1 consacr\u00e9 \u00e0 ce sujet. Le ministre de l\u2019Agriculture, des Ressources hydrauliques et de la P\u00eache, Saad Seddik, \u2013 par ailleurs ing\u00e9nieur principal des eaux, ancien directeur des barrages au sein du m\u00eame minist\u00e8re et ancien Pdg de la Soci\u00e9t\u00e9 nationale d\u2019exploitation et de distribution de l\u2019eau (Sonede) \u2013 insistait sur la baisse importante de la pluviom\u00e9trie, notamment au cours des deux derni\u00e8res ann\u00e9es, ce qui a gravement affect\u00e9 le taux de remplissage des barrages. Par cons\u00e9quent, la gestion de la distribution de l\u2019eau sur tout le territoire devenait plus difficile, ce qui explique, selon lui, que certaines r\u00e9gions voyaient leur approvisionnement affect\u00e9 au profit d&rsquo;autres. L\u2019autre raison, c\u2019est que l\u2019anarchie qui a r\u00e9gn\u00e9 ces derni\u00e8res ann\u00e9es a affect\u00e9 les ressources hydriques. Il y a eu un nombre \u00e9norme de puits creus\u00e9s partout en Tunisie et on a puis\u00e9 sans compter dans la nappe phr\u00e9atique, qui n\u2019est pas in\u00e9puisable ni renouvelable.<\/p>\n<p><strong>Pr\u00e9venir les \u00e9meutes de l\u2019eau<\/strong><\/p>\n<p>L\u2019argument ridicule du tourisme qui serait \u00e0 l\u2019origine du probl\u00e8me du manque d\u2019eau en \u00e9t\u00e9 ne tient pas. M\u00eame le ministre l\u2019a admis. A part le fait que le nombre de touristes est en nette baisse par rapport aux ann\u00e9es pr\u00e9c\u00e9dentes, le tourisme ne repr\u00e9sente que 1% de la consommation globale de l\u2019eau en Tunisie, alors que le secteur agricole, qui recourt \u00e0 l\u2019irrigation intensive, en accapare, \u00e0 lui seul, 80%. L&rsquo;industrie, les services (qui comprennent le tourisme) ainsi que la consommation des m\u00e9nages repr\u00e9sentent les 20% restant.<\/p>\n<p>Le Pdg de la Sonede, \u00e9galement invit\u00e9 sur le plateau de la Watanita 1, nous a sembl\u00e9 hors du coup. Ce n\u2019est pas pour l\u2019accabler, mais tout au long de l\u2019\u00e9mission, il n\u2019arrivait pas \u00e0 se d\u00e9partir de ses r\u00e9flexes de fonctionnaire sur la d\u00e9fensive qui devait rendre des comptes. Il cafouillait et ne r\u00e9pondait pas clairement aux interrogations des Tunisiens. Aussi, la solution du dessalement de l\u2019eau de mer, solution efficace, n\u2019a-t-elle \u00e9t\u00e9 que vaguement abord\u00e9e \u00e0 la fin de l\u2019\u00e9mission.<\/p>\n<p>Il faut tout faire pour que les probl\u00e8mes li\u00e9s \u00e0 l&rsquo;eau soient d\u00e9battus, expliqu\u00e9s et r\u00e9solus avec la contribution de tous les acteurs concern\u00e9s, mais aussi les citoyens. Car la d\u00e9t\u00e9rioration de la situation actuelle, qui est d\u00e9j\u00e0 pr\u00e9occupante, aura des impacts sociaux gravissimes. Il pourrait m\u00eame y avoir des \u00e9meutes de l\u2019eau, comme il y eut dans les ann\u00e9es 1980 du si\u00e8cle dernier, des \u00e9meutes du pain. Et ce serait symptomatique d&rsquo;un pays qui ne cesse de marcher \u00e0 reculons pour atteindre, bient\u00f4t, si on ne fait rien pour redresser la situation, le rang, peu enviable, des PAM (pays les moins avanc\u00e9s).<\/p>\n<p style=\"text-align: right;\"><em>* Juriste.<\/em><\/p>\n","protected":false},"excerpt":{"rendered":"<p>Des citoyens font la queue pour remplir leurs bidons \u00e0 la fontaine publique.\u00a0 Les Tunisiens commencent \u00e0 prendre conscience d\u2019un grave probl\u00e8me structurel qui pourrait hypoth\u00e9quer leur avenir : la raret\u00e9 des ressources en eau. Par Chedly Mamoghli *<\/p>\n","protected":false},"author":8,"featured_media":61903,"comment_status":"open","ping_status":"open","sticky":false,"template":"","format":"standard","meta":{"footnotes":""},"categories":[992,1000,2433],"tags":[47,16020,21799,1207,849],"class_list":["post-61902","post","type-post","status-publish","format-standard","has-post-thumbnail","hentry","category-a-la-une","category-tribune","category-tunisie","tag-agriculture","tag-barrages","tag-pluviometrie","tag-saad-seddik","tag-sonede"],"yoast_head":"<!-- This site is optimized with the Yoast SEO plugin v26.6 - https:\/\/yoast.com\/wordpress\/plugins\/seo\/ -->\n<title>La Tunisie face aux \u00e9meutes de l\u2019eau - Kapitalis<\/title>\n<meta name=\"robots\" content=\"index, follow, max-snippet:-1, max-image-preview:large, max-video-preview:-1\" \/>\n<link rel=\"canonical\" href=\"https:\/\/kapitalis.com\/tunisie\/2016\/08\/18\/la-tunisie-face-aux-emeutes-de-leau\/\" \/>\n<meta property=\"og:locale\" content=\"fr_FR\" \/>\n<meta property=\"og:type\" content=\"article\" \/>\n<meta property=\"og:title\" content=\"La Tunisie face aux \u00e9meutes de l\u2019eau - Kapitalis\" \/>\n<meta property=\"og:description\" content=\"Des citoyens font la queue pour remplir leurs bidons \u00e0 la fontaine publique.\u00a0 Les Tunisiens commencent \u00e0 prendre conscience d\u2019un grave probl\u00e8me structurel qui pourrait hypoth\u00e9quer leur avenir : la raret\u00e9 des ressources en eau. Par Chedly Mamoghli *\" \/>\n<meta property=\"og:url\" content=\"https:\/\/kapitalis.com\/tunisie\/2016\/08\/18\/la-tunisie-face-aux-emeutes-de-leau\/\" \/>\n<meta property=\"og:site_name\" content=\"Kapitalis\" \/>\n<meta property=\"article:publisher\" content=\"https:\/\/www.facebook.com\/KapitalisInfo\/\" \/>\n<meta property=\"article:published_time\" content=\"2016-08-18T18:36:57+00:00\" \/>\n<meta property=\"article:modified_time\" content=\"2016-08-18T18:36:58+00:00\" \/>\n<meta property=\"og:image\" content=\"https:\/\/kapitalis.com\/tunisie\/wp-content\/uploads\/2022\/05\/kapitalis-logo-fb.png\" \/>\n\t<meta property=\"og:image:width\" content=\"1200\" \/>\n\t<meta property=\"og:image:height\" content=\"630\" \/>\n\t<meta property=\"og:image:type\" content=\"image\/png\" \/>\n<meta name=\"author\" content=\"webmaster kapitalis\" \/>\n<meta name=\"twitter:card\" content=\"summary_large_image\" \/>\n<meta name=\"twitter:creator\" content=\"@KapitalisInfo\" \/>\n<meta name=\"twitter:site\" content=\"@KapitalisInfo\" \/>\n<meta name=\"twitter:label1\" content=\"\u00c9crit par\" \/>\n\t<meta name=\"twitter:data1\" content=\"webmaster kapitalis\" \/>\n\t<meta name=\"twitter:label2\" content=\"Dur\u00e9e de lecture estim\u00e9e\" \/>\n\t<meta name=\"twitter:data2\" content=\"4 minutes\" \/>\n<script type=\"application\/ld+json\" class=\"yoast-schema-graph\">{\"@context\":\"https:\/\/schema.org\",\"@graph\":[{\"@type\":\"Article\",\"@id\":\"https:\/\/kapitalis.com\/tunisie\/2016\/08\/18\/la-tunisie-face-aux-emeutes-de-leau\/#article\",\"isPartOf\":{\"@id\":\"https:\/\/kapitalis.com\/tunisie\/2016\/08\/18\/la-tunisie-face-aux-emeutes-de-leau\/\"},\"author\":{\"name\":\"webmaster kapitalis\",\"@id\":\"https:\/\/kapitalis.com\/tunisie\/#\/schema\/person\/d71f33a9ca44f7bad4698210b480c8e9\"},\"headline\":\"La Tunisie face aux \u00e9meutes de l\u2019eau\",\"datePublished\":\"2016-08-18T18:36:57+00:00\",\"dateModified\":\"2016-08-18T18:36:58+00:00\",\"mainEntityOfPage\":{\"@id\":\"https:\/\/kapitalis.com\/tunisie\/2016\/08\/18\/la-tunisie-face-aux-emeutes-de-leau\/\"},\"wordCount\":734,\"commentCount\":6,\"publisher\":{\"@id\":\"https:\/\/kapitalis.com\/tunisie\/#organization\"},\"image\":{\"@id\":\"https:\/\/kapitalis.com\/tunisie\/2016\/08\/18\/la-tunisie-face-aux-emeutes-de-leau\/#primaryimage\"},\"thumbnailUrl\":\"\",\"keywords\":[\"Agriculture\",\"barrages\",\"pluviom\u00e9trie\",\"Saad Seddik\",\"Sonede\"],\"articleSection\":[\"A LA UNE\",\"TRIBUNE\",\"Tunisie\"],\"inLanguage\":\"fr-FR\",\"potentialAction\":[{\"@type\":\"CommentAction\",\"name\":\"Comment\",\"target\":[\"https:\/\/kapitalis.com\/tunisie\/2016\/08\/18\/la-tunisie-face-aux-emeutes-de-leau\/#respond\"]}]},{\"@type\":\"WebPage\",\"@id\":\"https:\/\/kapitalis.com\/tunisie\/2016\/08\/18\/la-tunisie-face-aux-emeutes-de-leau\/\",\"url\":\"https:\/\/kapitalis.com\/tunisie\/2016\/08\/18\/la-tunisie-face-aux-emeutes-de-leau\/\",\"name\":\"La Tunisie face aux \u00e9meutes de l\u2019eau - Kapitalis\",\"isPartOf\":{\"@id\":\"https:\/\/kapitalis.com\/tunisie\/#website\"},\"primaryImageOfPage\":{\"@id\":\"https:\/\/kapitalis.com\/tunisie\/2016\/08\/18\/la-tunisie-face-aux-emeutes-de-leau\/#primaryimage\"},\"image\":{\"@id\":\"https:\/\/kapitalis.com\/tunisie\/2016\/08\/18\/la-tunisie-face-aux-emeutes-de-leau\/#primaryimage\"},\"thumbnailUrl\":\"\",\"datePublished\":\"2016-08-18T18:36:57+00:00\",\"dateModified\":\"2016-08-18T18:36:58+00:00\",\"breadcrumb\":{\"@id\":\"https:\/\/kapitalis.com\/tunisie\/2016\/08\/18\/la-tunisie-face-aux-emeutes-de-leau\/#breadcrumb\"},\"inLanguage\":\"fr-FR\",\"potentialAction\":[{\"@type\":\"ReadAction\",\"target\":[\"https:\/\/kapitalis.com\/tunisie\/2016\/08\/18\/la-tunisie-face-aux-emeutes-de-leau\/\"]}]},{\"@type\":\"ImageObject\",\"inLanguage\":\"fr-FR\",\"@id\":\"https:\/\/kapitalis.com\/tunisie\/2016\/08\/18\/la-tunisie-face-aux-emeutes-de-leau\/#primaryimage\",\"url\":\"\",\"contentUrl\":\"\"},{\"@type\":\"BreadcrumbList\",\"@id\":\"https:\/\/kapitalis.com\/tunisie\/2016\/08\/18\/la-tunisie-face-aux-emeutes-de-leau\/#breadcrumb\",\"itemListElement\":[{\"@type\":\"ListItem\",\"position\":1,\"name\":\"Accueil\",\"item\":\"https:\/\/kapitalis.com\/tunisie\/\"},{\"@type\":\"ListItem\",\"position\":2,\"name\":\"La Tunisie face aux \u00e9meutes de l\u2019eau\"}]},{\"@type\":\"WebSite\",\"@id\":\"https:\/\/kapitalis.com\/tunisie\/#website\",\"url\":\"https:\/\/kapitalis.com\/tunisie\/\",\"name\":\"Kapitalis\",\"description\":\"L&#039;actualit\u00e9 en Tunisie et dans le monde\",\"publisher\":{\"@id\":\"https:\/\/kapitalis.com\/tunisie\/#organization\"},\"potentialAction\":[{\"@type\":\"SearchAction\",\"target\":{\"@type\":\"EntryPoint\",\"urlTemplate\":\"https:\/\/kapitalis.com\/tunisie\/?s={search_term_string}\"},\"query-input\":{\"@type\":\"PropertyValueSpecification\",\"valueRequired\":true,\"valueName\":\"search_term_string\"}}],\"inLanguage\":\"fr-FR\"},{\"@type\":\"Organization\",\"@id\":\"https:\/\/kapitalis.com\/tunisie\/#organization\",\"name\":\"Kapitalis\",\"url\":\"https:\/\/kapitalis.com\/tunisie\/\",\"logo\":{\"@type\":\"ImageObject\",\"inLanguage\":\"fr-FR\",\"@id\":\"https:\/\/kapitalis.com\/tunisie\/#\/schema\/logo\/image\/\",\"url\":\"https:\/\/kapitalis.com\/tunisie\/wp-content\/uploads\/2022\/05\/Kapitalis-big-size.png\",\"contentUrl\":\"https:\/\/kapitalis.com\/tunisie\/wp-content\/uploads\/2022\/05\/Kapitalis-big-size.png\",\"width\":5000,\"height\":1500,\"caption\":\"Kapitalis\"},\"image\":{\"@id\":\"https:\/\/kapitalis.com\/tunisie\/#\/schema\/logo\/image\/\"},\"sameAs\":[\"https:\/\/www.facebook.com\/KapitalisInfo\/\",\"https:\/\/x.com\/KapitalisInfo\",\"https:\/\/www.youtube.com\/channel\/UC-yDYrHyfFBWWZaOw3FPg9Q\"]},{\"@type\":\"Person\",\"@id\":\"https:\/\/kapitalis.com\/tunisie\/#\/schema\/person\/d71f33a9ca44f7bad4698210b480c8e9\",\"name\":\"webmaster kapitalis\",\"url\":\"https:\/\/kapitalis.com\/tunisie\/author\/webmaster-kapitalis\/\"}]}<\/script>\n<!-- \/ Yoast SEO plugin. -->","yoast_head_json":{"title":"La Tunisie face aux \u00e9meutes de l\u2019eau - Kapitalis","robots":{"index":"index","follow":"follow","max-snippet":"max-snippet:-1","max-image-preview":"max-image-preview:large","max-video-preview":"max-video-preview:-1"},"canonical":"https:\/\/kapitalis.com\/tunisie\/2016\/08\/18\/la-tunisie-face-aux-emeutes-de-leau\/","og_locale":"fr_FR","og_type":"article","og_title":"La Tunisie face aux \u00e9meutes de l\u2019eau - Kapitalis","og_description":"Des citoyens font la queue pour remplir leurs bidons \u00e0 la fontaine publique.\u00a0 Les Tunisiens commencent \u00e0 prendre conscience d\u2019un grave probl\u00e8me structurel qui pourrait hypoth\u00e9quer leur avenir : la raret\u00e9 des ressources en eau. Par Chedly Mamoghli *","og_url":"https:\/\/kapitalis.com\/tunisie\/2016\/08\/18\/la-tunisie-face-aux-emeutes-de-leau\/","og_site_name":"Kapitalis","article_publisher":"https:\/\/www.facebook.com\/KapitalisInfo\/","article_published_time":"2016-08-18T18:36:57+00:00","article_modified_time":"2016-08-18T18:36:58+00:00","og_image":[{"width":1200,"height":630,"url":"https:\/\/kapitalis.com\/tunisie\/wp-content\/uploads\/2022\/05\/kapitalis-logo-fb.png","type":"image\/png"}],"author":"webmaster kapitalis","twitter_card":"summary_large_image","twitter_creator":"@KapitalisInfo","twitter_site":"@KapitalisInfo","twitter_misc":{"\u00c9crit par":"webmaster kapitalis","Dur\u00e9e de lecture estim\u00e9e":"4 minutes"},"schema":{"@context":"https:\/\/schema.org","@graph":[{"@type":"Article","@id":"https:\/\/kapitalis.com\/tunisie\/2016\/08\/18\/la-tunisie-face-aux-emeutes-de-leau\/#article","isPartOf":{"@id":"https:\/\/kapitalis.com\/tunisie\/2016\/08\/18\/la-tunisie-face-aux-emeutes-de-leau\/"},"author":{"name":"webmaster kapitalis","@id":"https:\/\/kapitalis.com\/tunisie\/#\/schema\/person\/d71f33a9ca44f7bad4698210b480c8e9"},"headline":"La Tunisie face aux \u00e9meutes de l\u2019eau","datePublished":"2016-08-18T18:36:57+00:00","dateModified":"2016-08-18T18:36:58+00:00","mainEntityOfPage":{"@id":"https:\/\/kapitalis.com\/tunisie\/2016\/08\/18\/la-tunisie-face-aux-emeutes-de-leau\/"},"wordCount":734,"commentCount":6,"publisher":{"@id":"https:\/\/kapitalis.com\/tunisie\/#organization"},"image":{"@id":"https:\/\/kapitalis.com\/tunisie\/2016\/08\/18\/la-tunisie-face-aux-emeutes-de-leau\/#primaryimage"},"thumbnailUrl":"","keywords":["Agriculture","barrages","pluviom\u00e9trie","Saad Seddik","Sonede"],"articleSection":["A LA UNE","TRIBUNE","Tunisie"],"inLanguage":"fr-FR","potentialAction":[{"@type":"CommentAction","name":"Comment","target":["https:\/\/kapitalis.com\/tunisie\/2016\/08\/18\/la-tunisie-face-aux-emeutes-de-leau\/#respond"]}]},{"@type":"WebPage","@id":"https:\/\/kapitalis.com\/tunisie\/2016\/08\/18\/la-tunisie-face-aux-emeutes-de-leau\/","url":"https:\/\/kapitalis.com\/tunisie\/2016\/08\/18\/la-tunisie-face-aux-emeutes-de-leau\/","name":"La Tunisie face aux \u00e9meutes de l\u2019eau - Kapitalis","isPartOf":{"@id":"https:\/\/kapitalis.com\/tunisie\/#website"},"primaryImageOfPage":{"@id":"https:\/\/kapitalis.com\/tunisie\/2016\/08\/18\/la-tunisie-face-aux-emeutes-de-leau\/#primaryimage"},"image":{"@id":"https:\/\/kapitalis.com\/tunisie\/2016\/08\/18\/la-tunisie-face-aux-emeutes-de-leau\/#primaryimage"},"thumbnailUrl":"","datePublished":"2016-08-18T18:36:57+00:00","dateModified":"2016-08-18T18:36:58+00:00","breadcrumb":{"@id":"https:\/\/kapitalis.com\/tunisie\/2016\/08\/18\/la-tunisie-face-aux-emeutes-de-leau\/#breadcrumb"},"inLanguage":"fr-FR","potentialAction":[{"@type":"ReadAction","target":["https:\/\/kapitalis.com\/tunisie\/2016\/08\/18\/la-tunisie-face-aux-emeutes-de-leau\/"]}]},{"@type":"ImageObject","inLanguage":"fr-FR","@id":"https:\/\/kapitalis.com\/tunisie\/2016\/08\/18\/la-tunisie-face-aux-emeutes-de-leau\/#primaryimage","url":"","contentUrl":""},{"@type":"BreadcrumbList","@id":"https:\/\/kapitalis.com\/tunisie\/2016\/08\/18\/la-tunisie-face-aux-emeutes-de-leau\/#breadcrumb","itemListElement":[{"@type":"ListItem","position":1,"name":"Accueil","item":"https:\/\/kapitalis.com\/tunisie\/"},{"@type":"ListItem","position":2,"name":"La Tunisie face aux \u00e9meutes de l\u2019eau"}]},{"@type":"WebSite","@id":"https:\/\/kapitalis.com\/tunisie\/#website","url":"https:\/\/kapitalis.com\/tunisie\/","name":"Kapitalis","description":"L&#039;actualit\u00e9 en Tunisie et dans le monde","publisher":{"@id":"https:\/\/kapitalis.com\/tunisie\/#organization"},"potentialAction":[{"@type":"SearchAction","target":{"@type":"EntryPoint","urlTemplate":"https:\/\/kapitalis.com\/tunisie\/?s={search_term_string}"},"query-input":{"@type":"PropertyValueSpecification","valueRequired":true,"valueName":"search_term_string"}}],"inLanguage":"fr-FR"},{"@type":"Organization","@id":"https:\/\/kapitalis.com\/tunisie\/#organization","name":"Kapitalis","url":"https:\/\/kapitalis.com\/tunisie\/","logo":{"@type":"ImageObject","inLanguage":"fr-FR","@id":"https:\/\/kapitalis.com\/tunisie\/#\/schema\/logo\/image\/","url":"https:\/\/kapitalis.com\/tunisie\/wp-content\/uploads\/2022\/05\/Kapitalis-big-size.png","contentUrl":"https:\/\/kapitalis.com\/tunisie\/wp-content\/uploads\/2022\/05\/Kapitalis-big-size.png","width":5000,"height":1500,"caption":"Kapitalis"},"image":{"@id":"https:\/\/kapitalis.com\/tunisie\/#\/schema\/logo\/image\/"},"sameAs":["https:\/\/www.facebook.com\/KapitalisInfo\/","https:\/\/x.com\/KapitalisInfo","https:\/\/www.youtube.com\/channel\/UC-yDYrHyfFBWWZaOw3FPg9Q"]},{"@type":"Person","@id":"https:\/\/kapitalis.com\/tunisie\/#\/schema\/person\/d71f33a9ca44f7bad4698210b480c8e9","name":"webmaster kapitalis","url":"https:\/\/kapitalis.com\/tunisie\/author\/webmaster-kapitalis\/"}]}},"_links":{"self":[{"href":"https:\/\/kapitalis.com\/tunisie\/wp-json\/wp\/v2\/posts\/61902","targetHints":{"allow":["GET"]}}],"collection":[{"href":"https:\/\/kapitalis.com\/tunisie\/wp-json\/wp\/v2\/posts"}],"about":[{"href":"https:\/\/kapitalis.com\/tunisie\/wp-json\/wp\/v2\/types\/post"}],"author":[{"embeddable":true,"href":"https:\/\/kapitalis.com\/tunisie\/wp-json\/wp\/v2\/users\/8"}],"replies":[{"embeddable":true,"href":"https:\/\/kapitalis.com\/tunisie\/wp-json\/wp\/v2\/comments?post=61902"}],"version-history":[{"count":0,"href":"https:\/\/kapitalis.com\/tunisie\/wp-json\/wp\/v2\/posts\/61902\/revisions"}],"wp:featuredmedia":[{"embeddable":true,"href":"https:\/\/kapitalis.com\/tunisie\/wp-json\/wp\/v2\/media\/61903"}],"wp:attachment":[{"href":"https:\/\/kapitalis.com\/tunisie\/wp-json\/wp\/v2\/media?parent=61902"}],"wp:term":[{"taxonomy":"category","embeddable":true,"href":"https:\/\/kapitalis.com\/tunisie\/wp-json\/wp\/v2\/categories?post=61902"},{"taxonomy":"post_tag","embeddable":true,"href":"https:\/\/kapitalis.com\/tunisie\/wp-json\/wp\/v2\/tags?post=61902"}],"curies":[{"name":"wp","href":"https:\/\/api.w.org\/{rel}","templated":true}]}}