{"id":6192130,"date":"2023-01-24T22:06:09","date_gmt":"2023-01-24T21:06:09","guid":{"rendered":"https:\/\/kapitalis.com\/tunisie\/?p=6192130"},"modified":"2023-01-24T22:16:11","modified_gmt":"2023-01-24T21:16:11","slug":"chebbi-a-propos-de-larayedh-lun-des-plus-grands-militants-de-la-tunisievictime-dun-reglement-de-compte-politique","status":"publish","type":"post","link":"https:\/\/kapitalis.com\/tunisie\/2023\/01\/24\/chebbi-a-propos-de-larayedh-lun-des-plus-grands-militants-de-la-tunisievictime-dun-reglement-de-compte-politique\/","title":{"rendered":"Chebbi \u00e0 propos de Larayedh : \u00abL&rsquo;un des plus grands militants de la Tunisie\u2026victime d&rsquo;un r\u00e8glement de compte politique\u00bb"},"content":{"rendered":"\n<p><em><strong>\u00abAli Larayedh l&rsquo;ami, le fr\u00e8re, l&rsquo;un des plus grands militants de la Tunisie\u2026 se trouve en prison dans le cadre d&rsquo;un r\u00e8glement de compte politique, dans une affaire et des accusations mont\u00e9es de toutes pi\u00e8ces\u00bb, a lanc\u00e9 Ahmed Nejib Chebbi dirigeant du Front du Salut national, lors d&rsquo;une conf\u00e9rence organis\u00e9e ce mardi 24 janvier 2023.<\/strong><\/em><\/p>\n\n\n\n<!--more-->\n\n\n\n<p>Cette <a href=\"https:\/\/www.facebook.com\/Front.de.salut.national.2022\/videos\/1187292438572473\" target=\"_blank\" rel=\"noreferrer noopener\">conf\u00e9rence<\/a> a \u00e9t\u00e9 organis\u00e9e par le FSN, en soutien au vice-pr\u00e9sident Ennahdha ancien ministre de l\u2019Int\u00e9rieur (d\u00e9cembre 2011 -mars 2013) et ancien chef du gouvernement  (mars 2013 &#8211; janvier 2014), qui a fait l&rsquo;objet d&rsquo;un mandat de d\u00e9p\u00f4t,  le 19 d\u00e9cembre dernier, dans le cadre de l\u2019affaire des r\u00e9seaux d\u2019envoi de Tunisiens vers les zones de conflits.<\/p>\n\n\n\n<p>Ahmed Nejib Chebbi estime que Larayedh ne peut \u00eatre accus\u00e9 dans une affaire d&rsquo;envoi de Tunisiens vers les zones de conflits car, dit il, <em>\u00ablorsqu&rsquo;il a occup\u00e9 des postes de responsabilit\u00e9, il a pris des d\u00e9cisions importantes, notamment en classant Ansar Charia comme une organisation terroriste et en mettant en place la proc\u00e9dure frontali\u00e8re S17 afin de contr\u00f4ler les d\u00e9placements des individus suspect\u00e9s de lien avec le terrorisme, bien que celle-ci soit actuellement utilis\u00e9e comme moyen de r\u00e9pression contre les libres, les syndicalistes\u2026Je veux dire les d\u00e9put\u00e9s, les hommes d&rsquo;affaires entre autres\u2026\u00bb.<\/em><\/p>\n\n\n\n<p>Le dirigeant du FSN estime de ce fait qu&rsquo;Ali Larayedh a fait l&rsquo;objet d&rsquo;un mandat de d\u00e9p\u00f4t parce que le pr\u00e9sident veut se venger de toute personne qui s&rsquo;oppose \u00e0 lui, a-t-il lanc\u00e9, en rappelant que d&rsquo;autres opposants font l&rsquo;objet de poursuites citant notamment, Seifeddine <a href=\"https:\/\/kapitalis.com\/tunisie\/2023\/01\/24\/me-harrath-lopposition-au-jugement-emis-contre-makhlouf-sera-finalement-examinee-le-3-fevrier\/\" target=\"_blank\" rel=\"noreferrer noopener\">Makhlouf<\/a> arr\u00eat\u00e9 dans le cadre de l&rsquo;affaire de l&rsquo;a\u00e9roport, les dirigeants de la coalition Al-Karama condamn\u00e9s \u00e0 la prison (dans la m\u00eame affaire), <a href=\"https:\/\/kapitalis.com\/tunisie\/2023\/01\/10\/tunisie-ayachi-hammami-maintenu-en-etat-de-liberte\/\" target=\"_blank\" rel=\"noreferrer noopener\">Ayachi Hammami<\/a> et <a href=\"https:\/\/kapitalis.com\/tunisie\/2023\/01\/24\/tunisie-chaima-issa-convoquee-par-le-tribunal-militaire-samir-dilou\/\" target=\"_blank\" rel=\"noreferrer noopener\">Chaima Issa<\/a> poursuivis suite \u00e0 des d\u00e9clarations m\u00e9diatiques sur la base de l&rsquo;article 54\u2026<\/p>\n\n\n\n<p>Ahmed Nejib Chebbi affirme que l&rsquo;arrestation de Larayedh vise \u00e0 faire peur aux Tunisiens, a-t-il encore lanc\u00e9, en ajoutant : \u00ab<em>mais celui qui opte pour cette politique ne conna\u00eet ni la Tunisie, ni les Tunisiens, ni la d\u00e9mocratie\u2026 Mais nous ne l\u00e2cherons rien et nous poursuivrons notre lutte jusqu&rsquo;\u00e0 la chute du coup d\u2019\u00c9tat et jusqu&rsquo;au retour de la d\u00e9mocratie\u00bb.<\/em><\/p>\n\n\n\n<p class=\"has-text-align-right\"><strong>Y. N.<\/strong><\/p>\n\n\n\n<figure class=\"wp-block-embed is-type-wp-embed is-provider-kapitalis wp-block-embed-kapitalis\"><div class=\"wp-block-embed__wrapper\">\n<blockquote class=\"wp-embedded-content\" data-secret=\"KgjtPJZUQc\"><a href=\"https:\/\/kapitalis.com\/tunisie\/2022\/12\/19\/tunisie-mandat-de-depot-contre-ali-larayedh-me-harrath\/\">Tunisie : Mandat de d\u00e9p\u00f4t contre Ali Larayedh (Me Harrath)<\/a><\/blockquote><iframe loading=\"lazy\" class=\"wp-embedded-content\" sandbox=\"allow-scripts\" security=\"restricted\" style=\"position: absolute; clip: rect(1px, 1px, 1px, 1px);\" title=\"\u00ab\u00a0Tunisie : Mandat de d\u00e9p\u00f4t contre Ali Larayedh (Me Harrath)\u00a0\u00bb &#8212; Kapitalis\" src=\"https:\/\/kapitalis.com\/tunisie\/2022\/12\/19\/tunisie-mandat-de-depot-contre-ali-larayedh-me-harrath\/embed\/#?secret=GrodvNbsh4#?secret=KgjtPJZUQc\" data-secret=\"KgjtPJZUQc\" width=\"600\" height=\"338\" frameborder=\"0\" marginwidth=\"0\" marginheight=\"0\" scrolling=\"no\"><\/iframe>\n<\/div><\/figure>\n\n\n\n<figure class=\"wp-block-embed is-type-wp-embed is-provider-kapitalis wp-block-embed-kapitalis\"><div class=\"wp-block-embed__wrapper\">\n<blockquote class=\"wp-embedded-content\" data-secret=\"GlgLlv8Nbl\"><a href=\"https:\/\/kapitalis.com\/tunisie\/2022\/09\/26\/4266820\/\">Tunisie : Ali Larayedh se d\u00e9fend et contre-attaque<\/a><\/blockquote><iframe loading=\"lazy\" class=\"wp-embedded-content\" sandbox=\"allow-scripts\" security=\"restricted\" style=\"position: absolute; clip: rect(1px, 1px, 1px, 1px);\" title=\"\u00ab\u00a0Tunisie : Ali Larayedh se d\u00e9fend et contre-attaque\u00a0\u00bb &#8212; Kapitalis\" src=\"https:\/\/kapitalis.com\/tunisie\/2022\/09\/26\/4266820\/embed\/#?secret=O4jyAu3lJw#?secret=GlgLlv8Nbl\" data-secret=\"GlgLlv8Nbl\" width=\"600\" height=\"338\" frameborder=\"0\" marginwidth=\"0\" marginheight=\"0\" scrolling=\"no\"><\/iframe>\n<\/div><\/figure>\n\n\n\n<figure class=\"wp-block-embed is-type-wp-embed is-provider-kapitalis wp-block-embed-kapitalis\"><div class=\"wp-block-embed__wrapper\">\n<blockquote class=\"wp-embedded-content\" data-secret=\"wu9XGVSxrB\"><a href=\"https:\/\/kapitalis.com\/tunisie\/2022\/09\/21\/reseaux-denvoi-de-tunisiens-vers-les-zones-de-conflits-fatma-mseddi-placee-sous-protection-policiere\/\">R\u00e9seaux d\u2019envoi de Tunisiens vers les zones de conflits : Fatma Mseddi plac\u00e9e sous protection polici\u00e8re<\/a><\/blockquote><iframe loading=\"lazy\" class=\"wp-embedded-content\" sandbox=\"allow-scripts\" security=\"restricted\" style=\"position: absolute; clip: rect(1px, 1px, 1px, 1px);\" title=\"\u00ab\u00a0R\u00e9seaux d\u2019envoi de Tunisiens vers les zones de conflits : Fatma Mseddi plac\u00e9e sous protection polici\u00e8re\u00a0\u00bb &#8212; Kapitalis\" src=\"https:\/\/kapitalis.com\/tunisie\/2022\/09\/21\/reseaux-denvoi-de-tunisiens-vers-les-zones-de-conflits-fatma-mseddi-placee-sous-protection-policiere\/embed\/#?secret=bLVPKjMl4m#?secret=wu9XGVSxrB\" data-secret=\"wu9XGVSxrB\" width=\"600\" height=\"338\" frameborder=\"0\" marginwidth=\"0\" marginheight=\"0\" scrolling=\"no\"><\/iframe>\n<\/div><\/figure>\n","protected":false},"excerpt":{"rendered":"<p>Chebbi \u00e0 propos de Larayedh : \u00abL&rsquo;un des plus grands militants de la Tunisie\u2026victime d&rsquo;un r\u00e8glement de compte politique\u00bb<\/p>\n","protected":false},"author":6,"featured_media":6192242,"comment_status":"open","ping_status":"open","sticky":false,"template":"","format":"standard","meta":{"footnotes":""},"categories":[997,2433],"tags":[87155,1583,49543,1314,2661,1139,62643,9644],"class_list":["post-6192130","post","type-post","status-publish","format-standard","has-post-thumbnail","hentry","category-politique","category-tunisie","tag-ahmed-nejib-chebbi-2","tag-ali-larayedh","tag-ennahdha","tag-prison","tag-reseaux-sociaux","tag-solidarite","tag-tunisie","tag-zones-de-conflits"],"yoast_head":"<!-- This site is optimized with the Yoast SEO plugin v26.6 - https:\/\/yoast.com\/wordpress\/plugins\/seo\/ -->\n<title>Chebbi \u00e0 propos de Larayedh : \u00abL&#039;un des plus grands militants de la Tunisie\u2026victime d&#039;un r\u00e8glement de compte politique\u00bb - Kapitalis<\/title>\n<meta name=\"description\" content=\"\u00abAli Larayedh l&#039;ami, le fr\u00e8re, l&#039;un des plus grands militants de la Tunisie\u2026 se trouve en prison dans le cadre d&#039;un r\u00e8glement de compte politique, dans une affaire et des accusations mont\u00e9es de toutes pi\u00e8ces\u00bb, a lanc\u00e9 Ahmed Nejib Chebbi dirigeant du Front du Salut national, lors d&#039;une conf\u00e9rence organis\u00e9e ce mardi 24 janvier 2023.\" \/>\n<meta name=\"robots\" content=\"index, follow, max-snippet:-1, max-image-preview:large, max-video-preview:-1\" \/>\n<link rel=\"canonical\" href=\"https:\/\/kapitalis.com\/tunisie\/2023\/01\/24\/chebbi-a-propos-de-larayedh-lun-des-plus-grands-militants-de-la-tunisievictime-dun-reglement-de-compte-politique\/\" \/>\n<meta property=\"og:locale\" content=\"fr_FR\" \/>\n<meta property=\"og:type\" content=\"article\" \/>\n<meta property=\"og:title\" content=\"Chebbi \u00e0 propos de Larayedh : \u00abL&#039;un des plus grands militants de la Tunisie\u2026victime d&#039;un r\u00e8glement de compte politique\u00bb - Kapitalis\" \/>\n<meta property=\"og:description\" content=\"\u00abAli Larayedh l&#039;ami, le fr\u00e8re, l&#039;un des plus grands militants de la Tunisie\u2026 se trouve en prison dans le cadre d&#039;un r\u00e8glement de compte politique, dans une affaire et des accusations mont\u00e9es de toutes pi\u00e8ces\u00bb, a lanc\u00e9 Ahmed Nejib Chebbi dirigeant du Front du Salut national, lors d&#039;une conf\u00e9rence organis\u00e9e ce mardi 24 janvier 2023.\" \/>\n<meta property=\"og:url\" content=\"https:\/\/kapitalis.com\/tunisie\/2023\/01\/24\/chebbi-a-propos-de-larayedh-lun-des-plus-grands-militants-de-la-tunisievictime-dun-reglement-de-compte-politique\/\" \/>\n<meta property=\"og:site_name\" content=\"Kapitalis\" \/>\n<meta property=\"article:publisher\" content=\"https:\/\/www.facebook.com\/KapitalisInfo\/\" \/>\n<meta property=\"article:published_time\" content=\"2023-01-24T21:06:09+00:00\" \/>\n<meta property=\"article:modified_time\" content=\"2023-01-24T21:16:11+00:00\" \/>\n<meta property=\"og:image\" content=\"https:\/\/kapitalis.com\/tunisie\/wp-content\/uploads\/2023\/01\/Ahmed-Nejib-Chebbi-FSN.jpg\" \/>\n\t<meta property=\"og:image:width\" content=\"1200\" \/>\n\t<meta property=\"og:image:height\" content=\"630\" \/>\n\t<meta property=\"og:image:type\" content=\"image\/jpeg\" \/>\n<meta name=\"author\" content=\"Yusra NY\" \/>\n<meta name=\"twitter:card\" content=\"summary_large_image\" \/>\n<meta name=\"twitter:creator\" content=\"@KapitalisInfo\" \/>\n<meta name=\"twitter:site\" content=\"@KapitalisInfo\" \/>\n<meta name=\"twitter:label1\" content=\"\u00c9crit par\" \/>\n\t<meta name=\"twitter:data1\" content=\"Yusra NY\" \/>\n\t<meta name=\"twitter:label2\" content=\"Dur\u00e9e de lecture estim\u00e9e\" \/>\n\t<meta name=\"twitter:data2\" content=\"2 minutes\" \/>\n<script type=\"application\/ld+json\" class=\"yoast-schema-graph\">{\"@context\":\"https:\/\/schema.org\",\"@graph\":[{\"@type\":\"Article\",\"@id\":\"https:\/\/kapitalis.com\/tunisie\/2023\/01\/24\/chebbi-a-propos-de-larayedh-lun-des-plus-grands-militants-de-la-tunisievictime-dun-reglement-de-compte-politique\/#article\",\"isPartOf\":{\"@id\":\"https:\/\/kapitalis.com\/tunisie\/2023\/01\/24\/chebbi-a-propos-de-larayedh-lun-des-plus-grands-militants-de-la-tunisievictime-dun-reglement-de-compte-politique\/\"},\"author\":{\"name\":\"Yusra NY\",\"@id\":\"https:\/\/kapitalis.com\/tunisie\/#\/schema\/person\/74bbde0154d49d790a92aaeac5bc01d5\"},\"headline\":\"Chebbi \u00e0 propos de Larayedh : \u00abL&rsquo;un des plus grands militants de la Tunisie\u2026victime d&rsquo;un r\u00e8glement de compte politique\u00bb\",\"datePublished\":\"2023-01-24T21:06:09+00:00\",\"dateModified\":\"2023-01-24T21:16:11+00:00\",\"mainEntityOfPage\":{\"@id\":\"https:\/\/kapitalis.com\/tunisie\/2023\/01\/24\/chebbi-a-propos-de-larayedh-lun-des-plus-grands-militants-de-la-tunisievictime-dun-reglement-de-compte-politique\/\"},\"wordCount\":415,\"commentCount\":3,\"publisher\":{\"@id\":\"https:\/\/kapitalis.com\/tunisie\/#organization\"},\"image\":{\"@id\":\"https:\/\/kapitalis.com\/tunisie\/2023\/01\/24\/chebbi-a-propos-de-larayedh-lun-des-plus-grands-militants-de-la-tunisievictime-dun-reglement-de-compte-politique\/#primaryimage\"},\"thumbnailUrl\":\"https:\/\/kapitalis.com\/tunisie\/wp-content\/uploads\/2023\/01\/Ahmed-Nejib-Chebbi-FSN.jpg\",\"keywords\":[\"Ahmed Nejib Chebbi\",\"Ali Larayedh\",\"Ennahdha\",\"prison\",\"r\u00e9seaux sociaux\",\"solidarit\u00e9\",\"Tunisie\",\"zones de conflits\"],\"articleSection\":[\"POLITIQUE\",\"Tunisie\"],\"inLanguage\":\"fr-FR\",\"potentialAction\":[{\"@type\":\"CommentAction\",\"name\":\"Comment\",\"target\":[\"https:\/\/kapitalis.com\/tunisie\/2023\/01\/24\/chebbi-a-propos-de-larayedh-lun-des-plus-grands-militants-de-la-tunisievictime-dun-reglement-de-compte-politique\/#respond\"]}]},{\"@type\":\"WebPage\",\"@id\":\"https:\/\/kapitalis.com\/tunisie\/2023\/01\/24\/chebbi-a-propos-de-larayedh-lun-des-plus-grands-militants-de-la-tunisievictime-dun-reglement-de-compte-politique\/\",\"url\":\"https:\/\/kapitalis.com\/tunisie\/2023\/01\/24\/chebbi-a-propos-de-larayedh-lun-des-plus-grands-militants-de-la-tunisievictime-dun-reglement-de-compte-politique\/\",\"name\":\"Chebbi \u00e0 propos de Larayedh : \u00abL'un des plus grands militants de la Tunisie\u2026victime d'un r\u00e8glement de compte politique\u00bb - Kapitalis\",\"isPartOf\":{\"@id\":\"https:\/\/kapitalis.com\/tunisie\/#website\"},\"primaryImageOfPage\":{\"@id\":\"https:\/\/kapitalis.com\/tunisie\/2023\/01\/24\/chebbi-a-propos-de-larayedh-lun-des-plus-grands-militants-de-la-tunisievictime-dun-reglement-de-compte-politique\/#primaryimage\"},\"image\":{\"@id\":\"https:\/\/kapitalis.com\/tunisie\/2023\/01\/24\/chebbi-a-propos-de-larayedh-lun-des-plus-grands-militants-de-la-tunisievictime-dun-reglement-de-compte-politique\/#primaryimage\"},\"thumbnailUrl\":\"https:\/\/kapitalis.com\/tunisie\/wp-content\/uploads\/2023\/01\/Ahmed-Nejib-Chebbi-FSN.jpg\",\"datePublished\":\"2023-01-24T21:06:09+00:00\",\"dateModified\":\"2023-01-24T21:16:11+00:00\",\"description\":\"\u00abAli Larayedh l'ami, le fr\u00e8re, l'un des plus grands militants de la Tunisie\u2026 se trouve en prison dans le cadre d'un r\u00e8glement de compte politique, dans une affaire et des accusations mont\u00e9es de toutes pi\u00e8ces\u00bb, a lanc\u00e9 Ahmed Nejib Chebbi dirigeant du Front du Salut national, lors d'une conf\u00e9rence organis\u00e9e ce mardi 24 janvier 2023.\",\"breadcrumb\":{\"@id\":\"https:\/\/kapitalis.com\/tunisie\/2023\/01\/24\/chebbi-a-propos-de-larayedh-lun-des-plus-grands-militants-de-la-tunisievictime-dun-reglement-de-compte-politique\/#breadcrumb\"},\"inLanguage\":\"fr-FR\",\"potentialAction\":[{\"@type\":\"ReadAction\",\"target\":[\"https:\/\/kapitalis.com\/tunisie\/2023\/01\/24\/chebbi-a-propos-de-larayedh-lun-des-plus-grands-militants-de-la-tunisievictime-dun-reglement-de-compte-politique\/\"]}]},{\"@type\":\"ImageObject\",\"inLanguage\":\"fr-FR\",\"@id\":\"https:\/\/kapitalis.com\/tunisie\/2023\/01\/24\/chebbi-a-propos-de-larayedh-lun-des-plus-grands-militants-de-la-tunisievictime-dun-reglement-de-compte-politique\/#primaryimage\",\"url\":\"https:\/\/kapitalis.com\/tunisie\/wp-content\/uploads\/2023\/01\/Ahmed-Nejib-Chebbi-FSN.jpg\",\"contentUrl\":\"https:\/\/kapitalis.com\/tunisie\/wp-content\/uploads\/2023\/01\/Ahmed-Nejib-Chebbi-FSN.jpg\",\"width\":1200,\"height\":630},{\"@type\":\"BreadcrumbList\",\"@id\":\"https:\/\/kapitalis.com\/tunisie\/2023\/01\/24\/chebbi-a-propos-de-larayedh-lun-des-plus-grands-militants-de-la-tunisievictime-dun-reglement-de-compte-politique\/#breadcrumb\",\"itemListElement\":[{\"@type\":\"ListItem\",\"position\":1,\"name\":\"Accueil\",\"item\":\"https:\/\/kapitalis.com\/tunisie\/\"},{\"@type\":\"ListItem\",\"position\":2,\"name\":\"Chebbi \u00e0 propos de Larayedh : \u00abL&rsquo;un des plus grands militants de la Tunisie\u2026victime d&rsquo;un r\u00e8glement de compte politique\u00bb\"}]},{\"@type\":\"WebSite\",\"@id\":\"https:\/\/kapitalis.com\/tunisie\/#website\",\"url\":\"https:\/\/kapitalis.com\/tunisie\/\",\"name\":\"Kapitalis\",\"description\":\"L&#039;actualit\u00e9 en Tunisie et dans le monde\",\"publisher\":{\"@id\":\"https:\/\/kapitalis.com\/tunisie\/#organization\"},\"potentialAction\":[{\"@type\":\"SearchAction\",\"target\":{\"@type\":\"EntryPoint\",\"urlTemplate\":\"https:\/\/kapitalis.com\/tunisie\/?s={search_term_string}\"},\"query-input\":{\"@type\":\"PropertyValueSpecification\",\"valueRequired\":true,\"valueName\":\"search_term_string\"}}],\"inLanguage\":\"fr-FR\"},{\"@type\":\"Organization\",\"@id\":\"https:\/\/kapitalis.com\/tunisie\/#organization\",\"name\":\"Kapitalis\",\"url\":\"https:\/\/kapitalis.com\/tunisie\/\",\"logo\":{\"@type\":\"ImageObject\",\"inLanguage\":\"fr-FR\",\"@id\":\"https:\/\/kapitalis.com\/tunisie\/#\/schema\/logo\/image\/\",\"url\":\"https:\/\/kapitalis.com\/tunisie\/wp-content\/uploads\/2022\/05\/Kapitalis-big-size.png\",\"contentUrl\":\"https:\/\/kapitalis.com\/tunisie\/wp-content\/uploads\/2022\/05\/Kapitalis-big-size.png\",\"width\":5000,\"height\":1500,\"caption\":\"Kapitalis\"},\"image\":{\"@id\":\"https:\/\/kapitalis.com\/tunisie\/#\/schema\/logo\/image\/\"},\"sameAs\":[\"https:\/\/www.facebook.com\/KapitalisInfo\/\",\"https:\/\/x.com\/KapitalisInfo\",\"https:\/\/www.youtube.com\/channel\/UC-yDYrHyfFBWWZaOw3FPg9Q\"]},{\"@type\":\"Person\",\"@id\":\"https:\/\/kapitalis.com\/tunisie\/#\/schema\/person\/74bbde0154d49d790a92aaeac5bc01d5\",\"name\":\"Yusra NY\",\"url\":\"https:\/\/kapitalis.com\/tunisie\/author\/yuza_adam\/\"}]}<\/script>\n<!-- \/ Yoast SEO plugin. -->","yoast_head_json":{"title":"Chebbi \u00e0 propos de Larayedh : \u00abL'un des plus grands militants de la Tunisie\u2026victime d'un r\u00e8glement de compte politique\u00bb - Kapitalis","description":"\u00abAli Larayedh l'ami, le fr\u00e8re, l'un des plus grands militants de la Tunisie\u2026 se trouve en prison dans le cadre d'un r\u00e8glement de compte politique, dans une affaire et des accusations mont\u00e9es de toutes pi\u00e8ces\u00bb, a lanc\u00e9 Ahmed Nejib Chebbi dirigeant du Front du Salut national, lors d'une conf\u00e9rence organis\u00e9e ce mardi 24 janvier 2023.","robots":{"index":"index","follow":"follow","max-snippet":"max-snippet:-1","max-image-preview":"max-image-preview:large","max-video-preview":"max-video-preview:-1"},"canonical":"https:\/\/kapitalis.com\/tunisie\/2023\/01\/24\/chebbi-a-propos-de-larayedh-lun-des-plus-grands-militants-de-la-tunisievictime-dun-reglement-de-compte-politique\/","og_locale":"fr_FR","og_type":"article","og_title":"Chebbi \u00e0 propos de Larayedh : \u00abL'un des plus grands militants de la Tunisie\u2026victime d'un r\u00e8glement de compte politique\u00bb - Kapitalis","og_description":"\u00abAli Larayedh l'ami, le fr\u00e8re, l'un des plus grands militants de la Tunisie\u2026 se trouve en prison dans le cadre d'un r\u00e8glement de compte politique, dans une affaire et des accusations mont\u00e9es de toutes pi\u00e8ces\u00bb, a lanc\u00e9 Ahmed Nejib Chebbi dirigeant du Front du Salut national, lors d'une conf\u00e9rence organis\u00e9e ce mardi 24 janvier 2023.","og_url":"https:\/\/kapitalis.com\/tunisie\/2023\/01\/24\/chebbi-a-propos-de-larayedh-lun-des-plus-grands-militants-de-la-tunisievictime-dun-reglement-de-compte-politique\/","og_site_name":"Kapitalis","article_publisher":"https:\/\/www.facebook.com\/KapitalisInfo\/","article_published_time":"2023-01-24T21:06:09+00:00","article_modified_time":"2023-01-24T21:16:11+00:00","og_image":[{"width":1200,"height":630,"url":"https:\/\/kapitalis.com\/tunisie\/wp-content\/uploads\/2023\/01\/Ahmed-Nejib-Chebbi-FSN.jpg","type":"image\/jpeg"}],"author":"Yusra NY","twitter_card":"summary_large_image","twitter_creator":"@KapitalisInfo","twitter_site":"@KapitalisInfo","twitter_misc":{"\u00c9crit par":"Yusra NY","Dur\u00e9e de lecture estim\u00e9e":"2 minutes"},"schema":{"@context":"https:\/\/schema.org","@graph":[{"@type":"Article","@id":"https:\/\/kapitalis.com\/tunisie\/2023\/01\/24\/chebbi-a-propos-de-larayedh-lun-des-plus-grands-militants-de-la-tunisievictime-dun-reglement-de-compte-politique\/#article","isPartOf":{"@id":"https:\/\/kapitalis.com\/tunisie\/2023\/01\/24\/chebbi-a-propos-de-larayedh-lun-des-plus-grands-militants-de-la-tunisievictime-dun-reglement-de-compte-politique\/"},"author":{"name":"Yusra NY","@id":"https:\/\/kapitalis.com\/tunisie\/#\/schema\/person\/74bbde0154d49d790a92aaeac5bc01d5"},"headline":"Chebbi \u00e0 propos de Larayedh : \u00abL&rsquo;un des plus grands militants de la Tunisie\u2026victime d&rsquo;un r\u00e8glement de compte politique\u00bb","datePublished":"2023-01-24T21:06:09+00:00","dateModified":"2023-01-24T21:16:11+00:00","mainEntityOfPage":{"@id":"https:\/\/kapitalis.com\/tunisie\/2023\/01\/24\/chebbi-a-propos-de-larayedh-lun-des-plus-grands-militants-de-la-tunisievictime-dun-reglement-de-compte-politique\/"},"wordCount":415,"commentCount":3,"publisher":{"@id":"https:\/\/kapitalis.com\/tunisie\/#organization"},"image":{"@id":"https:\/\/kapitalis.com\/tunisie\/2023\/01\/24\/chebbi-a-propos-de-larayedh-lun-des-plus-grands-militants-de-la-tunisievictime-dun-reglement-de-compte-politique\/#primaryimage"},"thumbnailUrl":"https:\/\/kapitalis.com\/tunisie\/wp-content\/uploads\/2023\/01\/Ahmed-Nejib-Chebbi-FSN.jpg","keywords":["Ahmed Nejib Chebbi","Ali Larayedh","Ennahdha","prison","r\u00e9seaux sociaux","solidarit\u00e9","Tunisie","zones de conflits"],"articleSection":["POLITIQUE","Tunisie"],"inLanguage":"fr-FR","potentialAction":[{"@type":"CommentAction","name":"Comment","target":["https:\/\/kapitalis.com\/tunisie\/2023\/01\/24\/chebbi-a-propos-de-larayedh-lun-des-plus-grands-militants-de-la-tunisievictime-dun-reglement-de-compte-politique\/#respond"]}]},{"@type":"WebPage","@id":"https:\/\/kapitalis.com\/tunisie\/2023\/01\/24\/chebbi-a-propos-de-larayedh-lun-des-plus-grands-militants-de-la-tunisievictime-dun-reglement-de-compte-politique\/","url":"https:\/\/kapitalis.com\/tunisie\/2023\/01\/24\/chebbi-a-propos-de-larayedh-lun-des-plus-grands-militants-de-la-tunisievictime-dun-reglement-de-compte-politique\/","name":"Chebbi \u00e0 propos de Larayedh : \u00abL'un des plus grands militants de la Tunisie\u2026victime d'un r\u00e8glement de compte politique\u00bb - Kapitalis","isPartOf":{"@id":"https:\/\/kapitalis.com\/tunisie\/#website"},"primaryImageOfPage":{"@id":"https:\/\/kapitalis.com\/tunisie\/2023\/01\/24\/chebbi-a-propos-de-larayedh-lun-des-plus-grands-militants-de-la-tunisievictime-dun-reglement-de-compte-politique\/#primaryimage"},"image":{"@id":"https:\/\/kapitalis.com\/tunisie\/2023\/01\/24\/chebbi-a-propos-de-larayedh-lun-des-plus-grands-militants-de-la-tunisievictime-dun-reglement-de-compte-politique\/#primaryimage"},"thumbnailUrl":"https:\/\/kapitalis.com\/tunisie\/wp-content\/uploads\/2023\/01\/Ahmed-Nejib-Chebbi-FSN.jpg","datePublished":"2023-01-24T21:06:09+00:00","dateModified":"2023-01-24T21:16:11+00:00","description":"\u00abAli Larayedh l'ami, le fr\u00e8re, l'un des plus grands militants de la Tunisie\u2026 se trouve en prison dans le cadre d'un r\u00e8glement de compte politique, dans une affaire et des accusations mont\u00e9es de toutes pi\u00e8ces\u00bb, a lanc\u00e9 Ahmed Nejib Chebbi dirigeant du Front du Salut national, lors d'une conf\u00e9rence organis\u00e9e ce mardi 24 janvier 2023.","breadcrumb":{"@id":"https:\/\/kapitalis.com\/tunisie\/2023\/01\/24\/chebbi-a-propos-de-larayedh-lun-des-plus-grands-militants-de-la-tunisievictime-dun-reglement-de-compte-politique\/#breadcrumb"},"inLanguage":"fr-FR","potentialAction":[{"@type":"ReadAction","target":["https:\/\/kapitalis.com\/tunisie\/2023\/01\/24\/chebbi-a-propos-de-larayedh-lun-des-plus-grands-militants-de-la-tunisievictime-dun-reglement-de-compte-politique\/"]}]},{"@type":"ImageObject","inLanguage":"fr-FR","@id":"https:\/\/kapitalis.com\/tunisie\/2023\/01\/24\/chebbi-a-propos-de-larayedh-lun-des-plus-grands-militants-de-la-tunisievictime-dun-reglement-de-compte-politique\/#primaryimage","url":"https:\/\/kapitalis.com\/tunisie\/wp-content\/uploads\/2023\/01\/Ahmed-Nejib-Chebbi-FSN.jpg","contentUrl":"https:\/\/kapitalis.com\/tunisie\/wp-content\/uploads\/2023\/01\/Ahmed-Nejib-Chebbi-FSN.jpg","width":1200,"height":630},{"@type":"BreadcrumbList","@id":"https:\/\/kapitalis.com\/tunisie\/2023\/01\/24\/chebbi-a-propos-de-larayedh-lun-des-plus-grands-militants-de-la-tunisievictime-dun-reglement-de-compte-politique\/#breadcrumb","itemListElement":[{"@type":"ListItem","position":1,"name":"Accueil","item":"https:\/\/kapitalis.com\/tunisie\/"},{"@type":"ListItem","position":2,"name":"Chebbi \u00e0 propos de Larayedh : \u00abL&rsquo;un des plus grands militants de la Tunisie\u2026victime d&rsquo;un r\u00e8glement de compte politique\u00bb"}]},{"@type":"WebSite","@id":"https:\/\/kapitalis.com\/tunisie\/#website","url":"https:\/\/kapitalis.com\/tunisie\/","name":"Kapitalis","description":"L&#039;actualit\u00e9 en Tunisie et dans le monde","publisher":{"@id":"https:\/\/kapitalis.com\/tunisie\/#organization"},"potentialAction":[{"@type":"SearchAction","target":{"@type":"EntryPoint","urlTemplate":"https:\/\/kapitalis.com\/tunisie\/?s={search_term_string}"},"query-input":{"@type":"PropertyValueSpecification","valueRequired":true,"valueName":"search_term_string"}}],"inLanguage":"fr-FR"},{"@type":"Organization","@id":"https:\/\/kapitalis.com\/tunisie\/#organization","name":"Kapitalis","url":"https:\/\/kapitalis.com\/tunisie\/","logo":{"@type":"ImageObject","inLanguage":"fr-FR","@id":"https:\/\/kapitalis.com\/tunisie\/#\/schema\/logo\/image\/","url":"https:\/\/kapitalis.com\/tunisie\/wp-content\/uploads\/2022\/05\/Kapitalis-big-size.png","contentUrl":"https:\/\/kapitalis.com\/tunisie\/wp-content\/uploads\/2022\/05\/Kapitalis-big-size.png","width":5000,"height":1500,"caption":"Kapitalis"},"image":{"@id":"https:\/\/kapitalis.com\/tunisie\/#\/schema\/logo\/image\/"},"sameAs":["https:\/\/www.facebook.com\/KapitalisInfo\/","https:\/\/x.com\/KapitalisInfo","https:\/\/www.youtube.com\/channel\/UC-yDYrHyfFBWWZaOw3FPg9Q"]},{"@type":"Person","@id":"https:\/\/kapitalis.com\/tunisie\/#\/schema\/person\/74bbde0154d49d790a92aaeac5bc01d5","name":"Yusra NY","url":"https:\/\/kapitalis.com\/tunisie\/author\/yuza_adam\/"}]}},"_links":{"self":[{"href":"https:\/\/kapitalis.com\/tunisie\/wp-json\/wp\/v2\/posts\/6192130","targetHints":{"allow":["GET"]}}],"collection":[{"href":"https:\/\/kapitalis.com\/tunisie\/wp-json\/wp\/v2\/posts"}],"about":[{"href":"https:\/\/kapitalis.com\/tunisie\/wp-json\/wp\/v2\/types\/post"}],"author":[{"embeddable":true,"href":"https:\/\/kapitalis.com\/tunisie\/wp-json\/wp\/v2\/users\/6"}],"replies":[{"embeddable":true,"href":"https:\/\/kapitalis.com\/tunisie\/wp-json\/wp\/v2\/comments?post=6192130"}],"version-history":[{"count":7,"href":"https:\/\/kapitalis.com\/tunisie\/wp-json\/wp\/v2\/posts\/6192130\/revisions"}],"predecessor-version":[{"id":6192442,"href":"https:\/\/kapitalis.com\/tunisie\/wp-json\/wp\/v2\/posts\/6192130\/revisions\/6192442"}],"wp:featuredmedia":[{"embeddable":true,"href":"https:\/\/kapitalis.com\/tunisie\/wp-json\/wp\/v2\/media\/6192242"}],"wp:attachment":[{"href":"https:\/\/kapitalis.com\/tunisie\/wp-json\/wp\/v2\/media?parent=6192130"}],"wp:term":[{"taxonomy":"category","embeddable":true,"href":"https:\/\/kapitalis.com\/tunisie\/wp-json\/wp\/v2\/categories?post=6192130"},{"taxonomy":"post_tag","embeddable":true,"href":"https:\/\/kapitalis.com\/tunisie\/wp-json\/wp\/v2\/tags?post=6192130"}],"curies":[{"name":"wp","href":"https:\/\/api.w.org\/{rel}","templated":true}]}}