{"id":6195625,"date":"2023-01-25T10:38:22","date_gmt":"2023-01-25T09:38:22","guid":{"rendered":"https:\/\/kapitalis.com\/tunisie\/?p=6195625"},"modified":"2023-01-25T10:38:24","modified_gmt":"2023-01-25T09:38:24","slug":"central-tunis-the-event-of-a-thread-immersion-artistique-dans-le-monde-du-textile","status":"publish","type":"post","link":"https:\/\/kapitalis.com\/tunisie\/2023\/01\/25\/central-tunis-the-event-of-a-thread-immersion-artistique-dans-le-monde-du-textile\/","title":{"rendered":"Central Tunis : \u00ab\u00a0The event of a thread\u00a0\u00bb, immersion artistique dans le monde du textile"},"content":{"rendered":"\n<p><em><strong>L\u2019espace d\u2019art Central Tunis accueillera du 27 janvier au 11 mars \u00ab\u00a0The event of a thread\u00a0\u00bb autour du th\u00e8me du textile. Une exposition itin\u00e9rante organis\u00e9 par l\u2019Institut allemand f\u00fcr Auslandsbeziehungen.<\/strong><\/em><\/p>\n\n\n\n<!--more-->\n\n\n\n<p>Le Goethe Institut de Tunis en collaboration avec la galerie Central Tunis invitent le public \u00e0 d\u00e9couvrir une exposition in\u00e9dite qui r\u00e9unira plusieurs artistes qui se servent du textile comme support de cr\u00e9ation.<\/p>\n\n\n\n<p>Me vernissage aura lieu ce vendredi et sera l\u2019occasion d\u2019assister \u00e9galement \u00e0 une performance de l\u2019artiste Soufia Ben Sa\u00efd. Des visites d\u2019ateliers, des circuits th\u00e9matiques et des d\u00e9bats sont pr\u00e9vus tout au long de cette exposition compos\u00e9e d\u2019objets, d\u2019installations et d\u2019essais vid\u00e9o.<\/p>\n\n\n\n<p>\u00ab<em>\u00a0Que peut nous dire le tissu sur ses origines, ses sens, et son r\u00f4le social ? Quelles \u00e9taient les conditions \u00e9conomiques et les structures sociales dans lesquelles les mod\u00e8les et les idiomes formels ont \u00e9t\u00e9 d\u00e9velopp\u00e9 ? Quelles techniques traditionnelles les artistes se sont-ils appropri\u00e9, abstraites, transpos\u00e9es ou ramen\u00e9es ?<\/em>\u00a0\u00bb, sont des questions parmi d\u2019autres auxquelles les artistes tenteront de r\u00e9pondre.<\/p>\n\n\n\n<p class=\"has-text-align-right\"><strong>F.B<\/strong><\/p>\n","protected":false},"excerpt":{"rendered":"<p>L\u2019espace d\u2019art Central Tunis accueillera du 27 janvier au 11 mars \u00ab\u00a0The event of a thread\u00a0\u00bb autour du th\u00e8me du textile. Une exposition itin\u00e9rante organis\u00e9 par l\u2019Institut allemand f\u00fcr Auslandsbeziehungen.<\/p>\n","protected":false},"author":26,"featured_media":6196417,"comment_status":"open","ping_status":"open","sticky":false,"template":"","format":"standard","meta":{"footnotes":""},"categories":[994,2433],"tags":[106216,85772,68078,106217,102092,62643],"class_list":["post-6195625","post","type-post","status-publish","format-standard","has-post-thumbnail","hentry","category-culture","category-tunisie","tag-art-et-textile","tag-central-tunis","tag-goethe-institut-de-tunis","tag-soufia-ben-said","tag-the-event-of-a-thread","tag-tunisie"],"yoast_head":"<!-- This site is optimized with the Yoast SEO plugin v26.6 - https:\/\/yoast.com\/wordpress\/plugins\/seo\/ -->\n<title>Central Tunis : &quot;The event of a thread&quot;, immersion artistique dans le monde du textile - Kapitalis<\/title>\n<meta name=\"robots\" content=\"index, follow, max-snippet:-1, max-image-preview:large, max-video-preview:-1\" \/>\n<link rel=\"canonical\" href=\"https:\/\/kapitalis.com\/tunisie\/2023\/01\/25\/central-tunis-the-event-of-a-thread-immersion-artistique-dans-le-monde-du-textile\/\" \/>\n<meta property=\"og:locale\" content=\"fr_FR\" \/>\n<meta property=\"og:type\" content=\"article\" \/>\n<meta property=\"og:title\" content=\"Central Tunis : &quot;The event of a thread&quot;, immersion artistique dans le monde du textile - Kapitalis\" \/>\n<meta property=\"og:description\" content=\"L\u2019espace d\u2019art Central Tunis accueillera du 27 janvier au 11 mars \u00ab\u00a0The event of a thread\u00a0\u00bb autour du th\u00e8me du textile. Une exposition itin\u00e9rante organis\u00e9 par l\u2019Institut allemand f\u00fcr Auslandsbeziehungen.\" \/>\n<meta property=\"og:url\" content=\"https:\/\/kapitalis.com\/tunisie\/2023\/01\/25\/central-tunis-the-event-of-a-thread-immersion-artistique-dans-le-monde-du-textile\/\" \/>\n<meta property=\"og:site_name\" content=\"Kapitalis\" \/>\n<meta property=\"article:publisher\" content=\"https:\/\/www.facebook.com\/KapitalisInfo\/\" \/>\n<meta property=\"article:published_time\" content=\"2023-01-25T09:38:22+00:00\" \/>\n<meta property=\"article:modified_time\" content=\"2023-01-25T09:38:24+00:00\" \/>\n<meta property=\"og:image\" content=\"https:\/\/kapitalis.com\/tunisie\/wp-content\/uploads\/2023\/01\/The-event-of-a-thread.jpg\" \/>\n\t<meta property=\"og:image:width\" content=\"1200\" \/>\n\t<meta property=\"og:image:height\" content=\"630\" \/>\n\t<meta property=\"og:image:type\" content=\"image\/jpeg\" \/>\n<meta name=\"author\" content=\"Fawz BenAli\" \/>\n<meta name=\"twitter:card\" content=\"summary_large_image\" \/>\n<meta name=\"twitter:creator\" content=\"@KapitalisInfo\" \/>\n<meta name=\"twitter:site\" content=\"@KapitalisInfo\" \/>\n<meta name=\"twitter:label1\" content=\"\u00c9crit par\" \/>\n\t<meta name=\"twitter:data1\" content=\"Fawz BenAli\" \/>\n\t<meta name=\"twitter:label2\" content=\"Dur\u00e9e de lecture estim\u00e9e\" \/>\n\t<meta name=\"twitter:data2\" content=\"1 minute\" \/>\n<script type=\"application\/ld+json\" class=\"yoast-schema-graph\">{\"@context\":\"https:\/\/schema.org\",\"@graph\":[{\"@type\":\"Article\",\"@id\":\"https:\/\/kapitalis.com\/tunisie\/2023\/01\/25\/central-tunis-the-event-of-a-thread-immersion-artistique-dans-le-monde-du-textile\/#article\",\"isPartOf\":{\"@id\":\"https:\/\/kapitalis.com\/tunisie\/2023\/01\/25\/central-tunis-the-event-of-a-thread-immersion-artistique-dans-le-monde-du-textile\/\"},\"author\":{\"name\":\"Fawz BenAli\",\"@id\":\"https:\/\/kapitalis.com\/tunisie\/#\/schema\/person\/73a5ecc1f6ae540c6ed91342eadca948\"},\"headline\":\"Central Tunis : \u00ab\u00a0The event of a thread\u00a0\u00bb, immersion artistique dans le monde du textile\",\"datePublished\":\"2023-01-25T09:38:22+00:00\",\"dateModified\":\"2023-01-25T09:38:24+00:00\",\"mainEntityOfPage\":{\"@id\":\"https:\/\/kapitalis.com\/tunisie\/2023\/01\/25\/central-tunis-the-event-of-a-thread-immersion-artistique-dans-le-monde-du-textile\/\"},\"wordCount\":205,\"commentCount\":0,\"publisher\":{\"@id\":\"https:\/\/kapitalis.com\/tunisie\/#organization\"},\"image\":{\"@id\":\"https:\/\/kapitalis.com\/tunisie\/2023\/01\/25\/central-tunis-the-event-of-a-thread-immersion-artistique-dans-le-monde-du-textile\/#primaryimage\"},\"thumbnailUrl\":\"https:\/\/kapitalis.com\/tunisie\/wp-content\/uploads\/2023\/01\/The-event-of-a-thread.jpg\",\"keywords\":[\"art et textile\",\"Central Tunis\",\"Goethe Institut de Tunis\",\"Soufia Ben Sa\u00efd\",\"The event of a Thread\",\"Tunisie\"],\"articleSection\":[\"CULTURE\",\"Tunisie\"],\"inLanguage\":\"fr-FR\",\"potentialAction\":[{\"@type\":\"CommentAction\",\"name\":\"Comment\",\"target\":[\"https:\/\/kapitalis.com\/tunisie\/2023\/01\/25\/central-tunis-the-event-of-a-thread-immersion-artistique-dans-le-monde-du-textile\/#respond\"]}]},{\"@type\":\"WebPage\",\"@id\":\"https:\/\/kapitalis.com\/tunisie\/2023\/01\/25\/central-tunis-the-event-of-a-thread-immersion-artistique-dans-le-monde-du-textile\/\",\"url\":\"https:\/\/kapitalis.com\/tunisie\/2023\/01\/25\/central-tunis-the-event-of-a-thread-immersion-artistique-dans-le-monde-du-textile\/\",\"name\":\"Central Tunis : \\\"The event of a thread\\\", immersion artistique dans le monde du textile - Kapitalis\",\"isPartOf\":{\"@id\":\"https:\/\/kapitalis.com\/tunisie\/#website\"},\"primaryImageOfPage\":{\"@id\":\"https:\/\/kapitalis.com\/tunisie\/2023\/01\/25\/central-tunis-the-event-of-a-thread-immersion-artistique-dans-le-monde-du-textile\/#primaryimage\"},\"image\":{\"@id\":\"https:\/\/kapitalis.com\/tunisie\/2023\/01\/25\/central-tunis-the-event-of-a-thread-immersion-artistique-dans-le-monde-du-textile\/#primaryimage\"},\"thumbnailUrl\":\"https:\/\/kapitalis.com\/tunisie\/wp-content\/uploads\/2023\/01\/The-event-of-a-thread.jpg\",\"datePublished\":\"2023-01-25T09:38:22+00:00\",\"dateModified\":\"2023-01-25T09:38:24+00:00\",\"breadcrumb\":{\"@id\":\"https:\/\/kapitalis.com\/tunisie\/2023\/01\/25\/central-tunis-the-event-of-a-thread-immersion-artistique-dans-le-monde-du-textile\/#breadcrumb\"},\"inLanguage\":\"fr-FR\",\"potentialAction\":[{\"@type\":\"ReadAction\",\"target\":[\"https:\/\/kapitalis.com\/tunisie\/2023\/01\/25\/central-tunis-the-event-of-a-thread-immersion-artistique-dans-le-monde-du-textile\/\"]}]},{\"@type\":\"ImageObject\",\"inLanguage\":\"fr-FR\",\"@id\":\"https:\/\/kapitalis.com\/tunisie\/2023\/01\/25\/central-tunis-the-event-of-a-thread-immersion-artistique-dans-le-monde-du-textile\/#primaryimage\",\"url\":\"https:\/\/kapitalis.com\/tunisie\/wp-content\/uploads\/2023\/01\/The-event-of-a-thread.jpg\",\"contentUrl\":\"https:\/\/kapitalis.com\/tunisie\/wp-content\/uploads\/2023\/01\/The-event-of-a-thread.jpg\",\"width\":1200,\"height\":630},{\"@type\":\"BreadcrumbList\",\"@id\":\"https:\/\/kapitalis.com\/tunisie\/2023\/01\/25\/central-tunis-the-event-of-a-thread-immersion-artistique-dans-le-monde-du-textile\/#breadcrumb\",\"itemListElement\":[{\"@type\":\"ListItem\",\"position\":1,\"name\":\"Accueil\",\"item\":\"https:\/\/kapitalis.com\/tunisie\/\"},{\"@type\":\"ListItem\",\"position\":2,\"name\":\"Central Tunis : \u00ab\u00a0The event of a thread\u00a0\u00bb, immersion artistique dans le monde du textile\"}]},{\"@type\":\"WebSite\",\"@id\":\"https:\/\/kapitalis.com\/tunisie\/#website\",\"url\":\"https:\/\/kapitalis.com\/tunisie\/\",\"name\":\"Kapitalis\",\"description\":\"L&#039;actualit\u00e9 en Tunisie et dans le monde\",\"publisher\":{\"@id\":\"https:\/\/kapitalis.com\/tunisie\/#organization\"},\"potentialAction\":[{\"@type\":\"SearchAction\",\"target\":{\"@type\":\"EntryPoint\",\"urlTemplate\":\"https:\/\/kapitalis.com\/tunisie\/?s={search_term_string}\"},\"query-input\":{\"@type\":\"PropertyValueSpecification\",\"valueRequired\":true,\"valueName\":\"search_term_string\"}}],\"inLanguage\":\"fr-FR\"},{\"@type\":\"Organization\",\"@id\":\"https:\/\/kapitalis.com\/tunisie\/#organization\",\"name\":\"Kapitalis\",\"url\":\"https:\/\/kapitalis.com\/tunisie\/\",\"logo\":{\"@type\":\"ImageObject\",\"inLanguage\":\"fr-FR\",\"@id\":\"https:\/\/kapitalis.com\/tunisie\/#\/schema\/logo\/image\/\",\"url\":\"https:\/\/kapitalis.com\/tunisie\/wp-content\/uploads\/2022\/05\/Kapitalis-big-size.png\",\"contentUrl\":\"https:\/\/kapitalis.com\/tunisie\/wp-content\/uploads\/2022\/05\/Kapitalis-big-size.png\",\"width\":5000,\"height\":1500,\"caption\":\"Kapitalis\"},\"image\":{\"@id\":\"https:\/\/kapitalis.com\/tunisie\/#\/schema\/logo\/image\/\"},\"sameAs\":[\"https:\/\/www.facebook.com\/KapitalisInfo\/\",\"https:\/\/x.com\/KapitalisInfo\",\"https:\/\/www.youtube.com\/channel\/UC-yDYrHyfFBWWZaOw3FPg9Q\"]},{\"@type\":\"Person\",\"@id\":\"https:\/\/kapitalis.com\/tunisie\/#\/schema\/person\/73a5ecc1f6ae540c6ed91342eadca948\",\"name\":\"Fawz BenAli\",\"url\":\"https:\/\/kapitalis.com\/tunisie\/author\/fawz\/\"}]}<\/script>\n<!-- \/ Yoast SEO plugin. -->","yoast_head_json":{"title":"Central Tunis : \"The event of a thread\", immersion artistique dans le monde du textile - Kapitalis","robots":{"index":"index","follow":"follow","max-snippet":"max-snippet:-1","max-image-preview":"max-image-preview:large","max-video-preview":"max-video-preview:-1"},"canonical":"https:\/\/kapitalis.com\/tunisie\/2023\/01\/25\/central-tunis-the-event-of-a-thread-immersion-artistique-dans-le-monde-du-textile\/","og_locale":"fr_FR","og_type":"article","og_title":"Central Tunis : \"The event of a thread\", immersion artistique dans le monde du textile - Kapitalis","og_description":"L\u2019espace d\u2019art Central Tunis accueillera du 27 janvier au 11 mars \u00ab\u00a0The event of a thread\u00a0\u00bb autour du th\u00e8me du textile. Une exposition itin\u00e9rante organis\u00e9 par l\u2019Institut allemand f\u00fcr Auslandsbeziehungen.","og_url":"https:\/\/kapitalis.com\/tunisie\/2023\/01\/25\/central-tunis-the-event-of-a-thread-immersion-artistique-dans-le-monde-du-textile\/","og_site_name":"Kapitalis","article_publisher":"https:\/\/www.facebook.com\/KapitalisInfo\/","article_published_time":"2023-01-25T09:38:22+00:00","article_modified_time":"2023-01-25T09:38:24+00:00","og_image":[{"width":1200,"height":630,"url":"https:\/\/kapitalis.com\/tunisie\/wp-content\/uploads\/2023\/01\/The-event-of-a-thread.jpg","type":"image\/jpeg"}],"author":"Fawz BenAli","twitter_card":"summary_large_image","twitter_creator":"@KapitalisInfo","twitter_site":"@KapitalisInfo","twitter_misc":{"\u00c9crit par":"Fawz BenAli","Dur\u00e9e de lecture estim\u00e9e":"1 minute"},"schema":{"@context":"https:\/\/schema.org","@graph":[{"@type":"Article","@id":"https:\/\/kapitalis.com\/tunisie\/2023\/01\/25\/central-tunis-the-event-of-a-thread-immersion-artistique-dans-le-monde-du-textile\/#article","isPartOf":{"@id":"https:\/\/kapitalis.com\/tunisie\/2023\/01\/25\/central-tunis-the-event-of-a-thread-immersion-artistique-dans-le-monde-du-textile\/"},"author":{"name":"Fawz BenAli","@id":"https:\/\/kapitalis.com\/tunisie\/#\/schema\/person\/73a5ecc1f6ae540c6ed91342eadca948"},"headline":"Central Tunis : \u00ab\u00a0The event of a thread\u00a0\u00bb, immersion artistique dans le monde du textile","datePublished":"2023-01-25T09:38:22+00:00","dateModified":"2023-01-25T09:38:24+00:00","mainEntityOfPage":{"@id":"https:\/\/kapitalis.com\/tunisie\/2023\/01\/25\/central-tunis-the-event-of-a-thread-immersion-artistique-dans-le-monde-du-textile\/"},"wordCount":205,"commentCount":0,"publisher":{"@id":"https:\/\/kapitalis.com\/tunisie\/#organization"},"image":{"@id":"https:\/\/kapitalis.com\/tunisie\/2023\/01\/25\/central-tunis-the-event-of-a-thread-immersion-artistique-dans-le-monde-du-textile\/#primaryimage"},"thumbnailUrl":"https:\/\/kapitalis.com\/tunisie\/wp-content\/uploads\/2023\/01\/The-event-of-a-thread.jpg","keywords":["art et textile","Central Tunis","Goethe Institut de Tunis","Soufia Ben Sa\u00efd","The event of a Thread","Tunisie"],"articleSection":["CULTURE","Tunisie"],"inLanguage":"fr-FR","potentialAction":[{"@type":"CommentAction","name":"Comment","target":["https:\/\/kapitalis.com\/tunisie\/2023\/01\/25\/central-tunis-the-event-of-a-thread-immersion-artistique-dans-le-monde-du-textile\/#respond"]}]},{"@type":"WebPage","@id":"https:\/\/kapitalis.com\/tunisie\/2023\/01\/25\/central-tunis-the-event-of-a-thread-immersion-artistique-dans-le-monde-du-textile\/","url":"https:\/\/kapitalis.com\/tunisie\/2023\/01\/25\/central-tunis-the-event-of-a-thread-immersion-artistique-dans-le-monde-du-textile\/","name":"Central Tunis : \"The event of a thread\", immersion artistique dans le monde du textile - Kapitalis","isPartOf":{"@id":"https:\/\/kapitalis.com\/tunisie\/#website"},"primaryImageOfPage":{"@id":"https:\/\/kapitalis.com\/tunisie\/2023\/01\/25\/central-tunis-the-event-of-a-thread-immersion-artistique-dans-le-monde-du-textile\/#primaryimage"},"image":{"@id":"https:\/\/kapitalis.com\/tunisie\/2023\/01\/25\/central-tunis-the-event-of-a-thread-immersion-artistique-dans-le-monde-du-textile\/#primaryimage"},"thumbnailUrl":"https:\/\/kapitalis.com\/tunisie\/wp-content\/uploads\/2023\/01\/The-event-of-a-thread.jpg","datePublished":"2023-01-25T09:38:22+00:00","dateModified":"2023-01-25T09:38:24+00:00","breadcrumb":{"@id":"https:\/\/kapitalis.com\/tunisie\/2023\/01\/25\/central-tunis-the-event-of-a-thread-immersion-artistique-dans-le-monde-du-textile\/#breadcrumb"},"inLanguage":"fr-FR","potentialAction":[{"@type":"ReadAction","target":["https:\/\/kapitalis.com\/tunisie\/2023\/01\/25\/central-tunis-the-event-of-a-thread-immersion-artistique-dans-le-monde-du-textile\/"]}]},{"@type":"ImageObject","inLanguage":"fr-FR","@id":"https:\/\/kapitalis.com\/tunisie\/2023\/01\/25\/central-tunis-the-event-of-a-thread-immersion-artistique-dans-le-monde-du-textile\/#primaryimage","url":"https:\/\/kapitalis.com\/tunisie\/wp-content\/uploads\/2023\/01\/The-event-of-a-thread.jpg","contentUrl":"https:\/\/kapitalis.com\/tunisie\/wp-content\/uploads\/2023\/01\/The-event-of-a-thread.jpg","width":1200,"height":630},{"@type":"BreadcrumbList","@id":"https:\/\/kapitalis.com\/tunisie\/2023\/01\/25\/central-tunis-the-event-of-a-thread-immersion-artistique-dans-le-monde-du-textile\/#breadcrumb","itemListElement":[{"@type":"ListItem","position":1,"name":"Accueil","item":"https:\/\/kapitalis.com\/tunisie\/"},{"@type":"ListItem","position":2,"name":"Central Tunis : \u00ab\u00a0The event of a thread\u00a0\u00bb, immersion artistique dans le monde du textile"}]},{"@type":"WebSite","@id":"https:\/\/kapitalis.com\/tunisie\/#website","url":"https:\/\/kapitalis.com\/tunisie\/","name":"Kapitalis","description":"L&#039;actualit\u00e9 en Tunisie et dans le monde","publisher":{"@id":"https:\/\/kapitalis.com\/tunisie\/#organization"},"potentialAction":[{"@type":"SearchAction","target":{"@type":"EntryPoint","urlTemplate":"https:\/\/kapitalis.com\/tunisie\/?s={search_term_string}"},"query-input":{"@type":"PropertyValueSpecification","valueRequired":true,"valueName":"search_term_string"}}],"inLanguage":"fr-FR"},{"@type":"Organization","@id":"https:\/\/kapitalis.com\/tunisie\/#organization","name":"Kapitalis","url":"https:\/\/kapitalis.com\/tunisie\/","logo":{"@type":"ImageObject","inLanguage":"fr-FR","@id":"https:\/\/kapitalis.com\/tunisie\/#\/schema\/logo\/image\/","url":"https:\/\/kapitalis.com\/tunisie\/wp-content\/uploads\/2022\/05\/Kapitalis-big-size.png","contentUrl":"https:\/\/kapitalis.com\/tunisie\/wp-content\/uploads\/2022\/05\/Kapitalis-big-size.png","width":5000,"height":1500,"caption":"Kapitalis"},"image":{"@id":"https:\/\/kapitalis.com\/tunisie\/#\/schema\/logo\/image\/"},"sameAs":["https:\/\/www.facebook.com\/KapitalisInfo\/","https:\/\/x.com\/KapitalisInfo","https:\/\/www.youtube.com\/channel\/UC-yDYrHyfFBWWZaOw3FPg9Q"]},{"@type":"Person","@id":"https:\/\/kapitalis.com\/tunisie\/#\/schema\/person\/73a5ecc1f6ae540c6ed91342eadca948","name":"Fawz BenAli","url":"https:\/\/kapitalis.com\/tunisie\/author\/fawz\/"}]}},"_links":{"self":[{"href":"https:\/\/kapitalis.com\/tunisie\/wp-json\/wp\/v2\/posts\/6195625","targetHints":{"allow":["GET"]}}],"collection":[{"href":"https:\/\/kapitalis.com\/tunisie\/wp-json\/wp\/v2\/posts"}],"about":[{"href":"https:\/\/kapitalis.com\/tunisie\/wp-json\/wp\/v2\/types\/post"}],"author":[{"embeddable":true,"href":"https:\/\/kapitalis.com\/tunisie\/wp-json\/wp\/v2\/users\/26"}],"replies":[{"embeddable":true,"href":"https:\/\/kapitalis.com\/tunisie\/wp-json\/wp\/v2\/comments?post=6195625"}],"version-history":[{"count":1,"href":"https:\/\/kapitalis.com\/tunisie\/wp-json\/wp\/v2\/posts\/6195625\/revisions"}],"predecessor-version":[{"id":6196434,"href":"https:\/\/kapitalis.com\/tunisie\/wp-json\/wp\/v2\/posts\/6195625\/revisions\/6196434"}],"wp:featuredmedia":[{"embeddable":true,"href":"https:\/\/kapitalis.com\/tunisie\/wp-json\/wp\/v2\/media\/6196417"}],"wp:attachment":[{"href":"https:\/\/kapitalis.com\/tunisie\/wp-json\/wp\/v2\/media?parent=6195625"}],"wp:term":[{"taxonomy":"category","embeddable":true,"href":"https:\/\/kapitalis.com\/tunisie\/wp-json\/wp\/v2\/categories?post=6195625"},{"taxonomy":"post_tag","embeddable":true,"href":"https:\/\/kapitalis.com\/tunisie\/wp-json\/wp\/v2\/tags?post=6195625"}],"curies":[{"name":"wp","href":"https:\/\/api.w.org\/{rel}","templated":true}]}}