{"id":61957,"date":"2016-08-19T14:06:40","date_gmt":"2016-08-19T13:06:40","guid":{"rendered":"http:\/\/kapitalis.com\/tunisie\/?p=61957"},"modified":"2016-08-19T14:06:40","modified_gmt":"2016-08-19T13:06:40","slug":"manouba-arrestation-dune-femme-en-lien-avec-daech-en-syrie","status":"publish","type":"post","link":"https:\/\/kapitalis.com\/tunisie\/2016\/08\/19\/manouba-arrestation-dune-femme-en-lien-avec-daech-en-syrie\/","title":{"rendered":"Manouba : Arrestation d\u2019une femme en lien avec Daech en Syrie"},"content":{"rendered":"<p style=\"text-align: center;\"><img loading=\"lazy\" decoding=\"async\" class=\"alignnone size-full wp-image-57786\" src=\"http:\/\/kapitalis.com\/tunisie\/wp-content\/uploads\/2016\/07\/Niqab-femme-niqab\u00e9e-k\u00e9bili.jpg\" alt=\"Niqab- femme niqab\u00e9e- k\u00e9bili\" width=\"626\" height=\"380\" \/><\/p>\n<p><em><strong>La police de Manouba a arr\u00eat\u00e9 une femme soup\u00e7onn\u00e9e d\u2019entretenir des liens avec une cellule terroriste bas\u00e9e en Syrie.<\/strong><\/em><\/p>\n<p><!--more--><\/p>\n<p>La garde nationale a arr\u00eat\u00e9 la suspecte \u00a0(23 ans) \u00e0 son domicile. Les agents avaient intercept\u00e9 ses discussions sur les r\u00e9seaux sociaux\u00a0avec\u00a0son fr\u00e8re, un jihadiste ayant rejoint l\u2019organisation terroriste de l\u2019Etat islamique (Daech) en Syrie.<\/p>\n<p>Selon une source s\u00e9curitaire, la dame niqab\u00e9e et connue pour son extr\u00e9misme religieux, parlait avec son fr\u00e8re de la situation s\u00e9curitaire en Tunisie et d\u2019\u00e9ventuels actes terroristes dans le pays. Elle lui filait des informations sur les mouvements des\u00a0agents dans la r\u00e9gion et lui a faisait part de sa volont\u00e9 de le rejoindre en Syrie pour \u00ab<em>d\u00e9fendre l\u2019islam\u00bb.<\/em><\/p>\n<p>La pr\u00e9sum\u00e9e terroriste a \u00e9t\u00e9 maintenue en d\u00e9tention et l\u2019enqu\u00eate se poursuit.<\/p>\n<p style=\"text-align: right;\"><strong>Y. N.<\/strong><\/p>\n","protected":false},"excerpt":{"rendered":"<p>La police de Manouba a arr\u00eat\u00e9 une femme soup\u00e7onn\u00e9e d\u2019entretenir des liens avec une cellule terroriste bas\u00e9e en Syrie.<\/p>\n","protected":false},"author":6,"featured_media":0,"comment_status":"open","ping_status":"open","sticky":false,"template":"","format":"standard","meta":{"footnotes":""},"categories":[998,2433],"tags":[258,1279,516,571,873,897],"class_list":["post-61957","post","type-post","status-publish","format-standard","hentry","category-societe","category-tunisie","tag-daech","tag-detention","tag-jihadiste","tag-manouba","tag-syrie","tag-terrorisme"],"yoast_head":"<!-- This site is optimized with the Yoast SEO plugin v26.6 - https:\/\/yoast.com\/wordpress\/plugins\/seo\/ -->\n<title>Manouba : Arrestation d\u2019une femme en lien avec Daech en Syrie - Kapitalis<\/title>\n<meta name=\"robots\" content=\"index, follow, max-snippet:-1, max-image-preview:large, max-video-preview:-1\" \/>\n<link rel=\"canonical\" href=\"https:\/\/kapitalis.com\/tunisie\/2016\/08\/19\/manouba-arrestation-dune-femme-en-lien-avec-daech-en-syrie\/\" \/>\n<meta property=\"og:locale\" content=\"fr_FR\" \/>\n<meta property=\"og:type\" content=\"article\" \/>\n<meta property=\"og:title\" content=\"Manouba : Arrestation d\u2019une femme en lien avec Daech en Syrie - Kapitalis\" \/>\n<meta property=\"og:description\" content=\"La police de Manouba a arr\u00eat\u00e9 une femme soup\u00e7onn\u00e9e d\u2019entretenir des liens avec une cellule terroriste bas\u00e9e en Syrie.\" \/>\n<meta property=\"og:url\" content=\"https:\/\/kapitalis.com\/tunisie\/2016\/08\/19\/manouba-arrestation-dune-femme-en-lien-avec-daech-en-syrie\/\" \/>\n<meta property=\"og:site_name\" content=\"Kapitalis\" \/>\n<meta property=\"article:publisher\" content=\"https:\/\/www.facebook.com\/KapitalisInfo\/\" \/>\n<meta property=\"article:published_time\" content=\"2016-08-19T13:06:40+00:00\" \/>\n<meta property=\"og:image\" content=\"https:\/\/kapitalis.com\/tunisie\/wp-content\/uploads\/2022\/05\/kapitalis-logo-fb.png\" \/>\n\t<meta property=\"og:image:width\" content=\"1200\" \/>\n\t<meta property=\"og:image:height\" content=\"630\" \/>\n\t<meta property=\"og:image:type\" content=\"image\/png\" \/>\n<meta name=\"author\" content=\"Yusra NY\" \/>\n<meta name=\"twitter:card\" content=\"summary_large_image\" \/>\n<meta name=\"twitter:creator\" content=\"@KapitalisInfo\" \/>\n<meta name=\"twitter:site\" content=\"@KapitalisInfo\" \/>\n<meta name=\"twitter:label1\" content=\"\u00c9crit par\" \/>\n\t<meta name=\"twitter:data1\" content=\"Yusra NY\" \/>\n\t<meta name=\"twitter:label2\" content=\"Dur\u00e9e de lecture estim\u00e9e\" \/>\n\t<meta name=\"twitter:data2\" content=\"1 minute\" \/>\n<script type=\"application\/ld+json\" class=\"yoast-schema-graph\">{\"@context\":\"https:\/\/schema.org\",\"@graph\":[{\"@type\":\"Article\",\"@id\":\"https:\/\/kapitalis.com\/tunisie\/2016\/08\/19\/manouba-arrestation-dune-femme-en-lien-avec-daech-en-syrie\/#article\",\"isPartOf\":{\"@id\":\"https:\/\/kapitalis.com\/tunisie\/2016\/08\/19\/manouba-arrestation-dune-femme-en-lien-avec-daech-en-syrie\/\"},\"author\":{\"name\":\"Yusra NY\",\"@id\":\"https:\/\/kapitalis.com\/tunisie\/#\/schema\/person\/74bbde0154d49d790a92aaeac5bc01d5\"},\"headline\":\"Manouba : Arrestation d\u2019une femme en lien avec Daech en Syrie\",\"datePublished\":\"2016-08-19T13:06:40+00:00\",\"mainEntityOfPage\":{\"@id\":\"https:\/\/kapitalis.com\/tunisie\/2016\/08\/19\/manouba-arrestation-dune-femme-en-lien-avec-daech-en-syrie\/\"},\"wordCount\":162,\"commentCount\":1,\"publisher\":{\"@id\":\"https:\/\/kapitalis.com\/tunisie\/#organization\"},\"keywords\":[\"Daech\",\"d\u00e9tention\",\"jihadiste\",\"Manouba\",\"Syrie\",\"terrorisme\"],\"articleSection\":[\"SOCIETE\",\"Tunisie\"],\"inLanguage\":\"fr-FR\",\"potentialAction\":[{\"@type\":\"CommentAction\",\"name\":\"Comment\",\"target\":[\"https:\/\/kapitalis.com\/tunisie\/2016\/08\/19\/manouba-arrestation-dune-femme-en-lien-avec-daech-en-syrie\/#respond\"]}]},{\"@type\":\"WebPage\",\"@id\":\"https:\/\/kapitalis.com\/tunisie\/2016\/08\/19\/manouba-arrestation-dune-femme-en-lien-avec-daech-en-syrie\/\",\"url\":\"https:\/\/kapitalis.com\/tunisie\/2016\/08\/19\/manouba-arrestation-dune-femme-en-lien-avec-daech-en-syrie\/\",\"name\":\"Manouba : Arrestation d\u2019une femme en lien avec Daech en Syrie - Kapitalis\",\"isPartOf\":{\"@id\":\"https:\/\/kapitalis.com\/tunisie\/#website\"},\"datePublished\":\"2016-08-19T13:06:40+00:00\",\"breadcrumb\":{\"@id\":\"https:\/\/kapitalis.com\/tunisie\/2016\/08\/19\/manouba-arrestation-dune-femme-en-lien-avec-daech-en-syrie\/#breadcrumb\"},\"inLanguage\":\"fr-FR\",\"potentialAction\":[{\"@type\":\"ReadAction\",\"target\":[\"https:\/\/kapitalis.com\/tunisie\/2016\/08\/19\/manouba-arrestation-dune-femme-en-lien-avec-daech-en-syrie\/\"]}]},{\"@type\":\"BreadcrumbList\",\"@id\":\"https:\/\/kapitalis.com\/tunisie\/2016\/08\/19\/manouba-arrestation-dune-femme-en-lien-avec-daech-en-syrie\/#breadcrumb\",\"itemListElement\":[{\"@type\":\"ListItem\",\"position\":1,\"name\":\"Accueil\",\"item\":\"https:\/\/kapitalis.com\/tunisie\/\"},{\"@type\":\"ListItem\",\"position\":2,\"name\":\"Manouba : Arrestation d\u2019une femme en lien avec Daech en Syrie\"}]},{\"@type\":\"WebSite\",\"@id\":\"https:\/\/kapitalis.com\/tunisie\/#website\",\"url\":\"https:\/\/kapitalis.com\/tunisie\/\",\"name\":\"Kapitalis\",\"description\":\"L&#039;actualit\u00e9 en Tunisie et dans le monde\",\"publisher\":{\"@id\":\"https:\/\/kapitalis.com\/tunisie\/#organization\"},\"potentialAction\":[{\"@type\":\"SearchAction\",\"target\":{\"@type\":\"EntryPoint\",\"urlTemplate\":\"https:\/\/kapitalis.com\/tunisie\/?s={search_term_string}\"},\"query-input\":{\"@type\":\"PropertyValueSpecification\",\"valueRequired\":true,\"valueName\":\"search_term_string\"}}],\"inLanguage\":\"fr-FR\"},{\"@type\":\"Organization\",\"@id\":\"https:\/\/kapitalis.com\/tunisie\/#organization\",\"name\":\"Kapitalis\",\"url\":\"https:\/\/kapitalis.com\/tunisie\/\",\"logo\":{\"@type\":\"ImageObject\",\"inLanguage\":\"fr-FR\",\"@id\":\"https:\/\/kapitalis.com\/tunisie\/#\/schema\/logo\/image\/\",\"url\":\"https:\/\/kapitalis.com\/tunisie\/wp-content\/uploads\/2022\/05\/Kapitalis-big-size.png\",\"contentUrl\":\"https:\/\/kapitalis.com\/tunisie\/wp-content\/uploads\/2022\/05\/Kapitalis-big-size.png\",\"width\":5000,\"height\":1500,\"caption\":\"Kapitalis\"},\"image\":{\"@id\":\"https:\/\/kapitalis.com\/tunisie\/#\/schema\/logo\/image\/\"},\"sameAs\":[\"https:\/\/www.facebook.com\/KapitalisInfo\/\",\"https:\/\/x.com\/KapitalisInfo\",\"https:\/\/www.youtube.com\/channel\/UC-yDYrHyfFBWWZaOw3FPg9Q\"]},{\"@type\":\"Person\",\"@id\":\"https:\/\/kapitalis.com\/tunisie\/#\/schema\/person\/74bbde0154d49d790a92aaeac5bc01d5\",\"name\":\"Yusra NY\",\"url\":\"https:\/\/kapitalis.com\/tunisie\/author\/yuza_adam\/\"}]}<\/script>\n<!-- \/ Yoast SEO plugin. -->","yoast_head_json":{"title":"Manouba : Arrestation d\u2019une femme en lien avec Daech en Syrie - Kapitalis","robots":{"index":"index","follow":"follow","max-snippet":"max-snippet:-1","max-image-preview":"max-image-preview:large","max-video-preview":"max-video-preview:-1"},"canonical":"https:\/\/kapitalis.com\/tunisie\/2016\/08\/19\/manouba-arrestation-dune-femme-en-lien-avec-daech-en-syrie\/","og_locale":"fr_FR","og_type":"article","og_title":"Manouba : Arrestation d\u2019une femme en lien avec Daech en Syrie - Kapitalis","og_description":"La police de Manouba a arr\u00eat\u00e9 une femme soup\u00e7onn\u00e9e d\u2019entretenir des liens avec une cellule terroriste bas\u00e9e en Syrie.","og_url":"https:\/\/kapitalis.com\/tunisie\/2016\/08\/19\/manouba-arrestation-dune-femme-en-lien-avec-daech-en-syrie\/","og_site_name":"Kapitalis","article_publisher":"https:\/\/www.facebook.com\/KapitalisInfo\/","article_published_time":"2016-08-19T13:06:40+00:00","og_image":[{"width":1200,"height":630,"url":"https:\/\/kapitalis.com\/tunisie\/wp-content\/uploads\/2022\/05\/kapitalis-logo-fb.png","type":"image\/png"}],"author":"Yusra NY","twitter_card":"summary_large_image","twitter_creator":"@KapitalisInfo","twitter_site":"@KapitalisInfo","twitter_misc":{"\u00c9crit par":"Yusra NY","Dur\u00e9e de lecture estim\u00e9e":"1 minute"},"schema":{"@context":"https:\/\/schema.org","@graph":[{"@type":"Article","@id":"https:\/\/kapitalis.com\/tunisie\/2016\/08\/19\/manouba-arrestation-dune-femme-en-lien-avec-daech-en-syrie\/#article","isPartOf":{"@id":"https:\/\/kapitalis.com\/tunisie\/2016\/08\/19\/manouba-arrestation-dune-femme-en-lien-avec-daech-en-syrie\/"},"author":{"name":"Yusra NY","@id":"https:\/\/kapitalis.com\/tunisie\/#\/schema\/person\/74bbde0154d49d790a92aaeac5bc01d5"},"headline":"Manouba : Arrestation d\u2019une femme en lien avec Daech en Syrie","datePublished":"2016-08-19T13:06:40+00:00","mainEntityOfPage":{"@id":"https:\/\/kapitalis.com\/tunisie\/2016\/08\/19\/manouba-arrestation-dune-femme-en-lien-avec-daech-en-syrie\/"},"wordCount":162,"commentCount":1,"publisher":{"@id":"https:\/\/kapitalis.com\/tunisie\/#organization"},"keywords":["Daech","d\u00e9tention","jihadiste","Manouba","Syrie","terrorisme"],"articleSection":["SOCIETE","Tunisie"],"inLanguage":"fr-FR","potentialAction":[{"@type":"CommentAction","name":"Comment","target":["https:\/\/kapitalis.com\/tunisie\/2016\/08\/19\/manouba-arrestation-dune-femme-en-lien-avec-daech-en-syrie\/#respond"]}]},{"@type":"WebPage","@id":"https:\/\/kapitalis.com\/tunisie\/2016\/08\/19\/manouba-arrestation-dune-femme-en-lien-avec-daech-en-syrie\/","url":"https:\/\/kapitalis.com\/tunisie\/2016\/08\/19\/manouba-arrestation-dune-femme-en-lien-avec-daech-en-syrie\/","name":"Manouba : Arrestation d\u2019une femme en lien avec Daech en Syrie - Kapitalis","isPartOf":{"@id":"https:\/\/kapitalis.com\/tunisie\/#website"},"datePublished":"2016-08-19T13:06:40+00:00","breadcrumb":{"@id":"https:\/\/kapitalis.com\/tunisie\/2016\/08\/19\/manouba-arrestation-dune-femme-en-lien-avec-daech-en-syrie\/#breadcrumb"},"inLanguage":"fr-FR","potentialAction":[{"@type":"ReadAction","target":["https:\/\/kapitalis.com\/tunisie\/2016\/08\/19\/manouba-arrestation-dune-femme-en-lien-avec-daech-en-syrie\/"]}]},{"@type":"BreadcrumbList","@id":"https:\/\/kapitalis.com\/tunisie\/2016\/08\/19\/manouba-arrestation-dune-femme-en-lien-avec-daech-en-syrie\/#breadcrumb","itemListElement":[{"@type":"ListItem","position":1,"name":"Accueil","item":"https:\/\/kapitalis.com\/tunisie\/"},{"@type":"ListItem","position":2,"name":"Manouba : Arrestation d\u2019une femme en lien avec Daech en Syrie"}]},{"@type":"WebSite","@id":"https:\/\/kapitalis.com\/tunisie\/#website","url":"https:\/\/kapitalis.com\/tunisie\/","name":"Kapitalis","description":"L&#039;actualit\u00e9 en Tunisie et dans le monde","publisher":{"@id":"https:\/\/kapitalis.com\/tunisie\/#organization"},"potentialAction":[{"@type":"SearchAction","target":{"@type":"EntryPoint","urlTemplate":"https:\/\/kapitalis.com\/tunisie\/?s={search_term_string}"},"query-input":{"@type":"PropertyValueSpecification","valueRequired":true,"valueName":"search_term_string"}}],"inLanguage":"fr-FR"},{"@type":"Organization","@id":"https:\/\/kapitalis.com\/tunisie\/#organization","name":"Kapitalis","url":"https:\/\/kapitalis.com\/tunisie\/","logo":{"@type":"ImageObject","inLanguage":"fr-FR","@id":"https:\/\/kapitalis.com\/tunisie\/#\/schema\/logo\/image\/","url":"https:\/\/kapitalis.com\/tunisie\/wp-content\/uploads\/2022\/05\/Kapitalis-big-size.png","contentUrl":"https:\/\/kapitalis.com\/tunisie\/wp-content\/uploads\/2022\/05\/Kapitalis-big-size.png","width":5000,"height":1500,"caption":"Kapitalis"},"image":{"@id":"https:\/\/kapitalis.com\/tunisie\/#\/schema\/logo\/image\/"},"sameAs":["https:\/\/www.facebook.com\/KapitalisInfo\/","https:\/\/x.com\/KapitalisInfo","https:\/\/www.youtube.com\/channel\/UC-yDYrHyfFBWWZaOw3FPg9Q"]},{"@type":"Person","@id":"https:\/\/kapitalis.com\/tunisie\/#\/schema\/person\/74bbde0154d49d790a92aaeac5bc01d5","name":"Yusra NY","url":"https:\/\/kapitalis.com\/tunisie\/author\/yuza_adam\/"}]}},"_links":{"self":[{"href":"https:\/\/kapitalis.com\/tunisie\/wp-json\/wp\/v2\/posts\/61957","targetHints":{"allow":["GET"]}}],"collection":[{"href":"https:\/\/kapitalis.com\/tunisie\/wp-json\/wp\/v2\/posts"}],"about":[{"href":"https:\/\/kapitalis.com\/tunisie\/wp-json\/wp\/v2\/types\/post"}],"author":[{"embeddable":true,"href":"https:\/\/kapitalis.com\/tunisie\/wp-json\/wp\/v2\/users\/6"}],"replies":[{"embeddable":true,"href":"https:\/\/kapitalis.com\/tunisie\/wp-json\/wp\/v2\/comments?post=61957"}],"version-history":[{"count":0,"href":"https:\/\/kapitalis.com\/tunisie\/wp-json\/wp\/v2\/posts\/61957\/revisions"}],"wp:attachment":[{"href":"https:\/\/kapitalis.com\/tunisie\/wp-json\/wp\/v2\/media?parent=61957"}],"wp:term":[{"taxonomy":"category","embeddable":true,"href":"https:\/\/kapitalis.com\/tunisie\/wp-json\/wp\/v2\/categories?post=61957"},{"taxonomy":"post_tag","embeddable":true,"href":"https:\/\/kapitalis.com\/tunisie\/wp-json\/wp\/v2\/tags?post=61957"}],"curies":[{"name":"wp","href":"https:\/\/api.w.org\/{rel}","templated":true}]}}