{"id":61970,"date":"2016-08-19T15:24:48","date_gmt":"2016-08-19T14:24:48","guid":{"rendered":"http:\/\/kapitalis.com\/tunisie\/?p=61970"},"modified":"2016-08-19T15:40:58","modified_gmt":"2016-08-19T14:40:58","slug":"burkini-islamistes-salafistes-et-juifs-orthodoxes-meme-combat","status":"publish","type":"post","link":"https:\/\/kapitalis.com\/tunisie\/2016\/08\/19\/burkini-islamistes-salafistes-et-juifs-orthodoxes-meme-combat\/","title":{"rendered":"Burkini : Islamistes salafistes et juifs orthodoxes, m\u00eame combat"},"content":{"rendered":"<p><img loading=\"lazy\" decoding=\"async\" class=\"alignnone size-full wp-image-61971 aligncenter\" src=\"http:\/\/kapitalis.com\/tunisie\/wp-content\/uploads\/2016\/08\/UJFP-Burkini.jpg\" alt=\"UJFP-Burkini\" width=\"626\" height=\"380\" \/><\/p>\n<p><em><strong>L\u2019Union juive fran\u00e7aise pour la paix (UJFP) a publi\u00e9, hier, une d\u00e9claration o\u00f9 elle d\u00e9fend le droit des musulmanes de porter le burkini en France. Un plaidoyer int\u00e9ressant\u2026<\/strong> <\/em><\/p>\n<p><!--more--><\/p>\n<p><em>La presse \u00e9trang\u00e8re exprime la stup\u00e9faction des pays anglo-saxons (\u2018\u2018Huffington post\u2019\u2019) devant les arr\u00eat\u00e9s municipaux interdisant le burkini sur des plages fran\u00e7aises. Ainsi c\u00f4toyant des plages de nudistes (mais l\u00e0 ce n\u2019est pas du repli identitaire et de l\u2019entre soi communautariste !), les plages r\u00e9publicaines et la\u00efques pr\u00e9tendent interdire \u00e0 des citoyen-nes de se baigner en burkini, les m\u00eames n\u2019osant par \u00abpudeur\u00bb sans doute rappeler que les femmes juives orthodoxes portent exactement les m\u00eames tenues \u00abtsnouot\u00bb modestes, souvent dans des plages \u00abcommunautaires\u00bb. Tant il est \u00e9vident que ce n\u2019est pas la tenue qui est vis\u00e9e mais celles qui la portent parce qu\u2019elles sont musulmanes.<\/em><\/p>\n<p><em>Le silence des autorit\u00e9s religieuses chr\u00e9tiennes, mais en ce qui nous concerne particuli\u00e8rement le silence des autorit\u00e9s religieuses ou communautaires juives \u00e0 ce propos nous interroge. Nous consid\u00e9rons que cette ru\u00e9e raciste contre les musulmans de ce pays devrait toucher les organisations juives communautaires et consistoriales dans ce qu\u2019elles ont de plus cher, et pour cause : l\u2019\u00e9galit\u00e9 de tous, quelle que soit l\u2019appartenance religieuse, et le droit fondamental \u00e0 la libre pratique de son culte.<\/em><\/p>\n<p><em>Or nous le savons dans ce genre d\u2019emball\u00e9e, le silence tue.<\/em><\/p>\n<p><em>En attendant il s\u2019agit, par ces arr\u00eat\u00e9s, d\u2019humilier et de faire baisser la t\u00eate, et nous, comme juifs qui nous souvenons de ces moments de notre histoire o\u00f9 nos parents ont d\u00fb raser les murs en France, nous ne saurions nous taire.<\/em><br \/>\n<em>Le v\u00e9ritable sursaut doit \u00eatre r\u00e9publicain au sens premier de ce terme, il doit faire se lever tous les citoyens dignes de ce nom qui refusent l\u2019association malfaisante de tous les musulmans aux attentats terroristes, et clamer le droit de tous et de chacun \u00e0 l\u2019expression libre de son culte et ou de ses croyances.<\/em><\/p>\n<p><em>Ce sursaut doit \u00eatre la\u00efque au sens que les auteurs de la loi de 1905 avaient su donner \u00e0 ce terme. Il rel\u00e8ve de la citoyennet\u00e9 aussi de comprendre que tout cela fait office de cache sexe aux r\u00e9elles raisons des attentats : ce que cache le burkini, ce sont l\u2019installation d\u2019un \u00e9tat d\u2019urgence permanent, les perquisitions et assignations \u00e0 r\u00e9sidences multipli\u00e9es, pas de vacances pour les musulmans !<\/em><\/p>\n<p><em>La gestion ultralib\u00e9rale de l\u2019\u00e9conomie et des biens communs, associ\u00e9e \u00e0 la gestion n\u00e9oconservatrice de la politique et des citoyens, les guerres de ce r\u00e9gime dans le Moyen Orient et en Afrique&#8230;<\/em><\/p>\n<p><em>Que nous sortions couverts ou d\u00e9couverts, c\u2019est cette politique qui fait aujourd\u2019hui consensus sur l\u2019essentiel entre maires \u00abr\u00e9publicains\u00bb et Premier Ministre et qu\u2019il nous faut combattre \u00e0 d\u00e9couvert !<\/em><\/p>\n<p><em>Il est aujourd\u2019hui plus urgent que jamais, de choisir le camp des opprim\u00e9s et de leur manifester notre solidarit\u00e9 totale, et d\u2019agir avec eux pour r\u00e9tablir l\u2019\u00e9tat de droit conforme aux normes bafou\u00e9es de la R\u00e9publique, par les autorit\u00e9s m\u00eames charg\u00e9es de les faire respecter.<\/em><\/p>\n<p>Le Bureau national de l\u2019UJFP, 18 ao\u00fbt 2016.<\/p>\n<p><em>* Le titre est de la r\u00e9daction.<\/em><\/p>\n","protected":false},"excerpt":{"rendered":"<p>L\u2019Union juive fran\u00e7aise pour la paix (UJFP) a publi\u00e9, hier, une d\u00e9claration o\u00f9 elle d\u00e9fend le droit des musulmanes de porter le burkini en France. Un plaidoyer int\u00e9ressant\u2026<\/p>\n","protected":false},"author":8,"featured_media":61971,"comment_status":"open","ping_status":"open","sticky":false,"template":"","format":"standard","meta":{"footnotes":""},"categories":[1000,2433],"tags":[2855],"class_list":["post-61970","post","type-post","status-publish","format-standard","has-post-thumbnail","hentry","category-tribune","category-tunisie","tag-attentats"],"yoast_head":"<!-- This site is optimized with the Yoast SEO plugin v26.6 - https:\/\/yoast.com\/wordpress\/plugins\/seo\/ -->\n<title>Burkini : Islamistes salafistes et juifs orthodoxes, m\u00eame combat - Kapitalis<\/title>\n<meta name=\"robots\" content=\"index, follow, max-snippet:-1, max-image-preview:large, max-video-preview:-1\" \/>\n<link rel=\"canonical\" href=\"https:\/\/kapitalis.com\/tunisie\/2016\/08\/19\/burkini-islamistes-salafistes-et-juifs-orthodoxes-meme-combat\/\" \/>\n<meta property=\"og:locale\" content=\"fr_FR\" \/>\n<meta property=\"og:type\" content=\"article\" \/>\n<meta property=\"og:title\" content=\"Burkini : Islamistes salafistes et juifs orthodoxes, m\u00eame combat - Kapitalis\" \/>\n<meta property=\"og:description\" content=\"L\u2019Union juive fran\u00e7aise pour la paix (UJFP) a publi\u00e9, hier, une d\u00e9claration o\u00f9 elle d\u00e9fend le droit des musulmanes de porter le burkini en France. Un plaidoyer int\u00e9ressant\u2026\" \/>\n<meta property=\"og:url\" content=\"https:\/\/kapitalis.com\/tunisie\/2016\/08\/19\/burkini-islamistes-salafistes-et-juifs-orthodoxes-meme-combat\/\" \/>\n<meta property=\"og:site_name\" content=\"Kapitalis\" \/>\n<meta property=\"article:publisher\" content=\"https:\/\/www.facebook.com\/KapitalisInfo\/\" \/>\n<meta property=\"article:published_time\" content=\"2016-08-19T14:24:48+00:00\" \/>\n<meta property=\"article:modified_time\" content=\"2016-08-19T14:40:58+00:00\" \/>\n<meta property=\"og:image\" content=\"https:\/\/kapitalis.com\/tunisie\/wp-content\/uploads\/2022\/05\/kapitalis-logo-fb.png\" \/>\n\t<meta property=\"og:image:width\" content=\"1200\" \/>\n\t<meta property=\"og:image:height\" content=\"630\" \/>\n\t<meta property=\"og:image:type\" content=\"image\/png\" \/>\n<meta name=\"author\" content=\"webmaster kapitalis\" \/>\n<meta name=\"twitter:card\" content=\"summary_large_image\" \/>\n<meta name=\"twitter:creator\" content=\"@KapitalisInfo\" \/>\n<meta name=\"twitter:site\" content=\"@KapitalisInfo\" \/>\n<meta name=\"twitter:label1\" content=\"\u00c9crit par\" \/>\n\t<meta name=\"twitter:data1\" content=\"webmaster kapitalis\" \/>\n\t<meta name=\"twitter:label2\" content=\"Dur\u00e9e de lecture estim\u00e9e\" \/>\n\t<meta name=\"twitter:data2\" content=\"3 minutes\" \/>\n<script type=\"application\/ld+json\" class=\"yoast-schema-graph\">{\"@context\":\"https:\/\/schema.org\",\"@graph\":[{\"@type\":\"Article\",\"@id\":\"https:\/\/kapitalis.com\/tunisie\/2016\/08\/19\/burkini-islamistes-salafistes-et-juifs-orthodoxes-meme-combat\/#article\",\"isPartOf\":{\"@id\":\"https:\/\/kapitalis.com\/tunisie\/2016\/08\/19\/burkini-islamistes-salafistes-et-juifs-orthodoxes-meme-combat\/\"},\"author\":{\"name\":\"webmaster kapitalis\",\"@id\":\"https:\/\/kapitalis.com\/tunisie\/#\/schema\/person\/d71f33a9ca44f7bad4698210b480c8e9\"},\"headline\":\"Burkini : Islamistes salafistes et juifs orthodoxes, m\u00eame combat\",\"datePublished\":\"2016-08-19T14:24:48+00:00\",\"dateModified\":\"2016-08-19T14:40:58+00:00\",\"mainEntityOfPage\":{\"@id\":\"https:\/\/kapitalis.com\/tunisie\/2016\/08\/19\/burkini-islamistes-salafistes-et-juifs-orthodoxes-meme-combat\/\"},\"wordCount\":573,\"commentCount\":11,\"publisher\":{\"@id\":\"https:\/\/kapitalis.com\/tunisie\/#organization\"},\"image\":{\"@id\":\"https:\/\/kapitalis.com\/tunisie\/2016\/08\/19\/burkini-islamistes-salafistes-et-juifs-orthodoxes-meme-combat\/#primaryimage\"},\"thumbnailUrl\":\"\",\"keywords\":[\"attentats\"],\"articleSection\":[\"TRIBUNE\",\"Tunisie\"],\"inLanguage\":\"fr-FR\",\"potentialAction\":[{\"@type\":\"CommentAction\",\"name\":\"Comment\",\"target\":[\"https:\/\/kapitalis.com\/tunisie\/2016\/08\/19\/burkini-islamistes-salafistes-et-juifs-orthodoxes-meme-combat\/#respond\"]}]},{\"@type\":\"WebPage\",\"@id\":\"https:\/\/kapitalis.com\/tunisie\/2016\/08\/19\/burkini-islamistes-salafistes-et-juifs-orthodoxes-meme-combat\/\",\"url\":\"https:\/\/kapitalis.com\/tunisie\/2016\/08\/19\/burkini-islamistes-salafistes-et-juifs-orthodoxes-meme-combat\/\",\"name\":\"Burkini : Islamistes salafistes et juifs orthodoxes, m\u00eame combat - Kapitalis\",\"isPartOf\":{\"@id\":\"https:\/\/kapitalis.com\/tunisie\/#website\"},\"primaryImageOfPage\":{\"@id\":\"https:\/\/kapitalis.com\/tunisie\/2016\/08\/19\/burkini-islamistes-salafistes-et-juifs-orthodoxes-meme-combat\/#primaryimage\"},\"image\":{\"@id\":\"https:\/\/kapitalis.com\/tunisie\/2016\/08\/19\/burkini-islamistes-salafistes-et-juifs-orthodoxes-meme-combat\/#primaryimage\"},\"thumbnailUrl\":\"\",\"datePublished\":\"2016-08-19T14:24:48+00:00\",\"dateModified\":\"2016-08-19T14:40:58+00:00\",\"breadcrumb\":{\"@id\":\"https:\/\/kapitalis.com\/tunisie\/2016\/08\/19\/burkini-islamistes-salafistes-et-juifs-orthodoxes-meme-combat\/#breadcrumb\"},\"inLanguage\":\"fr-FR\",\"potentialAction\":[{\"@type\":\"ReadAction\",\"target\":[\"https:\/\/kapitalis.com\/tunisie\/2016\/08\/19\/burkini-islamistes-salafistes-et-juifs-orthodoxes-meme-combat\/\"]}]},{\"@type\":\"ImageObject\",\"inLanguage\":\"fr-FR\",\"@id\":\"https:\/\/kapitalis.com\/tunisie\/2016\/08\/19\/burkini-islamistes-salafistes-et-juifs-orthodoxes-meme-combat\/#primaryimage\",\"url\":\"\",\"contentUrl\":\"\"},{\"@type\":\"BreadcrumbList\",\"@id\":\"https:\/\/kapitalis.com\/tunisie\/2016\/08\/19\/burkini-islamistes-salafistes-et-juifs-orthodoxes-meme-combat\/#breadcrumb\",\"itemListElement\":[{\"@type\":\"ListItem\",\"position\":1,\"name\":\"Accueil\",\"item\":\"https:\/\/kapitalis.com\/tunisie\/\"},{\"@type\":\"ListItem\",\"position\":2,\"name\":\"Burkini : Islamistes salafistes et juifs orthodoxes, m\u00eame combat\"}]},{\"@type\":\"WebSite\",\"@id\":\"https:\/\/kapitalis.com\/tunisie\/#website\",\"url\":\"https:\/\/kapitalis.com\/tunisie\/\",\"name\":\"Kapitalis\",\"description\":\"L&#039;actualit\u00e9 en Tunisie et dans le monde\",\"publisher\":{\"@id\":\"https:\/\/kapitalis.com\/tunisie\/#organization\"},\"potentialAction\":[{\"@type\":\"SearchAction\",\"target\":{\"@type\":\"EntryPoint\",\"urlTemplate\":\"https:\/\/kapitalis.com\/tunisie\/?s={search_term_string}\"},\"query-input\":{\"@type\":\"PropertyValueSpecification\",\"valueRequired\":true,\"valueName\":\"search_term_string\"}}],\"inLanguage\":\"fr-FR\"},{\"@type\":\"Organization\",\"@id\":\"https:\/\/kapitalis.com\/tunisie\/#organization\",\"name\":\"Kapitalis\",\"url\":\"https:\/\/kapitalis.com\/tunisie\/\",\"logo\":{\"@type\":\"ImageObject\",\"inLanguage\":\"fr-FR\",\"@id\":\"https:\/\/kapitalis.com\/tunisie\/#\/schema\/logo\/image\/\",\"url\":\"https:\/\/kapitalis.com\/tunisie\/wp-content\/uploads\/2022\/05\/Kapitalis-big-size.png\",\"contentUrl\":\"https:\/\/kapitalis.com\/tunisie\/wp-content\/uploads\/2022\/05\/Kapitalis-big-size.png\",\"width\":5000,\"height\":1500,\"caption\":\"Kapitalis\"},\"image\":{\"@id\":\"https:\/\/kapitalis.com\/tunisie\/#\/schema\/logo\/image\/\"},\"sameAs\":[\"https:\/\/www.facebook.com\/KapitalisInfo\/\",\"https:\/\/x.com\/KapitalisInfo\",\"https:\/\/www.youtube.com\/channel\/UC-yDYrHyfFBWWZaOw3FPg9Q\"]},{\"@type\":\"Person\",\"@id\":\"https:\/\/kapitalis.com\/tunisie\/#\/schema\/person\/d71f33a9ca44f7bad4698210b480c8e9\",\"name\":\"webmaster kapitalis\",\"url\":\"https:\/\/kapitalis.com\/tunisie\/author\/webmaster-kapitalis\/\"}]}<\/script>\n<!-- \/ Yoast SEO plugin. -->","yoast_head_json":{"title":"Burkini : Islamistes salafistes et juifs orthodoxes, m\u00eame combat - Kapitalis","robots":{"index":"index","follow":"follow","max-snippet":"max-snippet:-1","max-image-preview":"max-image-preview:large","max-video-preview":"max-video-preview:-1"},"canonical":"https:\/\/kapitalis.com\/tunisie\/2016\/08\/19\/burkini-islamistes-salafistes-et-juifs-orthodoxes-meme-combat\/","og_locale":"fr_FR","og_type":"article","og_title":"Burkini : Islamistes salafistes et juifs orthodoxes, m\u00eame combat - Kapitalis","og_description":"L\u2019Union juive fran\u00e7aise pour la paix (UJFP) a publi\u00e9, hier, une d\u00e9claration o\u00f9 elle d\u00e9fend le droit des musulmanes de porter le burkini en France. Un plaidoyer int\u00e9ressant\u2026","og_url":"https:\/\/kapitalis.com\/tunisie\/2016\/08\/19\/burkini-islamistes-salafistes-et-juifs-orthodoxes-meme-combat\/","og_site_name":"Kapitalis","article_publisher":"https:\/\/www.facebook.com\/KapitalisInfo\/","article_published_time":"2016-08-19T14:24:48+00:00","article_modified_time":"2016-08-19T14:40:58+00:00","og_image":[{"width":1200,"height":630,"url":"https:\/\/kapitalis.com\/tunisie\/wp-content\/uploads\/2022\/05\/kapitalis-logo-fb.png","type":"image\/png"}],"author":"webmaster kapitalis","twitter_card":"summary_large_image","twitter_creator":"@KapitalisInfo","twitter_site":"@KapitalisInfo","twitter_misc":{"\u00c9crit par":"webmaster kapitalis","Dur\u00e9e de lecture estim\u00e9e":"3 minutes"},"schema":{"@context":"https:\/\/schema.org","@graph":[{"@type":"Article","@id":"https:\/\/kapitalis.com\/tunisie\/2016\/08\/19\/burkini-islamistes-salafistes-et-juifs-orthodoxes-meme-combat\/#article","isPartOf":{"@id":"https:\/\/kapitalis.com\/tunisie\/2016\/08\/19\/burkini-islamistes-salafistes-et-juifs-orthodoxes-meme-combat\/"},"author":{"name":"webmaster kapitalis","@id":"https:\/\/kapitalis.com\/tunisie\/#\/schema\/person\/d71f33a9ca44f7bad4698210b480c8e9"},"headline":"Burkini : Islamistes salafistes et juifs orthodoxes, m\u00eame combat","datePublished":"2016-08-19T14:24:48+00:00","dateModified":"2016-08-19T14:40:58+00:00","mainEntityOfPage":{"@id":"https:\/\/kapitalis.com\/tunisie\/2016\/08\/19\/burkini-islamistes-salafistes-et-juifs-orthodoxes-meme-combat\/"},"wordCount":573,"commentCount":11,"publisher":{"@id":"https:\/\/kapitalis.com\/tunisie\/#organization"},"image":{"@id":"https:\/\/kapitalis.com\/tunisie\/2016\/08\/19\/burkini-islamistes-salafistes-et-juifs-orthodoxes-meme-combat\/#primaryimage"},"thumbnailUrl":"","keywords":["attentats"],"articleSection":["TRIBUNE","Tunisie"],"inLanguage":"fr-FR","potentialAction":[{"@type":"CommentAction","name":"Comment","target":["https:\/\/kapitalis.com\/tunisie\/2016\/08\/19\/burkini-islamistes-salafistes-et-juifs-orthodoxes-meme-combat\/#respond"]}]},{"@type":"WebPage","@id":"https:\/\/kapitalis.com\/tunisie\/2016\/08\/19\/burkini-islamistes-salafistes-et-juifs-orthodoxes-meme-combat\/","url":"https:\/\/kapitalis.com\/tunisie\/2016\/08\/19\/burkini-islamistes-salafistes-et-juifs-orthodoxes-meme-combat\/","name":"Burkini : Islamistes salafistes et juifs orthodoxes, m\u00eame combat - Kapitalis","isPartOf":{"@id":"https:\/\/kapitalis.com\/tunisie\/#website"},"primaryImageOfPage":{"@id":"https:\/\/kapitalis.com\/tunisie\/2016\/08\/19\/burkini-islamistes-salafistes-et-juifs-orthodoxes-meme-combat\/#primaryimage"},"image":{"@id":"https:\/\/kapitalis.com\/tunisie\/2016\/08\/19\/burkini-islamistes-salafistes-et-juifs-orthodoxes-meme-combat\/#primaryimage"},"thumbnailUrl":"","datePublished":"2016-08-19T14:24:48+00:00","dateModified":"2016-08-19T14:40:58+00:00","breadcrumb":{"@id":"https:\/\/kapitalis.com\/tunisie\/2016\/08\/19\/burkini-islamistes-salafistes-et-juifs-orthodoxes-meme-combat\/#breadcrumb"},"inLanguage":"fr-FR","potentialAction":[{"@type":"ReadAction","target":["https:\/\/kapitalis.com\/tunisie\/2016\/08\/19\/burkini-islamistes-salafistes-et-juifs-orthodoxes-meme-combat\/"]}]},{"@type":"ImageObject","inLanguage":"fr-FR","@id":"https:\/\/kapitalis.com\/tunisie\/2016\/08\/19\/burkini-islamistes-salafistes-et-juifs-orthodoxes-meme-combat\/#primaryimage","url":"","contentUrl":""},{"@type":"BreadcrumbList","@id":"https:\/\/kapitalis.com\/tunisie\/2016\/08\/19\/burkini-islamistes-salafistes-et-juifs-orthodoxes-meme-combat\/#breadcrumb","itemListElement":[{"@type":"ListItem","position":1,"name":"Accueil","item":"https:\/\/kapitalis.com\/tunisie\/"},{"@type":"ListItem","position":2,"name":"Burkini : Islamistes salafistes et juifs orthodoxes, m\u00eame combat"}]},{"@type":"WebSite","@id":"https:\/\/kapitalis.com\/tunisie\/#website","url":"https:\/\/kapitalis.com\/tunisie\/","name":"Kapitalis","description":"L&#039;actualit\u00e9 en Tunisie et dans le monde","publisher":{"@id":"https:\/\/kapitalis.com\/tunisie\/#organization"},"potentialAction":[{"@type":"SearchAction","target":{"@type":"EntryPoint","urlTemplate":"https:\/\/kapitalis.com\/tunisie\/?s={search_term_string}"},"query-input":{"@type":"PropertyValueSpecification","valueRequired":true,"valueName":"search_term_string"}}],"inLanguage":"fr-FR"},{"@type":"Organization","@id":"https:\/\/kapitalis.com\/tunisie\/#organization","name":"Kapitalis","url":"https:\/\/kapitalis.com\/tunisie\/","logo":{"@type":"ImageObject","inLanguage":"fr-FR","@id":"https:\/\/kapitalis.com\/tunisie\/#\/schema\/logo\/image\/","url":"https:\/\/kapitalis.com\/tunisie\/wp-content\/uploads\/2022\/05\/Kapitalis-big-size.png","contentUrl":"https:\/\/kapitalis.com\/tunisie\/wp-content\/uploads\/2022\/05\/Kapitalis-big-size.png","width":5000,"height":1500,"caption":"Kapitalis"},"image":{"@id":"https:\/\/kapitalis.com\/tunisie\/#\/schema\/logo\/image\/"},"sameAs":["https:\/\/www.facebook.com\/KapitalisInfo\/","https:\/\/x.com\/KapitalisInfo","https:\/\/www.youtube.com\/channel\/UC-yDYrHyfFBWWZaOw3FPg9Q"]},{"@type":"Person","@id":"https:\/\/kapitalis.com\/tunisie\/#\/schema\/person\/d71f33a9ca44f7bad4698210b480c8e9","name":"webmaster kapitalis","url":"https:\/\/kapitalis.com\/tunisie\/author\/webmaster-kapitalis\/"}]}},"_links":{"self":[{"href":"https:\/\/kapitalis.com\/tunisie\/wp-json\/wp\/v2\/posts\/61970","targetHints":{"allow":["GET"]}}],"collection":[{"href":"https:\/\/kapitalis.com\/tunisie\/wp-json\/wp\/v2\/posts"}],"about":[{"href":"https:\/\/kapitalis.com\/tunisie\/wp-json\/wp\/v2\/types\/post"}],"author":[{"embeddable":true,"href":"https:\/\/kapitalis.com\/tunisie\/wp-json\/wp\/v2\/users\/8"}],"replies":[{"embeddable":true,"href":"https:\/\/kapitalis.com\/tunisie\/wp-json\/wp\/v2\/comments?post=61970"}],"version-history":[{"count":0,"href":"https:\/\/kapitalis.com\/tunisie\/wp-json\/wp\/v2\/posts\/61970\/revisions"}],"wp:featuredmedia":[{"embeddable":true,"href":"https:\/\/kapitalis.com\/tunisie\/wp-json\/wp\/v2\/media\/61971"}],"wp:attachment":[{"href":"https:\/\/kapitalis.com\/tunisie\/wp-json\/wp\/v2\/media?parent=61970"}],"wp:term":[{"taxonomy":"category","embeddable":true,"href":"https:\/\/kapitalis.com\/tunisie\/wp-json\/wp\/v2\/categories?post=61970"},{"taxonomy":"post_tag","embeddable":true,"href":"https:\/\/kapitalis.com\/tunisie\/wp-json\/wp\/v2\/tags?post=61970"}],"curies":[{"name":"wp","href":"https:\/\/api.w.org\/{rel}","templated":true}]}}