{"id":6203559,"date":"2023-01-25T23:41:35","date_gmt":"2023-01-25T22:41:35","guid":{"rendered":"https:\/\/kapitalis.com\/tunisie\/?p=6203559"},"modified":"2023-01-25T23:48:46","modified_gmt":"2023-01-25T22:48:46","slug":"drame-a-saint-brieuc-un-tunisien-aurait-tue-sa-femme-et-sa-fille-avant-de-se-suicider","status":"publish","type":"post","link":"https:\/\/kapitalis.com\/tunisie\/2023\/01\/25\/drame-a-saint-brieuc-un-tunisien-aurait-tue-sa-femme-et-sa-fille-avant-de-se-suicider\/","title":{"rendered":"Drame \u00e0 Saint-Brieuc : Un Tunisien aurait tu\u00e9 sa femme et sa fille avant de se suicider"},"content":{"rendered":"\n<p><strong><em>Les corps d&rsquo;un Tunisien de 24 ans, son \u00e9pouse de 22 ans et leur fillette de 3 ans ont \u00e9t\u00e9 d\u00e9couverts par la police dimanche dernier, chez eux \u00e0 Saint-Brieuc en France. Selon les premiers \u00e9l\u00e9ments de l&rsquo;enqu\u00eate, le p\u00e8re de famille  est consid\u00e9r\u00e9 comme le principal suspect : il aurait tir\u00e9 sur sa femme et sa fille avant de mettre fin \u00e0 ses jours.<\/em><\/strong><\/p>\n\n\n\n<!--more-->\n\n\n\n<p>L&rsquo;homme aurait \u00e9galement tir\u00e9 sur sa belle-m\u00e8re, gri\u00e8vement bless\u00e9e et qui se trouve actuellement en r\u00e9animation, selon des <a href=\"https:\/\/www.tf1info.fr\/justice-faits-divers\/saint-brieuc-une-separation-pourrait-etre-a-l-origine-du-meurtre-de-la-fillette-et-de-sa-mere-2245994.html\" target=\"_blank\" rel=\"noreferrer noopener\">m\u00e9dias fran\u00e7ais<\/a>, citant le procureur de la R\u00e9publique Nicolas Heitz qui a organis\u00e9, hier, mardi 24 janvier 2023, une conf\u00e9rence de presse \u00e0 ce propos.<\/p>\n\n\n\n<p>Le drame s&rsquo;est d\u00e9roul\u00e9 dimanche et la police a \u00e9t\u00e9 alert\u00e9e vers 16 heures par des voisins qui ont entendu des coups de feu. Les agents ont fait une macabre d\u00e9couverte : Une femme gri\u00e8vement bless\u00e9e et trois corps sans vie. Celui du p\u00e8re a \u00e9t\u00e9 d\u00e9couvert dans la pi\u00e8ce principale, o\u00f9 une carabine a \u00e9t\u00e9 retrouv\u00e9e \u00e0 proximit\u00e9 de son bras droit, celui de la femme dans la cuisine et le corps de la fillette de 3 ans dans la chambre.<\/p>\n\n\n\n<p>La grand-m\u00e8re maternelle, seule survivante a \u00e9t\u00e9 gri\u00e8vement bless\u00e9e. Transport\u00e9e \u00e0 l&rsquo;h\u00f4pital, elle a \u00e9t\u00e9 admise en r\u00e9animation. <em>\u00abElle n\u2019est pas audible et son t\u00e9moignage, s\u2019il est possible, sera \u00e9videmment d\u00e9terminant\u00bb, <\/em>a soulign\u00e9 la m\u00eame source.<\/p>\n\n\n\n<p>Le procureur a \u00e9galement affirm\u00e9 que le Tunisien, qui vivait en France depuis le d\u00e9but de l\u2019ann\u00e9e 2020, \u00e9tait en situation r\u00e9guli\u00e8re et avait b\u00e9n\u00e9fici\u00e9 d\u2019une carte de r\u00e9sident valable jusqu\u2019en 2031. Son casier judiciaire est vierge et n&rsquo;a fait l&rsquo;objet d&rsquo;aucune proc\u00e9dure<\/p>\n\n\n\n<p>Selon les premiers interrogatoires, ce dernier est d\u00e9crit comme \u00ab<em>quelqu&rsquo;un de calme<\/em>\u00bb, notamment par son beau-p\u00e8re qui a \u00e9galement affirm\u00e9 qu&rsquo;il n\u2019a jamais entendu sa fille se plaindre de violences, ou encore comme \u00ab<em>un homme tr\u00e8s gentil, tr\u00e8s courtois et tr\u00e8s r\u00e9serv\u00e9<\/em>\u00bb, par l&rsquo;un de ses coll\u00e8gues.<\/p>\n\n\n\n<p>Interrog\u00e9s, les voisins ont affirm\u00e9 \u00ab<em>n&rsquo;avoir jamais entendu de dispute entre le couple<\/em>\u00bb\u2026 Quant au mobile, une s\u00e9paration pourrait \u00eatre \u00e0 l&rsquo;origine de ce drame, ajoute encore le procureur, en pr\u00e9cisant qu&rsquo;un des fr\u00e8res et la s\u0153ur cadette de la victime ont indiqu\u00e9 que le couple allait se s\u00e9parer depuis mi-d\u00e9cembre, mais n\u2019avait pas engag\u00e9 de d\u00e9marche officielle pour le divorce.<br>.<br>Nicolas Heitz a \u00e9galement pr\u00e9cis\u00e9 que la jeune femme aurait rencontr\u00e9 sur les r\u00e9seaux sociaux son futur mari en ao\u00fbt 2016, alors qu&rsquo;elle \u00e9tait mineure. Ils se sont ensuite mari\u00e9s en 2019 en Tunisie, tout en ajoutant qu&rsquo;une <em>\u00abdemande a \u00e9t\u00e9 formul\u00e9e aux autorit\u00e9s tunisiennes afin de conna\u00eetre ses \u00e9ventuels ant\u00e9c\u00e9dents judiciaires dans son pays d\u2019origine\u00bb.<\/em><\/p>\n\n\n\n<p class=\"has-text-align-right\"><strong>Y. N.<\/strong><\/p>\n","protected":false},"excerpt":{"rendered":"<p>Drame \u00e0 Saint-Brieuc : Un Tunisien aurait tu\u00e9 sa femme et sa fille avant de se suicider<\/p>\n","protected":false},"author":6,"featured_media":1085238,"comment_status":"open","ping_status":"open","sticky":false,"template":"","format":"standard","meta":{"footnotes":""},"categories":[998,2433],"tags":[85351,2270,395,604,106230,865,62643,931],"class_list":["post-6203559","post","type-post","status-publish","format-standard","has-post-thumbnail","hentry","category-societe","category-tunisie","tag-drame","tag-famille","tag-france","tag-meurtre","tag-saint-brieuc","tag-suicide","tag-tunisie","tag-tunisien"],"yoast_head":"<!-- This site is optimized with the Yoast SEO plugin v26.6 - https:\/\/yoast.com\/wordpress\/plugins\/seo\/ -->\n<title>Drame \u00e0 Saint-Brieuc : Un Tunisien aurait tu\u00e9 sa femme et sa fille avant de se suicider - Kapitalis<\/title>\n<meta name=\"description\" content=\"Les corps d&#039;un Tunisien de 24 ans, son \u00e9pouse de 22 ans et leur fillette de 3 ans ont \u00e9t\u00e9 d\u00e9couverts par la police dimanche dernier, chez eux \u00e0 Saint-Brieuc en France. Selon les premiers \u00e9l\u00e9ments de l&#039;enqu\u00eate, le p\u00e8re de famille est consid\u00e9r\u00e9 comme le principal suspect : il aurait tir\u00e9 sur sa femme et sa fille avant de mettre fin \u00e0 ses jours.\" \/>\n<meta name=\"robots\" content=\"index, follow, max-snippet:-1, max-image-preview:large, max-video-preview:-1\" \/>\n<link rel=\"canonical\" href=\"https:\/\/kapitalis.com\/tunisie\/2023\/01\/25\/drame-a-saint-brieuc-un-tunisien-aurait-tue-sa-femme-et-sa-fille-avant-de-se-suicider\/\" \/>\n<meta property=\"og:locale\" content=\"fr_FR\" \/>\n<meta property=\"og:type\" content=\"article\" \/>\n<meta property=\"og:title\" content=\"Drame \u00e0 Saint-Brieuc : Un Tunisien aurait tu\u00e9 sa femme et sa fille avant de se suicider - Kapitalis\" \/>\n<meta property=\"og:description\" content=\"Les corps d&#039;un Tunisien de 24 ans, son \u00e9pouse de 22 ans et leur fillette de 3 ans ont \u00e9t\u00e9 d\u00e9couverts par la police dimanche dernier, chez eux \u00e0 Saint-Brieuc en France. Selon les premiers \u00e9l\u00e9ments de l&#039;enqu\u00eate, le p\u00e8re de famille est consid\u00e9r\u00e9 comme le principal suspect : il aurait tir\u00e9 sur sa femme et sa fille avant de mettre fin \u00e0 ses jours.\" \/>\n<meta property=\"og:url\" content=\"https:\/\/kapitalis.com\/tunisie\/2023\/01\/25\/drame-a-saint-brieuc-un-tunisien-aurait-tue-sa-femme-et-sa-fille-avant-de-se-suicider\/\" \/>\n<meta property=\"og:site_name\" content=\"Kapitalis\" \/>\n<meta property=\"article:publisher\" content=\"https:\/\/www.facebook.com\/KapitalisInfo\/\" \/>\n<meta property=\"article:published_time\" content=\"2023-01-25T22:41:35+00:00\" \/>\n<meta property=\"article:modified_time\" content=\"2023-01-25T22:48:46+00:00\" \/>\n<meta property=\"og:image\" content=\"https:\/\/kapitalis.com\/tunisie\/wp-content\/uploads\/2022\/05\/crime-meurtre.jpg\" \/>\n\t<meta property=\"og:image:width\" content=\"1200\" \/>\n\t<meta property=\"og:image:height\" content=\"630\" \/>\n\t<meta property=\"og:image:type\" content=\"image\/jpeg\" \/>\n<meta name=\"author\" content=\"Yusra NY\" \/>\n<meta name=\"twitter:card\" content=\"summary_large_image\" \/>\n<meta name=\"twitter:creator\" content=\"@KapitalisInfo\" \/>\n<meta name=\"twitter:site\" content=\"@KapitalisInfo\" \/>\n<meta name=\"twitter:label1\" content=\"\u00c9crit par\" \/>\n\t<meta name=\"twitter:data1\" content=\"Yusra NY\" \/>\n\t<meta name=\"twitter:label2\" content=\"Dur\u00e9e de lecture estim\u00e9e\" \/>\n\t<meta name=\"twitter:data2\" content=\"3 minutes\" \/>\n<script type=\"application\/ld+json\" class=\"yoast-schema-graph\">{\"@context\":\"https:\/\/schema.org\",\"@graph\":[{\"@type\":\"Article\",\"@id\":\"https:\/\/kapitalis.com\/tunisie\/2023\/01\/25\/drame-a-saint-brieuc-un-tunisien-aurait-tue-sa-femme-et-sa-fille-avant-de-se-suicider\/#article\",\"isPartOf\":{\"@id\":\"https:\/\/kapitalis.com\/tunisie\/2023\/01\/25\/drame-a-saint-brieuc-un-tunisien-aurait-tue-sa-femme-et-sa-fille-avant-de-se-suicider\/\"},\"author\":{\"name\":\"Yusra NY\",\"@id\":\"https:\/\/kapitalis.com\/tunisie\/#\/schema\/person\/74bbde0154d49d790a92aaeac5bc01d5\"},\"headline\":\"Drame \u00e0 Saint-Brieuc : Un Tunisien aurait tu\u00e9 sa femme et sa fille avant de se suicider\",\"datePublished\":\"2023-01-25T22:41:35+00:00\",\"dateModified\":\"2023-01-25T22:48:46+00:00\",\"mainEntityOfPage\":{\"@id\":\"https:\/\/kapitalis.com\/tunisie\/2023\/01\/25\/drame-a-saint-brieuc-un-tunisien-aurait-tue-sa-femme-et-sa-fille-avant-de-se-suicider\/\"},\"wordCount\":502,\"commentCount\":0,\"publisher\":{\"@id\":\"https:\/\/kapitalis.com\/tunisie\/#organization\"},\"image\":{\"@id\":\"https:\/\/kapitalis.com\/tunisie\/2023\/01\/25\/drame-a-saint-brieuc-un-tunisien-aurait-tue-sa-femme-et-sa-fille-avant-de-se-suicider\/#primaryimage\"},\"thumbnailUrl\":\"https:\/\/kapitalis.com\/tunisie\/wp-content\/uploads\/2022\/05\/crime-meurtre.jpg\",\"keywords\":[\"drame\",\"famille\",\"France\",\"meurtre\",\"Saint-Brieuc\",\"suicide\",\"Tunisie\",\"Tunisien\"],\"articleSection\":[\"SOCIETE\",\"Tunisie\"],\"inLanguage\":\"fr-FR\",\"potentialAction\":[{\"@type\":\"CommentAction\",\"name\":\"Comment\",\"target\":[\"https:\/\/kapitalis.com\/tunisie\/2023\/01\/25\/drame-a-saint-brieuc-un-tunisien-aurait-tue-sa-femme-et-sa-fille-avant-de-se-suicider\/#respond\"]}]},{\"@type\":\"WebPage\",\"@id\":\"https:\/\/kapitalis.com\/tunisie\/2023\/01\/25\/drame-a-saint-brieuc-un-tunisien-aurait-tue-sa-femme-et-sa-fille-avant-de-se-suicider\/\",\"url\":\"https:\/\/kapitalis.com\/tunisie\/2023\/01\/25\/drame-a-saint-brieuc-un-tunisien-aurait-tue-sa-femme-et-sa-fille-avant-de-se-suicider\/\",\"name\":\"Drame \u00e0 Saint-Brieuc : Un Tunisien aurait tu\u00e9 sa femme et sa fille avant de se suicider - Kapitalis\",\"isPartOf\":{\"@id\":\"https:\/\/kapitalis.com\/tunisie\/#website\"},\"primaryImageOfPage\":{\"@id\":\"https:\/\/kapitalis.com\/tunisie\/2023\/01\/25\/drame-a-saint-brieuc-un-tunisien-aurait-tue-sa-femme-et-sa-fille-avant-de-se-suicider\/#primaryimage\"},\"image\":{\"@id\":\"https:\/\/kapitalis.com\/tunisie\/2023\/01\/25\/drame-a-saint-brieuc-un-tunisien-aurait-tue-sa-femme-et-sa-fille-avant-de-se-suicider\/#primaryimage\"},\"thumbnailUrl\":\"https:\/\/kapitalis.com\/tunisie\/wp-content\/uploads\/2022\/05\/crime-meurtre.jpg\",\"datePublished\":\"2023-01-25T22:41:35+00:00\",\"dateModified\":\"2023-01-25T22:48:46+00:00\",\"description\":\"Les corps d'un Tunisien de 24 ans, son \u00e9pouse de 22 ans et leur fillette de 3 ans ont \u00e9t\u00e9 d\u00e9couverts par la police dimanche dernier, chez eux \u00e0 Saint-Brieuc en France. Selon les premiers \u00e9l\u00e9ments de l'enqu\u00eate, le p\u00e8re de famille est consid\u00e9r\u00e9 comme le principal suspect : il aurait tir\u00e9 sur sa femme et sa fille avant de mettre fin \u00e0 ses jours.\",\"breadcrumb\":{\"@id\":\"https:\/\/kapitalis.com\/tunisie\/2023\/01\/25\/drame-a-saint-brieuc-un-tunisien-aurait-tue-sa-femme-et-sa-fille-avant-de-se-suicider\/#breadcrumb\"},\"inLanguage\":\"fr-FR\",\"potentialAction\":[{\"@type\":\"ReadAction\",\"target\":[\"https:\/\/kapitalis.com\/tunisie\/2023\/01\/25\/drame-a-saint-brieuc-un-tunisien-aurait-tue-sa-femme-et-sa-fille-avant-de-se-suicider\/\"]}]},{\"@type\":\"ImageObject\",\"inLanguage\":\"fr-FR\",\"@id\":\"https:\/\/kapitalis.com\/tunisie\/2023\/01\/25\/drame-a-saint-brieuc-un-tunisien-aurait-tue-sa-femme-et-sa-fille-avant-de-se-suicider\/#primaryimage\",\"url\":\"https:\/\/kapitalis.com\/tunisie\/wp-content\/uploads\/2022\/05\/crime-meurtre.jpg\",\"contentUrl\":\"https:\/\/kapitalis.com\/tunisie\/wp-content\/uploads\/2022\/05\/crime-meurtre.jpg\",\"width\":1200,\"height\":630},{\"@type\":\"BreadcrumbList\",\"@id\":\"https:\/\/kapitalis.com\/tunisie\/2023\/01\/25\/drame-a-saint-brieuc-un-tunisien-aurait-tue-sa-femme-et-sa-fille-avant-de-se-suicider\/#breadcrumb\",\"itemListElement\":[{\"@type\":\"ListItem\",\"position\":1,\"name\":\"Accueil\",\"item\":\"https:\/\/kapitalis.com\/tunisie\/\"},{\"@type\":\"ListItem\",\"position\":2,\"name\":\"Drame \u00e0 Saint-Brieuc : Un Tunisien aurait tu\u00e9 sa femme et sa fille avant de se suicider\"}]},{\"@type\":\"WebSite\",\"@id\":\"https:\/\/kapitalis.com\/tunisie\/#website\",\"url\":\"https:\/\/kapitalis.com\/tunisie\/\",\"name\":\"Kapitalis\",\"description\":\"L&#039;actualit\u00e9 en Tunisie et dans le monde\",\"publisher\":{\"@id\":\"https:\/\/kapitalis.com\/tunisie\/#organization\"},\"potentialAction\":[{\"@type\":\"SearchAction\",\"target\":{\"@type\":\"EntryPoint\",\"urlTemplate\":\"https:\/\/kapitalis.com\/tunisie\/?s={search_term_string}\"},\"query-input\":{\"@type\":\"PropertyValueSpecification\",\"valueRequired\":true,\"valueName\":\"search_term_string\"}}],\"inLanguage\":\"fr-FR\"},{\"@type\":\"Organization\",\"@id\":\"https:\/\/kapitalis.com\/tunisie\/#organization\",\"name\":\"Kapitalis\",\"url\":\"https:\/\/kapitalis.com\/tunisie\/\",\"logo\":{\"@type\":\"ImageObject\",\"inLanguage\":\"fr-FR\",\"@id\":\"https:\/\/kapitalis.com\/tunisie\/#\/schema\/logo\/image\/\",\"url\":\"https:\/\/kapitalis.com\/tunisie\/wp-content\/uploads\/2022\/05\/Kapitalis-big-size.png\",\"contentUrl\":\"https:\/\/kapitalis.com\/tunisie\/wp-content\/uploads\/2022\/05\/Kapitalis-big-size.png\",\"width\":5000,\"height\":1500,\"caption\":\"Kapitalis\"},\"image\":{\"@id\":\"https:\/\/kapitalis.com\/tunisie\/#\/schema\/logo\/image\/\"},\"sameAs\":[\"https:\/\/www.facebook.com\/KapitalisInfo\/\",\"https:\/\/x.com\/KapitalisInfo\",\"https:\/\/www.youtube.com\/channel\/UC-yDYrHyfFBWWZaOw3FPg9Q\"]},{\"@type\":\"Person\",\"@id\":\"https:\/\/kapitalis.com\/tunisie\/#\/schema\/person\/74bbde0154d49d790a92aaeac5bc01d5\",\"name\":\"Yusra NY\",\"url\":\"https:\/\/kapitalis.com\/tunisie\/author\/yuza_adam\/\"}]}<\/script>\n<!-- \/ Yoast SEO plugin. -->","yoast_head_json":{"title":"Drame \u00e0 Saint-Brieuc : Un Tunisien aurait tu\u00e9 sa femme et sa fille avant de se suicider - Kapitalis","description":"Les corps d'un Tunisien de 24 ans, son \u00e9pouse de 22 ans et leur fillette de 3 ans ont \u00e9t\u00e9 d\u00e9couverts par la police dimanche dernier, chez eux \u00e0 Saint-Brieuc en France. Selon les premiers \u00e9l\u00e9ments de l'enqu\u00eate, le p\u00e8re de famille est consid\u00e9r\u00e9 comme le principal suspect : il aurait tir\u00e9 sur sa femme et sa fille avant de mettre fin \u00e0 ses jours.","robots":{"index":"index","follow":"follow","max-snippet":"max-snippet:-1","max-image-preview":"max-image-preview:large","max-video-preview":"max-video-preview:-1"},"canonical":"https:\/\/kapitalis.com\/tunisie\/2023\/01\/25\/drame-a-saint-brieuc-un-tunisien-aurait-tue-sa-femme-et-sa-fille-avant-de-se-suicider\/","og_locale":"fr_FR","og_type":"article","og_title":"Drame \u00e0 Saint-Brieuc : Un Tunisien aurait tu\u00e9 sa femme et sa fille avant de se suicider - Kapitalis","og_description":"Les corps d'un Tunisien de 24 ans, son \u00e9pouse de 22 ans et leur fillette de 3 ans ont \u00e9t\u00e9 d\u00e9couverts par la police dimanche dernier, chez eux \u00e0 Saint-Brieuc en France. Selon les premiers \u00e9l\u00e9ments de l'enqu\u00eate, le p\u00e8re de famille est consid\u00e9r\u00e9 comme le principal suspect : il aurait tir\u00e9 sur sa femme et sa fille avant de mettre fin \u00e0 ses jours.","og_url":"https:\/\/kapitalis.com\/tunisie\/2023\/01\/25\/drame-a-saint-brieuc-un-tunisien-aurait-tue-sa-femme-et-sa-fille-avant-de-se-suicider\/","og_site_name":"Kapitalis","article_publisher":"https:\/\/www.facebook.com\/KapitalisInfo\/","article_published_time":"2023-01-25T22:41:35+00:00","article_modified_time":"2023-01-25T22:48:46+00:00","og_image":[{"width":1200,"height":630,"url":"https:\/\/kapitalis.com\/tunisie\/wp-content\/uploads\/2022\/05\/crime-meurtre.jpg","type":"image\/jpeg"}],"author":"Yusra NY","twitter_card":"summary_large_image","twitter_creator":"@KapitalisInfo","twitter_site":"@KapitalisInfo","twitter_misc":{"\u00c9crit par":"Yusra NY","Dur\u00e9e de lecture estim\u00e9e":"3 minutes"},"schema":{"@context":"https:\/\/schema.org","@graph":[{"@type":"Article","@id":"https:\/\/kapitalis.com\/tunisie\/2023\/01\/25\/drame-a-saint-brieuc-un-tunisien-aurait-tue-sa-femme-et-sa-fille-avant-de-se-suicider\/#article","isPartOf":{"@id":"https:\/\/kapitalis.com\/tunisie\/2023\/01\/25\/drame-a-saint-brieuc-un-tunisien-aurait-tue-sa-femme-et-sa-fille-avant-de-se-suicider\/"},"author":{"name":"Yusra NY","@id":"https:\/\/kapitalis.com\/tunisie\/#\/schema\/person\/74bbde0154d49d790a92aaeac5bc01d5"},"headline":"Drame \u00e0 Saint-Brieuc : Un Tunisien aurait tu\u00e9 sa femme et sa fille avant de se suicider","datePublished":"2023-01-25T22:41:35+00:00","dateModified":"2023-01-25T22:48:46+00:00","mainEntityOfPage":{"@id":"https:\/\/kapitalis.com\/tunisie\/2023\/01\/25\/drame-a-saint-brieuc-un-tunisien-aurait-tue-sa-femme-et-sa-fille-avant-de-se-suicider\/"},"wordCount":502,"commentCount":0,"publisher":{"@id":"https:\/\/kapitalis.com\/tunisie\/#organization"},"image":{"@id":"https:\/\/kapitalis.com\/tunisie\/2023\/01\/25\/drame-a-saint-brieuc-un-tunisien-aurait-tue-sa-femme-et-sa-fille-avant-de-se-suicider\/#primaryimage"},"thumbnailUrl":"https:\/\/kapitalis.com\/tunisie\/wp-content\/uploads\/2022\/05\/crime-meurtre.jpg","keywords":["drame","famille","France","meurtre","Saint-Brieuc","suicide","Tunisie","Tunisien"],"articleSection":["SOCIETE","Tunisie"],"inLanguage":"fr-FR","potentialAction":[{"@type":"CommentAction","name":"Comment","target":["https:\/\/kapitalis.com\/tunisie\/2023\/01\/25\/drame-a-saint-brieuc-un-tunisien-aurait-tue-sa-femme-et-sa-fille-avant-de-se-suicider\/#respond"]}]},{"@type":"WebPage","@id":"https:\/\/kapitalis.com\/tunisie\/2023\/01\/25\/drame-a-saint-brieuc-un-tunisien-aurait-tue-sa-femme-et-sa-fille-avant-de-se-suicider\/","url":"https:\/\/kapitalis.com\/tunisie\/2023\/01\/25\/drame-a-saint-brieuc-un-tunisien-aurait-tue-sa-femme-et-sa-fille-avant-de-se-suicider\/","name":"Drame \u00e0 Saint-Brieuc : Un Tunisien aurait tu\u00e9 sa femme et sa fille avant de se suicider - Kapitalis","isPartOf":{"@id":"https:\/\/kapitalis.com\/tunisie\/#website"},"primaryImageOfPage":{"@id":"https:\/\/kapitalis.com\/tunisie\/2023\/01\/25\/drame-a-saint-brieuc-un-tunisien-aurait-tue-sa-femme-et-sa-fille-avant-de-se-suicider\/#primaryimage"},"image":{"@id":"https:\/\/kapitalis.com\/tunisie\/2023\/01\/25\/drame-a-saint-brieuc-un-tunisien-aurait-tue-sa-femme-et-sa-fille-avant-de-se-suicider\/#primaryimage"},"thumbnailUrl":"https:\/\/kapitalis.com\/tunisie\/wp-content\/uploads\/2022\/05\/crime-meurtre.jpg","datePublished":"2023-01-25T22:41:35+00:00","dateModified":"2023-01-25T22:48:46+00:00","description":"Les corps d'un Tunisien de 24 ans, son \u00e9pouse de 22 ans et leur fillette de 3 ans ont \u00e9t\u00e9 d\u00e9couverts par la police dimanche dernier, chez eux \u00e0 Saint-Brieuc en France. Selon les premiers \u00e9l\u00e9ments de l'enqu\u00eate, le p\u00e8re de famille est consid\u00e9r\u00e9 comme le principal suspect : il aurait tir\u00e9 sur sa femme et sa fille avant de mettre fin \u00e0 ses jours.","breadcrumb":{"@id":"https:\/\/kapitalis.com\/tunisie\/2023\/01\/25\/drame-a-saint-brieuc-un-tunisien-aurait-tue-sa-femme-et-sa-fille-avant-de-se-suicider\/#breadcrumb"},"inLanguage":"fr-FR","potentialAction":[{"@type":"ReadAction","target":["https:\/\/kapitalis.com\/tunisie\/2023\/01\/25\/drame-a-saint-brieuc-un-tunisien-aurait-tue-sa-femme-et-sa-fille-avant-de-se-suicider\/"]}]},{"@type":"ImageObject","inLanguage":"fr-FR","@id":"https:\/\/kapitalis.com\/tunisie\/2023\/01\/25\/drame-a-saint-brieuc-un-tunisien-aurait-tue-sa-femme-et-sa-fille-avant-de-se-suicider\/#primaryimage","url":"https:\/\/kapitalis.com\/tunisie\/wp-content\/uploads\/2022\/05\/crime-meurtre.jpg","contentUrl":"https:\/\/kapitalis.com\/tunisie\/wp-content\/uploads\/2022\/05\/crime-meurtre.jpg","width":1200,"height":630},{"@type":"BreadcrumbList","@id":"https:\/\/kapitalis.com\/tunisie\/2023\/01\/25\/drame-a-saint-brieuc-un-tunisien-aurait-tue-sa-femme-et-sa-fille-avant-de-se-suicider\/#breadcrumb","itemListElement":[{"@type":"ListItem","position":1,"name":"Accueil","item":"https:\/\/kapitalis.com\/tunisie\/"},{"@type":"ListItem","position":2,"name":"Drame \u00e0 Saint-Brieuc : Un Tunisien aurait tu\u00e9 sa femme et sa fille avant de se suicider"}]},{"@type":"WebSite","@id":"https:\/\/kapitalis.com\/tunisie\/#website","url":"https:\/\/kapitalis.com\/tunisie\/","name":"Kapitalis","description":"L&#039;actualit\u00e9 en Tunisie et dans le monde","publisher":{"@id":"https:\/\/kapitalis.com\/tunisie\/#organization"},"potentialAction":[{"@type":"SearchAction","target":{"@type":"EntryPoint","urlTemplate":"https:\/\/kapitalis.com\/tunisie\/?s={search_term_string}"},"query-input":{"@type":"PropertyValueSpecification","valueRequired":true,"valueName":"search_term_string"}}],"inLanguage":"fr-FR"},{"@type":"Organization","@id":"https:\/\/kapitalis.com\/tunisie\/#organization","name":"Kapitalis","url":"https:\/\/kapitalis.com\/tunisie\/","logo":{"@type":"ImageObject","inLanguage":"fr-FR","@id":"https:\/\/kapitalis.com\/tunisie\/#\/schema\/logo\/image\/","url":"https:\/\/kapitalis.com\/tunisie\/wp-content\/uploads\/2022\/05\/Kapitalis-big-size.png","contentUrl":"https:\/\/kapitalis.com\/tunisie\/wp-content\/uploads\/2022\/05\/Kapitalis-big-size.png","width":5000,"height":1500,"caption":"Kapitalis"},"image":{"@id":"https:\/\/kapitalis.com\/tunisie\/#\/schema\/logo\/image\/"},"sameAs":["https:\/\/www.facebook.com\/KapitalisInfo\/","https:\/\/x.com\/KapitalisInfo","https:\/\/www.youtube.com\/channel\/UC-yDYrHyfFBWWZaOw3FPg9Q"]},{"@type":"Person","@id":"https:\/\/kapitalis.com\/tunisie\/#\/schema\/person\/74bbde0154d49d790a92aaeac5bc01d5","name":"Yusra NY","url":"https:\/\/kapitalis.com\/tunisie\/author\/yuza_adam\/"}]}},"_links":{"self":[{"href":"https:\/\/kapitalis.com\/tunisie\/wp-json\/wp\/v2\/posts\/6203559","targetHints":{"allow":["GET"]}}],"collection":[{"href":"https:\/\/kapitalis.com\/tunisie\/wp-json\/wp\/v2\/posts"}],"about":[{"href":"https:\/\/kapitalis.com\/tunisie\/wp-json\/wp\/v2\/types\/post"}],"author":[{"embeddable":true,"href":"https:\/\/kapitalis.com\/tunisie\/wp-json\/wp\/v2\/users\/6"}],"replies":[{"embeddable":true,"href":"https:\/\/kapitalis.com\/tunisie\/wp-json\/wp\/v2\/comments?post=6203559"}],"version-history":[{"count":4,"href":"https:\/\/kapitalis.com\/tunisie\/wp-json\/wp\/v2\/posts\/6203559\/revisions"}],"predecessor-version":[{"id":6203781,"href":"https:\/\/kapitalis.com\/tunisie\/wp-json\/wp\/v2\/posts\/6203559\/revisions\/6203781"}],"wp:featuredmedia":[{"embeddable":true,"href":"https:\/\/kapitalis.com\/tunisie\/wp-json\/wp\/v2\/media\/1085238"}],"wp:attachment":[{"href":"https:\/\/kapitalis.com\/tunisie\/wp-json\/wp\/v2\/media?parent=6203559"}],"wp:term":[{"taxonomy":"category","embeddable":true,"href":"https:\/\/kapitalis.com\/tunisie\/wp-json\/wp\/v2\/categories?post=6203559"},{"taxonomy":"post_tag","embeddable":true,"href":"https:\/\/kapitalis.com\/tunisie\/wp-json\/wp\/v2\/tags?post=6203559"}],"curies":[{"name":"wp","href":"https:\/\/api.w.org\/{rel}","templated":true}]}}