{"id":6211809,"date":"2023-01-26T22:54:19","date_gmt":"2023-01-26T21:54:19","guid":{"rendered":"https:\/\/kapitalis.com\/tunisie\/?p=6211809"},"modified":"2023-01-26T22:56:21","modified_gmt":"2023-01-26T21:56:21","slug":"en-images-inauguration-de-lagence-tunisair-en-libye","status":"publish","type":"post","link":"https:\/\/kapitalis.com\/tunisie\/2023\/01\/26\/en-images-inauguration-de-lagence-tunisair-en-libye\/","title":{"rendered":"En images : Inauguration de l&rsquo;agence Tunisair en Libye"},"content":{"rendered":"\n<p>\ud83d\udeeb <em><strong>Tunisair est tr\u00e8s heureuse d\u2019inaugurer aujourd\u2019hui jeudi 26 Janvier 2023 son nouveau concept d&rsquo;agence de voyages \u00e0 Borj Tripoli en Libye.<\/strong><\/em> \ud83c\uddf9\ud83c\uddf3 \ud83c\uddf1\ud83c\uddfe<\/p>\n\n\n\n<!--more-->\n\n\n\n<p>Cette nouvelle agence refl\u00e8te parfaitement ce que Tunisair souhaite aujourd\u2019hui proposer \u00e0 ses clients : un service haut de gamme qui s\u2019appuie \u00e0 la fois sur le digital et l\u2019expertise du personnel Tunisair, dans un cadre moderne et \u00e9l\u00e9gant.<\/p>\n\n\n\n<figure class=\"wp-block-gallery aligncenter has-nested-images columns-2 is-cropped wp-block-gallery-1 is-layout-flex wp-block-gallery-is-layout-flex\">\n<figure class=\"wp-block-image size-large\"><img loading=\"lazy\" decoding=\"async\" width=\"1024\" height=\"682\" data-id=\"6211878\" src=\"https:\/\/kapitalis.com\/tunisie\/wp-content\/uploads\/2023\/01\/t6-1-1024x682.jpg\" alt=\"\" class=\"wp-image-6211878\" srcset=\"https:\/\/kapitalis.com\/tunisie\/wp-content\/uploads\/2023\/01\/t6-1-1024x682.jpg 1024w, https:\/\/kapitalis.com\/tunisie\/wp-content\/uploads\/2023\/01\/t6-1-300x200.jpg 300w, https:\/\/kapitalis.com\/tunisie\/wp-content\/uploads\/2023\/01\/t6-1-768x512.jpg 768w, https:\/\/kapitalis.com\/tunisie\/wp-content\/uploads\/2023\/01\/t6-1-580x387.jpg 580w, https:\/\/kapitalis.com\/tunisie\/wp-content\/uploads\/2023\/01\/t6-1-860x573.jpg 860w, https:\/\/kapitalis.com\/tunisie\/wp-content\/uploads\/2023\/01\/t6-1-1160x773.jpg 1160w, https:\/\/kapitalis.com\/tunisie\/wp-content\/uploads\/2023\/01\/t6-1.jpg 1280w\" sizes=\"auto, (max-width: 1024px) 100vw, 1024px\" \/><\/figure>\n\n\n\n<figure class=\"wp-block-image size-large\"><img loading=\"lazy\" decoding=\"async\" width=\"1024\" height=\"682\" data-id=\"6211880\" src=\"https:\/\/kapitalis.com\/tunisie\/wp-content\/uploads\/2023\/01\/t5-1-1024x682.jpg\" alt=\"\" class=\"wp-image-6211880\" srcset=\"https:\/\/kapitalis.com\/tunisie\/wp-content\/uploads\/2023\/01\/t5-1-1024x682.jpg 1024w, https:\/\/kapitalis.com\/tunisie\/wp-content\/uploads\/2023\/01\/t5-1-300x200.jpg 300w, https:\/\/kapitalis.com\/tunisie\/wp-content\/uploads\/2023\/01\/t5-1-768x512.jpg 768w, https:\/\/kapitalis.com\/tunisie\/wp-content\/uploads\/2023\/01\/t5-1-580x387.jpg 580w, https:\/\/kapitalis.com\/tunisie\/wp-content\/uploads\/2023\/01\/t5-1-860x573.jpg 860w, https:\/\/kapitalis.com\/tunisie\/wp-content\/uploads\/2023\/01\/t5-1-1160x773.jpg 1160w, https:\/\/kapitalis.com\/tunisie\/wp-content\/uploads\/2023\/01\/t5-1.jpg 1280w\" sizes=\"auto, (max-width: 1024px) 100vw, 1024px\" \/><\/figure>\n\n\n\n<figure class=\"wp-block-image size-large\"><img loading=\"lazy\" decoding=\"async\" width=\"1024\" height=\"768\" data-id=\"6211882\" src=\"https:\/\/kapitalis.com\/tunisie\/wp-content\/uploads\/2023\/01\/t4-1-1024x768.jpg\" alt=\"\" class=\"wp-image-6211882\" srcset=\"https:\/\/kapitalis.com\/tunisie\/wp-content\/uploads\/2023\/01\/t4-1-1024x768.jpg 1024w, https:\/\/kapitalis.com\/tunisie\/wp-content\/uploads\/2023\/01\/t4-1-300x225.jpg 300w, https:\/\/kapitalis.com\/tunisie\/wp-content\/uploads\/2023\/01\/t4-1-768x576.jpg 768w, https:\/\/kapitalis.com\/tunisie\/wp-content\/uploads\/2023\/01\/t4-1-1536x1152.jpg 1536w, https:\/\/kapitalis.com\/tunisie\/wp-content\/uploads\/2023\/01\/t4-1-580x435.jpg 580w, https:\/\/kapitalis.com\/tunisie\/wp-content\/uploads\/2023\/01\/t4-1-860x645.jpg 860w, https:\/\/kapitalis.com\/tunisie\/wp-content\/uploads\/2023\/01\/t4-1-1160x870.jpg 1160w, https:\/\/kapitalis.com\/tunisie\/wp-content\/uploads\/2023\/01\/t4-1.jpg 2048w\" sizes=\"auto, (max-width: 1024px) 100vw, 1024px\" \/><\/figure>\n\n\n\n<figure class=\"wp-block-image size-large\"><img loading=\"lazy\" decoding=\"async\" width=\"1024\" height=\"682\" data-id=\"6211879\" src=\"https:\/\/kapitalis.com\/tunisie\/wp-content\/uploads\/2023\/01\/t2-1-1024x682.jpg\" alt=\"\" class=\"wp-image-6211879\" srcset=\"https:\/\/kapitalis.com\/tunisie\/wp-content\/uploads\/2023\/01\/t2-1-1024x682.jpg 1024w, https:\/\/kapitalis.com\/tunisie\/wp-content\/uploads\/2023\/01\/t2-1-300x200.jpg 300w, https:\/\/kapitalis.com\/tunisie\/wp-content\/uploads\/2023\/01\/t2-1-768x512.jpg 768w, https:\/\/kapitalis.com\/tunisie\/wp-content\/uploads\/2023\/01\/t2-1-580x387.jpg 580w, https:\/\/kapitalis.com\/tunisie\/wp-content\/uploads\/2023\/01\/t2-1-860x573.jpg 860w, https:\/\/kapitalis.com\/tunisie\/wp-content\/uploads\/2023\/01\/t2-1-1160x773.jpg 1160w, https:\/\/kapitalis.com\/tunisie\/wp-content\/uploads\/2023\/01\/t2-1.jpg 1280w\" sizes=\"auto, (max-width: 1024px) 100vw, 1024px\" \/><\/figure>\n\n\n\n<figure class=\"wp-block-image size-large\"><img loading=\"lazy\" decoding=\"async\" width=\"1024\" height=\"768\" data-id=\"6211881\" src=\"https:\/\/kapitalis.com\/tunisie\/wp-content\/uploads\/2023\/01\/t3-1-1024x768.jpg\" alt=\"\" class=\"wp-image-6211881\" srcset=\"https:\/\/kapitalis.com\/tunisie\/wp-content\/uploads\/2023\/01\/t3-1-1024x768.jpg 1024w, https:\/\/kapitalis.com\/tunisie\/wp-content\/uploads\/2023\/01\/t3-1-300x225.jpg 300w, https:\/\/kapitalis.com\/tunisie\/wp-content\/uploads\/2023\/01\/t3-1-768x576.jpg 768w, https:\/\/kapitalis.com\/tunisie\/wp-content\/uploads\/2023\/01\/t3-1-1536x1152.jpg 1536w, https:\/\/kapitalis.com\/tunisie\/wp-content\/uploads\/2023\/01\/t3-1-580x435.jpg 580w, https:\/\/kapitalis.com\/tunisie\/wp-content\/uploads\/2023\/01\/t3-1-860x645.jpg 860w, https:\/\/kapitalis.com\/tunisie\/wp-content\/uploads\/2023\/01\/t3-1-1160x870.jpg 1160w, https:\/\/kapitalis.com\/tunisie\/wp-content\/uploads\/2023\/01\/t3-1.jpg 2048w\" sizes=\"auto, (max-width: 1024px) 100vw, 1024px\" \/><\/figure>\n<\/figure>\n\n\n\n<p>La c\u00e9r\u00e9monie a \u00e9t\u00e9 rehauss\u00e9e par la pr\u00e9sence de l\u2019Ambassadeur de Tunisie en Libye, M. Lassaad Laajili.<\/p>\n\n\n\n<p class=\"has-text-align-right\"><strong>Communiqu\u00e9<\/strong><\/p>\n","protected":false},"excerpt":{"rendered":"<p>En images : Inauguration de l&rsquo;agence Tunisair en Libye<\/p>\n","protected":false},"author":6,"featured_media":6211890,"comment_status":"open","ping_status":"open","sticky":false,"template":"","format":"standard","meta":{"footnotes":""},"categories":[995,998,2433],"tags":[11822,106263,544,1119,1501,62643,3292],"class_list":["post-6211809","post","type-post","status-publish","format-standard","has-post-thumbnail","hentry","category-economie","category-societe","category-tunisie","tag-agence","tag-lassaad-laajili-3","tag-libye","tag-tripoli","tag-tunisair","tag-tunisie","tag-voyageurs"],"yoast_head":"<!-- This site is optimized with the Yoast SEO plugin v26.6 - https:\/\/yoast.com\/wordpress\/plugins\/seo\/ -->\n<title>En images : Inauguration de l&#039;agence Tunisair en Libye - Kapitalis<\/title>\n<meta name=\"description\" content=\"TUNISAIR est tr\u00e8s heureuse d\u2019inaugurer aujourd\u2019hui jeudi 26 Janvier 2023 son nouveau concept d&#039;agence de voyages \u00e0 Borj Tripoli.\" \/>\n<meta name=\"robots\" content=\"index, follow, max-snippet:-1, max-image-preview:large, max-video-preview:-1\" \/>\n<link rel=\"canonical\" href=\"https:\/\/kapitalis.com\/tunisie\/2023\/01\/26\/en-images-inauguration-de-lagence-tunisair-en-libye\/\" \/>\n<meta property=\"og:locale\" content=\"fr_FR\" \/>\n<meta property=\"og:type\" content=\"article\" \/>\n<meta property=\"og:title\" content=\"En images : Inauguration de l&#039;agence Tunisair en Libye - Kapitalis\" \/>\n<meta property=\"og:description\" content=\"TUNISAIR est tr\u00e8s heureuse d\u2019inaugurer aujourd\u2019hui jeudi 26 Janvier 2023 son nouveau concept d&#039;agence de voyages \u00e0 Borj Tripoli.\" \/>\n<meta property=\"og:url\" content=\"https:\/\/kapitalis.com\/tunisie\/2023\/01\/26\/en-images-inauguration-de-lagence-tunisair-en-libye\/\" \/>\n<meta property=\"og:site_name\" content=\"Kapitalis\" \/>\n<meta property=\"article:publisher\" content=\"https:\/\/www.facebook.com\/KapitalisInfo\/\" \/>\n<meta property=\"article:published_time\" content=\"2023-01-26T21:54:19+00:00\" \/>\n<meta property=\"article:modified_time\" content=\"2023-01-26T21:56:21+00:00\" \/>\n<meta property=\"og:image\" content=\"https:\/\/kapitalis.com\/tunisie\/wp-content\/uploads\/2023\/01\/Tunisair-a-Borj-Tripoli.jpg\" \/>\n\t<meta property=\"og:image:width\" content=\"1200\" \/>\n\t<meta property=\"og:image:height\" content=\"630\" \/>\n\t<meta property=\"og:image:type\" content=\"image\/jpeg\" \/>\n<meta name=\"author\" content=\"Yusra NY\" \/>\n<meta name=\"twitter:card\" content=\"summary_large_image\" \/>\n<meta name=\"twitter:creator\" content=\"@KapitalisInfo\" \/>\n<meta name=\"twitter:site\" content=\"@KapitalisInfo\" \/>\n<meta name=\"twitter:label1\" content=\"\u00c9crit par\" \/>\n\t<meta name=\"twitter:data1\" content=\"Yusra NY\" \/>\n\t<meta name=\"twitter:label2\" content=\"Dur\u00e9e de lecture estim\u00e9e\" \/>\n\t<meta name=\"twitter:data2\" content=\"2 minutes\" \/>\n<script type=\"application\/ld+json\" class=\"yoast-schema-graph\">{\"@context\":\"https:\/\/schema.org\",\"@graph\":[{\"@type\":\"Article\",\"@id\":\"https:\/\/kapitalis.com\/tunisie\/2023\/01\/26\/en-images-inauguration-de-lagence-tunisair-en-libye\/#article\",\"isPartOf\":{\"@id\":\"https:\/\/kapitalis.com\/tunisie\/2023\/01\/26\/en-images-inauguration-de-lagence-tunisair-en-libye\/\"},\"author\":{\"name\":\"Yusra NY\",\"@id\":\"https:\/\/kapitalis.com\/tunisie\/#\/schema\/person\/74bbde0154d49d790a92aaeac5bc01d5\"},\"headline\":\"En images : Inauguration de l&rsquo;agence Tunisair en Libye\",\"datePublished\":\"2023-01-26T21:54:19+00:00\",\"dateModified\":\"2023-01-26T21:56:21+00:00\",\"mainEntityOfPage\":{\"@id\":\"https:\/\/kapitalis.com\/tunisie\/2023\/01\/26\/en-images-inauguration-de-lagence-tunisair-en-libye\/\"},\"wordCount\":93,\"commentCount\":0,\"publisher\":{\"@id\":\"https:\/\/kapitalis.com\/tunisie\/#organization\"},\"image\":{\"@id\":\"https:\/\/kapitalis.com\/tunisie\/2023\/01\/26\/en-images-inauguration-de-lagence-tunisair-en-libye\/#primaryimage\"},\"thumbnailUrl\":\"https:\/\/kapitalis.com\/tunisie\/wp-content\/uploads\/2023\/01\/Tunisair-a-Borj-Tripoli.jpg\",\"keywords\":[\"agence\",\"Lassaad Laajili\",\"Libye\",\"Tripoli\",\"Tunisair\",\"Tunisie\",\"voyageurs\"],\"articleSection\":[\"ECONOMIE\",\"SOCIETE\",\"Tunisie\"],\"inLanguage\":\"fr-FR\",\"potentialAction\":[{\"@type\":\"CommentAction\",\"name\":\"Comment\",\"target\":[\"https:\/\/kapitalis.com\/tunisie\/2023\/01\/26\/en-images-inauguration-de-lagence-tunisair-en-libye\/#respond\"]}]},{\"@type\":\"WebPage\",\"@id\":\"https:\/\/kapitalis.com\/tunisie\/2023\/01\/26\/en-images-inauguration-de-lagence-tunisair-en-libye\/\",\"url\":\"https:\/\/kapitalis.com\/tunisie\/2023\/01\/26\/en-images-inauguration-de-lagence-tunisair-en-libye\/\",\"name\":\"En images : Inauguration de l'agence Tunisair en Libye - Kapitalis\",\"isPartOf\":{\"@id\":\"https:\/\/kapitalis.com\/tunisie\/#website\"},\"primaryImageOfPage\":{\"@id\":\"https:\/\/kapitalis.com\/tunisie\/2023\/01\/26\/en-images-inauguration-de-lagence-tunisair-en-libye\/#primaryimage\"},\"image\":{\"@id\":\"https:\/\/kapitalis.com\/tunisie\/2023\/01\/26\/en-images-inauguration-de-lagence-tunisair-en-libye\/#primaryimage\"},\"thumbnailUrl\":\"https:\/\/kapitalis.com\/tunisie\/wp-content\/uploads\/2023\/01\/Tunisair-a-Borj-Tripoli.jpg\",\"datePublished\":\"2023-01-26T21:54:19+00:00\",\"dateModified\":\"2023-01-26T21:56:21+00:00\",\"description\":\"TUNISAIR est tr\u00e8s heureuse d\u2019inaugurer aujourd\u2019hui jeudi 26 Janvier 2023 son nouveau concept d'agence de voyages \u00e0 Borj Tripoli.\",\"breadcrumb\":{\"@id\":\"https:\/\/kapitalis.com\/tunisie\/2023\/01\/26\/en-images-inauguration-de-lagence-tunisair-en-libye\/#breadcrumb\"},\"inLanguage\":\"fr-FR\",\"potentialAction\":[{\"@type\":\"ReadAction\",\"target\":[\"https:\/\/kapitalis.com\/tunisie\/2023\/01\/26\/en-images-inauguration-de-lagence-tunisair-en-libye\/\"]}]},{\"@type\":\"ImageObject\",\"inLanguage\":\"fr-FR\",\"@id\":\"https:\/\/kapitalis.com\/tunisie\/2023\/01\/26\/en-images-inauguration-de-lagence-tunisair-en-libye\/#primaryimage\",\"url\":\"https:\/\/kapitalis.com\/tunisie\/wp-content\/uploads\/2023\/01\/Tunisair-a-Borj-Tripoli.jpg\",\"contentUrl\":\"https:\/\/kapitalis.com\/tunisie\/wp-content\/uploads\/2023\/01\/Tunisair-a-Borj-Tripoli.jpg\",\"width\":1200,\"height\":630},{\"@type\":\"BreadcrumbList\",\"@id\":\"https:\/\/kapitalis.com\/tunisie\/2023\/01\/26\/en-images-inauguration-de-lagence-tunisair-en-libye\/#breadcrumb\",\"itemListElement\":[{\"@type\":\"ListItem\",\"position\":1,\"name\":\"Accueil\",\"item\":\"https:\/\/kapitalis.com\/tunisie\/\"},{\"@type\":\"ListItem\",\"position\":2,\"name\":\"En images : Inauguration de l&rsquo;agence Tunisair en Libye\"}]},{\"@type\":\"WebSite\",\"@id\":\"https:\/\/kapitalis.com\/tunisie\/#website\",\"url\":\"https:\/\/kapitalis.com\/tunisie\/\",\"name\":\"Kapitalis\",\"description\":\"L&#039;actualit\u00e9 en Tunisie et dans le monde\",\"publisher\":{\"@id\":\"https:\/\/kapitalis.com\/tunisie\/#organization\"},\"potentialAction\":[{\"@type\":\"SearchAction\",\"target\":{\"@type\":\"EntryPoint\",\"urlTemplate\":\"https:\/\/kapitalis.com\/tunisie\/?s={search_term_string}\"},\"query-input\":{\"@type\":\"PropertyValueSpecification\",\"valueRequired\":true,\"valueName\":\"search_term_string\"}}],\"inLanguage\":\"fr-FR\"},{\"@type\":\"Organization\",\"@id\":\"https:\/\/kapitalis.com\/tunisie\/#organization\",\"name\":\"Kapitalis\",\"url\":\"https:\/\/kapitalis.com\/tunisie\/\",\"logo\":{\"@type\":\"ImageObject\",\"inLanguage\":\"fr-FR\",\"@id\":\"https:\/\/kapitalis.com\/tunisie\/#\/schema\/logo\/image\/\",\"url\":\"https:\/\/kapitalis.com\/tunisie\/wp-content\/uploads\/2022\/05\/Kapitalis-big-size.png\",\"contentUrl\":\"https:\/\/kapitalis.com\/tunisie\/wp-content\/uploads\/2022\/05\/Kapitalis-big-size.png\",\"width\":5000,\"height\":1500,\"caption\":\"Kapitalis\"},\"image\":{\"@id\":\"https:\/\/kapitalis.com\/tunisie\/#\/schema\/logo\/image\/\"},\"sameAs\":[\"https:\/\/www.facebook.com\/KapitalisInfo\/\",\"https:\/\/x.com\/KapitalisInfo\",\"https:\/\/www.youtube.com\/channel\/UC-yDYrHyfFBWWZaOw3FPg9Q\"]},{\"@type\":\"Person\",\"@id\":\"https:\/\/kapitalis.com\/tunisie\/#\/schema\/person\/74bbde0154d49d790a92aaeac5bc01d5\",\"name\":\"Yusra NY\",\"url\":\"https:\/\/kapitalis.com\/tunisie\/author\/yuza_adam\/\"}]}<\/script>\n<!-- \/ Yoast SEO plugin. -->","yoast_head_json":{"title":"En images : Inauguration de l'agence Tunisair en Libye - Kapitalis","description":"TUNISAIR est tr\u00e8s heureuse d\u2019inaugurer aujourd\u2019hui jeudi 26 Janvier 2023 son nouveau concept d'agence de voyages \u00e0 Borj Tripoli.","robots":{"index":"index","follow":"follow","max-snippet":"max-snippet:-1","max-image-preview":"max-image-preview:large","max-video-preview":"max-video-preview:-1"},"canonical":"https:\/\/kapitalis.com\/tunisie\/2023\/01\/26\/en-images-inauguration-de-lagence-tunisair-en-libye\/","og_locale":"fr_FR","og_type":"article","og_title":"En images : Inauguration de l'agence Tunisair en Libye - Kapitalis","og_description":"TUNISAIR est tr\u00e8s heureuse d\u2019inaugurer aujourd\u2019hui jeudi 26 Janvier 2023 son nouveau concept d'agence de voyages \u00e0 Borj Tripoli.","og_url":"https:\/\/kapitalis.com\/tunisie\/2023\/01\/26\/en-images-inauguration-de-lagence-tunisair-en-libye\/","og_site_name":"Kapitalis","article_publisher":"https:\/\/www.facebook.com\/KapitalisInfo\/","article_published_time":"2023-01-26T21:54:19+00:00","article_modified_time":"2023-01-26T21:56:21+00:00","og_image":[{"width":1200,"height":630,"url":"https:\/\/kapitalis.com\/tunisie\/wp-content\/uploads\/2023\/01\/Tunisair-a-Borj-Tripoli.jpg","type":"image\/jpeg"}],"author":"Yusra NY","twitter_card":"summary_large_image","twitter_creator":"@KapitalisInfo","twitter_site":"@KapitalisInfo","twitter_misc":{"\u00c9crit par":"Yusra NY","Dur\u00e9e de lecture estim\u00e9e":"2 minutes"},"schema":{"@context":"https:\/\/schema.org","@graph":[{"@type":"Article","@id":"https:\/\/kapitalis.com\/tunisie\/2023\/01\/26\/en-images-inauguration-de-lagence-tunisair-en-libye\/#article","isPartOf":{"@id":"https:\/\/kapitalis.com\/tunisie\/2023\/01\/26\/en-images-inauguration-de-lagence-tunisair-en-libye\/"},"author":{"name":"Yusra NY","@id":"https:\/\/kapitalis.com\/tunisie\/#\/schema\/person\/74bbde0154d49d790a92aaeac5bc01d5"},"headline":"En images : Inauguration de l&rsquo;agence Tunisair en Libye","datePublished":"2023-01-26T21:54:19+00:00","dateModified":"2023-01-26T21:56:21+00:00","mainEntityOfPage":{"@id":"https:\/\/kapitalis.com\/tunisie\/2023\/01\/26\/en-images-inauguration-de-lagence-tunisair-en-libye\/"},"wordCount":93,"commentCount":0,"publisher":{"@id":"https:\/\/kapitalis.com\/tunisie\/#organization"},"image":{"@id":"https:\/\/kapitalis.com\/tunisie\/2023\/01\/26\/en-images-inauguration-de-lagence-tunisair-en-libye\/#primaryimage"},"thumbnailUrl":"https:\/\/kapitalis.com\/tunisie\/wp-content\/uploads\/2023\/01\/Tunisair-a-Borj-Tripoli.jpg","keywords":["agence","Lassaad Laajili","Libye","Tripoli","Tunisair","Tunisie","voyageurs"],"articleSection":["ECONOMIE","SOCIETE","Tunisie"],"inLanguage":"fr-FR","potentialAction":[{"@type":"CommentAction","name":"Comment","target":["https:\/\/kapitalis.com\/tunisie\/2023\/01\/26\/en-images-inauguration-de-lagence-tunisair-en-libye\/#respond"]}]},{"@type":"WebPage","@id":"https:\/\/kapitalis.com\/tunisie\/2023\/01\/26\/en-images-inauguration-de-lagence-tunisair-en-libye\/","url":"https:\/\/kapitalis.com\/tunisie\/2023\/01\/26\/en-images-inauguration-de-lagence-tunisair-en-libye\/","name":"En images : Inauguration de l'agence Tunisair en Libye - Kapitalis","isPartOf":{"@id":"https:\/\/kapitalis.com\/tunisie\/#website"},"primaryImageOfPage":{"@id":"https:\/\/kapitalis.com\/tunisie\/2023\/01\/26\/en-images-inauguration-de-lagence-tunisair-en-libye\/#primaryimage"},"image":{"@id":"https:\/\/kapitalis.com\/tunisie\/2023\/01\/26\/en-images-inauguration-de-lagence-tunisair-en-libye\/#primaryimage"},"thumbnailUrl":"https:\/\/kapitalis.com\/tunisie\/wp-content\/uploads\/2023\/01\/Tunisair-a-Borj-Tripoli.jpg","datePublished":"2023-01-26T21:54:19+00:00","dateModified":"2023-01-26T21:56:21+00:00","description":"TUNISAIR est tr\u00e8s heureuse d\u2019inaugurer aujourd\u2019hui jeudi 26 Janvier 2023 son nouveau concept d'agence de voyages \u00e0 Borj Tripoli.","breadcrumb":{"@id":"https:\/\/kapitalis.com\/tunisie\/2023\/01\/26\/en-images-inauguration-de-lagence-tunisair-en-libye\/#breadcrumb"},"inLanguage":"fr-FR","potentialAction":[{"@type":"ReadAction","target":["https:\/\/kapitalis.com\/tunisie\/2023\/01\/26\/en-images-inauguration-de-lagence-tunisair-en-libye\/"]}]},{"@type":"ImageObject","inLanguage":"fr-FR","@id":"https:\/\/kapitalis.com\/tunisie\/2023\/01\/26\/en-images-inauguration-de-lagence-tunisair-en-libye\/#primaryimage","url":"https:\/\/kapitalis.com\/tunisie\/wp-content\/uploads\/2023\/01\/Tunisair-a-Borj-Tripoli.jpg","contentUrl":"https:\/\/kapitalis.com\/tunisie\/wp-content\/uploads\/2023\/01\/Tunisair-a-Borj-Tripoli.jpg","width":1200,"height":630},{"@type":"BreadcrumbList","@id":"https:\/\/kapitalis.com\/tunisie\/2023\/01\/26\/en-images-inauguration-de-lagence-tunisair-en-libye\/#breadcrumb","itemListElement":[{"@type":"ListItem","position":1,"name":"Accueil","item":"https:\/\/kapitalis.com\/tunisie\/"},{"@type":"ListItem","position":2,"name":"En images : Inauguration de l&rsquo;agence Tunisair en Libye"}]},{"@type":"WebSite","@id":"https:\/\/kapitalis.com\/tunisie\/#website","url":"https:\/\/kapitalis.com\/tunisie\/","name":"Kapitalis","description":"L&#039;actualit\u00e9 en Tunisie et dans le monde","publisher":{"@id":"https:\/\/kapitalis.com\/tunisie\/#organization"},"potentialAction":[{"@type":"SearchAction","target":{"@type":"EntryPoint","urlTemplate":"https:\/\/kapitalis.com\/tunisie\/?s={search_term_string}"},"query-input":{"@type":"PropertyValueSpecification","valueRequired":true,"valueName":"search_term_string"}}],"inLanguage":"fr-FR"},{"@type":"Organization","@id":"https:\/\/kapitalis.com\/tunisie\/#organization","name":"Kapitalis","url":"https:\/\/kapitalis.com\/tunisie\/","logo":{"@type":"ImageObject","inLanguage":"fr-FR","@id":"https:\/\/kapitalis.com\/tunisie\/#\/schema\/logo\/image\/","url":"https:\/\/kapitalis.com\/tunisie\/wp-content\/uploads\/2022\/05\/Kapitalis-big-size.png","contentUrl":"https:\/\/kapitalis.com\/tunisie\/wp-content\/uploads\/2022\/05\/Kapitalis-big-size.png","width":5000,"height":1500,"caption":"Kapitalis"},"image":{"@id":"https:\/\/kapitalis.com\/tunisie\/#\/schema\/logo\/image\/"},"sameAs":["https:\/\/www.facebook.com\/KapitalisInfo\/","https:\/\/x.com\/KapitalisInfo","https:\/\/www.youtube.com\/channel\/UC-yDYrHyfFBWWZaOw3FPg9Q"]},{"@type":"Person","@id":"https:\/\/kapitalis.com\/tunisie\/#\/schema\/person\/74bbde0154d49d790a92aaeac5bc01d5","name":"Yusra NY","url":"https:\/\/kapitalis.com\/tunisie\/author\/yuza_adam\/"}]}},"_links":{"self":[{"href":"https:\/\/kapitalis.com\/tunisie\/wp-json\/wp\/v2\/posts\/6211809","targetHints":{"allow":["GET"]}}],"collection":[{"href":"https:\/\/kapitalis.com\/tunisie\/wp-json\/wp\/v2\/posts"}],"about":[{"href":"https:\/\/kapitalis.com\/tunisie\/wp-json\/wp\/v2\/types\/post"}],"author":[{"embeddable":true,"href":"https:\/\/kapitalis.com\/tunisie\/wp-json\/wp\/v2\/users\/6"}],"replies":[{"embeddable":true,"href":"https:\/\/kapitalis.com\/tunisie\/wp-json\/wp\/v2\/comments?post=6211809"}],"version-history":[{"count":3,"href":"https:\/\/kapitalis.com\/tunisie\/wp-json\/wp\/v2\/posts\/6211809\/revisions"}],"predecessor-version":[{"id":6211964,"href":"https:\/\/kapitalis.com\/tunisie\/wp-json\/wp\/v2\/posts\/6211809\/revisions\/6211964"}],"wp:featuredmedia":[{"embeddable":true,"href":"https:\/\/kapitalis.com\/tunisie\/wp-json\/wp\/v2\/media\/6211890"}],"wp:attachment":[{"href":"https:\/\/kapitalis.com\/tunisie\/wp-json\/wp\/v2\/media?parent=6211809"}],"wp:term":[{"taxonomy":"category","embeddable":true,"href":"https:\/\/kapitalis.com\/tunisie\/wp-json\/wp\/v2\/categories?post=6211809"},{"taxonomy":"post_tag","embeddable":true,"href":"https:\/\/kapitalis.com\/tunisie\/wp-json\/wp\/v2\/tags?post=6211809"}],"curies":[{"name":"wp","href":"https:\/\/api.w.org\/{rel}","templated":true}]}}