{"id":6214435,"date":"2023-01-27T12:10:20","date_gmt":"2023-01-27T11:10:20","guid":{"rendered":"https:\/\/kapitalis.com\/tunisie\/?p=6214435"},"modified":"2023-01-27T12:10:22","modified_gmt":"2023-01-27T11:10:22","slug":"jmc-2023-el-far3i-et-le-public-tunisien-une-rencontre-etincelante","status":"publish","type":"post","link":"https:\/\/kapitalis.com\/tunisie\/2023\/01\/27\/jmc-2023-el-far3i-et-le-public-tunisien-une-rencontre-etincelante\/","title":{"rendered":"JMC 2023 : El Far3i et le public tunisien, une rencontre \u00e9tincelante"},"content":{"rendered":"\n<p><em><strong>C\u2019est \u00e0 guichet ferm\u00e9 que le rappeur palestinien El Far3i a retrouv\u00e9 le public tunisien hier soir \u00e0 la salle de l\u2019Op\u00e9ra de Tunis dans le cadre des JMC.<\/strong><\/em><\/p>\n\n\n\n<!--more-->\n\n\n\n<p>La 8<sup>e<\/sup> \u00e9dition des Journ\u00e9es musicales de Carthage (JMC 2023) prendra fin demain, samedi 28 janvier, apr\u00e8s une semaine intense et riche en d\u00e9couvertes musicales de tous genres.<\/p>\n\n\n<div class=\"wp-block-image\">\n<figure class=\"aligncenter size-large is-resized\"><img decoding=\"async\" src=\"https:\/\/kapitalis.com\/tunisie\/wp-content\/uploads\/2023\/01\/El-Far3i-JMC-1-1024x538.jpg\" alt=\"\" class=\"wp-image-6214741\" width=\"630\" srcset=\"https:\/\/kapitalis.com\/tunisie\/wp-content\/uploads\/2023\/01\/El-Far3i-JMC-1-1024x538.jpg 1024w, https:\/\/kapitalis.com\/tunisie\/wp-content\/uploads\/2023\/01\/El-Far3i-JMC-1-300x158.jpg 300w, https:\/\/kapitalis.com\/tunisie\/wp-content\/uploads\/2023\/01\/El-Far3i-JMC-1-768x403.jpg 768w, https:\/\/kapitalis.com\/tunisie\/wp-content\/uploads\/2023\/01\/El-Far3i-JMC-1-580x305.jpg 580w, https:\/\/kapitalis.com\/tunisie\/wp-content\/uploads\/2023\/01\/El-Far3i-JMC-1-860x452.jpg 860w, https:\/\/kapitalis.com\/tunisie\/wp-content\/uploads\/2023\/01\/El-Far3i-JMC-1-1160x609.jpg 1160w, https:\/\/kapitalis.com\/tunisie\/wp-content\/uploads\/2023\/01\/El-Far3i-JMC-1.jpg 1200w\" sizes=\"(max-width: 1024px) 100vw, 1024px\" \/><\/figure>\n<\/div>\n\n\n<p>L\u2019une des soir\u00e9es les plus attendues de cette \u00e9dition \u00e9tait certainement celle du jeune rappeur, auteur-compositeur et musicien El Far3i. Le concert avait d\u2019ailleurs rapidement affich\u00e9 complet, comme ceux de Massar Egbari, de Jadal, ou encore de Bu Kolthoum, de jeunes artistes arabes qui proposent une musique \u00e0 la fois moderne et authentique avec une vraie identit\u00e9 artistique.<\/p>\n\n\n<div class=\"wp-block-image\">\n<figure class=\"aligncenter size-large is-resized\"><img decoding=\"async\" src=\"https:\/\/kapitalis.com\/tunisie\/wp-content\/uploads\/2023\/01\/El-Far3ii-1024x538.jpg\" alt=\"\" class=\"wp-image-6214753\" width=\"630\" srcset=\"https:\/\/kapitalis.com\/tunisie\/wp-content\/uploads\/2023\/01\/El-Far3ii-1024x538.jpg 1024w, https:\/\/kapitalis.com\/tunisie\/wp-content\/uploads\/2023\/01\/El-Far3ii-300x158.jpg 300w, https:\/\/kapitalis.com\/tunisie\/wp-content\/uploads\/2023\/01\/El-Far3ii-768x403.jpg 768w, https:\/\/kapitalis.com\/tunisie\/wp-content\/uploads\/2023\/01\/El-Far3ii-580x305.jpg 580w, https:\/\/kapitalis.com\/tunisie\/wp-content\/uploads\/2023\/01\/El-Far3ii-860x452.jpg 860w, https:\/\/kapitalis.com\/tunisie\/wp-content\/uploads\/2023\/01\/El-Far3ii-1160x609.jpg 1160w, https:\/\/kapitalis.com\/tunisie\/wp-content\/uploads\/2023\/01\/El-Far3ii.jpg 1200w\" sizes=\"(max-width: 1024px) 100vw, 1024px\" \/><\/figure>\n<\/div>\n\n\n<p>Le Far3i qui \u00e9tait venu il y a quelques ann\u00e9es en Tunisie avec son groupe 47 Soul, est revenu cette fois pour un concert en solo. Le public tunisien a r\u00e9pondu pr\u00e9sent pour un moment de musique exceptionnel o\u00f9 se m\u00ealent rap, rock, m\u00e9lodies arabes et dabk\u00e9 palestinienne.<\/p>\n\n\n\n<p class=\"has-text-align-right\"><strong>F.B<\/strong><\/p>\n","protected":false},"excerpt":{"rendered":"<p>C\u2019est \u00e0 guichet ferm\u00e9 que le rappeur palestinien El Far3i a retrouv\u00e9 le public tunisien hier soir \u00e0 la salle de l\u2019Op\u00e9ra de Tunis dans le cadre des JMC.<\/p>\n","protected":false},"author":26,"featured_media":6214731,"comment_status":"open","ping_status":"open","sticky":false,"template":"","format":"standard","meta":{"footnotes":""},"categories":[994,2433],"tags":[105722,104186,10704,106274,62643],"class_list":["post-6214435","post","type-post","status-publish","format-standard","has-post-thumbnail","hentry","category-culture","category-tunisie","tag-el-far3i","tag-jmc-2023","tag-journees-musicales-de-carthage","tag-rap-palestinien","tag-tunisie"],"yoast_head":"<!-- This site is optimized with the Yoast SEO plugin v26.6 - https:\/\/yoast.com\/wordpress\/plugins\/seo\/ -->\n<title>JMC 2023 : El Far3i et le public tunisien, une rencontre \u00e9tincelante - Kapitalis<\/title>\n<meta name=\"robots\" content=\"index, follow, max-snippet:-1, max-image-preview:large, max-video-preview:-1\" \/>\n<link rel=\"canonical\" href=\"https:\/\/kapitalis.com\/tunisie\/2023\/01\/27\/jmc-2023-el-far3i-et-le-public-tunisien-une-rencontre-etincelante\/\" \/>\n<meta property=\"og:locale\" content=\"fr_FR\" \/>\n<meta property=\"og:type\" content=\"article\" \/>\n<meta property=\"og:title\" content=\"JMC 2023 : El Far3i et le public tunisien, une rencontre \u00e9tincelante - Kapitalis\" \/>\n<meta property=\"og:description\" content=\"C\u2019est \u00e0 guichet ferm\u00e9 que le rappeur palestinien El Far3i a retrouv\u00e9 le public tunisien hier soir \u00e0 la salle de l\u2019Op\u00e9ra de Tunis dans le cadre des JMC.\" \/>\n<meta property=\"og:url\" content=\"https:\/\/kapitalis.com\/tunisie\/2023\/01\/27\/jmc-2023-el-far3i-et-le-public-tunisien-une-rencontre-etincelante\/\" \/>\n<meta property=\"og:site_name\" content=\"Kapitalis\" \/>\n<meta property=\"article:publisher\" content=\"https:\/\/www.facebook.com\/KapitalisInfo\/\" \/>\n<meta property=\"article:published_time\" content=\"2023-01-27T11:10:20+00:00\" \/>\n<meta property=\"article:modified_time\" content=\"2023-01-27T11:10:22+00:00\" \/>\n<meta property=\"og:image\" content=\"https:\/\/kapitalis.com\/tunisie\/wp-content\/uploads\/2023\/01\/El-Far3i.jpg\" \/>\n\t<meta property=\"og:image:width\" content=\"1200\" \/>\n\t<meta property=\"og:image:height\" content=\"630\" \/>\n\t<meta property=\"og:image:type\" content=\"image\/jpeg\" \/>\n<meta name=\"author\" content=\"Fawz BenAli\" \/>\n<meta name=\"twitter:card\" content=\"summary_large_image\" \/>\n<meta name=\"twitter:creator\" content=\"@KapitalisInfo\" \/>\n<meta name=\"twitter:site\" content=\"@KapitalisInfo\" \/>\n<meta name=\"twitter:label1\" content=\"\u00c9crit par\" \/>\n\t<meta name=\"twitter:data1\" content=\"Fawz BenAli\" \/>\n\t<meta name=\"twitter:label2\" content=\"Dur\u00e9e de lecture estim\u00e9e\" \/>\n\t<meta name=\"twitter:data2\" content=\"2 minutes\" \/>\n<script type=\"application\/ld+json\" class=\"yoast-schema-graph\">{\"@context\":\"https:\/\/schema.org\",\"@graph\":[{\"@type\":\"Article\",\"@id\":\"https:\/\/kapitalis.com\/tunisie\/2023\/01\/27\/jmc-2023-el-far3i-et-le-public-tunisien-une-rencontre-etincelante\/#article\",\"isPartOf\":{\"@id\":\"https:\/\/kapitalis.com\/tunisie\/2023\/01\/27\/jmc-2023-el-far3i-et-le-public-tunisien-une-rencontre-etincelante\/\"},\"author\":{\"name\":\"Fawz BenAli\",\"@id\":\"https:\/\/kapitalis.com\/tunisie\/#\/schema\/person\/73a5ecc1f6ae540c6ed91342eadca948\"},\"headline\":\"JMC 2023 : El Far3i et le public tunisien, une rencontre \u00e9tincelante\",\"datePublished\":\"2023-01-27T11:10:20+00:00\",\"dateModified\":\"2023-01-27T11:10:22+00:00\",\"mainEntityOfPage\":{\"@id\":\"https:\/\/kapitalis.com\/tunisie\/2023\/01\/27\/jmc-2023-el-far3i-et-le-public-tunisien-une-rencontre-etincelante\/\"},\"wordCount\":187,\"commentCount\":0,\"publisher\":{\"@id\":\"https:\/\/kapitalis.com\/tunisie\/#organization\"},\"image\":{\"@id\":\"https:\/\/kapitalis.com\/tunisie\/2023\/01\/27\/jmc-2023-el-far3i-et-le-public-tunisien-une-rencontre-etincelante\/#primaryimage\"},\"thumbnailUrl\":\"https:\/\/kapitalis.com\/tunisie\/wp-content\/uploads\/2023\/01\/El-Far3i.jpg\",\"keywords\":[\"El Far3i\",\"JMC 2023\",\"Journ\u00e9es musicales de Carthage\",\"Rap palestinien\",\"Tunisie\"],\"articleSection\":[\"CULTURE\",\"Tunisie\"],\"inLanguage\":\"fr-FR\",\"potentialAction\":[{\"@type\":\"CommentAction\",\"name\":\"Comment\",\"target\":[\"https:\/\/kapitalis.com\/tunisie\/2023\/01\/27\/jmc-2023-el-far3i-et-le-public-tunisien-une-rencontre-etincelante\/#respond\"]}]},{\"@type\":\"WebPage\",\"@id\":\"https:\/\/kapitalis.com\/tunisie\/2023\/01\/27\/jmc-2023-el-far3i-et-le-public-tunisien-une-rencontre-etincelante\/\",\"url\":\"https:\/\/kapitalis.com\/tunisie\/2023\/01\/27\/jmc-2023-el-far3i-et-le-public-tunisien-une-rencontre-etincelante\/\",\"name\":\"JMC 2023 : El Far3i et le public tunisien, une rencontre \u00e9tincelante - Kapitalis\",\"isPartOf\":{\"@id\":\"https:\/\/kapitalis.com\/tunisie\/#website\"},\"primaryImageOfPage\":{\"@id\":\"https:\/\/kapitalis.com\/tunisie\/2023\/01\/27\/jmc-2023-el-far3i-et-le-public-tunisien-une-rencontre-etincelante\/#primaryimage\"},\"image\":{\"@id\":\"https:\/\/kapitalis.com\/tunisie\/2023\/01\/27\/jmc-2023-el-far3i-et-le-public-tunisien-une-rencontre-etincelante\/#primaryimage\"},\"thumbnailUrl\":\"https:\/\/kapitalis.com\/tunisie\/wp-content\/uploads\/2023\/01\/El-Far3i.jpg\",\"datePublished\":\"2023-01-27T11:10:20+00:00\",\"dateModified\":\"2023-01-27T11:10:22+00:00\",\"breadcrumb\":{\"@id\":\"https:\/\/kapitalis.com\/tunisie\/2023\/01\/27\/jmc-2023-el-far3i-et-le-public-tunisien-une-rencontre-etincelante\/#breadcrumb\"},\"inLanguage\":\"fr-FR\",\"potentialAction\":[{\"@type\":\"ReadAction\",\"target\":[\"https:\/\/kapitalis.com\/tunisie\/2023\/01\/27\/jmc-2023-el-far3i-et-le-public-tunisien-une-rencontre-etincelante\/\"]}]},{\"@type\":\"ImageObject\",\"inLanguage\":\"fr-FR\",\"@id\":\"https:\/\/kapitalis.com\/tunisie\/2023\/01\/27\/jmc-2023-el-far3i-et-le-public-tunisien-une-rencontre-etincelante\/#primaryimage\",\"url\":\"https:\/\/kapitalis.com\/tunisie\/wp-content\/uploads\/2023\/01\/El-Far3i.jpg\",\"contentUrl\":\"https:\/\/kapitalis.com\/tunisie\/wp-content\/uploads\/2023\/01\/El-Far3i.jpg\",\"width\":1200,\"height\":630},{\"@type\":\"BreadcrumbList\",\"@id\":\"https:\/\/kapitalis.com\/tunisie\/2023\/01\/27\/jmc-2023-el-far3i-et-le-public-tunisien-une-rencontre-etincelante\/#breadcrumb\",\"itemListElement\":[{\"@type\":\"ListItem\",\"position\":1,\"name\":\"Accueil\",\"item\":\"https:\/\/kapitalis.com\/tunisie\/\"},{\"@type\":\"ListItem\",\"position\":2,\"name\":\"JMC 2023 : El Far3i et le public tunisien, une rencontre \u00e9tincelante\"}]},{\"@type\":\"WebSite\",\"@id\":\"https:\/\/kapitalis.com\/tunisie\/#website\",\"url\":\"https:\/\/kapitalis.com\/tunisie\/\",\"name\":\"Kapitalis\",\"description\":\"L&#039;actualit\u00e9 en Tunisie et dans le monde\",\"publisher\":{\"@id\":\"https:\/\/kapitalis.com\/tunisie\/#organization\"},\"potentialAction\":[{\"@type\":\"SearchAction\",\"target\":{\"@type\":\"EntryPoint\",\"urlTemplate\":\"https:\/\/kapitalis.com\/tunisie\/?s={search_term_string}\"},\"query-input\":{\"@type\":\"PropertyValueSpecification\",\"valueRequired\":true,\"valueName\":\"search_term_string\"}}],\"inLanguage\":\"fr-FR\"},{\"@type\":\"Organization\",\"@id\":\"https:\/\/kapitalis.com\/tunisie\/#organization\",\"name\":\"Kapitalis\",\"url\":\"https:\/\/kapitalis.com\/tunisie\/\",\"logo\":{\"@type\":\"ImageObject\",\"inLanguage\":\"fr-FR\",\"@id\":\"https:\/\/kapitalis.com\/tunisie\/#\/schema\/logo\/image\/\",\"url\":\"https:\/\/kapitalis.com\/tunisie\/wp-content\/uploads\/2022\/05\/Kapitalis-big-size.png\",\"contentUrl\":\"https:\/\/kapitalis.com\/tunisie\/wp-content\/uploads\/2022\/05\/Kapitalis-big-size.png\",\"width\":5000,\"height\":1500,\"caption\":\"Kapitalis\"},\"image\":{\"@id\":\"https:\/\/kapitalis.com\/tunisie\/#\/schema\/logo\/image\/\"},\"sameAs\":[\"https:\/\/www.facebook.com\/KapitalisInfo\/\",\"https:\/\/x.com\/KapitalisInfo\",\"https:\/\/www.youtube.com\/channel\/UC-yDYrHyfFBWWZaOw3FPg9Q\"]},{\"@type\":\"Person\",\"@id\":\"https:\/\/kapitalis.com\/tunisie\/#\/schema\/person\/73a5ecc1f6ae540c6ed91342eadca948\",\"name\":\"Fawz BenAli\",\"url\":\"https:\/\/kapitalis.com\/tunisie\/author\/fawz\/\"}]}<\/script>\n<!-- \/ Yoast SEO plugin. -->","yoast_head_json":{"title":"JMC 2023 : El Far3i et le public tunisien, une rencontre \u00e9tincelante - Kapitalis","robots":{"index":"index","follow":"follow","max-snippet":"max-snippet:-1","max-image-preview":"max-image-preview:large","max-video-preview":"max-video-preview:-1"},"canonical":"https:\/\/kapitalis.com\/tunisie\/2023\/01\/27\/jmc-2023-el-far3i-et-le-public-tunisien-une-rencontre-etincelante\/","og_locale":"fr_FR","og_type":"article","og_title":"JMC 2023 : El Far3i et le public tunisien, une rencontre \u00e9tincelante - Kapitalis","og_description":"C\u2019est \u00e0 guichet ferm\u00e9 que le rappeur palestinien El Far3i a retrouv\u00e9 le public tunisien hier soir \u00e0 la salle de l\u2019Op\u00e9ra de Tunis dans le cadre des JMC.","og_url":"https:\/\/kapitalis.com\/tunisie\/2023\/01\/27\/jmc-2023-el-far3i-et-le-public-tunisien-une-rencontre-etincelante\/","og_site_name":"Kapitalis","article_publisher":"https:\/\/www.facebook.com\/KapitalisInfo\/","article_published_time":"2023-01-27T11:10:20+00:00","article_modified_time":"2023-01-27T11:10:22+00:00","og_image":[{"width":1200,"height":630,"url":"https:\/\/kapitalis.com\/tunisie\/wp-content\/uploads\/2023\/01\/El-Far3i.jpg","type":"image\/jpeg"}],"author":"Fawz BenAli","twitter_card":"summary_large_image","twitter_creator":"@KapitalisInfo","twitter_site":"@KapitalisInfo","twitter_misc":{"\u00c9crit par":"Fawz BenAli","Dur\u00e9e de lecture estim\u00e9e":"2 minutes"},"schema":{"@context":"https:\/\/schema.org","@graph":[{"@type":"Article","@id":"https:\/\/kapitalis.com\/tunisie\/2023\/01\/27\/jmc-2023-el-far3i-et-le-public-tunisien-une-rencontre-etincelante\/#article","isPartOf":{"@id":"https:\/\/kapitalis.com\/tunisie\/2023\/01\/27\/jmc-2023-el-far3i-et-le-public-tunisien-une-rencontre-etincelante\/"},"author":{"name":"Fawz BenAli","@id":"https:\/\/kapitalis.com\/tunisie\/#\/schema\/person\/73a5ecc1f6ae540c6ed91342eadca948"},"headline":"JMC 2023 : El Far3i et le public tunisien, une rencontre \u00e9tincelante","datePublished":"2023-01-27T11:10:20+00:00","dateModified":"2023-01-27T11:10:22+00:00","mainEntityOfPage":{"@id":"https:\/\/kapitalis.com\/tunisie\/2023\/01\/27\/jmc-2023-el-far3i-et-le-public-tunisien-une-rencontre-etincelante\/"},"wordCount":187,"commentCount":0,"publisher":{"@id":"https:\/\/kapitalis.com\/tunisie\/#organization"},"image":{"@id":"https:\/\/kapitalis.com\/tunisie\/2023\/01\/27\/jmc-2023-el-far3i-et-le-public-tunisien-une-rencontre-etincelante\/#primaryimage"},"thumbnailUrl":"https:\/\/kapitalis.com\/tunisie\/wp-content\/uploads\/2023\/01\/El-Far3i.jpg","keywords":["El Far3i","JMC 2023","Journ\u00e9es musicales de Carthage","Rap palestinien","Tunisie"],"articleSection":["CULTURE","Tunisie"],"inLanguage":"fr-FR","potentialAction":[{"@type":"CommentAction","name":"Comment","target":["https:\/\/kapitalis.com\/tunisie\/2023\/01\/27\/jmc-2023-el-far3i-et-le-public-tunisien-une-rencontre-etincelante\/#respond"]}]},{"@type":"WebPage","@id":"https:\/\/kapitalis.com\/tunisie\/2023\/01\/27\/jmc-2023-el-far3i-et-le-public-tunisien-une-rencontre-etincelante\/","url":"https:\/\/kapitalis.com\/tunisie\/2023\/01\/27\/jmc-2023-el-far3i-et-le-public-tunisien-une-rencontre-etincelante\/","name":"JMC 2023 : El Far3i et le public tunisien, une rencontre \u00e9tincelante - Kapitalis","isPartOf":{"@id":"https:\/\/kapitalis.com\/tunisie\/#website"},"primaryImageOfPage":{"@id":"https:\/\/kapitalis.com\/tunisie\/2023\/01\/27\/jmc-2023-el-far3i-et-le-public-tunisien-une-rencontre-etincelante\/#primaryimage"},"image":{"@id":"https:\/\/kapitalis.com\/tunisie\/2023\/01\/27\/jmc-2023-el-far3i-et-le-public-tunisien-une-rencontre-etincelante\/#primaryimage"},"thumbnailUrl":"https:\/\/kapitalis.com\/tunisie\/wp-content\/uploads\/2023\/01\/El-Far3i.jpg","datePublished":"2023-01-27T11:10:20+00:00","dateModified":"2023-01-27T11:10:22+00:00","breadcrumb":{"@id":"https:\/\/kapitalis.com\/tunisie\/2023\/01\/27\/jmc-2023-el-far3i-et-le-public-tunisien-une-rencontre-etincelante\/#breadcrumb"},"inLanguage":"fr-FR","potentialAction":[{"@type":"ReadAction","target":["https:\/\/kapitalis.com\/tunisie\/2023\/01\/27\/jmc-2023-el-far3i-et-le-public-tunisien-une-rencontre-etincelante\/"]}]},{"@type":"ImageObject","inLanguage":"fr-FR","@id":"https:\/\/kapitalis.com\/tunisie\/2023\/01\/27\/jmc-2023-el-far3i-et-le-public-tunisien-une-rencontre-etincelante\/#primaryimage","url":"https:\/\/kapitalis.com\/tunisie\/wp-content\/uploads\/2023\/01\/El-Far3i.jpg","contentUrl":"https:\/\/kapitalis.com\/tunisie\/wp-content\/uploads\/2023\/01\/El-Far3i.jpg","width":1200,"height":630},{"@type":"BreadcrumbList","@id":"https:\/\/kapitalis.com\/tunisie\/2023\/01\/27\/jmc-2023-el-far3i-et-le-public-tunisien-une-rencontre-etincelante\/#breadcrumb","itemListElement":[{"@type":"ListItem","position":1,"name":"Accueil","item":"https:\/\/kapitalis.com\/tunisie\/"},{"@type":"ListItem","position":2,"name":"JMC 2023 : El Far3i et le public tunisien, une rencontre \u00e9tincelante"}]},{"@type":"WebSite","@id":"https:\/\/kapitalis.com\/tunisie\/#website","url":"https:\/\/kapitalis.com\/tunisie\/","name":"Kapitalis","description":"L&#039;actualit\u00e9 en Tunisie et dans le monde","publisher":{"@id":"https:\/\/kapitalis.com\/tunisie\/#organization"},"potentialAction":[{"@type":"SearchAction","target":{"@type":"EntryPoint","urlTemplate":"https:\/\/kapitalis.com\/tunisie\/?s={search_term_string}"},"query-input":{"@type":"PropertyValueSpecification","valueRequired":true,"valueName":"search_term_string"}}],"inLanguage":"fr-FR"},{"@type":"Organization","@id":"https:\/\/kapitalis.com\/tunisie\/#organization","name":"Kapitalis","url":"https:\/\/kapitalis.com\/tunisie\/","logo":{"@type":"ImageObject","inLanguage":"fr-FR","@id":"https:\/\/kapitalis.com\/tunisie\/#\/schema\/logo\/image\/","url":"https:\/\/kapitalis.com\/tunisie\/wp-content\/uploads\/2022\/05\/Kapitalis-big-size.png","contentUrl":"https:\/\/kapitalis.com\/tunisie\/wp-content\/uploads\/2022\/05\/Kapitalis-big-size.png","width":5000,"height":1500,"caption":"Kapitalis"},"image":{"@id":"https:\/\/kapitalis.com\/tunisie\/#\/schema\/logo\/image\/"},"sameAs":["https:\/\/www.facebook.com\/KapitalisInfo\/","https:\/\/x.com\/KapitalisInfo","https:\/\/www.youtube.com\/channel\/UC-yDYrHyfFBWWZaOw3FPg9Q"]},{"@type":"Person","@id":"https:\/\/kapitalis.com\/tunisie\/#\/schema\/person\/73a5ecc1f6ae540c6ed91342eadca948","name":"Fawz BenAli","url":"https:\/\/kapitalis.com\/tunisie\/author\/fawz\/"}]}},"_links":{"self":[{"href":"https:\/\/kapitalis.com\/tunisie\/wp-json\/wp\/v2\/posts\/6214435","targetHints":{"allow":["GET"]}}],"collection":[{"href":"https:\/\/kapitalis.com\/tunisie\/wp-json\/wp\/v2\/posts"}],"about":[{"href":"https:\/\/kapitalis.com\/tunisie\/wp-json\/wp\/v2\/types\/post"}],"author":[{"embeddable":true,"href":"https:\/\/kapitalis.com\/tunisie\/wp-json\/wp\/v2\/users\/26"}],"replies":[{"embeddable":true,"href":"https:\/\/kapitalis.com\/tunisie\/wp-json\/wp\/v2\/comments?post=6214435"}],"version-history":[{"count":1,"href":"https:\/\/kapitalis.com\/tunisie\/wp-json\/wp\/v2\/posts\/6214435\/revisions"}],"predecessor-version":[{"id":6214766,"href":"https:\/\/kapitalis.com\/tunisie\/wp-json\/wp\/v2\/posts\/6214435\/revisions\/6214766"}],"wp:featuredmedia":[{"embeddable":true,"href":"https:\/\/kapitalis.com\/tunisie\/wp-json\/wp\/v2\/media\/6214731"}],"wp:attachment":[{"href":"https:\/\/kapitalis.com\/tunisie\/wp-json\/wp\/v2\/media?parent=6214435"}],"wp:term":[{"taxonomy":"category","embeddable":true,"href":"https:\/\/kapitalis.com\/tunisie\/wp-json\/wp\/v2\/categories?post=6214435"},{"taxonomy":"post_tag","embeddable":true,"href":"https:\/\/kapitalis.com\/tunisie\/wp-json\/wp\/v2\/tags?post=6214435"}],"curies":[{"name":"wp","href":"https:\/\/api.w.org\/{rel}","templated":true}]}}