{"id":6214632,"date":"2023-01-27T11:56:50","date_gmt":"2023-01-27T10:56:50","guid":{"rendered":"https:\/\/kapitalis.com\/tunisie\/?p=6214632"},"modified":"2023-01-27T11:56:51","modified_gmt":"2023-01-27T10:56:51","slug":"tunisie-legislatives-mourakiboun-deplore-une-campagne-electorale-terne","status":"publish","type":"post","link":"https:\/\/kapitalis.com\/tunisie\/2023\/01\/27\/tunisie-legislatives-mourakiboun-deplore-une-campagne-electorale-terne\/","title":{"rendered":"Tunisie-L\u00e9gislatives\u00a0: \u00a0Mourakiboun d\u00e9plore une campagne \u00e9lectorale terne"},"content":{"rendered":"\n<p><strong><em>Le second tour des l\u00e9gislatives anticip\u00e9es se tiendra apr\u00e8s demain, dimanche 29 janvier 2023, mais les \u00e9lecteurs ont de la peine \u00e0 se mobiliser d\u2019autant que la campagne \u00e9lectorale est quasiment invisible. Ce qui laisse pr\u00e9sager un fort taux d\u2019abstention similaire \u00e0 celui du premier tour (89%).<\/em><\/strong>\u00a0\u00a0\u00a0\u00a0\u00a0<\/p>\n\n\n\n<!--more-->\n\n\n\n<p>Le rapport du r\u00e9seau Mourakiboun sur la campagne \u00e9lectorale du second tour des \u00e9lections l\u00e9gislatives, couvrant la p\u00e9riode du 16 au 23 janvier a parl\u00e9 d\u2019<em>\u00abun rythme lent de la campagne \u00e9lectorale en termes d\u2019activit\u00e9s de terrain et une absence totale de campagne dans un grand nombre de d\u00e9l\u00e9gations.\u00bb<\/em><\/p>\n\n\n\n<p>L\u2019organisation a d\u00e9clar\u00e9 que plus de 70% des campagnes consistaient en distribution de tracts et contacts directs avec les \u00e9lecteurs dans les lieux publics et les march\u00e9s.<\/p>\n\n\n\n<p>Dans les campagnes sur le terrain, l\u2019essentiel des programmes, promesses et d\u00e9clarations \u00e9lectorales ont une dimension locale et r\u00e9gionale.<\/p>\n\n\n\n<p>Sur le plan organisationnel, l\u2019autorit\u00e9 \u00e9lectorale avait annonc\u00e9 une s\u00e9rie de mesures pour relancer la participation, compte tenu de la faiblesse de cette participation au premier tour (11%), mais ces mesures \u2013 si elles avaient \u00e9t\u00e9 mises en \u0153uvre \u2013 ne semblent pas avoir encore donn\u00e9 leur fruits, alors que la campagne touche \u00e0 sa fin.<\/p>\n\n\n\n<p>L\u2019Instance sup\u00e9rieure ind\u00e9pendante pour les \u00e9lections (Isie) avait en effet annonc\u00e9 la cr\u00e9ation d\u2019un espace \u00e9lectronique d\u00e9di\u00e9 \u00e0 la pr\u00e9sentation des candidats et l\u2019organisation de d\u00e9bats t\u00e9l\u00e9vis\u00e9s entre ces derniers.<\/p>\n\n\n\n<p>L\u2019Isie avait \u00e9galement annonc\u00e9 la mise \u00e0 disposition des maisons des jeunes pour permettre une meilleure pr\u00e9sentation des programmes des candidats.<\/p>\n\n\n\n<p>Ces mesures n\u2019ont toutefois pas \u00e9t\u00e9 pr\u00e9sent\u00e9es assez \u00e0 l\u2019avance pour pouvoir donner leurs fruits au second tour, regrette Mourakiboun.<\/p>\n\n\n\n<p>De plus, l\u2019autorit\u00e9 \u00e9lectorale a exig\u00e9 que les questions adress\u00e9es aux candidats fassent partie de leur programme \u00e9lectoral, ce qui constitue une violation manifeste de la libert\u00e9 du travail journalistique et de la ligne \u00e9ditoriale des m\u00e9dias, a encore pr\u00e9cis\u00e9 l\u2019organisation.<\/p>\n\n\n\n<p class=\"has-text-align-right\"><strong>I. B.<\/strong><em> (avec Tap).<\/em><\/p>\n","protected":false},"excerpt":{"rendered":"<p>La lenteur de la campagne \u00e9lectorale pour le second tour de l\u00e9gislatives en Tunisie laisse pr\u00e9sager un fort taux d\u2019abstention similaire \u00e0 celui du premier tour (89%).<\/p>\n","protected":false},"author":8,"featured_media":4680525,"comment_status":"open","ping_status":"open","sticky":false,"template":"","format":"standard","meta":{"footnotes":""},"categories":[997,2433],"tags":[4758,499,9031,13501,62643],"class_list":["post-6214632","post","type-post","status-publish","format-standard","has-post-thumbnail","hentry","category-politique","category-tunisie","tag-campagne-electorale","tag-isie","tag-legislatives","tag-mourakiboun","tag-tunisie"],"yoast_head":"<!-- This site is optimized with the Yoast SEO plugin v26.6 - https:\/\/yoast.com\/wordpress\/plugins\/seo\/ -->\n<title>Tunisie-L\u00e9gislatives\u00a0: \u00a0Mourakiboun d\u00e9plore une campagne \u00e9lectorale terne - Kapitalis<\/title>\n<meta name=\"robots\" content=\"index, follow, max-snippet:-1, max-image-preview:large, max-video-preview:-1\" \/>\n<link rel=\"canonical\" href=\"https:\/\/kapitalis.com\/tunisie\/2023\/01\/27\/tunisie-legislatives-mourakiboun-deplore-une-campagne-electorale-terne\/\" \/>\n<meta property=\"og:locale\" content=\"fr_FR\" \/>\n<meta property=\"og:type\" content=\"article\" \/>\n<meta property=\"og:title\" content=\"Tunisie-L\u00e9gislatives\u00a0: \u00a0Mourakiboun d\u00e9plore une campagne \u00e9lectorale terne - Kapitalis\" \/>\n<meta property=\"og:description\" content=\"La lenteur de la campagne \u00e9lectorale pour le second tour de l\u00e9gislatives en Tunisie laisse pr\u00e9sager un fort taux d\u2019abstention similaire \u00e0 celui du premier tour (89%).\" \/>\n<meta property=\"og:url\" content=\"https:\/\/kapitalis.com\/tunisie\/2023\/01\/27\/tunisie-legislatives-mourakiboun-deplore-une-campagne-electorale-terne\/\" \/>\n<meta property=\"og:site_name\" content=\"Kapitalis\" \/>\n<meta property=\"article:publisher\" content=\"https:\/\/www.facebook.com\/KapitalisInfo\/\" \/>\n<meta property=\"article:published_time\" content=\"2023-01-27T10:56:50+00:00\" \/>\n<meta property=\"article:modified_time\" content=\"2023-01-27T10:56:51+00:00\" \/>\n<meta property=\"og:image\" content=\"https:\/\/kapitalis.com\/tunisie\/wp-content\/uploads\/2022\/10\/Mourakiboun-1.jpg\" \/>\n\t<meta property=\"og:image:width\" content=\"1200\" \/>\n\t<meta property=\"og:image:height\" content=\"630\" \/>\n\t<meta property=\"og:image:type\" content=\"image\/jpeg\" \/>\n<meta name=\"author\" content=\"webmaster kapitalis\" \/>\n<meta name=\"twitter:card\" content=\"summary_large_image\" \/>\n<meta name=\"twitter:creator\" content=\"@KapitalisInfo\" \/>\n<meta name=\"twitter:site\" content=\"@KapitalisInfo\" \/>\n<meta name=\"twitter:label1\" content=\"\u00c9crit par\" \/>\n\t<meta name=\"twitter:data1\" content=\"webmaster kapitalis\" \/>\n\t<meta name=\"twitter:label2\" content=\"Dur\u00e9e de lecture estim\u00e9e\" \/>\n\t<meta name=\"twitter:data2\" content=\"2 minutes\" \/>\n<script type=\"application\/ld+json\" class=\"yoast-schema-graph\">{\"@context\":\"https:\/\/schema.org\",\"@graph\":[{\"@type\":\"Article\",\"@id\":\"https:\/\/kapitalis.com\/tunisie\/2023\/01\/27\/tunisie-legislatives-mourakiboun-deplore-une-campagne-electorale-terne\/#article\",\"isPartOf\":{\"@id\":\"https:\/\/kapitalis.com\/tunisie\/2023\/01\/27\/tunisie-legislatives-mourakiboun-deplore-une-campagne-electorale-terne\/\"},\"author\":{\"name\":\"webmaster kapitalis\",\"@id\":\"https:\/\/kapitalis.com\/tunisie\/#\/schema\/person\/d71f33a9ca44f7bad4698210b480c8e9\"},\"headline\":\"Tunisie-L\u00e9gislatives\u00a0: \u00a0Mourakiboun d\u00e9plore une campagne \u00e9lectorale terne\",\"datePublished\":\"2023-01-27T10:56:50+00:00\",\"dateModified\":\"2023-01-27T10:56:51+00:00\",\"mainEntityOfPage\":{\"@id\":\"https:\/\/kapitalis.com\/tunisie\/2023\/01\/27\/tunisie-legislatives-mourakiboun-deplore-une-campagne-electorale-terne\/\"},\"wordCount\":353,\"commentCount\":1,\"publisher\":{\"@id\":\"https:\/\/kapitalis.com\/tunisie\/#organization\"},\"image\":{\"@id\":\"https:\/\/kapitalis.com\/tunisie\/2023\/01\/27\/tunisie-legislatives-mourakiboun-deplore-une-campagne-electorale-terne\/#primaryimage\"},\"thumbnailUrl\":\"https:\/\/kapitalis.com\/tunisie\/wp-content\/uploads\/2022\/10\/Mourakiboun-1.jpg\",\"keywords\":[\"campagne \u00e9lectorale\",\"Isie\",\"l\u00e9gislatives\",\"Mourakiboun\",\"Tunisie\"],\"articleSection\":[\"POLITIQUE\",\"Tunisie\"],\"inLanguage\":\"fr-FR\",\"potentialAction\":[{\"@type\":\"CommentAction\",\"name\":\"Comment\",\"target\":[\"https:\/\/kapitalis.com\/tunisie\/2023\/01\/27\/tunisie-legislatives-mourakiboun-deplore-une-campagne-electorale-terne\/#respond\"]}]},{\"@type\":\"WebPage\",\"@id\":\"https:\/\/kapitalis.com\/tunisie\/2023\/01\/27\/tunisie-legislatives-mourakiboun-deplore-une-campagne-electorale-terne\/\",\"url\":\"https:\/\/kapitalis.com\/tunisie\/2023\/01\/27\/tunisie-legislatives-mourakiboun-deplore-une-campagne-electorale-terne\/\",\"name\":\"Tunisie-L\u00e9gislatives\u00a0: \u00a0Mourakiboun d\u00e9plore une campagne \u00e9lectorale terne - Kapitalis\",\"isPartOf\":{\"@id\":\"https:\/\/kapitalis.com\/tunisie\/#website\"},\"primaryImageOfPage\":{\"@id\":\"https:\/\/kapitalis.com\/tunisie\/2023\/01\/27\/tunisie-legislatives-mourakiboun-deplore-une-campagne-electorale-terne\/#primaryimage\"},\"image\":{\"@id\":\"https:\/\/kapitalis.com\/tunisie\/2023\/01\/27\/tunisie-legislatives-mourakiboun-deplore-une-campagne-electorale-terne\/#primaryimage\"},\"thumbnailUrl\":\"https:\/\/kapitalis.com\/tunisie\/wp-content\/uploads\/2022\/10\/Mourakiboun-1.jpg\",\"datePublished\":\"2023-01-27T10:56:50+00:00\",\"dateModified\":\"2023-01-27T10:56:51+00:00\",\"breadcrumb\":{\"@id\":\"https:\/\/kapitalis.com\/tunisie\/2023\/01\/27\/tunisie-legislatives-mourakiboun-deplore-une-campagne-electorale-terne\/#breadcrumb\"},\"inLanguage\":\"fr-FR\",\"potentialAction\":[{\"@type\":\"ReadAction\",\"target\":[\"https:\/\/kapitalis.com\/tunisie\/2023\/01\/27\/tunisie-legislatives-mourakiboun-deplore-une-campagne-electorale-terne\/\"]}]},{\"@type\":\"ImageObject\",\"inLanguage\":\"fr-FR\",\"@id\":\"https:\/\/kapitalis.com\/tunisie\/2023\/01\/27\/tunisie-legislatives-mourakiboun-deplore-une-campagne-electorale-terne\/#primaryimage\",\"url\":\"https:\/\/kapitalis.com\/tunisie\/wp-content\/uploads\/2022\/10\/Mourakiboun-1.jpg\",\"contentUrl\":\"https:\/\/kapitalis.com\/tunisie\/wp-content\/uploads\/2022\/10\/Mourakiboun-1.jpg\",\"width\":1200,\"height\":630},{\"@type\":\"BreadcrumbList\",\"@id\":\"https:\/\/kapitalis.com\/tunisie\/2023\/01\/27\/tunisie-legislatives-mourakiboun-deplore-une-campagne-electorale-terne\/#breadcrumb\",\"itemListElement\":[{\"@type\":\"ListItem\",\"position\":1,\"name\":\"Accueil\",\"item\":\"https:\/\/kapitalis.com\/tunisie\/\"},{\"@type\":\"ListItem\",\"position\":2,\"name\":\"Tunisie-L\u00e9gislatives\u00a0: \u00a0Mourakiboun d\u00e9plore une campagne \u00e9lectorale terne\"}]},{\"@type\":\"WebSite\",\"@id\":\"https:\/\/kapitalis.com\/tunisie\/#website\",\"url\":\"https:\/\/kapitalis.com\/tunisie\/\",\"name\":\"Kapitalis\",\"description\":\"L&#039;actualit\u00e9 en Tunisie et dans le monde\",\"publisher\":{\"@id\":\"https:\/\/kapitalis.com\/tunisie\/#organization\"},\"potentialAction\":[{\"@type\":\"SearchAction\",\"target\":{\"@type\":\"EntryPoint\",\"urlTemplate\":\"https:\/\/kapitalis.com\/tunisie\/?s={search_term_string}\"},\"query-input\":{\"@type\":\"PropertyValueSpecification\",\"valueRequired\":true,\"valueName\":\"search_term_string\"}}],\"inLanguage\":\"fr-FR\"},{\"@type\":\"Organization\",\"@id\":\"https:\/\/kapitalis.com\/tunisie\/#organization\",\"name\":\"Kapitalis\",\"url\":\"https:\/\/kapitalis.com\/tunisie\/\",\"logo\":{\"@type\":\"ImageObject\",\"inLanguage\":\"fr-FR\",\"@id\":\"https:\/\/kapitalis.com\/tunisie\/#\/schema\/logo\/image\/\",\"url\":\"https:\/\/kapitalis.com\/tunisie\/wp-content\/uploads\/2022\/05\/Kapitalis-big-size.png\",\"contentUrl\":\"https:\/\/kapitalis.com\/tunisie\/wp-content\/uploads\/2022\/05\/Kapitalis-big-size.png\",\"width\":5000,\"height\":1500,\"caption\":\"Kapitalis\"},\"image\":{\"@id\":\"https:\/\/kapitalis.com\/tunisie\/#\/schema\/logo\/image\/\"},\"sameAs\":[\"https:\/\/www.facebook.com\/KapitalisInfo\/\",\"https:\/\/x.com\/KapitalisInfo\",\"https:\/\/www.youtube.com\/channel\/UC-yDYrHyfFBWWZaOw3FPg9Q\"]},{\"@type\":\"Person\",\"@id\":\"https:\/\/kapitalis.com\/tunisie\/#\/schema\/person\/d71f33a9ca44f7bad4698210b480c8e9\",\"name\":\"webmaster kapitalis\",\"url\":\"https:\/\/kapitalis.com\/tunisie\/author\/webmaster-kapitalis\/\"}]}<\/script>\n<!-- \/ Yoast SEO plugin. -->","yoast_head_json":{"title":"Tunisie-L\u00e9gislatives\u00a0: \u00a0Mourakiboun d\u00e9plore une campagne \u00e9lectorale terne - Kapitalis","robots":{"index":"index","follow":"follow","max-snippet":"max-snippet:-1","max-image-preview":"max-image-preview:large","max-video-preview":"max-video-preview:-1"},"canonical":"https:\/\/kapitalis.com\/tunisie\/2023\/01\/27\/tunisie-legislatives-mourakiboun-deplore-une-campagne-electorale-terne\/","og_locale":"fr_FR","og_type":"article","og_title":"Tunisie-L\u00e9gislatives\u00a0: \u00a0Mourakiboun d\u00e9plore une campagne \u00e9lectorale terne - Kapitalis","og_description":"La lenteur de la campagne \u00e9lectorale pour le second tour de l\u00e9gislatives en Tunisie laisse pr\u00e9sager un fort taux d\u2019abstention similaire \u00e0 celui du premier tour (89%).","og_url":"https:\/\/kapitalis.com\/tunisie\/2023\/01\/27\/tunisie-legislatives-mourakiboun-deplore-une-campagne-electorale-terne\/","og_site_name":"Kapitalis","article_publisher":"https:\/\/www.facebook.com\/KapitalisInfo\/","article_published_time":"2023-01-27T10:56:50+00:00","article_modified_time":"2023-01-27T10:56:51+00:00","og_image":[{"width":1200,"height":630,"url":"https:\/\/kapitalis.com\/tunisie\/wp-content\/uploads\/2022\/10\/Mourakiboun-1.jpg","type":"image\/jpeg"}],"author":"webmaster kapitalis","twitter_card":"summary_large_image","twitter_creator":"@KapitalisInfo","twitter_site":"@KapitalisInfo","twitter_misc":{"\u00c9crit par":"webmaster kapitalis","Dur\u00e9e de lecture estim\u00e9e":"2 minutes"},"schema":{"@context":"https:\/\/schema.org","@graph":[{"@type":"Article","@id":"https:\/\/kapitalis.com\/tunisie\/2023\/01\/27\/tunisie-legislatives-mourakiboun-deplore-une-campagne-electorale-terne\/#article","isPartOf":{"@id":"https:\/\/kapitalis.com\/tunisie\/2023\/01\/27\/tunisie-legislatives-mourakiboun-deplore-une-campagne-electorale-terne\/"},"author":{"name":"webmaster kapitalis","@id":"https:\/\/kapitalis.com\/tunisie\/#\/schema\/person\/d71f33a9ca44f7bad4698210b480c8e9"},"headline":"Tunisie-L\u00e9gislatives\u00a0: \u00a0Mourakiboun d\u00e9plore une campagne \u00e9lectorale terne","datePublished":"2023-01-27T10:56:50+00:00","dateModified":"2023-01-27T10:56:51+00:00","mainEntityOfPage":{"@id":"https:\/\/kapitalis.com\/tunisie\/2023\/01\/27\/tunisie-legislatives-mourakiboun-deplore-une-campagne-electorale-terne\/"},"wordCount":353,"commentCount":1,"publisher":{"@id":"https:\/\/kapitalis.com\/tunisie\/#organization"},"image":{"@id":"https:\/\/kapitalis.com\/tunisie\/2023\/01\/27\/tunisie-legislatives-mourakiboun-deplore-une-campagne-electorale-terne\/#primaryimage"},"thumbnailUrl":"https:\/\/kapitalis.com\/tunisie\/wp-content\/uploads\/2022\/10\/Mourakiboun-1.jpg","keywords":["campagne \u00e9lectorale","Isie","l\u00e9gislatives","Mourakiboun","Tunisie"],"articleSection":["POLITIQUE","Tunisie"],"inLanguage":"fr-FR","potentialAction":[{"@type":"CommentAction","name":"Comment","target":["https:\/\/kapitalis.com\/tunisie\/2023\/01\/27\/tunisie-legislatives-mourakiboun-deplore-une-campagne-electorale-terne\/#respond"]}]},{"@type":"WebPage","@id":"https:\/\/kapitalis.com\/tunisie\/2023\/01\/27\/tunisie-legislatives-mourakiboun-deplore-une-campagne-electorale-terne\/","url":"https:\/\/kapitalis.com\/tunisie\/2023\/01\/27\/tunisie-legislatives-mourakiboun-deplore-une-campagne-electorale-terne\/","name":"Tunisie-L\u00e9gislatives\u00a0: \u00a0Mourakiboun d\u00e9plore une campagne \u00e9lectorale terne - Kapitalis","isPartOf":{"@id":"https:\/\/kapitalis.com\/tunisie\/#website"},"primaryImageOfPage":{"@id":"https:\/\/kapitalis.com\/tunisie\/2023\/01\/27\/tunisie-legislatives-mourakiboun-deplore-une-campagne-electorale-terne\/#primaryimage"},"image":{"@id":"https:\/\/kapitalis.com\/tunisie\/2023\/01\/27\/tunisie-legislatives-mourakiboun-deplore-une-campagne-electorale-terne\/#primaryimage"},"thumbnailUrl":"https:\/\/kapitalis.com\/tunisie\/wp-content\/uploads\/2022\/10\/Mourakiboun-1.jpg","datePublished":"2023-01-27T10:56:50+00:00","dateModified":"2023-01-27T10:56:51+00:00","breadcrumb":{"@id":"https:\/\/kapitalis.com\/tunisie\/2023\/01\/27\/tunisie-legislatives-mourakiboun-deplore-une-campagne-electorale-terne\/#breadcrumb"},"inLanguage":"fr-FR","potentialAction":[{"@type":"ReadAction","target":["https:\/\/kapitalis.com\/tunisie\/2023\/01\/27\/tunisie-legislatives-mourakiboun-deplore-une-campagne-electorale-terne\/"]}]},{"@type":"ImageObject","inLanguage":"fr-FR","@id":"https:\/\/kapitalis.com\/tunisie\/2023\/01\/27\/tunisie-legislatives-mourakiboun-deplore-une-campagne-electorale-terne\/#primaryimage","url":"https:\/\/kapitalis.com\/tunisie\/wp-content\/uploads\/2022\/10\/Mourakiboun-1.jpg","contentUrl":"https:\/\/kapitalis.com\/tunisie\/wp-content\/uploads\/2022\/10\/Mourakiboun-1.jpg","width":1200,"height":630},{"@type":"BreadcrumbList","@id":"https:\/\/kapitalis.com\/tunisie\/2023\/01\/27\/tunisie-legislatives-mourakiboun-deplore-une-campagne-electorale-terne\/#breadcrumb","itemListElement":[{"@type":"ListItem","position":1,"name":"Accueil","item":"https:\/\/kapitalis.com\/tunisie\/"},{"@type":"ListItem","position":2,"name":"Tunisie-L\u00e9gislatives\u00a0: \u00a0Mourakiboun d\u00e9plore une campagne \u00e9lectorale terne"}]},{"@type":"WebSite","@id":"https:\/\/kapitalis.com\/tunisie\/#website","url":"https:\/\/kapitalis.com\/tunisie\/","name":"Kapitalis","description":"L&#039;actualit\u00e9 en Tunisie et dans le monde","publisher":{"@id":"https:\/\/kapitalis.com\/tunisie\/#organization"},"potentialAction":[{"@type":"SearchAction","target":{"@type":"EntryPoint","urlTemplate":"https:\/\/kapitalis.com\/tunisie\/?s={search_term_string}"},"query-input":{"@type":"PropertyValueSpecification","valueRequired":true,"valueName":"search_term_string"}}],"inLanguage":"fr-FR"},{"@type":"Organization","@id":"https:\/\/kapitalis.com\/tunisie\/#organization","name":"Kapitalis","url":"https:\/\/kapitalis.com\/tunisie\/","logo":{"@type":"ImageObject","inLanguage":"fr-FR","@id":"https:\/\/kapitalis.com\/tunisie\/#\/schema\/logo\/image\/","url":"https:\/\/kapitalis.com\/tunisie\/wp-content\/uploads\/2022\/05\/Kapitalis-big-size.png","contentUrl":"https:\/\/kapitalis.com\/tunisie\/wp-content\/uploads\/2022\/05\/Kapitalis-big-size.png","width":5000,"height":1500,"caption":"Kapitalis"},"image":{"@id":"https:\/\/kapitalis.com\/tunisie\/#\/schema\/logo\/image\/"},"sameAs":["https:\/\/www.facebook.com\/KapitalisInfo\/","https:\/\/x.com\/KapitalisInfo","https:\/\/www.youtube.com\/channel\/UC-yDYrHyfFBWWZaOw3FPg9Q"]},{"@type":"Person","@id":"https:\/\/kapitalis.com\/tunisie\/#\/schema\/person\/d71f33a9ca44f7bad4698210b480c8e9","name":"webmaster kapitalis","url":"https:\/\/kapitalis.com\/tunisie\/author\/webmaster-kapitalis\/"}]}},"_links":{"self":[{"href":"https:\/\/kapitalis.com\/tunisie\/wp-json\/wp\/v2\/posts\/6214632","targetHints":{"allow":["GET"]}}],"collection":[{"href":"https:\/\/kapitalis.com\/tunisie\/wp-json\/wp\/v2\/posts"}],"about":[{"href":"https:\/\/kapitalis.com\/tunisie\/wp-json\/wp\/v2\/types\/post"}],"author":[{"embeddable":true,"href":"https:\/\/kapitalis.com\/tunisie\/wp-json\/wp\/v2\/users\/8"}],"replies":[{"embeddable":true,"href":"https:\/\/kapitalis.com\/tunisie\/wp-json\/wp\/v2\/comments?post=6214632"}],"version-history":[{"count":1,"href":"https:\/\/kapitalis.com\/tunisie\/wp-json\/wp\/v2\/posts\/6214632\/revisions"}],"predecessor-version":[{"id":6214667,"href":"https:\/\/kapitalis.com\/tunisie\/wp-json\/wp\/v2\/posts\/6214632\/revisions\/6214667"}],"wp:featuredmedia":[{"embeddable":true,"href":"https:\/\/kapitalis.com\/tunisie\/wp-json\/wp\/v2\/media\/4680525"}],"wp:attachment":[{"href":"https:\/\/kapitalis.com\/tunisie\/wp-json\/wp\/v2\/media?parent=6214632"}],"wp:term":[{"taxonomy":"category","embeddable":true,"href":"https:\/\/kapitalis.com\/tunisie\/wp-json\/wp\/v2\/categories?post=6214632"},{"taxonomy":"post_tag","embeddable":true,"href":"https:\/\/kapitalis.com\/tunisie\/wp-json\/wp\/v2\/tags?post=6214632"}],"curies":[{"name":"wp","href":"https:\/\/api.w.org\/{rel}","templated":true}]}}