{"id":62212,"date":"2016-08-22T12:29:42","date_gmt":"2016-08-22T11:29:42","guid":{"rendered":"http:\/\/kapitalis.com\/tunisie\/?p=62212"},"modified":"2016-08-22T13:00:28","modified_gmt":"2016-08-22T12:00:28","slug":"lenterrement-de-khalil-karoui-demain-au-cimetiere-de-carthage","status":"publish","type":"post","link":"https:\/\/kapitalis.com\/tunisie\/2016\/08\/22\/lenterrement-de-khalil-karoui-demain-au-cimetiere-de-carthage\/","title":{"rendered":"L\u2019enterrement de Khalil Karoui demain au cimeti\u00e8re de Carthage"},"content":{"rendered":"<p style=\"text-align: center;\"><img loading=\"lazy\" decoding=\"async\" class=\"alignnone size-full wp-image-62217\" src=\"http:\/\/kapitalis.com\/tunisie\/wp-content\/uploads\/2016\/08\/Khalil-Karoui-1.jpg\" alt=\"Khalil-Karoui\" width=\"626\" height=\"380\" \/><\/p>\n<p><em><strong>L\u2019enterrement de Khalil, fils de Nabil Karoui, aura lieu, mardi, \u00e0 11H00, au cimeti\u00e8re de\u00a0Carthage.<\/strong><\/em><\/p>\n<p><!--more--><\/p>\n<p>Khalil Karoui (20 ans)\u00a0est\u00a0d\u00e9c\u00e9d\u00e9 hier dans un accident de voiture sur la route de Gammarth. Sa m\u00e8re\u00a0Salwa Smaoui, est retourn\u00e9 ce matin \u00e0 Tunis. Elle \u00e9tait en mission \u00e0 Johannesburg, en Afrique du Sud, dans le cadre de son travail en tant que General Manager \u00abWindows et Surface\u00bb \u00e0 Microsoft (Zone Europe de l\u2019ouest).<\/p>\n<p>Khalil Karoi sera enterr\u00e9 \u00e0 11H00 au cimeti\u00e8re de la Cit\u00e9\u00a0Mohamed Ali \u00e0 Carthage. Le cort\u00e8ge fun\u00e8bre quittera le domicile de la famille Karoui, sis \u00e0 la rue Colonel Bejaoui, \u00e0 la Soukra, \u00e0 10h du matin.<\/p>\n<p style=\"text-align: center;\"><img loading=\"lazy\" decoding=\"async\" class=\"alignnone size-full wp-image-62221\" src=\"http:\/\/kapitalis.com\/tunisie\/wp-content\/uploads\/2016\/08\/Famille-Karoui.jpg\" alt=\"Famille-Karoui\" width=\"500\" height=\"500\" \/><\/p>\n<p style=\"text-align: center;\"><em>Salwa Smaoui et Nabil Karoui avec leurs enfants: Kenza et le regrett\u00e9 Khalil.<\/em><\/p>\n<p><em>\u00abCe matin, mon fils Khalil, la prunelle de mes yeux, mon autre moi-m\u00eame, est mort. Qu\u2019Allah t&rsquo;accueille dans Son infinie mis\u00e9ricorde mon c\u0153ur\u00bb,<\/em> a \u00e9crit Nabil Karoui,\u00a0membre du bureau politique de Nidaa Tounes et patron de la cha\u00eene Nessma TV,\u00a0dimanche apr\u00e8s-midi, dans un post sur sa page Facebook.<\/p>\n<p style=\"text-align: center;\"><img loading=\"lazy\" decoding=\"async\" class=\"alignnone size-full wp-image-62223\" src=\"http:\/\/kapitalis.com\/tunisie\/wp-content\/uploads\/2016\/08\/Nabil-et-Khalil-Karoui.jpg\" alt=\"Nabil-et-Khalil-Karoui\" width=\"500\" height=\"300\" \/><\/p>\n<p style=\"text-align: center;\"><em>Nabil Karoui:\u00a0\u00abCe matin, mon fils Khalil, la prunelle de mes yeux, mon autre moi-m\u00eame, est mort.\u00bb<\/em><\/p>\n<p>M. Karoui est toujours sous le choc et ne r\u00e9alise pas encore l\u2019ampleur de la perte cruelle de son fils a\u00een\u00e9.<\/p>\n<p style=\"text-align: right;\"><strong>Z. A.\u00a0<\/strong><\/p>\n","protected":false},"excerpt":{"rendered":"<p>L\u2019enterrement de Khalil, fils de Nabil Karoui, aura lieu, mardi, \u00e0 11H00, au cimeti\u00e8re de\u00a0Carthage.<\/p>\n","protected":false},"author":7,"featured_media":62217,"comment_status":"open","ping_status":"open","sticky":false,"template":"","format":"standard","meta":{"footnotes":""},"categories":[996,2433],"tags":[1345,651,657],"class_list":["post-62212","post","type-post","status-publish","format-standard","has-post-thumbnail","hentry","category-media","category-tunisie","tag-enterrement","tag-nabil-karoui","tag-nessma-tv"],"yoast_head":"<!-- This site is optimized with the Yoast SEO plugin v26.6 - https:\/\/yoast.com\/wordpress\/plugins\/seo\/ -->\n<title>L\u2019enterrement de Khalil Karoui demain au cimeti\u00e8re de Carthage - Kapitalis<\/title>\n<meta name=\"robots\" content=\"index, follow, max-snippet:-1, max-image-preview:large, max-video-preview:-1\" \/>\n<link rel=\"canonical\" href=\"https:\/\/kapitalis.com\/tunisie\/2016\/08\/22\/lenterrement-de-khalil-karoui-demain-au-cimetiere-de-carthage\/\" \/>\n<meta property=\"og:locale\" content=\"fr_FR\" \/>\n<meta property=\"og:type\" content=\"article\" \/>\n<meta property=\"og:title\" content=\"L\u2019enterrement de Khalil Karoui demain au cimeti\u00e8re de Carthage - Kapitalis\" \/>\n<meta property=\"og:description\" content=\"L\u2019enterrement de Khalil, fils de Nabil Karoui, aura lieu, mardi, \u00e0 11H00, au cimeti\u00e8re de\u00a0Carthage.\" \/>\n<meta property=\"og:url\" content=\"https:\/\/kapitalis.com\/tunisie\/2016\/08\/22\/lenterrement-de-khalil-karoui-demain-au-cimetiere-de-carthage\/\" \/>\n<meta property=\"og:site_name\" content=\"Kapitalis\" \/>\n<meta property=\"article:publisher\" content=\"https:\/\/www.facebook.com\/KapitalisInfo\/\" \/>\n<meta property=\"article:published_time\" content=\"2016-08-22T11:29:42+00:00\" \/>\n<meta property=\"article:modified_time\" content=\"2016-08-22T12:00:28+00:00\" \/>\n<meta property=\"og:image\" content=\"https:\/\/kapitalis.com\/tunisie\/wp-content\/uploads\/2022\/05\/kapitalis-logo-fb.png\" \/>\n\t<meta property=\"og:image:width\" content=\"1200\" \/>\n\t<meta property=\"og:image:height\" content=\"630\" \/>\n\t<meta property=\"og:image:type\" content=\"image\/png\" \/>\n<meta name=\"author\" content=\"zohra abid\" \/>\n<meta name=\"twitter:card\" content=\"summary_large_image\" \/>\n<meta name=\"twitter:creator\" content=\"@KapitalisInfo\" \/>\n<meta name=\"twitter:site\" content=\"@KapitalisInfo\" \/>\n<meta name=\"twitter:label1\" content=\"\u00c9crit par\" \/>\n\t<meta name=\"twitter:data1\" content=\"zohra abid\" \/>\n\t<meta name=\"twitter:label2\" content=\"Dur\u00e9e de lecture estim\u00e9e\" \/>\n\t<meta name=\"twitter:data2\" content=\"1 minute\" \/>\n<script type=\"application\/ld+json\" class=\"yoast-schema-graph\">{\"@context\":\"https:\/\/schema.org\",\"@graph\":[{\"@type\":\"Article\",\"@id\":\"https:\/\/kapitalis.com\/tunisie\/2016\/08\/22\/lenterrement-de-khalil-karoui-demain-au-cimetiere-de-carthage\/#article\",\"isPartOf\":{\"@id\":\"https:\/\/kapitalis.com\/tunisie\/2016\/08\/22\/lenterrement-de-khalil-karoui-demain-au-cimetiere-de-carthage\/\"},\"author\":{\"name\":\"zohra abid\",\"@id\":\"https:\/\/kapitalis.com\/tunisie\/#\/schema\/person\/6fc2988ceb6eacf6836db1d8360b4912\"},\"headline\":\"L\u2019enterrement de Khalil Karoui demain au cimeti\u00e8re de Carthage\",\"datePublished\":\"2016-08-22T11:29:42+00:00\",\"dateModified\":\"2016-08-22T12:00:28+00:00\",\"mainEntityOfPage\":{\"@id\":\"https:\/\/kapitalis.com\/tunisie\/2016\/08\/22\/lenterrement-de-khalil-karoui-demain-au-cimetiere-de-carthage\/\"},\"wordCount\":234,\"commentCount\":41,\"publisher\":{\"@id\":\"https:\/\/kapitalis.com\/tunisie\/#organization\"},\"image\":{\"@id\":\"https:\/\/kapitalis.com\/tunisie\/2016\/08\/22\/lenterrement-de-khalil-karoui-demain-au-cimetiere-de-carthage\/#primaryimage\"},\"thumbnailUrl\":\"\",\"keywords\":[\"enterrement\",\"Nabil Karoui\",\"Nessma TV\"],\"articleSection\":[\"MEDIA\",\"Tunisie\"],\"inLanguage\":\"fr-FR\",\"potentialAction\":[{\"@type\":\"CommentAction\",\"name\":\"Comment\",\"target\":[\"https:\/\/kapitalis.com\/tunisie\/2016\/08\/22\/lenterrement-de-khalil-karoui-demain-au-cimetiere-de-carthage\/#respond\"]}]},{\"@type\":\"WebPage\",\"@id\":\"https:\/\/kapitalis.com\/tunisie\/2016\/08\/22\/lenterrement-de-khalil-karoui-demain-au-cimetiere-de-carthage\/\",\"url\":\"https:\/\/kapitalis.com\/tunisie\/2016\/08\/22\/lenterrement-de-khalil-karoui-demain-au-cimetiere-de-carthage\/\",\"name\":\"L\u2019enterrement de Khalil Karoui demain au cimeti\u00e8re de Carthage - Kapitalis\",\"isPartOf\":{\"@id\":\"https:\/\/kapitalis.com\/tunisie\/#website\"},\"primaryImageOfPage\":{\"@id\":\"https:\/\/kapitalis.com\/tunisie\/2016\/08\/22\/lenterrement-de-khalil-karoui-demain-au-cimetiere-de-carthage\/#primaryimage\"},\"image\":{\"@id\":\"https:\/\/kapitalis.com\/tunisie\/2016\/08\/22\/lenterrement-de-khalil-karoui-demain-au-cimetiere-de-carthage\/#primaryimage\"},\"thumbnailUrl\":\"\",\"datePublished\":\"2016-08-22T11:29:42+00:00\",\"dateModified\":\"2016-08-22T12:00:28+00:00\",\"breadcrumb\":{\"@id\":\"https:\/\/kapitalis.com\/tunisie\/2016\/08\/22\/lenterrement-de-khalil-karoui-demain-au-cimetiere-de-carthage\/#breadcrumb\"},\"inLanguage\":\"fr-FR\",\"potentialAction\":[{\"@type\":\"ReadAction\",\"target\":[\"https:\/\/kapitalis.com\/tunisie\/2016\/08\/22\/lenterrement-de-khalil-karoui-demain-au-cimetiere-de-carthage\/\"]}]},{\"@type\":\"ImageObject\",\"inLanguage\":\"fr-FR\",\"@id\":\"https:\/\/kapitalis.com\/tunisie\/2016\/08\/22\/lenterrement-de-khalil-karoui-demain-au-cimetiere-de-carthage\/#primaryimage\",\"url\":\"\",\"contentUrl\":\"\"},{\"@type\":\"BreadcrumbList\",\"@id\":\"https:\/\/kapitalis.com\/tunisie\/2016\/08\/22\/lenterrement-de-khalil-karoui-demain-au-cimetiere-de-carthage\/#breadcrumb\",\"itemListElement\":[{\"@type\":\"ListItem\",\"position\":1,\"name\":\"Accueil\",\"item\":\"https:\/\/kapitalis.com\/tunisie\/\"},{\"@type\":\"ListItem\",\"position\":2,\"name\":\"L\u2019enterrement de Khalil Karoui demain au cimeti\u00e8re de Carthage\"}]},{\"@type\":\"WebSite\",\"@id\":\"https:\/\/kapitalis.com\/tunisie\/#website\",\"url\":\"https:\/\/kapitalis.com\/tunisie\/\",\"name\":\"Kapitalis\",\"description\":\"L&#039;actualit\u00e9 en Tunisie et dans le monde\",\"publisher\":{\"@id\":\"https:\/\/kapitalis.com\/tunisie\/#organization\"},\"potentialAction\":[{\"@type\":\"SearchAction\",\"target\":{\"@type\":\"EntryPoint\",\"urlTemplate\":\"https:\/\/kapitalis.com\/tunisie\/?s={search_term_string}\"},\"query-input\":{\"@type\":\"PropertyValueSpecification\",\"valueRequired\":true,\"valueName\":\"search_term_string\"}}],\"inLanguage\":\"fr-FR\"},{\"@type\":\"Organization\",\"@id\":\"https:\/\/kapitalis.com\/tunisie\/#organization\",\"name\":\"Kapitalis\",\"url\":\"https:\/\/kapitalis.com\/tunisie\/\",\"logo\":{\"@type\":\"ImageObject\",\"inLanguage\":\"fr-FR\",\"@id\":\"https:\/\/kapitalis.com\/tunisie\/#\/schema\/logo\/image\/\",\"url\":\"https:\/\/kapitalis.com\/tunisie\/wp-content\/uploads\/2022\/05\/Kapitalis-big-size.png\",\"contentUrl\":\"https:\/\/kapitalis.com\/tunisie\/wp-content\/uploads\/2022\/05\/Kapitalis-big-size.png\",\"width\":5000,\"height\":1500,\"caption\":\"Kapitalis\"},\"image\":{\"@id\":\"https:\/\/kapitalis.com\/tunisie\/#\/schema\/logo\/image\/\"},\"sameAs\":[\"https:\/\/www.facebook.com\/KapitalisInfo\/\",\"https:\/\/x.com\/KapitalisInfo\",\"https:\/\/www.youtube.com\/channel\/UC-yDYrHyfFBWWZaOw3FPg9Q\"]},{\"@type\":\"Person\",\"@id\":\"https:\/\/kapitalis.com\/tunisie\/#\/schema\/person\/6fc2988ceb6eacf6836db1d8360b4912\",\"name\":\"zohra abid\",\"url\":\"https:\/\/kapitalis.com\/tunisie\/author\/zohra-abid-2015\/\"}]}<\/script>\n<!-- \/ Yoast SEO plugin. -->","yoast_head_json":{"title":"L\u2019enterrement de Khalil Karoui demain au cimeti\u00e8re de Carthage - Kapitalis","robots":{"index":"index","follow":"follow","max-snippet":"max-snippet:-1","max-image-preview":"max-image-preview:large","max-video-preview":"max-video-preview:-1"},"canonical":"https:\/\/kapitalis.com\/tunisie\/2016\/08\/22\/lenterrement-de-khalil-karoui-demain-au-cimetiere-de-carthage\/","og_locale":"fr_FR","og_type":"article","og_title":"L\u2019enterrement de Khalil Karoui demain au cimeti\u00e8re de Carthage - Kapitalis","og_description":"L\u2019enterrement de Khalil, fils de Nabil Karoui, aura lieu, mardi, \u00e0 11H00, au cimeti\u00e8re de\u00a0Carthage.","og_url":"https:\/\/kapitalis.com\/tunisie\/2016\/08\/22\/lenterrement-de-khalil-karoui-demain-au-cimetiere-de-carthage\/","og_site_name":"Kapitalis","article_publisher":"https:\/\/www.facebook.com\/KapitalisInfo\/","article_published_time":"2016-08-22T11:29:42+00:00","article_modified_time":"2016-08-22T12:00:28+00:00","og_image":[{"width":1200,"height":630,"url":"https:\/\/kapitalis.com\/tunisie\/wp-content\/uploads\/2022\/05\/kapitalis-logo-fb.png","type":"image\/png"}],"author":"zohra abid","twitter_card":"summary_large_image","twitter_creator":"@KapitalisInfo","twitter_site":"@KapitalisInfo","twitter_misc":{"\u00c9crit par":"zohra abid","Dur\u00e9e de lecture estim\u00e9e":"1 minute"},"schema":{"@context":"https:\/\/schema.org","@graph":[{"@type":"Article","@id":"https:\/\/kapitalis.com\/tunisie\/2016\/08\/22\/lenterrement-de-khalil-karoui-demain-au-cimetiere-de-carthage\/#article","isPartOf":{"@id":"https:\/\/kapitalis.com\/tunisie\/2016\/08\/22\/lenterrement-de-khalil-karoui-demain-au-cimetiere-de-carthage\/"},"author":{"name":"zohra abid","@id":"https:\/\/kapitalis.com\/tunisie\/#\/schema\/person\/6fc2988ceb6eacf6836db1d8360b4912"},"headline":"L\u2019enterrement de Khalil Karoui demain au cimeti\u00e8re de Carthage","datePublished":"2016-08-22T11:29:42+00:00","dateModified":"2016-08-22T12:00:28+00:00","mainEntityOfPage":{"@id":"https:\/\/kapitalis.com\/tunisie\/2016\/08\/22\/lenterrement-de-khalil-karoui-demain-au-cimetiere-de-carthage\/"},"wordCount":234,"commentCount":41,"publisher":{"@id":"https:\/\/kapitalis.com\/tunisie\/#organization"},"image":{"@id":"https:\/\/kapitalis.com\/tunisie\/2016\/08\/22\/lenterrement-de-khalil-karoui-demain-au-cimetiere-de-carthage\/#primaryimage"},"thumbnailUrl":"","keywords":["enterrement","Nabil Karoui","Nessma TV"],"articleSection":["MEDIA","Tunisie"],"inLanguage":"fr-FR","potentialAction":[{"@type":"CommentAction","name":"Comment","target":["https:\/\/kapitalis.com\/tunisie\/2016\/08\/22\/lenterrement-de-khalil-karoui-demain-au-cimetiere-de-carthage\/#respond"]}]},{"@type":"WebPage","@id":"https:\/\/kapitalis.com\/tunisie\/2016\/08\/22\/lenterrement-de-khalil-karoui-demain-au-cimetiere-de-carthage\/","url":"https:\/\/kapitalis.com\/tunisie\/2016\/08\/22\/lenterrement-de-khalil-karoui-demain-au-cimetiere-de-carthage\/","name":"L\u2019enterrement de Khalil Karoui demain au cimeti\u00e8re de Carthage - Kapitalis","isPartOf":{"@id":"https:\/\/kapitalis.com\/tunisie\/#website"},"primaryImageOfPage":{"@id":"https:\/\/kapitalis.com\/tunisie\/2016\/08\/22\/lenterrement-de-khalil-karoui-demain-au-cimetiere-de-carthage\/#primaryimage"},"image":{"@id":"https:\/\/kapitalis.com\/tunisie\/2016\/08\/22\/lenterrement-de-khalil-karoui-demain-au-cimetiere-de-carthage\/#primaryimage"},"thumbnailUrl":"","datePublished":"2016-08-22T11:29:42+00:00","dateModified":"2016-08-22T12:00:28+00:00","breadcrumb":{"@id":"https:\/\/kapitalis.com\/tunisie\/2016\/08\/22\/lenterrement-de-khalil-karoui-demain-au-cimetiere-de-carthage\/#breadcrumb"},"inLanguage":"fr-FR","potentialAction":[{"@type":"ReadAction","target":["https:\/\/kapitalis.com\/tunisie\/2016\/08\/22\/lenterrement-de-khalil-karoui-demain-au-cimetiere-de-carthage\/"]}]},{"@type":"ImageObject","inLanguage":"fr-FR","@id":"https:\/\/kapitalis.com\/tunisie\/2016\/08\/22\/lenterrement-de-khalil-karoui-demain-au-cimetiere-de-carthage\/#primaryimage","url":"","contentUrl":""},{"@type":"BreadcrumbList","@id":"https:\/\/kapitalis.com\/tunisie\/2016\/08\/22\/lenterrement-de-khalil-karoui-demain-au-cimetiere-de-carthage\/#breadcrumb","itemListElement":[{"@type":"ListItem","position":1,"name":"Accueil","item":"https:\/\/kapitalis.com\/tunisie\/"},{"@type":"ListItem","position":2,"name":"L\u2019enterrement de Khalil Karoui demain au cimeti\u00e8re de Carthage"}]},{"@type":"WebSite","@id":"https:\/\/kapitalis.com\/tunisie\/#website","url":"https:\/\/kapitalis.com\/tunisie\/","name":"Kapitalis","description":"L&#039;actualit\u00e9 en Tunisie et dans le monde","publisher":{"@id":"https:\/\/kapitalis.com\/tunisie\/#organization"},"potentialAction":[{"@type":"SearchAction","target":{"@type":"EntryPoint","urlTemplate":"https:\/\/kapitalis.com\/tunisie\/?s={search_term_string}"},"query-input":{"@type":"PropertyValueSpecification","valueRequired":true,"valueName":"search_term_string"}}],"inLanguage":"fr-FR"},{"@type":"Organization","@id":"https:\/\/kapitalis.com\/tunisie\/#organization","name":"Kapitalis","url":"https:\/\/kapitalis.com\/tunisie\/","logo":{"@type":"ImageObject","inLanguage":"fr-FR","@id":"https:\/\/kapitalis.com\/tunisie\/#\/schema\/logo\/image\/","url":"https:\/\/kapitalis.com\/tunisie\/wp-content\/uploads\/2022\/05\/Kapitalis-big-size.png","contentUrl":"https:\/\/kapitalis.com\/tunisie\/wp-content\/uploads\/2022\/05\/Kapitalis-big-size.png","width":5000,"height":1500,"caption":"Kapitalis"},"image":{"@id":"https:\/\/kapitalis.com\/tunisie\/#\/schema\/logo\/image\/"},"sameAs":["https:\/\/www.facebook.com\/KapitalisInfo\/","https:\/\/x.com\/KapitalisInfo","https:\/\/www.youtube.com\/channel\/UC-yDYrHyfFBWWZaOw3FPg9Q"]},{"@type":"Person","@id":"https:\/\/kapitalis.com\/tunisie\/#\/schema\/person\/6fc2988ceb6eacf6836db1d8360b4912","name":"zohra abid","url":"https:\/\/kapitalis.com\/tunisie\/author\/zohra-abid-2015\/"}]}},"_links":{"self":[{"href":"https:\/\/kapitalis.com\/tunisie\/wp-json\/wp\/v2\/posts\/62212","targetHints":{"allow":["GET"]}}],"collection":[{"href":"https:\/\/kapitalis.com\/tunisie\/wp-json\/wp\/v2\/posts"}],"about":[{"href":"https:\/\/kapitalis.com\/tunisie\/wp-json\/wp\/v2\/types\/post"}],"author":[{"embeddable":true,"href":"https:\/\/kapitalis.com\/tunisie\/wp-json\/wp\/v2\/users\/7"}],"replies":[{"embeddable":true,"href":"https:\/\/kapitalis.com\/tunisie\/wp-json\/wp\/v2\/comments?post=62212"}],"version-history":[{"count":0,"href":"https:\/\/kapitalis.com\/tunisie\/wp-json\/wp\/v2\/posts\/62212\/revisions"}],"wp:featuredmedia":[{"embeddable":true,"href":"https:\/\/kapitalis.com\/tunisie\/wp-json\/wp\/v2\/media\/62217"}],"wp:attachment":[{"href":"https:\/\/kapitalis.com\/tunisie\/wp-json\/wp\/v2\/media?parent=62212"}],"wp:term":[{"taxonomy":"category","embeddable":true,"href":"https:\/\/kapitalis.com\/tunisie\/wp-json\/wp\/v2\/categories?post=62212"},{"taxonomy":"post_tag","embeddable":true,"href":"https:\/\/kapitalis.com\/tunisie\/wp-json\/wp\/v2\/tags?post=62212"}],"curies":[{"name":"wp","href":"https:\/\/api.w.org\/{rel}","templated":true}]}}