{"id":6225012,"date":"2023-01-28T23:38:13","date_gmt":"2023-01-28T22:38:13","guid":{"rendered":"https:\/\/kapitalis.com\/tunisie\/?p=6225012"},"modified":"2023-01-28T23:41:16","modified_gmt":"2023-01-28T22:41:16","slug":"ouverture-des-inscriptions-du-prix-abdelwaheb-ben-ayed-de-litterature","status":"publish","type":"post","link":"https:\/\/kapitalis.com\/tunisie\/2023\/01\/28\/ouverture-des-inscriptions-du-prix-abdelwaheb-ben-ayed-de-litterature\/","title":{"rendered":"Ouverture des inscriptions au concours du Prix Abdelwaheb Ben Ayed de litt\u00e9rature"},"content":{"rendered":"\n<p><strong><em>La Fondation Abdelwaheb Ben Ayed a l\u2019honneur et le plaisir de vous annoncer l\u2019ouverture des inscriptions au concours du Prix Abdelwaheb Ben Ayed de litt\u00e9rature dans sa troisi\u00e8me \u00e9dition 2023 et ce \u00e0 partir du 23 janvier courant.<\/em><\/strong><\/p>\n\n\n\n<!--more-->\n\n\n\n<p>Cette troisi\u00e8me \u00e9dition r\u00e9compense la meilleure \u0153uvre dans les cat\u00e9gories litt\u00e9raires suivantes :<\/p>\n\n\n\n<ol class=\"wp-block-list\">\n<li>Le roman ou le recueil de nouvelles en langue arabe : 20.000 DT<\/li>\n\n\n\n<li>Le roman ou le recueil de nouvelles en langue fran\u00e7aise : 20.000 DT<\/li>\n\n\n\n<li>L\u2019essai en langue arabe ou fran\u00e7aise : 20.000 DT<\/li>\n\n\n\n<li>Le recueil de po\u00e9sie en arabe ou en fran\u00e7ais : 20.000 DT<\/li>\n\n\n\n<li>Le livre ou bande dessin\u00e9e adress\u00e9s \u00e0 l\u2019enfant et \/ ou l\u2019adolescent : 10.000 DT<br>\u2022 Huit ( 08 ) exemplaires pour chaque cat\u00e9gorie de prix choisie doivent \u00eatre d\u00e9pos\u00e9s \u00e0 l\u2019adresse suivante :<br>Immeuble 1 Skazar 3e \u00e9tage Rue Alfred Nobel Les Berges du Lac 3 2015 Tunis, Tunisie<\/li>\n<\/ol>\n\n\n\n<p>\u2022 Les \u0153uvres concourant au prix doivent \u00eatre pr\u00e9sent\u00e9es en accord entre l\u2019auteur et l\u2019\u00e9diteur.<br>\u2022 Le dernier d\u00e9lai de d\u00e9p\u00f4t des \u0153uvres postulantes au prix est fix\u00e9 au 30 juin 2023.<br>\u2022 Les \u0153uvres doivent \u00eatre publi\u00e9es en Tunisie ou en co\u00e9dition avec une maison d\u2019\u00e9dition tunisienne en 2022-2023.<br>\u2022 Les \u0153uvres non retenues ne sont pas retourn\u00e9es.<br>\u2022 Les \u0153uvres postulant au prix ne doivent pas avoir \u00e9t\u00e9 d\u00e9j\u00e0 prim\u00e9es dans un autre prix litt\u00e9raire.<br>\u2022 La candidature au prix n\u2019est retenue que si l\u2019auteur s\u2019engage par \u00e9crit au moment de l\u2019inscription ou du d\u00e9p\u00f4t des \u0153uvres, comme dernier d\u00e9lai, \u00e0 coller sur le livre, s\u2019il est prim\u00e9, un bandeau portant la mention \u00ab Prix Abdelwaheb Ben Ayed de litt\u00e9rature \u00bb, la cat\u00e9gorie du prix, la session et l\u2019ann\u00e9e correspondante. Ces bandeaux seront fournis par la Fondation Abdelwaheb Ben Ayed \u00e0 l\u2019occasion de la c\u00e9r\u00e9monie de proclamation des r\u00e9sultats, et le ch\u00e8que n\u2019est remis au gagnant que si cet engagement est respect\u00e9.<br>\u2022 Une copie du livre sera remise le jour de la remise du ch\u00e8que \u00e0 FABA.<br>Pour concourir au prix, nous vous invitons \u00e0 consulter la charte du Prix publi\u00e9e sur le site ou la page facebook de la Fondation et \u00e0 vous y inscrire en remplissant soigneusement le formulaire d\u2019inscription disponible sur le site ou au si\u00e8ge de la fondation dont l\u2019adresse est indiqu\u00e9e ci-dessus.<\/p>\n\n\n\n<p>Lien du formulaire d&rsquo;inscription :<br>https:\/\/docs.google.com\/\u2026\/1FAIpQLSeKN3QiXvSD3n\u2026\/viewform<\/p>\n\n\n\n<p>Lien charte en fran\u00e7ais :<br>https:\/\/drive.google.com\/\u2026\/1E5CW8p9NVz\u2026\/view<\/p>\n\n\n\n<p>Site :<br>http:\/\/fondation-aba.org\/<\/p>\n\n\n\n<p class=\"has-text-align-right\"><strong>Communiqu\u00e9<\/strong><\/p>\n","protected":false},"excerpt":{"rendered":"<p>Ouverture des inscriptions au concours du Prix Abdelwaheb Ben Ayed de litt\u00e9rature<\/p>\n","protected":false},"author":6,"featured_media":6225025,"comment_status":"open","ping_status":"open","sticky":false,"template":"","format":"standard","meta":{"footnotes":""},"categories":[994,2433],"tags":[7259,106310,87511,6068,10895,6901,106311,5815],"class_list":["post-6225012","post","type-post","status-publish","format-standard","has-post-thumbnail","hentry","category-culture","category-tunisie","tag-candidature","tag-faba","tag-fondation-abdelwaheb-ben-ayed","tag-inscriptions","tag-langue-francaise","tag-litterature","tag-recueil","tag-roman"],"yoast_head":"<!-- This site is optimized with the Yoast SEO plugin v26.6 - https:\/\/yoast.com\/wordpress\/plugins\/seo\/ -->\n<title>Ouverture des inscriptions au concours du Prix Abdelwaheb Ben Ayed de litt\u00e9rature - Kapitalis<\/title>\n<meta name=\"description\" content=\"La Fondation Abdelwaheb Ben Ayed a l\u2019honneur et le plaisir de vous annoncer l\u2019ouverture des inscriptions au concours du Prix Abdelwaheb Ben Ayed de litt\u00e9rature dans sa troisi\u00e8me \u00e9dition 2023 et ce \u00e0 partir du 23 janvier courant.\" \/>\n<meta name=\"robots\" content=\"index, follow, max-snippet:-1, max-image-preview:large, max-video-preview:-1\" \/>\n<link rel=\"canonical\" href=\"https:\/\/kapitalis.com\/tunisie\/2023\/01\/28\/ouverture-des-inscriptions-du-prix-abdelwaheb-ben-ayed-de-litterature\/\" \/>\n<meta property=\"og:locale\" content=\"fr_FR\" \/>\n<meta property=\"og:type\" content=\"article\" \/>\n<meta property=\"og:title\" content=\"Ouverture des inscriptions au concours du Prix Abdelwaheb Ben Ayed de litt\u00e9rature - Kapitalis\" \/>\n<meta property=\"og:description\" content=\"La Fondation Abdelwaheb Ben Ayed a l\u2019honneur et le plaisir de vous annoncer l\u2019ouverture des inscriptions au concours du Prix Abdelwaheb Ben Ayed de litt\u00e9rature dans sa troisi\u00e8me \u00e9dition 2023 et ce \u00e0 partir du 23 janvier courant.\" \/>\n<meta property=\"og:url\" content=\"https:\/\/kapitalis.com\/tunisie\/2023\/01\/28\/ouverture-des-inscriptions-du-prix-abdelwaheb-ben-ayed-de-litterature\/\" \/>\n<meta property=\"og:site_name\" content=\"Kapitalis\" \/>\n<meta property=\"article:publisher\" content=\"https:\/\/www.facebook.com\/KapitalisInfo\/\" \/>\n<meta property=\"article:published_time\" content=\"2023-01-28T22:38:13+00:00\" \/>\n<meta property=\"article:modified_time\" content=\"2023-01-28T22:41:16+00:00\" \/>\n<meta property=\"og:image\" content=\"https:\/\/kapitalis.com\/tunisie\/wp-content\/uploads\/2023\/01\/Prix-Abdelwaheb-Ben-Ayed-de-litterature.jpg\" \/>\n\t<meta property=\"og:image:width\" content=\"1200\" \/>\n\t<meta property=\"og:image:height\" content=\"630\" \/>\n\t<meta property=\"og:image:type\" content=\"image\/jpeg\" \/>\n<meta name=\"author\" content=\"Yusra NY\" \/>\n<meta name=\"twitter:card\" content=\"summary_large_image\" \/>\n<meta name=\"twitter:creator\" content=\"@KapitalisInfo\" \/>\n<meta name=\"twitter:site\" content=\"@KapitalisInfo\" \/>\n<meta name=\"twitter:label1\" content=\"\u00c9crit par\" \/>\n\t<meta name=\"twitter:data1\" content=\"Yusra NY\" \/>\n\t<meta name=\"twitter:label2\" content=\"Dur\u00e9e de lecture estim\u00e9e\" \/>\n\t<meta name=\"twitter:data2\" content=\"2 minutes\" \/>\n<script type=\"application\/ld+json\" class=\"yoast-schema-graph\">{\"@context\":\"https:\/\/schema.org\",\"@graph\":[{\"@type\":\"Article\",\"@id\":\"https:\/\/kapitalis.com\/tunisie\/2023\/01\/28\/ouverture-des-inscriptions-du-prix-abdelwaheb-ben-ayed-de-litterature\/#article\",\"isPartOf\":{\"@id\":\"https:\/\/kapitalis.com\/tunisie\/2023\/01\/28\/ouverture-des-inscriptions-du-prix-abdelwaheb-ben-ayed-de-litterature\/\"},\"author\":{\"name\":\"Yusra NY\",\"@id\":\"https:\/\/kapitalis.com\/tunisie\/#\/schema\/person\/74bbde0154d49d790a92aaeac5bc01d5\"},\"headline\":\"Ouverture des inscriptions au concours du Prix Abdelwaheb Ben Ayed de litt\u00e9rature\",\"datePublished\":\"2023-01-28T22:38:13+00:00\",\"dateModified\":\"2023-01-28T22:41:16+00:00\",\"mainEntityOfPage\":{\"@id\":\"https:\/\/kapitalis.com\/tunisie\/2023\/01\/28\/ouverture-des-inscriptions-du-prix-abdelwaheb-ben-ayed-de-litterature\/\"},\"wordCount\":440,\"commentCount\":0,\"publisher\":{\"@id\":\"https:\/\/kapitalis.com\/tunisie\/#organization\"},\"image\":{\"@id\":\"https:\/\/kapitalis.com\/tunisie\/2023\/01\/28\/ouverture-des-inscriptions-du-prix-abdelwaheb-ben-ayed-de-litterature\/#primaryimage\"},\"thumbnailUrl\":\"https:\/\/kapitalis.com\/tunisie\/wp-content\/uploads\/2023\/01\/Prix-Abdelwaheb-Ben-Ayed-de-litterature.jpg\",\"keywords\":[\"candidature\",\"FABA\",\"Fondation Abdelwaheb Ben Ayed\",\"inscriptions\",\"langue fran\u00e7aise\",\"litt\u00e9rature\",\"recueil\",\"roman\"],\"articleSection\":[\"CULTURE\",\"Tunisie\"],\"inLanguage\":\"fr-FR\",\"potentialAction\":[{\"@type\":\"CommentAction\",\"name\":\"Comment\",\"target\":[\"https:\/\/kapitalis.com\/tunisie\/2023\/01\/28\/ouverture-des-inscriptions-du-prix-abdelwaheb-ben-ayed-de-litterature\/#respond\"]}]},{\"@type\":\"WebPage\",\"@id\":\"https:\/\/kapitalis.com\/tunisie\/2023\/01\/28\/ouverture-des-inscriptions-du-prix-abdelwaheb-ben-ayed-de-litterature\/\",\"url\":\"https:\/\/kapitalis.com\/tunisie\/2023\/01\/28\/ouverture-des-inscriptions-du-prix-abdelwaheb-ben-ayed-de-litterature\/\",\"name\":\"Ouverture des inscriptions au concours du Prix Abdelwaheb Ben Ayed de litt\u00e9rature - Kapitalis\",\"isPartOf\":{\"@id\":\"https:\/\/kapitalis.com\/tunisie\/#website\"},\"primaryImageOfPage\":{\"@id\":\"https:\/\/kapitalis.com\/tunisie\/2023\/01\/28\/ouverture-des-inscriptions-du-prix-abdelwaheb-ben-ayed-de-litterature\/#primaryimage\"},\"image\":{\"@id\":\"https:\/\/kapitalis.com\/tunisie\/2023\/01\/28\/ouverture-des-inscriptions-du-prix-abdelwaheb-ben-ayed-de-litterature\/#primaryimage\"},\"thumbnailUrl\":\"https:\/\/kapitalis.com\/tunisie\/wp-content\/uploads\/2023\/01\/Prix-Abdelwaheb-Ben-Ayed-de-litterature.jpg\",\"datePublished\":\"2023-01-28T22:38:13+00:00\",\"dateModified\":\"2023-01-28T22:41:16+00:00\",\"description\":\"La Fondation Abdelwaheb Ben Ayed a l\u2019honneur et le plaisir de vous annoncer l\u2019ouverture des inscriptions au concours du Prix Abdelwaheb Ben Ayed de litt\u00e9rature dans sa troisi\u00e8me \u00e9dition 2023 et ce \u00e0 partir du 23 janvier courant.\",\"breadcrumb\":{\"@id\":\"https:\/\/kapitalis.com\/tunisie\/2023\/01\/28\/ouverture-des-inscriptions-du-prix-abdelwaheb-ben-ayed-de-litterature\/#breadcrumb\"},\"inLanguage\":\"fr-FR\",\"potentialAction\":[{\"@type\":\"ReadAction\",\"target\":[\"https:\/\/kapitalis.com\/tunisie\/2023\/01\/28\/ouverture-des-inscriptions-du-prix-abdelwaheb-ben-ayed-de-litterature\/\"]}]},{\"@type\":\"ImageObject\",\"inLanguage\":\"fr-FR\",\"@id\":\"https:\/\/kapitalis.com\/tunisie\/2023\/01\/28\/ouverture-des-inscriptions-du-prix-abdelwaheb-ben-ayed-de-litterature\/#primaryimage\",\"url\":\"https:\/\/kapitalis.com\/tunisie\/wp-content\/uploads\/2023\/01\/Prix-Abdelwaheb-Ben-Ayed-de-litterature.jpg\",\"contentUrl\":\"https:\/\/kapitalis.com\/tunisie\/wp-content\/uploads\/2023\/01\/Prix-Abdelwaheb-Ben-Ayed-de-litterature.jpg\",\"width\":1200,\"height\":630},{\"@type\":\"BreadcrumbList\",\"@id\":\"https:\/\/kapitalis.com\/tunisie\/2023\/01\/28\/ouverture-des-inscriptions-du-prix-abdelwaheb-ben-ayed-de-litterature\/#breadcrumb\",\"itemListElement\":[{\"@type\":\"ListItem\",\"position\":1,\"name\":\"Accueil\",\"item\":\"https:\/\/kapitalis.com\/tunisie\/\"},{\"@type\":\"ListItem\",\"position\":2,\"name\":\"Ouverture des inscriptions au concours du Prix Abdelwaheb Ben Ayed de litt\u00e9rature\"}]},{\"@type\":\"WebSite\",\"@id\":\"https:\/\/kapitalis.com\/tunisie\/#website\",\"url\":\"https:\/\/kapitalis.com\/tunisie\/\",\"name\":\"Kapitalis\",\"description\":\"L&#039;actualit\u00e9 en Tunisie et dans le monde\",\"publisher\":{\"@id\":\"https:\/\/kapitalis.com\/tunisie\/#organization\"},\"potentialAction\":[{\"@type\":\"SearchAction\",\"target\":{\"@type\":\"EntryPoint\",\"urlTemplate\":\"https:\/\/kapitalis.com\/tunisie\/?s={search_term_string}\"},\"query-input\":{\"@type\":\"PropertyValueSpecification\",\"valueRequired\":true,\"valueName\":\"search_term_string\"}}],\"inLanguage\":\"fr-FR\"},{\"@type\":\"Organization\",\"@id\":\"https:\/\/kapitalis.com\/tunisie\/#organization\",\"name\":\"Kapitalis\",\"url\":\"https:\/\/kapitalis.com\/tunisie\/\",\"logo\":{\"@type\":\"ImageObject\",\"inLanguage\":\"fr-FR\",\"@id\":\"https:\/\/kapitalis.com\/tunisie\/#\/schema\/logo\/image\/\",\"url\":\"https:\/\/kapitalis.com\/tunisie\/wp-content\/uploads\/2022\/05\/Kapitalis-big-size.png\",\"contentUrl\":\"https:\/\/kapitalis.com\/tunisie\/wp-content\/uploads\/2022\/05\/Kapitalis-big-size.png\",\"width\":5000,\"height\":1500,\"caption\":\"Kapitalis\"},\"image\":{\"@id\":\"https:\/\/kapitalis.com\/tunisie\/#\/schema\/logo\/image\/\"},\"sameAs\":[\"https:\/\/www.facebook.com\/KapitalisInfo\/\",\"https:\/\/x.com\/KapitalisInfo\",\"https:\/\/www.youtube.com\/channel\/UC-yDYrHyfFBWWZaOw3FPg9Q\"]},{\"@type\":\"Person\",\"@id\":\"https:\/\/kapitalis.com\/tunisie\/#\/schema\/person\/74bbde0154d49d790a92aaeac5bc01d5\",\"name\":\"Yusra NY\",\"url\":\"https:\/\/kapitalis.com\/tunisie\/author\/yuza_adam\/\"}]}<\/script>\n<!-- \/ Yoast SEO plugin. -->","yoast_head_json":{"title":"Ouverture des inscriptions au concours du Prix Abdelwaheb Ben Ayed de litt\u00e9rature - Kapitalis","description":"La Fondation Abdelwaheb Ben Ayed a l\u2019honneur et le plaisir de vous annoncer l\u2019ouverture des inscriptions au concours du Prix Abdelwaheb Ben Ayed de litt\u00e9rature dans sa troisi\u00e8me \u00e9dition 2023 et ce \u00e0 partir du 23 janvier courant.","robots":{"index":"index","follow":"follow","max-snippet":"max-snippet:-1","max-image-preview":"max-image-preview:large","max-video-preview":"max-video-preview:-1"},"canonical":"https:\/\/kapitalis.com\/tunisie\/2023\/01\/28\/ouverture-des-inscriptions-du-prix-abdelwaheb-ben-ayed-de-litterature\/","og_locale":"fr_FR","og_type":"article","og_title":"Ouverture des inscriptions au concours du Prix Abdelwaheb Ben Ayed de litt\u00e9rature - Kapitalis","og_description":"La Fondation Abdelwaheb Ben Ayed a l\u2019honneur et le plaisir de vous annoncer l\u2019ouverture des inscriptions au concours du Prix Abdelwaheb Ben Ayed de litt\u00e9rature dans sa troisi\u00e8me \u00e9dition 2023 et ce \u00e0 partir du 23 janvier courant.","og_url":"https:\/\/kapitalis.com\/tunisie\/2023\/01\/28\/ouverture-des-inscriptions-du-prix-abdelwaheb-ben-ayed-de-litterature\/","og_site_name":"Kapitalis","article_publisher":"https:\/\/www.facebook.com\/KapitalisInfo\/","article_published_time":"2023-01-28T22:38:13+00:00","article_modified_time":"2023-01-28T22:41:16+00:00","og_image":[{"width":1200,"height":630,"url":"https:\/\/kapitalis.com\/tunisie\/wp-content\/uploads\/2023\/01\/Prix-Abdelwaheb-Ben-Ayed-de-litterature.jpg","type":"image\/jpeg"}],"author":"Yusra NY","twitter_card":"summary_large_image","twitter_creator":"@KapitalisInfo","twitter_site":"@KapitalisInfo","twitter_misc":{"\u00c9crit par":"Yusra NY","Dur\u00e9e de lecture estim\u00e9e":"2 minutes"},"schema":{"@context":"https:\/\/schema.org","@graph":[{"@type":"Article","@id":"https:\/\/kapitalis.com\/tunisie\/2023\/01\/28\/ouverture-des-inscriptions-du-prix-abdelwaheb-ben-ayed-de-litterature\/#article","isPartOf":{"@id":"https:\/\/kapitalis.com\/tunisie\/2023\/01\/28\/ouverture-des-inscriptions-du-prix-abdelwaheb-ben-ayed-de-litterature\/"},"author":{"name":"Yusra NY","@id":"https:\/\/kapitalis.com\/tunisie\/#\/schema\/person\/74bbde0154d49d790a92aaeac5bc01d5"},"headline":"Ouverture des inscriptions au concours du Prix Abdelwaheb Ben Ayed de litt\u00e9rature","datePublished":"2023-01-28T22:38:13+00:00","dateModified":"2023-01-28T22:41:16+00:00","mainEntityOfPage":{"@id":"https:\/\/kapitalis.com\/tunisie\/2023\/01\/28\/ouverture-des-inscriptions-du-prix-abdelwaheb-ben-ayed-de-litterature\/"},"wordCount":440,"commentCount":0,"publisher":{"@id":"https:\/\/kapitalis.com\/tunisie\/#organization"},"image":{"@id":"https:\/\/kapitalis.com\/tunisie\/2023\/01\/28\/ouverture-des-inscriptions-du-prix-abdelwaheb-ben-ayed-de-litterature\/#primaryimage"},"thumbnailUrl":"https:\/\/kapitalis.com\/tunisie\/wp-content\/uploads\/2023\/01\/Prix-Abdelwaheb-Ben-Ayed-de-litterature.jpg","keywords":["candidature","FABA","Fondation Abdelwaheb Ben Ayed","inscriptions","langue fran\u00e7aise","litt\u00e9rature","recueil","roman"],"articleSection":["CULTURE","Tunisie"],"inLanguage":"fr-FR","potentialAction":[{"@type":"CommentAction","name":"Comment","target":["https:\/\/kapitalis.com\/tunisie\/2023\/01\/28\/ouverture-des-inscriptions-du-prix-abdelwaheb-ben-ayed-de-litterature\/#respond"]}]},{"@type":"WebPage","@id":"https:\/\/kapitalis.com\/tunisie\/2023\/01\/28\/ouverture-des-inscriptions-du-prix-abdelwaheb-ben-ayed-de-litterature\/","url":"https:\/\/kapitalis.com\/tunisie\/2023\/01\/28\/ouverture-des-inscriptions-du-prix-abdelwaheb-ben-ayed-de-litterature\/","name":"Ouverture des inscriptions au concours du Prix Abdelwaheb Ben Ayed de litt\u00e9rature - Kapitalis","isPartOf":{"@id":"https:\/\/kapitalis.com\/tunisie\/#website"},"primaryImageOfPage":{"@id":"https:\/\/kapitalis.com\/tunisie\/2023\/01\/28\/ouverture-des-inscriptions-du-prix-abdelwaheb-ben-ayed-de-litterature\/#primaryimage"},"image":{"@id":"https:\/\/kapitalis.com\/tunisie\/2023\/01\/28\/ouverture-des-inscriptions-du-prix-abdelwaheb-ben-ayed-de-litterature\/#primaryimage"},"thumbnailUrl":"https:\/\/kapitalis.com\/tunisie\/wp-content\/uploads\/2023\/01\/Prix-Abdelwaheb-Ben-Ayed-de-litterature.jpg","datePublished":"2023-01-28T22:38:13+00:00","dateModified":"2023-01-28T22:41:16+00:00","description":"La Fondation Abdelwaheb Ben Ayed a l\u2019honneur et le plaisir de vous annoncer l\u2019ouverture des inscriptions au concours du Prix Abdelwaheb Ben Ayed de litt\u00e9rature dans sa troisi\u00e8me \u00e9dition 2023 et ce \u00e0 partir du 23 janvier courant.","breadcrumb":{"@id":"https:\/\/kapitalis.com\/tunisie\/2023\/01\/28\/ouverture-des-inscriptions-du-prix-abdelwaheb-ben-ayed-de-litterature\/#breadcrumb"},"inLanguage":"fr-FR","potentialAction":[{"@type":"ReadAction","target":["https:\/\/kapitalis.com\/tunisie\/2023\/01\/28\/ouverture-des-inscriptions-du-prix-abdelwaheb-ben-ayed-de-litterature\/"]}]},{"@type":"ImageObject","inLanguage":"fr-FR","@id":"https:\/\/kapitalis.com\/tunisie\/2023\/01\/28\/ouverture-des-inscriptions-du-prix-abdelwaheb-ben-ayed-de-litterature\/#primaryimage","url":"https:\/\/kapitalis.com\/tunisie\/wp-content\/uploads\/2023\/01\/Prix-Abdelwaheb-Ben-Ayed-de-litterature.jpg","contentUrl":"https:\/\/kapitalis.com\/tunisie\/wp-content\/uploads\/2023\/01\/Prix-Abdelwaheb-Ben-Ayed-de-litterature.jpg","width":1200,"height":630},{"@type":"BreadcrumbList","@id":"https:\/\/kapitalis.com\/tunisie\/2023\/01\/28\/ouverture-des-inscriptions-du-prix-abdelwaheb-ben-ayed-de-litterature\/#breadcrumb","itemListElement":[{"@type":"ListItem","position":1,"name":"Accueil","item":"https:\/\/kapitalis.com\/tunisie\/"},{"@type":"ListItem","position":2,"name":"Ouverture des inscriptions au concours du Prix Abdelwaheb Ben Ayed de litt\u00e9rature"}]},{"@type":"WebSite","@id":"https:\/\/kapitalis.com\/tunisie\/#website","url":"https:\/\/kapitalis.com\/tunisie\/","name":"Kapitalis","description":"L&#039;actualit\u00e9 en Tunisie et dans le monde","publisher":{"@id":"https:\/\/kapitalis.com\/tunisie\/#organization"},"potentialAction":[{"@type":"SearchAction","target":{"@type":"EntryPoint","urlTemplate":"https:\/\/kapitalis.com\/tunisie\/?s={search_term_string}"},"query-input":{"@type":"PropertyValueSpecification","valueRequired":true,"valueName":"search_term_string"}}],"inLanguage":"fr-FR"},{"@type":"Organization","@id":"https:\/\/kapitalis.com\/tunisie\/#organization","name":"Kapitalis","url":"https:\/\/kapitalis.com\/tunisie\/","logo":{"@type":"ImageObject","inLanguage":"fr-FR","@id":"https:\/\/kapitalis.com\/tunisie\/#\/schema\/logo\/image\/","url":"https:\/\/kapitalis.com\/tunisie\/wp-content\/uploads\/2022\/05\/Kapitalis-big-size.png","contentUrl":"https:\/\/kapitalis.com\/tunisie\/wp-content\/uploads\/2022\/05\/Kapitalis-big-size.png","width":5000,"height":1500,"caption":"Kapitalis"},"image":{"@id":"https:\/\/kapitalis.com\/tunisie\/#\/schema\/logo\/image\/"},"sameAs":["https:\/\/www.facebook.com\/KapitalisInfo\/","https:\/\/x.com\/KapitalisInfo","https:\/\/www.youtube.com\/channel\/UC-yDYrHyfFBWWZaOw3FPg9Q"]},{"@type":"Person","@id":"https:\/\/kapitalis.com\/tunisie\/#\/schema\/person\/74bbde0154d49d790a92aaeac5bc01d5","name":"Yusra NY","url":"https:\/\/kapitalis.com\/tunisie\/author\/yuza_adam\/"}]}},"_links":{"self":[{"href":"https:\/\/kapitalis.com\/tunisie\/wp-json\/wp\/v2\/posts\/6225012","targetHints":{"allow":["GET"]}}],"collection":[{"href":"https:\/\/kapitalis.com\/tunisie\/wp-json\/wp\/v2\/posts"}],"about":[{"href":"https:\/\/kapitalis.com\/tunisie\/wp-json\/wp\/v2\/types\/post"}],"author":[{"embeddable":true,"href":"https:\/\/kapitalis.com\/tunisie\/wp-json\/wp\/v2\/users\/6"}],"replies":[{"embeddable":true,"href":"https:\/\/kapitalis.com\/tunisie\/wp-json\/wp\/v2\/comments?post=6225012"}],"version-history":[{"count":3,"href":"https:\/\/kapitalis.com\/tunisie\/wp-json\/wp\/v2\/posts\/6225012\/revisions"}],"predecessor-version":[{"id":6225053,"href":"https:\/\/kapitalis.com\/tunisie\/wp-json\/wp\/v2\/posts\/6225012\/revisions\/6225053"}],"wp:featuredmedia":[{"embeddable":true,"href":"https:\/\/kapitalis.com\/tunisie\/wp-json\/wp\/v2\/media\/6225025"}],"wp:attachment":[{"href":"https:\/\/kapitalis.com\/tunisie\/wp-json\/wp\/v2\/media?parent=6225012"}],"wp:term":[{"taxonomy":"category","embeddable":true,"href":"https:\/\/kapitalis.com\/tunisie\/wp-json\/wp\/v2\/categories?post=6225012"},{"taxonomy":"post_tag","embeddable":true,"href":"https:\/\/kapitalis.com\/tunisie\/wp-json\/wp\/v2\/tags?post=6225012"}],"curies":[{"name":"wp","href":"https:\/\/api.w.org\/{rel}","templated":true}]}}