{"id":62274,"date":"2016-08-22T19:33:25","date_gmt":"2016-08-22T18:33:25","guid":{"rendered":"http:\/\/kapitalis.com\/tunisie\/?p=62274"},"modified":"2016-08-24T12:38:12","modified_gmt":"2016-08-24T11:38:12","slug":"mendicite-un-pere-exploite-ses-enfants-a-sfax","status":"publish","type":"post","link":"https:\/\/kapitalis.com\/tunisie\/2016\/08\/22\/mendicite-un-pere-exploite-ses-enfants-a-sfax\/","title":{"rendered":"Mendicit\u00e9 : Un p\u00e8re exploite ses enfants \u00e0 Sfax"},"content":{"rendered":"<p style=\"text-align: center;\"><img loading=\"lazy\" decoding=\"async\" class=\"alignnone size-full wp-image-62276\" src=\"http:\/\/kapitalis.com\/tunisie\/wp-content\/uploads\/2016\/08\/Sfax-mendicit\u00e9.jpg\" alt=\"Sfax mendicit\u00e9\" width=\"626\" height=\"380\" \/><\/p>\n<p><em><strong>La police de Sfax a arr\u00eat\u00e9 un p\u00e8re de famille qui exploite ses enfants en les obligeant \u00e0 mendier. Il pourrait \u00eatre li\u00e9 \u00e0 un\u00a0r\u00e9seau de mendicit\u00e9 r\u00e9cemment d\u00e9mantel\u00e9. \u00a0\u00a0\u00a0<\/strong><\/em><\/p>\n<p><!--more--><\/p>\n<p>L\u2019homme est p\u00e8re de 5 enfants \u00e2g\u00e9s de 9 mois \u00e0 14 ans. Il exploitait les plus grands en les obligeant \u00e0 mendier dans les\u00a0rues de la localit\u00e9 de Sidi Abbes. Ils \u00e9taient tenus de mendier tous les jours de 6h du matin \u00e0 19h le soir.<\/p>\n<p>Selon des sources s\u00e9curitaires, l&rsquo;homme\u00a0est en bonne sant\u00e9 et pouvait travailler, mais il vit de la mendicit\u00e9 depuis plusieurs ann\u00e9es et a fond\u00e9 une famille\u00a0et\u00a0fait des enfants qu&rsquo;il exploite. Son \u00e9pouse serait repartie, avec leur b\u00e9b\u00e9 et 2 autres de leurs enfants, aupr\u00e8s de sa famille, dans une ville du nord de la Tunisie.<\/p>\n<div class=\"embed\">\n<div class=\"video\">\n<iframe loading=\"lazy\" src=\"https:\/\/www.facebook.com\/plugins\/video.php?href=https%3A%2F%2Fwww.facebook.com%2Fanbaatounes%2Fvideos%2F1735992120007787%2F&#038;show_text=0&#038;width=400\" width=\"400\" height=\"400\" style=\"border:none;overflow:hidden\" scrolling=\"no\" frameborder=\"0\" allowTransparency=\"true\" allowFullScreen=\"true\"><\/iframe>\n<\/div>\n<\/div>\n<p>&nbsp;<br \/>\nL&rsquo;homme, qui est aussi recherch\u00e9 pour agressions et violences, avait cach\u00e9 pr\u00e8s de 30.000 dinars chez lui, dans une maison qu\u2019il loue \u00e0 120 dinars par mois.<\/p>\n<p>La police a confi\u00e9 les 2 enfants exploit\u00e9s \u00e0 la direction r\u00e9gionale de la protection de l\u2019enfance de Sfax et l\u2019enqu\u00eate se poursuit pour v\u00e9rifier s\u2019il\u00a0a\u00a0un lien avec le r\u00e9seau de mendicit\u00e9 d\u00e9mantel\u00e9 mercredi dernier.<\/p>\n<p style=\"text-align: right;\"><strong>Y. N.<\/strong><\/p>\n","protected":false},"excerpt":{"rendered":"<p>La police de Sfax a arr\u00eat\u00e9 un p\u00e8re de famille qui exploite ses enfants en les obligeant \u00e0 mendier. Il pourrait \u00eatre li\u00e9 \u00e0 un\u00a0r\u00e9seau de mendicit\u00e9 r\u00e9cemment d\u00e9mantel\u00e9. \u00a0\u00a0\u00a0<\/p>\n","protected":false},"author":6,"featured_media":62276,"comment_status":"open","ping_status":"open","sticky":false,"template":"","format":"standard","meta":{"footnotes":""},"categories":[2433,4806],"tags":[4768,21906,17632,21905,2523,6581],"class_list":["post-62274","post","type-post","status-publish","format-standard","has-post-thumbnail","hentry","category-tunisie","category-videos","tag-agressions","tag-charite","tag-mendiants","tag-mendicite","tag-pere","tag-violences"],"yoast_head":"<!-- This site is optimized with the Yoast SEO plugin v26.6 - https:\/\/yoast.com\/wordpress\/plugins\/seo\/ -->\n<title>Mendicit\u00e9 : Un p\u00e8re exploite ses enfants \u00e0 Sfax - Kapitalis<\/title>\n<meta name=\"robots\" content=\"index, follow, max-snippet:-1, max-image-preview:large, max-video-preview:-1\" \/>\n<link rel=\"canonical\" href=\"https:\/\/kapitalis.com\/tunisie\/2016\/08\/22\/mendicite-un-pere-exploite-ses-enfants-a-sfax\/\" \/>\n<meta property=\"og:locale\" content=\"fr_FR\" \/>\n<meta property=\"og:type\" content=\"article\" \/>\n<meta property=\"og:title\" content=\"Mendicit\u00e9 : Un p\u00e8re exploite ses enfants \u00e0 Sfax - Kapitalis\" \/>\n<meta property=\"og:description\" content=\"La police de Sfax a arr\u00eat\u00e9 un p\u00e8re de famille qui exploite ses enfants en les obligeant \u00e0 mendier. Il pourrait \u00eatre li\u00e9 \u00e0 un\u00a0r\u00e9seau de mendicit\u00e9 r\u00e9cemment d\u00e9mantel\u00e9. \u00a0\u00a0\u00a0\" \/>\n<meta property=\"og:url\" content=\"https:\/\/kapitalis.com\/tunisie\/2016\/08\/22\/mendicite-un-pere-exploite-ses-enfants-a-sfax\/\" \/>\n<meta property=\"og:site_name\" content=\"Kapitalis\" \/>\n<meta property=\"article:publisher\" content=\"https:\/\/www.facebook.com\/KapitalisInfo\/\" \/>\n<meta property=\"article:published_time\" content=\"2016-08-22T18:33:25+00:00\" \/>\n<meta property=\"article:modified_time\" content=\"2016-08-24T11:38:12+00:00\" \/>\n<meta property=\"og:image\" content=\"https:\/\/kapitalis.com\/tunisie\/wp-content\/uploads\/2022\/05\/kapitalis-logo-fb.png\" \/>\n\t<meta property=\"og:image:width\" content=\"1200\" \/>\n\t<meta property=\"og:image:height\" content=\"630\" \/>\n\t<meta property=\"og:image:type\" content=\"image\/png\" \/>\n<meta name=\"author\" content=\"Yusra NY\" \/>\n<meta name=\"twitter:card\" content=\"summary_large_image\" \/>\n<meta name=\"twitter:creator\" content=\"@KapitalisInfo\" \/>\n<meta name=\"twitter:site\" content=\"@KapitalisInfo\" \/>\n<meta name=\"twitter:label1\" content=\"\u00c9crit par\" \/>\n\t<meta name=\"twitter:data1\" content=\"Yusra NY\" \/>\n\t<meta name=\"twitter:label2\" content=\"Dur\u00e9e de lecture estim\u00e9e\" \/>\n\t<meta name=\"twitter:data2\" content=\"1 minute\" \/>\n<script type=\"application\/ld+json\" class=\"yoast-schema-graph\">{\"@context\":\"https:\/\/schema.org\",\"@graph\":[{\"@type\":\"Article\",\"@id\":\"https:\/\/kapitalis.com\/tunisie\/2016\/08\/22\/mendicite-un-pere-exploite-ses-enfants-a-sfax\/#article\",\"isPartOf\":{\"@id\":\"https:\/\/kapitalis.com\/tunisie\/2016\/08\/22\/mendicite-un-pere-exploite-ses-enfants-a-sfax\/\"},\"author\":{\"name\":\"Yusra NY\",\"@id\":\"https:\/\/kapitalis.com\/tunisie\/#\/schema\/person\/74bbde0154d49d790a92aaeac5bc01d5\"},\"headline\":\"Mendicit\u00e9 : Un p\u00e8re exploite ses enfants \u00e0 Sfax\",\"datePublished\":\"2016-08-22T18:33:25+00:00\",\"dateModified\":\"2016-08-24T11:38:12+00:00\",\"mainEntityOfPage\":{\"@id\":\"https:\/\/kapitalis.com\/tunisie\/2016\/08\/22\/mendicite-un-pere-exploite-ses-enfants-a-sfax\/\"},\"wordCount\":219,\"commentCount\":7,\"publisher\":{\"@id\":\"https:\/\/kapitalis.com\/tunisie\/#organization\"},\"image\":{\"@id\":\"https:\/\/kapitalis.com\/tunisie\/2016\/08\/22\/mendicite-un-pere-exploite-ses-enfants-a-sfax\/#primaryimage\"},\"thumbnailUrl\":\"\",\"keywords\":[\"agressions\",\"charit\u00e9\",\"mendiants\",\"mendicit\u00e9\",\"p\u00e8re\",\"violences\"],\"articleSection\":[\"Tunisie\",\"VIDEOS\"],\"inLanguage\":\"fr-FR\",\"potentialAction\":[{\"@type\":\"CommentAction\",\"name\":\"Comment\",\"target\":[\"https:\/\/kapitalis.com\/tunisie\/2016\/08\/22\/mendicite-un-pere-exploite-ses-enfants-a-sfax\/#respond\"]}]},{\"@type\":\"WebPage\",\"@id\":\"https:\/\/kapitalis.com\/tunisie\/2016\/08\/22\/mendicite-un-pere-exploite-ses-enfants-a-sfax\/\",\"url\":\"https:\/\/kapitalis.com\/tunisie\/2016\/08\/22\/mendicite-un-pere-exploite-ses-enfants-a-sfax\/\",\"name\":\"Mendicit\u00e9 : Un p\u00e8re exploite ses enfants \u00e0 Sfax - Kapitalis\",\"isPartOf\":{\"@id\":\"https:\/\/kapitalis.com\/tunisie\/#website\"},\"primaryImageOfPage\":{\"@id\":\"https:\/\/kapitalis.com\/tunisie\/2016\/08\/22\/mendicite-un-pere-exploite-ses-enfants-a-sfax\/#primaryimage\"},\"image\":{\"@id\":\"https:\/\/kapitalis.com\/tunisie\/2016\/08\/22\/mendicite-un-pere-exploite-ses-enfants-a-sfax\/#primaryimage\"},\"thumbnailUrl\":\"\",\"datePublished\":\"2016-08-22T18:33:25+00:00\",\"dateModified\":\"2016-08-24T11:38:12+00:00\",\"breadcrumb\":{\"@id\":\"https:\/\/kapitalis.com\/tunisie\/2016\/08\/22\/mendicite-un-pere-exploite-ses-enfants-a-sfax\/#breadcrumb\"},\"inLanguage\":\"fr-FR\",\"potentialAction\":[{\"@type\":\"ReadAction\",\"target\":[\"https:\/\/kapitalis.com\/tunisie\/2016\/08\/22\/mendicite-un-pere-exploite-ses-enfants-a-sfax\/\"]}]},{\"@type\":\"ImageObject\",\"inLanguage\":\"fr-FR\",\"@id\":\"https:\/\/kapitalis.com\/tunisie\/2016\/08\/22\/mendicite-un-pere-exploite-ses-enfants-a-sfax\/#primaryimage\",\"url\":\"\",\"contentUrl\":\"\"},{\"@type\":\"BreadcrumbList\",\"@id\":\"https:\/\/kapitalis.com\/tunisie\/2016\/08\/22\/mendicite-un-pere-exploite-ses-enfants-a-sfax\/#breadcrumb\",\"itemListElement\":[{\"@type\":\"ListItem\",\"position\":1,\"name\":\"Accueil\",\"item\":\"https:\/\/kapitalis.com\/tunisie\/\"},{\"@type\":\"ListItem\",\"position\":2,\"name\":\"Mendicit\u00e9 : Un p\u00e8re exploite ses enfants \u00e0 Sfax\"}]},{\"@type\":\"WebSite\",\"@id\":\"https:\/\/kapitalis.com\/tunisie\/#website\",\"url\":\"https:\/\/kapitalis.com\/tunisie\/\",\"name\":\"Kapitalis\",\"description\":\"L&#039;actualit\u00e9 en Tunisie et dans le monde\",\"publisher\":{\"@id\":\"https:\/\/kapitalis.com\/tunisie\/#organization\"},\"potentialAction\":[{\"@type\":\"SearchAction\",\"target\":{\"@type\":\"EntryPoint\",\"urlTemplate\":\"https:\/\/kapitalis.com\/tunisie\/?s={search_term_string}\"},\"query-input\":{\"@type\":\"PropertyValueSpecification\",\"valueRequired\":true,\"valueName\":\"search_term_string\"}}],\"inLanguage\":\"fr-FR\"},{\"@type\":\"Organization\",\"@id\":\"https:\/\/kapitalis.com\/tunisie\/#organization\",\"name\":\"Kapitalis\",\"url\":\"https:\/\/kapitalis.com\/tunisie\/\",\"logo\":{\"@type\":\"ImageObject\",\"inLanguage\":\"fr-FR\",\"@id\":\"https:\/\/kapitalis.com\/tunisie\/#\/schema\/logo\/image\/\",\"url\":\"https:\/\/kapitalis.com\/tunisie\/wp-content\/uploads\/2022\/05\/Kapitalis-big-size.png\",\"contentUrl\":\"https:\/\/kapitalis.com\/tunisie\/wp-content\/uploads\/2022\/05\/Kapitalis-big-size.png\",\"width\":5000,\"height\":1500,\"caption\":\"Kapitalis\"},\"image\":{\"@id\":\"https:\/\/kapitalis.com\/tunisie\/#\/schema\/logo\/image\/\"},\"sameAs\":[\"https:\/\/www.facebook.com\/KapitalisInfo\/\",\"https:\/\/x.com\/KapitalisInfo\",\"https:\/\/www.youtube.com\/channel\/UC-yDYrHyfFBWWZaOw3FPg9Q\"]},{\"@type\":\"Person\",\"@id\":\"https:\/\/kapitalis.com\/tunisie\/#\/schema\/person\/74bbde0154d49d790a92aaeac5bc01d5\",\"name\":\"Yusra NY\",\"url\":\"https:\/\/kapitalis.com\/tunisie\/author\/yuza_adam\/\"}]}<\/script>\n<!-- \/ Yoast SEO plugin. -->","yoast_head_json":{"title":"Mendicit\u00e9 : Un p\u00e8re exploite ses enfants \u00e0 Sfax - Kapitalis","robots":{"index":"index","follow":"follow","max-snippet":"max-snippet:-1","max-image-preview":"max-image-preview:large","max-video-preview":"max-video-preview:-1"},"canonical":"https:\/\/kapitalis.com\/tunisie\/2016\/08\/22\/mendicite-un-pere-exploite-ses-enfants-a-sfax\/","og_locale":"fr_FR","og_type":"article","og_title":"Mendicit\u00e9 : Un p\u00e8re exploite ses enfants \u00e0 Sfax - Kapitalis","og_description":"La police de Sfax a arr\u00eat\u00e9 un p\u00e8re de famille qui exploite ses enfants en les obligeant \u00e0 mendier. Il pourrait \u00eatre li\u00e9 \u00e0 un\u00a0r\u00e9seau de mendicit\u00e9 r\u00e9cemment d\u00e9mantel\u00e9. \u00a0\u00a0\u00a0","og_url":"https:\/\/kapitalis.com\/tunisie\/2016\/08\/22\/mendicite-un-pere-exploite-ses-enfants-a-sfax\/","og_site_name":"Kapitalis","article_publisher":"https:\/\/www.facebook.com\/KapitalisInfo\/","article_published_time":"2016-08-22T18:33:25+00:00","article_modified_time":"2016-08-24T11:38:12+00:00","og_image":[{"width":1200,"height":630,"url":"https:\/\/kapitalis.com\/tunisie\/wp-content\/uploads\/2022\/05\/kapitalis-logo-fb.png","type":"image\/png"}],"author":"Yusra NY","twitter_card":"summary_large_image","twitter_creator":"@KapitalisInfo","twitter_site":"@KapitalisInfo","twitter_misc":{"\u00c9crit par":"Yusra NY","Dur\u00e9e de lecture estim\u00e9e":"1 minute"},"schema":{"@context":"https:\/\/schema.org","@graph":[{"@type":"Article","@id":"https:\/\/kapitalis.com\/tunisie\/2016\/08\/22\/mendicite-un-pere-exploite-ses-enfants-a-sfax\/#article","isPartOf":{"@id":"https:\/\/kapitalis.com\/tunisie\/2016\/08\/22\/mendicite-un-pere-exploite-ses-enfants-a-sfax\/"},"author":{"name":"Yusra NY","@id":"https:\/\/kapitalis.com\/tunisie\/#\/schema\/person\/74bbde0154d49d790a92aaeac5bc01d5"},"headline":"Mendicit\u00e9 : Un p\u00e8re exploite ses enfants \u00e0 Sfax","datePublished":"2016-08-22T18:33:25+00:00","dateModified":"2016-08-24T11:38:12+00:00","mainEntityOfPage":{"@id":"https:\/\/kapitalis.com\/tunisie\/2016\/08\/22\/mendicite-un-pere-exploite-ses-enfants-a-sfax\/"},"wordCount":219,"commentCount":7,"publisher":{"@id":"https:\/\/kapitalis.com\/tunisie\/#organization"},"image":{"@id":"https:\/\/kapitalis.com\/tunisie\/2016\/08\/22\/mendicite-un-pere-exploite-ses-enfants-a-sfax\/#primaryimage"},"thumbnailUrl":"","keywords":["agressions","charit\u00e9","mendiants","mendicit\u00e9","p\u00e8re","violences"],"articleSection":["Tunisie","VIDEOS"],"inLanguage":"fr-FR","potentialAction":[{"@type":"CommentAction","name":"Comment","target":["https:\/\/kapitalis.com\/tunisie\/2016\/08\/22\/mendicite-un-pere-exploite-ses-enfants-a-sfax\/#respond"]}]},{"@type":"WebPage","@id":"https:\/\/kapitalis.com\/tunisie\/2016\/08\/22\/mendicite-un-pere-exploite-ses-enfants-a-sfax\/","url":"https:\/\/kapitalis.com\/tunisie\/2016\/08\/22\/mendicite-un-pere-exploite-ses-enfants-a-sfax\/","name":"Mendicit\u00e9 : Un p\u00e8re exploite ses enfants \u00e0 Sfax - Kapitalis","isPartOf":{"@id":"https:\/\/kapitalis.com\/tunisie\/#website"},"primaryImageOfPage":{"@id":"https:\/\/kapitalis.com\/tunisie\/2016\/08\/22\/mendicite-un-pere-exploite-ses-enfants-a-sfax\/#primaryimage"},"image":{"@id":"https:\/\/kapitalis.com\/tunisie\/2016\/08\/22\/mendicite-un-pere-exploite-ses-enfants-a-sfax\/#primaryimage"},"thumbnailUrl":"","datePublished":"2016-08-22T18:33:25+00:00","dateModified":"2016-08-24T11:38:12+00:00","breadcrumb":{"@id":"https:\/\/kapitalis.com\/tunisie\/2016\/08\/22\/mendicite-un-pere-exploite-ses-enfants-a-sfax\/#breadcrumb"},"inLanguage":"fr-FR","potentialAction":[{"@type":"ReadAction","target":["https:\/\/kapitalis.com\/tunisie\/2016\/08\/22\/mendicite-un-pere-exploite-ses-enfants-a-sfax\/"]}]},{"@type":"ImageObject","inLanguage":"fr-FR","@id":"https:\/\/kapitalis.com\/tunisie\/2016\/08\/22\/mendicite-un-pere-exploite-ses-enfants-a-sfax\/#primaryimage","url":"","contentUrl":""},{"@type":"BreadcrumbList","@id":"https:\/\/kapitalis.com\/tunisie\/2016\/08\/22\/mendicite-un-pere-exploite-ses-enfants-a-sfax\/#breadcrumb","itemListElement":[{"@type":"ListItem","position":1,"name":"Accueil","item":"https:\/\/kapitalis.com\/tunisie\/"},{"@type":"ListItem","position":2,"name":"Mendicit\u00e9 : Un p\u00e8re exploite ses enfants \u00e0 Sfax"}]},{"@type":"WebSite","@id":"https:\/\/kapitalis.com\/tunisie\/#website","url":"https:\/\/kapitalis.com\/tunisie\/","name":"Kapitalis","description":"L&#039;actualit\u00e9 en Tunisie et dans le monde","publisher":{"@id":"https:\/\/kapitalis.com\/tunisie\/#organization"},"potentialAction":[{"@type":"SearchAction","target":{"@type":"EntryPoint","urlTemplate":"https:\/\/kapitalis.com\/tunisie\/?s={search_term_string}"},"query-input":{"@type":"PropertyValueSpecification","valueRequired":true,"valueName":"search_term_string"}}],"inLanguage":"fr-FR"},{"@type":"Organization","@id":"https:\/\/kapitalis.com\/tunisie\/#organization","name":"Kapitalis","url":"https:\/\/kapitalis.com\/tunisie\/","logo":{"@type":"ImageObject","inLanguage":"fr-FR","@id":"https:\/\/kapitalis.com\/tunisie\/#\/schema\/logo\/image\/","url":"https:\/\/kapitalis.com\/tunisie\/wp-content\/uploads\/2022\/05\/Kapitalis-big-size.png","contentUrl":"https:\/\/kapitalis.com\/tunisie\/wp-content\/uploads\/2022\/05\/Kapitalis-big-size.png","width":5000,"height":1500,"caption":"Kapitalis"},"image":{"@id":"https:\/\/kapitalis.com\/tunisie\/#\/schema\/logo\/image\/"},"sameAs":["https:\/\/www.facebook.com\/KapitalisInfo\/","https:\/\/x.com\/KapitalisInfo","https:\/\/www.youtube.com\/channel\/UC-yDYrHyfFBWWZaOw3FPg9Q"]},{"@type":"Person","@id":"https:\/\/kapitalis.com\/tunisie\/#\/schema\/person\/74bbde0154d49d790a92aaeac5bc01d5","name":"Yusra NY","url":"https:\/\/kapitalis.com\/tunisie\/author\/yuza_adam\/"}]}},"_links":{"self":[{"href":"https:\/\/kapitalis.com\/tunisie\/wp-json\/wp\/v2\/posts\/62274","targetHints":{"allow":["GET"]}}],"collection":[{"href":"https:\/\/kapitalis.com\/tunisie\/wp-json\/wp\/v2\/posts"}],"about":[{"href":"https:\/\/kapitalis.com\/tunisie\/wp-json\/wp\/v2\/types\/post"}],"author":[{"embeddable":true,"href":"https:\/\/kapitalis.com\/tunisie\/wp-json\/wp\/v2\/users\/6"}],"replies":[{"embeddable":true,"href":"https:\/\/kapitalis.com\/tunisie\/wp-json\/wp\/v2\/comments?post=62274"}],"version-history":[{"count":0,"href":"https:\/\/kapitalis.com\/tunisie\/wp-json\/wp\/v2\/posts\/62274\/revisions"}],"wp:featuredmedia":[{"embeddable":true,"href":"https:\/\/kapitalis.com\/tunisie\/wp-json\/wp\/v2\/media\/62276"}],"wp:attachment":[{"href":"https:\/\/kapitalis.com\/tunisie\/wp-json\/wp\/v2\/media?parent=62274"}],"wp:term":[{"taxonomy":"category","embeddable":true,"href":"https:\/\/kapitalis.com\/tunisie\/wp-json\/wp\/v2\/categories?post=62274"},{"taxonomy":"post_tag","embeddable":true,"href":"https:\/\/kapitalis.com\/tunisie\/wp-json\/wp\/v2\/tags?post=62274"}],"curies":[{"name":"wp","href":"https:\/\/api.w.org\/{rel}","templated":true}]}}