{"id":6234352,"date":"2023-01-29T23:37:04","date_gmt":"2023-01-29T22:37:04","guid":{"rendered":"https:\/\/kapitalis.com\/tunisie\/?p=6234352"},"modified":"2023-01-29T23:42:43","modified_gmt":"2023-01-29T22:42:43","slug":"ariana-deces-dun-homme-de-32-ans-dans-une-fuite-de-gaz-a-chotrana","status":"publish","type":"post","link":"https:\/\/kapitalis.com\/tunisie\/2023\/01\/29\/ariana-deces-dun-homme-de-32-ans-dans-une-fuite-de-gaz-a-chotrana\/","title":{"rendered":"Ariana : D\u00e9c\u00e8s d&rsquo;un homme de 32 ans dans une fuite de gaz \u00e0 Chotrana"},"content":{"rendered":"\n<p><em><strong>La Direction g\u00e9n\u00e9rale de la Protection civile a annonc\u00e9, ce dimanche 29 janvier 2023, le d\u00e9c\u00e8s d\u2019un homme de 32 ans asphyxi\u00e9 par le gaz, chez lui \u00e0 Chotrana relevant de la municipalit\u00e9 de La Soukra, au gouvernorat de l&rsquo;Ariana.<\/strong><\/em><\/p>\n\n\n\n<!--more-->\n\n\n\n<p>Dans son communiqu\u00e9, la protection civile pr\u00e9cise que les \u00e9quipes de secours de la direction g\u00e9n\u00e9rale de l&rsquo;Ariana ont \u00e9t\u00e9 alert\u00e9es, hier soir, vers 19h30, et se sont rendues sur les lieux, o\u00f9 ils ont d\u00e9couvert le corps sans vie du jeune homme dans la salle de bain.<\/p>\n\n\n\n<p>Le corps a \u00e9t\u00e9 transport\u00e9 \u00e0 l&rsquo;h\u00f4pital et une enqu\u00eate a \u00e9t\u00e9 ouverte afin de d\u00e9terminer les circonstances exactes du d\u00e9c\u00e8s.<\/p>\n\n\n\n<p class=\"has-text-align-right\"><strong>Y. N.<\/strong><\/p>\n","protected":false},"excerpt":{"rendered":"<p>Ariana : D\u00e9c\u00e8s d&rsquo;un homme de 32 ans dans une fuite de gaz \u00e0 Chotrana<\/p>\n","protected":false},"author":6,"featured_media":1986405,"comment_status":"open","ping_status":"open","sticky":false,"template":"","format":"standard","meta":{"footnotes":""},"categories":[998,2433],"tags":[79,96047,77377,64263,85082,851,62643],"class_list":["post-6234352","post","type-post","status-publish","format-standard","has-post-thumbnail","hentry","category-societe","category-tunisie","tag-ariana","tag-asphyxie-2","tag-chotrana","tag-deces","tag-fuite-de-gaz","tag-soukra","tag-tunisie"],"yoast_head":"<!-- This site is optimized with the Yoast SEO plugin v26.6 - https:\/\/yoast.com\/wordpress\/plugins\/seo\/ -->\n<title>Ariana : D\u00e9c\u00e8s d&#039;un homme de 32 ans dans une fuite de gaz \u00e0 Chotrana - Kapitalis<\/title>\n<meta name=\"description\" content=\"La Direction g\u00e9n\u00e9rale de la Protection civile a annonc\u00e9, ce dimanche 29 janvier 2023, le d\u00e9c\u00e8s d\u2019un homme de 32 ans asphyxi\u00e9 par le gaz, chez lui \u00e0 Chotrana relevant de la municipalit\u00e9 de La Soukra, au gouvernorat de l&#039;Ariana.\" \/>\n<meta name=\"robots\" content=\"index, follow, max-snippet:-1, max-image-preview:large, max-video-preview:-1\" \/>\n<link rel=\"canonical\" href=\"https:\/\/kapitalis.com\/tunisie\/2023\/01\/29\/ariana-deces-dun-homme-de-32-ans-dans-une-fuite-de-gaz-a-chotrana\/\" \/>\n<meta property=\"og:locale\" content=\"fr_FR\" \/>\n<meta property=\"og:type\" content=\"article\" \/>\n<meta property=\"og:title\" content=\"Ariana : D\u00e9c\u00e8s d&#039;un homme de 32 ans dans une fuite de gaz \u00e0 Chotrana - Kapitalis\" \/>\n<meta property=\"og:description\" content=\"La Direction g\u00e9n\u00e9rale de la Protection civile a annonc\u00e9, ce dimanche 29 janvier 2023, le d\u00e9c\u00e8s d\u2019un homme de 32 ans asphyxi\u00e9 par le gaz, chez lui \u00e0 Chotrana relevant de la municipalit\u00e9 de La Soukra, au gouvernorat de l&#039;Ariana.\" \/>\n<meta property=\"og:url\" content=\"https:\/\/kapitalis.com\/tunisie\/2023\/01\/29\/ariana-deces-dun-homme-de-32-ans-dans-une-fuite-de-gaz-a-chotrana\/\" \/>\n<meta property=\"og:site_name\" content=\"Kapitalis\" \/>\n<meta property=\"article:publisher\" content=\"https:\/\/www.facebook.com\/KapitalisInfo\/\" \/>\n<meta property=\"article:published_time\" content=\"2023-01-29T22:37:04+00:00\" \/>\n<meta property=\"article:modified_time\" content=\"2023-01-29T22:42:43+00:00\" \/>\n<meta property=\"og:image\" content=\"https:\/\/kapitalis.com\/tunisie\/wp-content\/uploads\/2022\/07\/deces-mort.jpg\" \/>\n\t<meta property=\"og:image:width\" content=\"1200\" \/>\n\t<meta property=\"og:image:height\" content=\"630\" \/>\n\t<meta property=\"og:image:type\" content=\"image\/jpeg\" \/>\n<meta name=\"author\" content=\"Yusra NY\" \/>\n<meta name=\"twitter:card\" content=\"summary_large_image\" \/>\n<meta name=\"twitter:creator\" content=\"@KapitalisInfo\" \/>\n<meta name=\"twitter:site\" content=\"@KapitalisInfo\" \/>\n<meta name=\"twitter:label1\" content=\"\u00c9crit par\" \/>\n\t<meta name=\"twitter:data1\" content=\"Yusra NY\" \/>\n\t<meta name=\"twitter:label2\" content=\"Dur\u00e9e de lecture estim\u00e9e\" \/>\n\t<meta name=\"twitter:data2\" content=\"1 minute\" \/>\n<script type=\"application\/ld+json\" class=\"yoast-schema-graph\">{\"@context\":\"https:\/\/schema.org\",\"@graph\":[{\"@type\":\"Article\",\"@id\":\"https:\/\/kapitalis.com\/tunisie\/2023\/01\/29\/ariana-deces-dun-homme-de-32-ans-dans-une-fuite-de-gaz-a-chotrana\/#article\",\"isPartOf\":{\"@id\":\"https:\/\/kapitalis.com\/tunisie\/2023\/01\/29\/ariana-deces-dun-homme-de-32-ans-dans-une-fuite-de-gaz-a-chotrana\/\"},\"author\":{\"name\":\"Yusra NY\",\"@id\":\"https:\/\/kapitalis.com\/tunisie\/#\/schema\/person\/74bbde0154d49d790a92aaeac5bc01d5\"},\"headline\":\"Ariana : D\u00e9c\u00e8s d&rsquo;un homme de 32 ans dans une fuite de gaz \u00e0 Chotrana\",\"datePublished\":\"2023-01-29T22:37:04+00:00\",\"dateModified\":\"2023-01-29T22:42:43+00:00\",\"mainEntityOfPage\":{\"@id\":\"https:\/\/kapitalis.com\/tunisie\/2023\/01\/29\/ariana-deces-dun-homme-de-32-ans-dans-une-fuite-de-gaz-a-chotrana\/\"},\"wordCount\":135,\"commentCount\":0,\"publisher\":{\"@id\":\"https:\/\/kapitalis.com\/tunisie\/#organization\"},\"image\":{\"@id\":\"https:\/\/kapitalis.com\/tunisie\/2023\/01\/29\/ariana-deces-dun-homme-de-32-ans-dans-une-fuite-de-gaz-a-chotrana\/#primaryimage\"},\"thumbnailUrl\":\"https:\/\/kapitalis.com\/tunisie\/wp-content\/uploads\/2022\/07\/deces-mort.jpg\",\"keywords\":[\"Ariana\",\"asphyxie\",\"Chotrana\",\"d\u00e9c\u00e8s\",\"fuite de gaz\",\"Soukra\",\"Tunisie\"],\"articleSection\":[\"SOCIETE\",\"Tunisie\"],\"inLanguage\":\"fr-FR\",\"potentialAction\":[{\"@type\":\"CommentAction\",\"name\":\"Comment\",\"target\":[\"https:\/\/kapitalis.com\/tunisie\/2023\/01\/29\/ariana-deces-dun-homme-de-32-ans-dans-une-fuite-de-gaz-a-chotrana\/#respond\"]}]},{\"@type\":\"WebPage\",\"@id\":\"https:\/\/kapitalis.com\/tunisie\/2023\/01\/29\/ariana-deces-dun-homme-de-32-ans-dans-une-fuite-de-gaz-a-chotrana\/\",\"url\":\"https:\/\/kapitalis.com\/tunisie\/2023\/01\/29\/ariana-deces-dun-homme-de-32-ans-dans-une-fuite-de-gaz-a-chotrana\/\",\"name\":\"Ariana : D\u00e9c\u00e8s d'un homme de 32 ans dans une fuite de gaz \u00e0 Chotrana - Kapitalis\",\"isPartOf\":{\"@id\":\"https:\/\/kapitalis.com\/tunisie\/#website\"},\"primaryImageOfPage\":{\"@id\":\"https:\/\/kapitalis.com\/tunisie\/2023\/01\/29\/ariana-deces-dun-homme-de-32-ans-dans-une-fuite-de-gaz-a-chotrana\/#primaryimage\"},\"image\":{\"@id\":\"https:\/\/kapitalis.com\/tunisie\/2023\/01\/29\/ariana-deces-dun-homme-de-32-ans-dans-une-fuite-de-gaz-a-chotrana\/#primaryimage\"},\"thumbnailUrl\":\"https:\/\/kapitalis.com\/tunisie\/wp-content\/uploads\/2022\/07\/deces-mort.jpg\",\"datePublished\":\"2023-01-29T22:37:04+00:00\",\"dateModified\":\"2023-01-29T22:42:43+00:00\",\"description\":\"La Direction g\u00e9n\u00e9rale de la Protection civile a annonc\u00e9, ce dimanche 29 janvier 2023, le d\u00e9c\u00e8s d\u2019un homme de 32 ans asphyxi\u00e9 par le gaz, chez lui \u00e0 Chotrana relevant de la municipalit\u00e9 de La Soukra, au gouvernorat de l'Ariana.\",\"breadcrumb\":{\"@id\":\"https:\/\/kapitalis.com\/tunisie\/2023\/01\/29\/ariana-deces-dun-homme-de-32-ans-dans-une-fuite-de-gaz-a-chotrana\/#breadcrumb\"},\"inLanguage\":\"fr-FR\",\"potentialAction\":[{\"@type\":\"ReadAction\",\"target\":[\"https:\/\/kapitalis.com\/tunisie\/2023\/01\/29\/ariana-deces-dun-homme-de-32-ans-dans-une-fuite-de-gaz-a-chotrana\/\"]}]},{\"@type\":\"ImageObject\",\"inLanguage\":\"fr-FR\",\"@id\":\"https:\/\/kapitalis.com\/tunisie\/2023\/01\/29\/ariana-deces-dun-homme-de-32-ans-dans-une-fuite-de-gaz-a-chotrana\/#primaryimage\",\"url\":\"https:\/\/kapitalis.com\/tunisie\/wp-content\/uploads\/2022\/07\/deces-mort.jpg\",\"contentUrl\":\"https:\/\/kapitalis.com\/tunisie\/wp-content\/uploads\/2022\/07\/deces-mort.jpg\",\"width\":1200,\"height\":630},{\"@type\":\"BreadcrumbList\",\"@id\":\"https:\/\/kapitalis.com\/tunisie\/2023\/01\/29\/ariana-deces-dun-homme-de-32-ans-dans-une-fuite-de-gaz-a-chotrana\/#breadcrumb\",\"itemListElement\":[{\"@type\":\"ListItem\",\"position\":1,\"name\":\"Accueil\",\"item\":\"https:\/\/kapitalis.com\/tunisie\/\"},{\"@type\":\"ListItem\",\"position\":2,\"name\":\"Ariana : D\u00e9c\u00e8s d&rsquo;un homme de 32 ans dans une fuite de gaz \u00e0 Chotrana\"}]},{\"@type\":\"WebSite\",\"@id\":\"https:\/\/kapitalis.com\/tunisie\/#website\",\"url\":\"https:\/\/kapitalis.com\/tunisie\/\",\"name\":\"Kapitalis\",\"description\":\"L&#039;actualit\u00e9 en Tunisie et dans le monde\",\"publisher\":{\"@id\":\"https:\/\/kapitalis.com\/tunisie\/#organization\"},\"potentialAction\":[{\"@type\":\"SearchAction\",\"target\":{\"@type\":\"EntryPoint\",\"urlTemplate\":\"https:\/\/kapitalis.com\/tunisie\/?s={search_term_string}\"},\"query-input\":{\"@type\":\"PropertyValueSpecification\",\"valueRequired\":true,\"valueName\":\"search_term_string\"}}],\"inLanguage\":\"fr-FR\"},{\"@type\":\"Organization\",\"@id\":\"https:\/\/kapitalis.com\/tunisie\/#organization\",\"name\":\"Kapitalis\",\"url\":\"https:\/\/kapitalis.com\/tunisie\/\",\"logo\":{\"@type\":\"ImageObject\",\"inLanguage\":\"fr-FR\",\"@id\":\"https:\/\/kapitalis.com\/tunisie\/#\/schema\/logo\/image\/\",\"url\":\"https:\/\/kapitalis.com\/tunisie\/wp-content\/uploads\/2022\/05\/Kapitalis-big-size.png\",\"contentUrl\":\"https:\/\/kapitalis.com\/tunisie\/wp-content\/uploads\/2022\/05\/Kapitalis-big-size.png\",\"width\":5000,\"height\":1500,\"caption\":\"Kapitalis\"},\"image\":{\"@id\":\"https:\/\/kapitalis.com\/tunisie\/#\/schema\/logo\/image\/\"},\"sameAs\":[\"https:\/\/www.facebook.com\/KapitalisInfo\/\",\"https:\/\/x.com\/KapitalisInfo\",\"https:\/\/www.youtube.com\/channel\/UC-yDYrHyfFBWWZaOw3FPg9Q\"]},{\"@type\":\"Person\",\"@id\":\"https:\/\/kapitalis.com\/tunisie\/#\/schema\/person\/74bbde0154d49d790a92aaeac5bc01d5\",\"name\":\"Yusra NY\",\"url\":\"https:\/\/kapitalis.com\/tunisie\/author\/yuza_adam\/\"}]}<\/script>\n<!-- \/ Yoast SEO plugin. -->","yoast_head_json":{"title":"Ariana : D\u00e9c\u00e8s d'un homme de 32 ans dans une fuite de gaz \u00e0 Chotrana - Kapitalis","description":"La Direction g\u00e9n\u00e9rale de la Protection civile a annonc\u00e9, ce dimanche 29 janvier 2023, le d\u00e9c\u00e8s d\u2019un homme de 32 ans asphyxi\u00e9 par le gaz, chez lui \u00e0 Chotrana relevant de la municipalit\u00e9 de La Soukra, au gouvernorat de l'Ariana.","robots":{"index":"index","follow":"follow","max-snippet":"max-snippet:-1","max-image-preview":"max-image-preview:large","max-video-preview":"max-video-preview:-1"},"canonical":"https:\/\/kapitalis.com\/tunisie\/2023\/01\/29\/ariana-deces-dun-homme-de-32-ans-dans-une-fuite-de-gaz-a-chotrana\/","og_locale":"fr_FR","og_type":"article","og_title":"Ariana : D\u00e9c\u00e8s d'un homme de 32 ans dans une fuite de gaz \u00e0 Chotrana - Kapitalis","og_description":"La Direction g\u00e9n\u00e9rale de la Protection civile a annonc\u00e9, ce dimanche 29 janvier 2023, le d\u00e9c\u00e8s d\u2019un homme de 32 ans asphyxi\u00e9 par le gaz, chez lui \u00e0 Chotrana relevant de la municipalit\u00e9 de La Soukra, au gouvernorat de l'Ariana.","og_url":"https:\/\/kapitalis.com\/tunisie\/2023\/01\/29\/ariana-deces-dun-homme-de-32-ans-dans-une-fuite-de-gaz-a-chotrana\/","og_site_name":"Kapitalis","article_publisher":"https:\/\/www.facebook.com\/KapitalisInfo\/","article_published_time":"2023-01-29T22:37:04+00:00","article_modified_time":"2023-01-29T22:42:43+00:00","og_image":[{"width":1200,"height":630,"url":"https:\/\/kapitalis.com\/tunisie\/wp-content\/uploads\/2022\/07\/deces-mort.jpg","type":"image\/jpeg"}],"author":"Yusra NY","twitter_card":"summary_large_image","twitter_creator":"@KapitalisInfo","twitter_site":"@KapitalisInfo","twitter_misc":{"\u00c9crit par":"Yusra NY","Dur\u00e9e de lecture estim\u00e9e":"1 minute"},"schema":{"@context":"https:\/\/schema.org","@graph":[{"@type":"Article","@id":"https:\/\/kapitalis.com\/tunisie\/2023\/01\/29\/ariana-deces-dun-homme-de-32-ans-dans-une-fuite-de-gaz-a-chotrana\/#article","isPartOf":{"@id":"https:\/\/kapitalis.com\/tunisie\/2023\/01\/29\/ariana-deces-dun-homme-de-32-ans-dans-une-fuite-de-gaz-a-chotrana\/"},"author":{"name":"Yusra NY","@id":"https:\/\/kapitalis.com\/tunisie\/#\/schema\/person\/74bbde0154d49d790a92aaeac5bc01d5"},"headline":"Ariana : D\u00e9c\u00e8s d&rsquo;un homme de 32 ans dans une fuite de gaz \u00e0 Chotrana","datePublished":"2023-01-29T22:37:04+00:00","dateModified":"2023-01-29T22:42:43+00:00","mainEntityOfPage":{"@id":"https:\/\/kapitalis.com\/tunisie\/2023\/01\/29\/ariana-deces-dun-homme-de-32-ans-dans-une-fuite-de-gaz-a-chotrana\/"},"wordCount":135,"commentCount":0,"publisher":{"@id":"https:\/\/kapitalis.com\/tunisie\/#organization"},"image":{"@id":"https:\/\/kapitalis.com\/tunisie\/2023\/01\/29\/ariana-deces-dun-homme-de-32-ans-dans-une-fuite-de-gaz-a-chotrana\/#primaryimage"},"thumbnailUrl":"https:\/\/kapitalis.com\/tunisie\/wp-content\/uploads\/2022\/07\/deces-mort.jpg","keywords":["Ariana","asphyxie","Chotrana","d\u00e9c\u00e8s","fuite de gaz","Soukra","Tunisie"],"articleSection":["SOCIETE","Tunisie"],"inLanguage":"fr-FR","potentialAction":[{"@type":"CommentAction","name":"Comment","target":["https:\/\/kapitalis.com\/tunisie\/2023\/01\/29\/ariana-deces-dun-homme-de-32-ans-dans-une-fuite-de-gaz-a-chotrana\/#respond"]}]},{"@type":"WebPage","@id":"https:\/\/kapitalis.com\/tunisie\/2023\/01\/29\/ariana-deces-dun-homme-de-32-ans-dans-une-fuite-de-gaz-a-chotrana\/","url":"https:\/\/kapitalis.com\/tunisie\/2023\/01\/29\/ariana-deces-dun-homme-de-32-ans-dans-une-fuite-de-gaz-a-chotrana\/","name":"Ariana : D\u00e9c\u00e8s d'un homme de 32 ans dans une fuite de gaz \u00e0 Chotrana - Kapitalis","isPartOf":{"@id":"https:\/\/kapitalis.com\/tunisie\/#website"},"primaryImageOfPage":{"@id":"https:\/\/kapitalis.com\/tunisie\/2023\/01\/29\/ariana-deces-dun-homme-de-32-ans-dans-une-fuite-de-gaz-a-chotrana\/#primaryimage"},"image":{"@id":"https:\/\/kapitalis.com\/tunisie\/2023\/01\/29\/ariana-deces-dun-homme-de-32-ans-dans-une-fuite-de-gaz-a-chotrana\/#primaryimage"},"thumbnailUrl":"https:\/\/kapitalis.com\/tunisie\/wp-content\/uploads\/2022\/07\/deces-mort.jpg","datePublished":"2023-01-29T22:37:04+00:00","dateModified":"2023-01-29T22:42:43+00:00","description":"La Direction g\u00e9n\u00e9rale de la Protection civile a annonc\u00e9, ce dimanche 29 janvier 2023, le d\u00e9c\u00e8s d\u2019un homme de 32 ans asphyxi\u00e9 par le gaz, chez lui \u00e0 Chotrana relevant de la municipalit\u00e9 de La Soukra, au gouvernorat de l'Ariana.","breadcrumb":{"@id":"https:\/\/kapitalis.com\/tunisie\/2023\/01\/29\/ariana-deces-dun-homme-de-32-ans-dans-une-fuite-de-gaz-a-chotrana\/#breadcrumb"},"inLanguage":"fr-FR","potentialAction":[{"@type":"ReadAction","target":["https:\/\/kapitalis.com\/tunisie\/2023\/01\/29\/ariana-deces-dun-homme-de-32-ans-dans-une-fuite-de-gaz-a-chotrana\/"]}]},{"@type":"ImageObject","inLanguage":"fr-FR","@id":"https:\/\/kapitalis.com\/tunisie\/2023\/01\/29\/ariana-deces-dun-homme-de-32-ans-dans-une-fuite-de-gaz-a-chotrana\/#primaryimage","url":"https:\/\/kapitalis.com\/tunisie\/wp-content\/uploads\/2022\/07\/deces-mort.jpg","contentUrl":"https:\/\/kapitalis.com\/tunisie\/wp-content\/uploads\/2022\/07\/deces-mort.jpg","width":1200,"height":630},{"@type":"BreadcrumbList","@id":"https:\/\/kapitalis.com\/tunisie\/2023\/01\/29\/ariana-deces-dun-homme-de-32-ans-dans-une-fuite-de-gaz-a-chotrana\/#breadcrumb","itemListElement":[{"@type":"ListItem","position":1,"name":"Accueil","item":"https:\/\/kapitalis.com\/tunisie\/"},{"@type":"ListItem","position":2,"name":"Ariana : D\u00e9c\u00e8s d&rsquo;un homme de 32 ans dans une fuite de gaz \u00e0 Chotrana"}]},{"@type":"WebSite","@id":"https:\/\/kapitalis.com\/tunisie\/#website","url":"https:\/\/kapitalis.com\/tunisie\/","name":"Kapitalis","description":"L&#039;actualit\u00e9 en Tunisie et dans le monde","publisher":{"@id":"https:\/\/kapitalis.com\/tunisie\/#organization"},"potentialAction":[{"@type":"SearchAction","target":{"@type":"EntryPoint","urlTemplate":"https:\/\/kapitalis.com\/tunisie\/?s={search_term_string}"},"query-input":{"@type":"PropertyValueSpecification","valueRequired":true,"valueName":"search_term_string"}}],"inLanguage":"fr-FR"},{"@type":"Organization","@id":"https:\/\/kapitalis.com\/tunisie\/#organization","name":"Kapitalis","url":"https:\/\/kapitalis.com\/tunisie\/","logo":{"@type":"ImageObject","inLanguage":"fr-FR","@id":"https:\/\/kapitalis.com\/tunisie\/#\/schema\/logo\/image\/","url":"https:\/\/kapitalis.com\/tunisie\/wp-content\/uploads\/2022\/05\/Kapitalis-big-size.png","contentUrl":"https:\/\/kapitalis.com\/tunisie\/wp-content\/uploads\/2022\/05\/Kapitalis-big-size.png","width":5000,"height":1500,"caption":"Kapitalis"},"image":{"@id":"https:\/\/kapitalis.com\/tunisie\/#\/schema\/logo\/image\/"},"sameAs":["https:\/\/www.facebook.com\/KapitalisInfo\/","https:\/\/x.com\/KapitalisInfo","https:\/\/www.youtube.com\/channel\/UC-yDYrHyfFBWWZaOw3FPg9Q"]},{"@type":"Person","@id":"https:\/\/kapitalis.com\/tunisie\/#\/schema\/person\/74bbde0154d49d790a92aaeac5bc01d5","name":"Yusra NY","url":"https:\/\/kapitalis.com\/tunisie\/author\/yuza_adam\/"}]}},"_links":{"self":[{"href":"https:\/\/kapitalis.com\/tunisie\/wp-json\/wp\/v2\/posts\/6234352","targetHints":{"allow":["GET"]}}],"collection":[{"href":"https:\/\/kapitalis.com\/tunisie\/wp-json\/wp\/v2\/posts"}],"about":[{"href":"https:\/\/kapitalis.com\/tunisie\/wp-json\/wp\/v2\/types\/post"}],"author":[{"embeddable":true,"href":"https:\/\/kapitalis.com\/tunisie\/wp-json\/wp\/v2\/users\/6"}],"replies":[{"embeddable":true,"href":"https:\/\/kapitalis.com\/tunisie\/wp-json\/wp\/v2\/comments?post=6234352"}],"version-history":[{"count":2,"href":"https:\/\/kapitalis.com\/tunisie\/wp-json\/wp\/v2\/posts\/6234352\/revisions"}],"predecessor-version":[{"id":6234392,"href":"https:\/\/kapitalis.com\/tunisie\/wp-json\/wp\/v2\/posts\/6234352\/revisions\/6234392"}],"wp:featuredmedia":[{"embeddable":true,"href":"https:\/\/kapitalis.com\/tunisie\/wp-json\/wp\/v2\/media\/1986405"}],"wp:attachment":[{"href":"https:\/\/kapitalis.com\/tunisie\/wp-json\/wp\/v2\/media?parent=6234352"}],"wp:term":[{"taxonomy":"category","embeddable":true,"href":"https:\/\/kapitalis.com\/tunisie\/wp-json\/wp\/v2\/categories?post=6234352"},{"taxonomy":"post_tag","embeddable":true,"href":"https:\/\/kapitalis.com\/tunisie\/wp-json\/wp\/v2\/tags?post=6234352"}],"curies":[{"name":"wp","href":"https:\/\/api.w.org\/{rel}","templated":true}]}}