{"id":6235338,"date":"2023-01-30T07:46:13","date_gmt":"2023-01-30T06:46:13","guid":{"rendered":"https:\/\/kapitalis.com\/tunisie\/?p=6235338"},"modified":"2023-01-30T07:57:04","modified_gmt":"2023-01-30T06:57:04","slug":"tunisie-un-nouveau-revers-politique-pour-kais-saied","status":"publish","type":"post","link":"https:\/\/kapitalis.com\/tunisie\/2023\/01\/30\/tunisie-un-nouveau-revers-politique-pour-kais-saied\/","title":{"rendered":"Tunisie\u00a0: un nouveau revers politique pour Ka\u00efs Sa\u00efed \u00a0"},"content":{"rendered":"\n<p><strong><em>Les r\u00e9sultats du second tour des l\u00e9gislatives anticip\u00e9es en Tunisie ont \u00e9t\u00e9 conformes aux pr\u00e9visions\u00a0: une nouvelle d\u00e9route politique pour le pr\u00e9sident Ka\u00efs Sa\u00efed. Mais que peut-on s\u00e9rieusement attendre de ce dernier, sinon qu\u2019il pers\u00e9v\u00e8re dans sa fuite en avant dans l\u2019impasse o\u00f9 il a engag\u00e9 le pays depuis le 25 juillet 2021\u00a0? \u00a0\u00a0\u00a0\u00a0<\/em><\/strong><\/p>\n\n\n\n<p>Par <strong>Ridha Kefi<\/strong><\/p>\n\n\n\n<!--more-->\n\n\n<div class=\"wp-block-image\">\n<figure class=\"alignleft size-full\"><img decoding=\"async\" src=\"http:\/\/kapitalis.com\/tunisie\/wp-content\/uploads\/2019\/03\/Ridha-Kefi.jpg\" alt=\"\" class=\"wp-image-203122\"\/><\/figure>\n<\/div>\n\n\n<p>Nous n\u2019accuserons pas la commission \u00e9lectorale d\u2019avoir falsifi\u00e9 les r\u00e9sultats du second tour des l\u00e9gislatives tenues hier, dimanche 29 janvier 2023, non pas parce que son pr\u00e9sident Farouk Bouaksker a d\u00e9fi\u00e9 les journalistes qui le pr\u00e9tendent de prouver cette falsification devant la justice, mais parce que les r\u00e9sultats pr\u00e9liminaires annonc\u00e9s par ses services sont assez \u00e9loquents en eux-m\u00eames et prouvent s\u2019il en est encore besoin que les Tunisiens ont massivement boycott\u00e9 le vote comme il l\u2019avaient d\u00e9j\u00e0 fait au premier tour.<\/p>\n\n\n\n<p>Le taux de 11,3% annonc\u00e9 par M. Bouasker lui-m\u00eame est presque \u00e9quivalent \u00e0 celui du 1er tour, qui \u00e9tait de 11,22%, et qui avait provoqu\u00e9 des appels \u00e0 arr\u00eater un processus \u00e9lectoral dont seul le pr\u00e9sident Ka\u00efs Sa\u00efed, ses partisans et <em>\u00abson\u00bb<\/em> Instance sup\u00e9rieure ind\u00e9pendante pour les \u00e9lections (Isie), dont il avait d\u00e9sign\u00e9 lui-m\u00eame par d\u00e9cret tous les membres, voyaient l\u2019int\u00e9r\u00eat.<\/p>\n\n\n\n<h2 class=\"wp-block-heading\">Les Tunisiens d\u00e9go\u00fbt\u00e9s des \u00e9lections<\/h2>\n\n\n\n<p>Sous d\u2019autres cieux, dans une vraie d\u00e9mocratie, ce second camouflet \u00e9lectoral aurait suscit\u00e9 une avalanche de d\u00e9missions, \u00e0 commencer par celle de celui qui avait remu\u00e9 ciel et terre et fait d\u00e9penser \u00e0 un Etat exsangue des montants exorbitants pour financer la tenue d\u2019\u00e9lections dont peu de citoyens voyaient l\u2019int\u00e9r\u00eat. Mais au-del\u00e0 de la signification politique de cette d\u00e9route \u00e9lectorale du <em>\u00abparti\u00bb<\/em> du pr\u00e9sident, force est de constater aussi que la commission \u00e9lectorale a <em>\u00abr\u00e9ussi\u00bb<\/em> \u00e0 faire d\u00e9go\u00fbter les Tunisiens des \u00e9lections et \u00e0 les \u00e9loigner encore plus des bureaux de vote, en imposant son contr\u00f4le exclusif de la campagne \u00e9lectorale dans les m\u00e9dias, comme ce fut le cas au temps glorieux de la dictature.<\/p>\n\n\n\n<p>R\u00e9sultat&nbsp;: hier, seule la cha\u00eene publique Watania 1 a organis\u00e9 un show \u00e9lectoral avec un plateau auquel ont \u00e9t\u00e9 convi\u00e9s les analystes et les experts acquis au projet politique du pr\u00e9sident Sa\u00efed. Ce n\u2019\u00e9tait pas seulement ennuyeux de platitude, c\u2019\u00e9tait aussi r\u00e9voltant de constater ce retour aux vieilles habitudes d\u2019une information \u00e0 sens unique que l\u2019on croyait &nbsp;r\u00e9volue depuis tr\u00e8s longtemps.<\/p>\n\n\n\n<p>Bien s\u00fbr, personne n\u2019a emp\u00each\u00e9 les cha\u00eenes priv\u00e9es d\u2019organiser elles aussi des \u00e9missions sp\u00e9ciales pour suivre les \u00e9lections, mais si elles se sont gard\u00e9es de le faire, c\u2019est parce que l\u2019atmosph\u00e8re pesante impos\u00e9e par la commission \u00e9lectorale n\u2019encourageait pas \u00e0 faire le pas. Et puis, ce choix n\u2019\u00e9tait pas non plus d\u00e9nu\u00e9 de calcul. Ces \u00e9lections \u00e9taient, \u00e0 l\u2019\u00e9vidence, un non-\u00e9v\u00e8nement et ne m\u00e9ritaient peut-\u00eatre pas un d\u00e9ploiement logistique et humain d\u2019autant plus couteux qu\u2019il n\u2019allait pas se traduire par une grande audience. Et pour cause: les gens ont la t\u00eate ailleurs&#8230; <\/p>\n\n\n\n<h2 class=\"wp-block-heading\">Encore un pas dans l\u2019impasse &nbsp;<\/h2>\n\n\n\n<p>Pour revenir \u00e0 ce nouveau revers \u00e9lectoral de M. Sa\u00efed, personne ne se fait d\u2019illusion sur la suite. Le pr\u00e9sident de la r\u00e9publique, dont l\u2019obstination dans l\u2019erreur n\u2019est pas le seul d\u00e9faut, ne manquera pas d\u2019accuser le coup et d&rsquo;y voir m\u00eame, avec toute l\u2019effronterie qu\u2019on lui conna\u00eet, une nouvelle victoire contre ses adversaires\u00a0: les agents de l\u2019\u00e9tranger, les tra\u00eetres, les corrompus, les sp\u00e9culateurs et autres ivrognes\u2026 Et ce sont ses mots, pas les n\u00f4tres&#8230;<\/p>\n\n\n\n<p>Cela ne l\u2019avancera, bien s\u00fbr, \u00e0 rien et enfoncera encore davantage la Tunisie dans l\u2019instabilit\u00e9 politique et la crise \u00e9conomique et sociale. Et confirmera aussi \u00e0 ceux qui en doutent encore, qu\u2019on ne peut attendre de cet homme qu\u2019il reconnaisse ses erreurs et fasse amende honorable.<\/p>\n\n\n\n<p>Il y a peu de chance, en effet, que M. Sa\u00efed renoue le dialogue avec ses adversaires politiques dans le cadre d\u2019une op\u00e9ration de sauvetage de ce qui reste encore \u00e0 sauver dans un pays qui va \u00e0 vau l\u2019eau et dont la notation souveraine vient d\u2019\u00eatre r\u00e9trograd\u00e9e, la veille du scrutin, pour la dixi\u00e8me fois depuis 2011, par l\u2019agence Moody\u2019s, \u00e0 Caaa2 avec perspective n\u00e9gative, et qui risque la cessation de paiement et le passage, peu glorieux, devant le Club de Paris pour le r\u00e9\u00e9chelonnement de sa dette devenue insoutenable. <\/p>\n\n\n\n<p>Voil\u00e0 o\u00f9 nous en sommes aujourd\u2019hui en Tunisie. Seule nouveaut\u00e9\u00a0: nous avons d\u00e9sormais sur les bras un parlement tr\u00e8s mal \u00e9lu et dont on ne sait \u00e0 quoi il pourrait servir dans un syst\u00e8me politique hyper-pr\u00e9sidentiel pour ne pas dire despotique o\u00f9 le chef de l\u2019Etat d\u00e9tient tous les pouvoirs, et davantage encore, et ne semble pas pr\u00eat \u00e0 en l\u00e2cher la moindre parcelle. Pas m\u00eame \u00e0 un parlement aux ordres ! <\/p>\n","protected":false},"excerpt":{"rendered":"<p>Les l\u00e9gislatives de dimanche ont \u00e9t\u00e9  une nouvelle d\u00e9route politique pour le pr\u00e9sident Ka\u00efs Sa\u00efed. <\/p>\n","protected":false},"author":8,"featured_media":1885924,"comment_status":"open","ping_status":"open","sticky":false,"template":"","format":"standard","meta":{"footnotes":""},"categories":[992,997,2433],"tags":[95455,64353,499,76012,9031,77941,84371,62643],"class_list":["post-6235338","post","type-post","status-publish","format-standard","has-post-thumbnail","hentry","category-a-la-une","category-politique","category-tunisie","tag-club-de-paris","tag-farouk-bouasker","tag-isie","tag-kais-saied-2","tag-legislatives","tag-moodys-2","tag-ridha-kefi","tag-tunisie"],"yoast_head":"<!-- This site is optimized with the Yoast SEO plugin v26.6 - https:\/\/yoast.com\/wordpress\/plugins\/seo\/ -->\n<title>Tunisie\u00a0: un nouveau revers politique pour Ka\u00efs Sa\u00efed \u00a0 - Kapitalis<\/title>\n<meta name=\"robots\" content=\"index, follow, max-snippet:-1, max-image-preview:large, max-video-preview:-1\" \/>\n<link rel=\"canonical\" href=\"https:\/\/kapitalis.com\/tunisie\/2023\/01\/30\/tunisie-un-nouveau-revers-politique-pour-kais-saied\/\" \/>\n<meta property=\"og:locale\" content=\"fr_FR\" \/>\n<meta property=\"og:type\" content=\"article\" \/>\n<meta property=\"og:title\" content=\"Tunisie\u00a0: un nouveau revers politique pour Ka\u00efs Sa\u00efed \u00a0 - Kapitalis\" \/>\n<meta property=\"og:description\" content=\"Les l\u00e9gislatives de dimanche ont \u00e9t\u00e9 une nouvelle d\u00e9route politique pour le pr\u00e9sident Ka\u00efs Sa\u00efed.\" \/>\n<meta property=\"og:url\" content=\"https:\/\/kapitalis.com\/tunisie\/2023\/01\/30\/tunisie-un-nouveau-revers-politique-pour-kais-saied\/\" \/>\n<meta property=\"og:site_name\" content=\"Kapitalis\" \/>\n<meta property=\"article:publisher\" content=\"https:\/\/www.facebook.com\/KapitalisInfo\/\" \/>\n<meta property=\"article:published_time\" content=\"2023-01-30T06:46:13+00:00\" \/>\n<meta property=\"article:modified_time\" content=\"2023-01-30T06:57:04+00:00\" \/>\n<meta property=\"og:image\" content=\"https:\/\/kapitalis.com\/tunisie\/wp-content\/uploads\/2022\/07\/Kais-Saied.jpg\" \/>\n\t<meta property=\"og:image:width\" content=\"1200\" \/>\n\t<meta property=\"og:image:height\" content=\"630\" \/>\n\t<meta property=\"og:image:type\" content=\"image\/jpeg\" \/>\n<meta name=\"author\" content=\"webmaster kapitalis\" \/>\n<meta name=\"twitter:card\" content=\"summary_large_image\" \/>\n<meta name=\"twitter:creator\" content=\"@KapitalisInfo\" \/>\n<meta name=\"twitter:site\" content=\"@KapitalisInfo\" \/>\n<meta name=\"twitter:label1\" content=\"\u00c9crit par\" \/>\n\t<meta name=\"twitter:data1\" content=\"webmaster kapitalis\" \/>\n\t<meta name=\"twitter:label2\" content=\"Dur\u00e9e de lecture estim\u00e9e\" \/>\n\t<meta name=\"twitter:data2\" content=\"5 minutes\" \/>\n<script type=\"application\/ld+json\" class=\"yoast-schema-graph\">{\"@context\":\"https:\/\/schema.org\",\"@graph\":[{\"@type\":\"Article\",\"@id\":\"https:\/\/kapitalis.com\/tunisie\/2023\/01\/30\/tunisie-un-nouveau-revers-politique-pour-kais-saied\/#article\",\"isPartOf\":{\"@id\":\"https:\/\/kapitalis.com\/tunisie\/2023\/01\/30\/tunisie-un-nouveau-revers-politique-pour-kais-saied\/\"},\"author\":{\"name\":\"webmaster kapitalis\",\"@id\":\"https:\/\/kapitalis.com\/tunisie\/#\/schema\/person\/d71f33a9ca44f7bad4698210b480c8e9\"},\"headline\":\"Tunisie\u00a0: un nouveau revers politique pour Ka\u00efs Sa\u00efed \u00a0\",\"datePublished\":\"2023-01-30T06:46:13+00:00\",\"dateModified\":\"2023-01-30T06:57:04+00:00\",\"mainEntityOfPage\":{\"@id\":\"https:\/\/kapitalis.com\/tunisie\/2023\/01\/30\/tunisie-un-nouveau-revers-politique-pour-kais-saied\/\"},\"wordCount\":886,\"commentCount\":3,\"publisher\":{\"@id\":\"https:\/\/kapitalis.com\/tunisie\/#organization\"},\"image\":{\"@id\":\"https:\/\/kapitalis.com\/tunisie\/2023\/01\/30\/tunisie-un-nouveau-revers-politique-pour-kais-saied\/#primaryimage\"},\"thumbnailUrl\":\"https:\/\/kapitalis.com\/tunisie\/wp-content\/uploads\/2022\/07\/Kais-Saied.jpg\",\"keywords\":[\"Club de Paris\",\"Farouk Bouasker\",\"Isie\",\"Ka\u00efs Sa\u00efed\",\"l\u00e9gislatives\",\"Moody\u2019s\",\"Ridha Kefi\",\"Tunisie\"],\"articleSection\":[\"A LA UNE\",\"POLITIQUE\",\"Tunisie\"],\"inLanguage\":\"fr-FR\",\"potentialAction\":[{\"@type\":\"CommentAction\",\"name\":\"Comment\",\"target\":[\"https:\/\/kapitalis.com\/tunisie\/2023\/01\/30\/tunisie-un-nouveau-revers-politique-pour-kais-saied\/#respond\"]}]},{\"@type\":\"WebPage\",\"@id\":\"https:\/\/kapitalis.com\/tunisie\/2023\/01\/30\/tunisie-un-nouveau-revers-politique-pour-kais-saied\/\",\"url\":\"https:\/\/kapitalis.com\/tunisie\/2023\/01\/30\/tunisie-un-nouveau-revers-politique-pour-kais-saied\/\",\"name\":\"Tunisie\u00a0: un nouveau revers politique pour Ka\u00efs Sa\u00efed \u00a0 - Kapitalis\",\"isPartOf\":{\"@id\":\"https:\/\/kapitalis.com\/tunisie\/#website\"},\"primaryImageOfPage\":{\"@id\":\"https:\/\/kapitalis.com\/tunisie\/2023\/01\/30\/tunisie-un-nouveau-revers-politique-pour-kais-saied\/#primaryimage\"},\"image\":{\"@id\":\"https:\/\/kapitalis.com\/tunisie\/2023\/01\/30\/tunisie-un-nouveau-revers-politique-pour-kais-saied\/#primaryimage\"},\"thumbnailUrl\":\"https:\/\/kapitalis.com\/tunisie\/wp-content\/uploads\/2022\/07\/Kais-Saied.jpg\",\"datePublished\":\"2023-01-30T06:46:13+00:00\",\"dateModified\":\"2023-01-30T06:57:04+00:00\",\"breadcrumb\":{\"@id\":\"https:\/\/kapitalis.com\/tunisie\/2023\/01\/30\/tunisie-un-nouveau-revers-politique-pour-kais-saied\/#breadcrumb\"},\"inLanguage\":\"fr-FR\",\"potentialAction\":[{\"@type\":\"ReadAction\",\"target\":[\"https:\/\/kapitalis.com\/tunisie\/2023\/01\/30\/tunisie-un-nouveau-revers-politique-pour-kais-saied\/\"]}]},{\"@type\":\"ImageObject\",\"inLanguage\":\"fr-FR\",\"@id\":\"https:\/\/kapitalis.com\/tunisie\/2023\/01\/30\/tunisie-un-nouveau-revers-politique-pour-kais-saied\/#primaryimage\",\"url\":\"https:\/\/kapitalis.com\/tunisie\/wp-content\/uploads\/2022\/07\/Kais-Saied.jpg\",\"contentUrl\":\"https:\/\/kapitalis.com\/tunisie\/wp-content\/uploads\/2022\/07\/Kais-Saied.jpg\",\"width\":1200,\"height\":630},{\"@type\":\"BreadcrumbList\",\"@id\":\"https:\/\/kapitalis.com\/tunisie\/2023\/01\/30\/tunisie-un-nouveau-revers-politique-pour-kais-saied\/#breadcrumb\",\"itemListElement\":[{\"@type\":\"ListItem\",\"position\":1,\"name\":\"Accueil\",\"item\":\"https:\/\/kapitalis.com\/tunisie\/\"},{\"@type\":\"ListItem\",\"position\":2,\"name\":\"Tunisie\u00a0: un nouveau revers politique pour Ka\u00efs Sa\u00efed \u00a0\"}]},{\"@type\":\"WebSite\",\"@id\":\"https:\/\/kapitalis.com\/tunisie\/#website\",\"url\":\"https:\/\/kapitalis.com\/tunisie\/\",\"name\":\"Kapitalis\",\"description\":\"L&#039;actualit\u00e9 en Tunisie et dans le monde\",\"publisher\":{\"@id\":\"https:\/\/kapitalis.com\/tunisie\/#organization\"},\"potentialAction\":[{\"@type\":\"SearchAction\",\"target\":{\"@type\":\"EntryPoint\",\"urlTemplate\":\"https:\/\/kapitalis.com\/tunisie\/?s={search_term_string}\"},\"query-input\":{\"@type\":\"PropertyValueSpecification\",\"valueRequired\":true,\"valueName\":\"search_term_string\"}}],\"inLanguage\":\"fr-FR\"},{\"@type\":\"Organization\",\"@id\":\"https:\/\/kapitalis.com\/tunisie\/#organization\",\"name\":\"Kapitalis\",\"url\":\"https:\/\/kapitalis.com\/tunisie\/\",\"logo\":{\"@type\":\"ImageObject\",\"inLanguage\":\"fr-FR\",\"@id\":\"https:\/\/kapitalis.com\/tunisie\/#\/schema\/logo\/image\/\",\"url\":\"https:\/\/kapitalis.com\/tunisie\/wp-content\/uploads\/2022\/05\/Kapitalis-big-size.png\",\"contentUrl\":\"https:\/\/kapitalis.com\/tunisie\/wp-content\/uploads\/2022\/05\/Kapitalis-big-size.png\",\"width\":5000,\"height\":1500,\"caption\":\"Kapitalis\"},\"image\":{\"@id\":\"https:\/\/kapitalis.com\/tunisie\/#\/schema\/logo\/image\/\"},\"sameAs\":[\"https:\/\/www.facebook.com\/KapitalisInfo\/\",\"https:\/\/x.com\/KapitalisInfo\",\"https:\/\/www.youtube.com\/channel\/UC-yDYrHyfFBWWZaOw3FPg9Q\"]},{\"@type\":\"Person\",\"@id\":\"https:\/\/kapitalis.com\/tunisie\/#\/schema\/person\/d71f33a9ca44f7bad4698210b480c8e9\",\"name\":\"webmaster kapitalis\",\"url\":\"https:\/\/kapitalis.com\/tunisie\/author\/webmaster-kapitalis\/\"}]}<\/script>\n<!-- \/ Yoast SEO plugin. -->","yoast_head_json":{"title":"Tunisie\u00a0: un nouveau revers politique pour Ka\u00efs Sa\u00efed \u00a0 - Kapitalis","robots":{"index":"index","follow":"follow","max-snippet":"max-snippet:-1","max-image-preview":"max-image-preview:large","max-video-preview":"max-video-preview:-1"},"canonical":"https:\/\/kapitalis.com\/tunisie\/2023\/01\/30\/tunisie-un-nouveau-revers-politique-pour-kais-saied\/","og_locale":"fr_FR","og_type":"article","og_title":"Tunisie\u00a0: un nouveau revers politique pour Ka\u00efs Sa\u00efed \u00a0 - Kapitalis","og_description":"Les l\u00e9gislatives de dimanche ont \u00e9t\u00e9 une nouvelle d\u00e9route politique pour le pr\u00e9sident Ka\u00efs Sa\u00efed.","og_url":"https:\/\/kapitalis.com\/tunisie\/2023\/01\/30\/tunisie-un-nouveau-revers-politique-pour-kais-saied\/","og_site_name":"Kapitalis","article_publisher":"https:\/\/www.facebook.com\/KapitalisInfo\/","article_published_time":"2023-01-30T06:46:13+00:00","article_modified_time":"2023-01-30T06:57:04+00:00","og_image":[{"width":1200,"height":630,"url":"https:\/\/kapitalis.com\/tunisie\/wp-content\/uploads\/2022\/07\/Kais-Saied.jpg","type":"image\/jpeg"}],"author":"webmaster kapitalis","twitter_card":"summary_large_image","twitter_creator":"@KapitalisInfo","twitter_site":"@KapitalisInfo","twitter_misc":{"\u00c9crit par":"webmaster kapitalis","Dur\u00e9e de lecture estim\u00e9e":"5 minutes"},"schema":{"@context":"https:\/\/schema.org","@graph":[{"@type":"Article","@id":"https:\/\/kapitalis.com\/tunisie\/2023\/01\/30\/tunisie-un-nouveau-revers-politique-pour-kais-saied\/#article","isPartOf":{"@id":"https:\/\/kapitalis.com\/tunisie\/2023\/01\/30\/tunisie-un-nouveau-revers-politique-pour-kais-saied\/"},"author":{"name":"webmaster kapitalis","@id":"https:\/\/kapitalis.com\/tunisie\/#\/schema\/person\/d71f33a9ca44f7bad4698210b480c8e9"},"headline":"Tunisie\u00a0: un nouveau revers politique pour Ka\u00efs Sa\u00efed \u00a0","datePublished":"2023-01-30T06:46:13+00:00","dateModified":"2023-01-30T06:57:04+00:00","mainEntityOfPage":{"@id":"https:\/\/kapitalis.com\/tunisie\/2023\/01\/30\/tunisie-un-nouveau-revers-politique-pour-kais-saied\/"},"wordCount":886,"commentCount":3,"publisher":{"@id":"https:\/\/kapitalis.com\/tunisie\/#organization"},"image":{"@id":"https:\/\/kapitalis.com\/tunisie\/2023\/01\/30\/tunisie-un-nouveau-revers-politique-pour-kais-saied\/#primaryimage"},"thumbnailUrl":"https:\/\/kapitalis.com\/tunisie\/wp-content\/uploads\/2022\/07\/Kais-Saied.jpg","keywords":["Club de Paris","Farouk Bouasker","Isie","Ka\u00efs Sa\u00efed","l\u00e9gislatives","Moody\u2019s","Ridha Kefi","Tunisie"],"articleSection":["A LA UNE","POLITIQUE","Tunisie"],"inLanguage":"fr-FR","potentialAction":[{"@type":"CommentAction","name":"Comment","target":["https:\/\/kapitalis.com\/tunisie\/2023\/01\/30\/tunisie-un-nouveau-revers-politique-pour-kais-saied\/#respond"]}]},{"@type":"WebPage","@id":"https:\/\/kapitalis.com\/tunisie\/2023\/01\/30\/tunisie-un-nouveau-revers-politique-pour-kais-saied\/","url":"https:\/\/kapitalis.com\/tunisie\/2023\/01\/30\/tunisie-un-nouveau-revers-politique-pour-kais-saied\/","name":"Tunisie\u00a0: un nouveau revers politique pour Ka\u00efs Sa\u00efed \u00a0 - Kapitalis","isPartOf":{"@id":"https:\/\/kapitalis.com\/tunisie\/#website"},"primaryImageOfPage":{"@id":"https:\/\/kapitalis.com\/tunisie\/2023\/01\/30\/tunisie-un-nouveau-revers-politique-pour-kais-saied\/#primaryimage"},"image":{"@id":"https:\/\/kapitalis.com\/tunisie\/2023\/01\/30\/tunisie-un-nouveau-revers-politique-pour-kais-saied\/#primaryimage"},"thumbnailUrl":"https:\/\/kapitalis.com\/tunisie\/wp-content\/uploads\/2022\/07\/Kais-Saied.jpg","datePublished":"2023-01-30T06:46:13+00:00","dateModified":"2023-01-30T06:57:04+00:00","breadcrumb":{"@id":"https:\/\/kapitalis.com\/tunisie\/2023\/01\/30\/tunisie-un-nouveau-revers-politique-pour-kais-saied\/#breadcrumb"},"inLanguage":"fr-FR","potentialAction":[{"@type":"ReadAction","target":["https:\/\/kapitalis.com\/tunisie\/2023\/01\/30\/tunisie-un-nouveau-revers-politique-pour-kais-saied\/"]}]},{"@type":"ImageObject","inLanguage":"fr-FR","@id":"https:\/\/kapitalis.com\/tunisie\/2023\/01\/30\/tunisie-un-nouveau-revers-politique-pour-kais-saied\/#primaryimage","url":"https:\/\/kapitalis.com\/tunisie\/wp-content\/uploads\/2022\/07\/Kais-Saied.jpg","contentUrl":"https:\/\/kapitalis.com\/tunisie\/wp-content\/uploads\/2022\/07\/Kais-Saied.jpg","width":1200,"height":630},{"@type":"BreadcrumbList","@id":"https:\/\/kapitalis.com\/tunisie\/2023\/01\/30\/tunisie-un-nouveau-revers-politique-pour-kais-saied\/#breadcrumb","itemListElement":[{"@type":"ListItem","position":1,"name":"Accueil","item":"https:\/\/kapitalis.com\/tunisie\/"},{"@type":"ListItem","position":2,"name":"Tunisie\u00a0: un nouveau revers politique pour Ka\u00efs Sa\u00efed \u00a0"}]},{"@type":"WebSite","@id":"https:\/\/kapitalis.com\/tunisie\/#website","url":"https:\/\/kapitalis.com\/tunisie\/","name":"Kapitalis","description":"L&#039;actualit\u00e9 en Tunisie et dans le monde","publisher":{"@id":"https:\/\/kapitalis.com\/tunisie\/#organization"},"potentialAction":[{"@type":"SearchAction","target":{"@type":"EntryPoint","urlTemplate":"https:\/\/kapitalis.com\/tunisie\/?s={search_term_string}"},"query-input":{"@type":"PropertyValueSpecification","valueRequired":true,"valueName":"search_term_string"}}],"inLanguage":"fr-FR"},{"@type":"Organization","@id":"https:\/\/kapitalis.com\/tunisie\/#organization","name":"Kapitalis","url":"https:\/\/kapitalis.com\/tunisie\/","logo":{"@type":"ImageObject","inLanguage":"fr-FR","@id":"https:\/\/kapitalis.com\/tunisie\/#\/schema\/logo\/image\/","url":"https:\/\/kapitalis.com\/tunisie\/wp-content\/uploads\/2022\/05\/Kapitalis-big-size.png","contentUrl":"https:\/\/kapitalis.com\/tunisie\/wp-content\/uploads\/2022\/05\/Kapitalis-big-size.png","width":5000,"height":1500,"caption":"Kapitalis"},"image":{"@id":"https:\/\/kapitalis.com\/tunisie\/#\/schema\/logo\/image\/"},"sameAs":["https:\/\/www.facebook.com\/KapitalisInfo\/","https:\/\/x.com\/KapitalisInfo","https:\/\/www.youtube.com\/channel\/UC-yDYrHyfFBWWZaOw3FPg9Q"]},{"@type":"Person","@id":"https:\/\/kapitalis.com\/tunisie\/#\/schema\/person\/d71f33a9ca44f7bad4698210b480c8e9","name":"webmaster kapitalis","url":"https:\/\/kapitalis.com\/tunisie\/author\/webmaster-kapitalis\/"}]}},"_links":{"self":[{"href":"https:\/\/kapitalis.com\/tunisie\/wp-json\/wp\/v2\/posts\/6235338","targetHints":{"allow":["GET"]}}],"collection":[{"href":"https:\/\/kapitalis.com\/tunisie\/wp-json\/wp\/v2\/posts"}],"about":[{"href":"https:\/\/kapitalis.com\/tunisie\/wp-json\/wp\/v2\/types\/post"}],"author":[{"embeddable":true,"href":"https:\/\/kapitalis.com\/tunisie\/wp-json\/wp\/v2\/users\/8"}],"replies":[{"embeddable":true,"href":"https:\/\/kapitalis.com\/tunisie\/wp-json\/wp\/v2\/comments?post=6235338"}],"version-history":[{"count":2,"href":"https:\/\/kapitalis.com\/tunisie\/wp-json\/wp\/v2\/posts\/6235338\/revisions"}],"predecessor-version":[{"id":6235467,"href":"https:\/\/kapitalis.com\/tunisie\/wp-json\/wp\/v2\/posts\/6235338\/revisions\/6235467"}],"wp:featuredmedia":[{"embeddable":true,"href":"https:\/\/kapitalis.com\/tunisie\/wp-json\/wp\/v2\/media\/1885924"}],"wp:attachment":[{"href":"https:\/\/kapitalis.com\/tunisie\/wp-json\/wp\/v2\/media?parent=6235338"}],"wp:term":[{"taxonomy":"category","embeddable":true,"href":"https:\/\/kapitalis.com\/tunisie\/wp-json\/wp\/v2\/categories?post=6235338"},{"taxonomy":"post_tag","embeddable":true,"href":"https:\/\/kapitalis.com\/tunisie\/wp-json\/wp\/v2\/tags?post=6235338"}],"curies":[{"name":"wp","href":"https:\/\/api.w.org\/{rel}","templated":true}]}}