{"id":62390,"date":"2016-08-23T19:37:40","date_gmt":"2016-08-23T18:37:40","guid":{"rendered":"http:\/\/kapitalis.com\/tunisie\/?p=62390"},"modified":"2016-08-23T19:37:40","modified_gmt":"2016-08-23T18:37:40","slug":"syrie-le-jihadiste-tunisien-abou-leith-tue-a-alep","status":"publish","type":"post","link":"https:\/\/kapitalis.com\/tunisie\/2016\/08\/23\/syrie-le-jihadiste-tunisien-abou-leith-tue-a-alep\/","title":{"rendered":"Syrie : Le jihadiste tunisien Abou Leith tu\u00e9 \u00e0 Alep"},"content":{"rendered":"<p style=\"text-align: center;\"><img loading=\"lazy\" decoding=\"async\" class=\"alignnone size-full wp-image-62391\" src=\"http:\/\/kapitalis.com\/tunisie\/wp-content\/uploads\/2016\/08\/Syrie-Abou-Leith-Al-Tunisi-tu\u00e9-a-Alep.jpg\" alt=\"Syrie- Abou Leith Al-Tunisi - tu\u00e9 a Alep\" width=\"626\" height=\"380\" \/><\/p>\n<p><em><strong>Le jihadiste tunisien, Abou Leith Al-Tunisi (non de guerre), a \u00e9t\u00e9 abattu lors des derniers affrontements avec l\u2019arm\u00e9e du pr\u00e9sident Bachar Al-Assad, en Syrie.<\/strong><\/em><\/p>\n<p><!--more--><\/p>\n<p>C&rsquo;est le site de propagande du groupe terroriste <em>\u00ab\u00a0Ansar Al-Islam au Cham\u00a0\u00bb<\/em>\u00a0qui a annonc\u00e9 sur tweeter la mort de ce <em>\u00abchef d\u2019un groupe salafiste\u00bb,<\/em>\u00a0tu\u00e9 par l&rsquo;arm\u00e9e gouvernementale, \u00e0 la montagne Al-Mahroukat, pr\u00e8s de\u00a0Ramouseh,\u00a0au\u00a0sud d\u2019Alep.<\/p>\n<p>Trois autres chefs terroristes ont p\u00e9ri dans ces affrontements\u00a0: Mouhajer Al-Kurdi, Abu Zakarya Al-Kurdi et Habib Al-Kurdi (des noms de guerre).<\/p>\n<p style=\"text-align: center;\"><img loading=\"lazy\" decoding=\"async\" class=\"alignnone size-full wp-image-62392\" src=\"http:\/\/kapitalis.com\/tunisie\/wp-content\/uploads\/2016\/08\/Abou-Leith-Al-Tunisi-tu\u00e9-Syrie.jpg\" alt=\"Abou Leith Al-Tunisi - tu\u00e9 Syrie\" width=\"500\" height=\"300\" \/><\/p>\n<p>Ansar Al-Islam est un groupe compos\u00e9 d\u2019islamistes arm\u00e9s apparu d\u00e8s le d\u00e9but\u00a0de la guerre civile syrienne. S\u2019ils se pr\u00e9sentent comme des combattants pour la lib\u00e9ration de la Syrie, les jihadistes d\u2019Ansar Al-Islam sont, en r\u00e9alit\u00e9, des terroristes li\u00e9s \u00e0 Al-Qa\u00efda.<\/p>\n<p style=\"text-align: right;\"><strong>Y. N.<\/strong><\/p>\n","protected":false},"excerpt":{"rendered":"<p>Le jihadiste tunisien, Abou Leith Al-Tunisi (non de guerre), a \u00e9t\u00e9 abattu lors des derniers affrontements avec l\u2019arm\u00e9e du pr\u00e9sident Bachar Al-Assad, en Syrie.<\/p>\n","protected":false},"author":6,"featured_media":62391,"comment_status":"open","ping_status":"open","sticky":false,"template":"","format":"standard","meta":{"footnotes":""},"categories":[998,2433],"tags":[2009,8076,7654,516,873,898,931],"class_list":["post-62390","post","type-post","status-publish","format-standard","has-post-thumbnail","hentry","category-societe","category-tunisie","tag-al-qaida","tag-alep","tag-armee-syrienne","tag-jihadiste","tag-syrie","tag-terroriste","tag-tunisien"],"yoast_head":"<!-- This site is optimized with the Yoast SEO plugin v26.6 - https:\/\/yoast.com\/wordpress\/plugins\/seo\/ -->\n<title>Syrie : Le jihadiste tunisien Abou Leith tu\u00e9 \u00e0 Alep - Kapitalis<\/title>\n<meta name=\"robots\" content=\"index, follow, max-snippet:-1, max-image-preview:large, max-video-preview:-1\" \/>\n<link rel=\"canonical\" href=\"https:\/\/kapitalis.com\/tunisie\/2016\/08\/23\/syrie-le-jihadiste-tunisien-abou-leith-tue-a-alep\/\" \/>\n<meta property=\"og:locale\" content=\"fr_FR\" \/>\n<meta property=\"og:type\" content=\"article\" \/>\n<meta property=\"og:title\" content=\"Syrie : Le jihadiste tunisien Abou Leith tu\u00e9 \u00e0 Alep - Kapitalis\" \/>\n<meta property=\"og:description\" content=\"Le jihadiste tunisien, Abou Leith Al-Tunisi (non de guerre), a \u00e9t\u00e9 abattu lors des derniers affrontements avec l\u2019arm\u00e9e du pr\u00e9sident Bachar Al-Assad, en Syrie.\" \/>\n<meta property=\"og:url\" content=\"https:\/\/kapitalis.com\/tunisie\/2016\/08\/23\/syrie-le-jihadiste-tunisien-abou-leith-tue-a-alep\/\" \/>\n<meta property=\"og:site_name\" content=\"Kapitalis\" \/>\n<meta property=\"article:publisher\" content=\"https:\/\/www.facebook.com\/KapitalisInfo\/\" \/>\n<meta property=\"article:published_time\" content=\"2016-08-23T18:37:40+00:00\" \/>\n<meta property=\"og:image\" content=\"https:\/\/kapitalis.com\/tunisie\/wp-content\/uploads\/2022\/05\/kapitalis-logo-fb.png\" \/>\n\t<meta property=\"og:image:width\" content=\"1200\" \/>\n\t<meta property=\"og:image:height\" content=\"630\" \/>\n\t<meta property=\"og:image:type\" content=\"image\/png\" \/>\n<meta name=\"author\" content=\"Yusra NY\" \/>\n<meta name=\"twitter:card\" content=\"summary_large_image\" \/>\n<meta name=\"twitter:creator\" content=\"@KapitalisInfo\" \/>\n<meta name=\"twitter:site\" content=\"@KapitalisInfo\" \/>\n<meta name=\"twitter:label1\" content=\"\u00c9crit par\" \/>\n\t<meta name=\"twitter:data1\" content=\"Yusra NY\" \/>\n\t<meta name=\"twitter:label2\" content=\"Dur\u00e9e de lecture estim\u00e9e\" \/>\n\t<meta name=\"twitter:data2\" content=\"1 minute\" \/>\n<script type=\"application\/ld+json\" class=\"yoast-schema-graph\">{\"@context\":\"https:\/\/schema.org\",\"@graph\":[{\"@type\":\"Article\",\"@id\":\"https:\/\/kapitalis.com\/tunisie\/2016\/08\/23\/syrie-le-jihadiste-tunisien-abou-leith-tue-a-alep\/#article\",\"isPartOf\":{\"@id\":\"https:\/\/kapitalis.com\/tunisie\/2016\/08\/23\/syrie-le-jihadiste-tunisien-abou-leith-tue-a-alep\/\"},\"author\":{\"name\":\"Yusra NY\",\"@id\":\"https:\/\/kapitalis.com\/tunisie\/#\/schema\/person\/74bbde0154d49d790a92aaeac5bc01d5\"},\"headline\":\"Syrie : Le jihadiste tunisien Abou Leith tu\u00e9 \u00e0 Alep\",\"datePublished\":\"2016-08-23T18:37:40+00:00\",\"mainEntityOfPage\":{\"@id\":\"https:\/\/kapitalis.com\/tunisie\/2016\/08\/23\/syrie-le-jihadiste-tunisien-abou-leith-tue-a-alep\/\"},\"wordCount\":152,\"commentCount\":9,\"publisher\":{\"@id\":\"https:\/\/kapitalis.com\/tunisie\/#organization\"},\"image\":{\"@id\":\"https:\/\/kapitalis.com\/tunisie\/2016\/08\/23\/syrie-le-jihadiste-tunisien-abou-leith-tue-a-alep\/#primaryimage\"},\"thumbnailUrl\":\"\",\"keywords\":[\"Al-Qa\u00efda\",\"Alep\",\"arm\u00e9e syrienne\",\"jihadiste\",\"Syrie\",\"terroriste\",\"Tunisien\"],\"articleSection\":[\"SOCIETE\",\"Tunisie\"],\"inLanguage\":\"fr-FR\",\"potentialAction\":[{\"@type\":\"CommentAction\",\"name\":\"Comment\",\"target\":[\"https:\/\/kapitalis.com\/tunisie\/2016\/08\/23\/syrie-le-jihadiste-tunisien-abou-leith-tue-a-alep\/#respond\"]}]},{\"@type\":\"WebPage\",\"@id\":\"https:\/\/kapitalis.com\/tunisie\/2016\/08\/23\/syrie-le-jihadiste-tunisien-abou-leith-tue-a-alep\/\",\"url\":\"https:\/\/kapitalis.com\/tunisie\/2016\/08\/23\/syrie-le-jihadiste-tunisien-abou-leith-tue-a-alep\/\",\"name\":\"Syrie : Le jihadiste tunisien Abou Leith tu\u00e9 \u00e0 Alep - Kapitalis\",\"isPartOf\":{\"@id\":\"https:\/\/kapitalis.com\/tunisie\/#website\"},\"primaryImageOfPage\":{\"@id\":\"https:\/\/kapitalis.com\/tunisie\/2016\/08\/23\/syrie-le-jihadiste-tunisien-abou-leith-tue-a-alep\/#primaryimage\"},\"image\":{\"@id\":\"https:\/\/kapitalis.com\/tunisie\/2016\/08\/23\/syrie-le-jihadiste-tunisien-abou-leith-tue-a-alep\/#primaryimage\"},\"thumbnailUrl\":\"\",\"datePublished\":\"2016-08-23T18:37:40+00:00\",\"breadcrumb\":{\"@id\":\"https:\/\/kapitalis.com\/tunisie\/2016\/08\/23\/syrie-le-jihadiste-tunisien-abou-leith-tue-a-alep\/#breadcrumb\"},\"inLanguage\":\"fr-FR\",\"potentialAction\":[{\"@type\":\"ReadAction\",\"target\":[\"https:\/\/kapitalis.com\/tunisie\/2016\/08\/23\/syrie-le-jihadiste-tunisien-abou-leith-tue-a-alep\/\"]}]},{\"@type\":\"ImageObject\",\"inLanguage\":\"fr-FR\",\"@id\":\"https:\/\/kapitalis.com\/tunisie\/2016\/08\/23\/syrie-le-jihadiste-tunisien-abou-leith-tue-a-alep\/#primaryimage\",\"url\":\"\",\"contentUrl\":\"\"},{\"@type\":\"BreadcrumbList\",\"@id\":\"https:\/\/kapitalis.com\/tunisie\/2016\/08\/23\/syrie-le-jihadiste-tunisien-abou-leith-tue-a-alep\/#breadcrumb\",\"itemListElement\":[{\"@type\":\"ListItem\",\"position\":1,\"name\":\"Accueil\",\"item\":\"https:\/\/kapitalis.com\/tunisie\/\"},{\"@type\":\"ListItem\",\"position\":2,\"name\":\"Syrie : Le jihadiste tunisien Abou Leith tu\u00e9 \u00e0 Alep\"}]},{\"@type\":\"WebSite\",\"@id\":\"https:\/\/kapitalis.com\/tunisie\/#website\",\"url\":\"https:\/\/kapitalis.com\/tunisie\/\",\"name\":\"Kapitalis\",\"description\":\"L&#039;actualit\u00e9 en Tunisie et dans le monde\",\"publisher\":{\"@id\":\"https:\/\/kapitalis.com\/tunisie\/#organization\"},\"potentialAction\":[{\"@type\":\"SearchAction\",\"target\":{\"@type\":\"EntryPoint\",\"urlTemplate\":\"https:\/\/kapitalis.com\/tunisie\/?s={search_term_string}\"},\"query-input\":{\"@type\":\"PropertyValueSpecification\",\"valueRequired\":true,\"valueName\":\"search_term_string\"}}],\"inLanguage\":\"fr-FR\"},{\"@type\":\"Organization\",\"@id\":\"https:\/\/kapitalis.com\/tunisie\/#organization\",\"name\":\"Kapitalis\",\"url\":\"https:\/\/kapitalis.com\/tunisie\/\",\"logo\":{\"@type\":\"ImageObject\",\"inLanguage\":\"fr-FR\",\"@id\":\"https:\/\/kapitalis.com\/tunisie\/#\/schema\/logo\/image\/\",\"url\":\"https:\/\/kapitalis.com\/tunisie\/wp-content\/uploads\/2022\/05\/Kapitalis-big-size.png\",\"contentUrl\":\"https:\/\/kapitalis.com\/tunisie\/wp-content\/uploads\/2022\/05\/Kapitalis-big-size.png\",\"width\":5000,\"height\":1500,\"caption\":\"Kapitalis\"},\"image\":{\"@id\":\"https:\/\/kapitalis.com\/tunisie\/#\/schema\/logo\/image\/\"},\"sameAs\":[\"https:\/\/www.facebook.com\/KapitalisInfo\/\",\"https:\/\/x.com\/KapitalisInfo\",\"https:\/\/www.youtube.com\/channel\/UC-yDYrHyfFBWWZaOw3FPg9Q\"]},{\"@type\":\"Person\",\"@id\":\"https:\/\/kapitalis.com\/tunisie\/#\/schema\/person\/74bbde0154d49d790a92aaeac5bc01d5\",\"name\":\"Yusra NY\",\"url\":\"https:\/\/kapitalis.com\/tunisie\/author\/yuza_adam\/\"}]}<\/script>\n<!-- \/ Yoast SEO plugin. -->","yoast_head_json":{"title":"Syrie : Le jihadiste tunisien Abou Leith tu\u00e9 \u00e0 Alep - Kapitalis","robots":{"index":"index","follow":"follow","max-snippet":"max-snippet:-1","max-image-preview":"max-image-preview:large","max-video-preview":"max-video-preview:-1"},"canonical":"https:\/\/kapitalis.com\/tunisie\/2016\/08\/23\/syrie-le-jihadiste-tunisien-abou-leith-tue-a-alep\/","og_locale":"fr_FR","og_type":"article","og_title":"Syrie : Le jihadiste tunisien Abou Leith tu\u00e9 \u00e0 Alep - Kapitalis","og_description":"Le jihadiste tunisien, Abou Leith Al-Tunisi (non de guerre), a \u00e9t\u00e9 abattu lors des derniers affrontements avec l\u2019arm\u00e9e du pr\u00e9sident Bachar Al-Assad, en Syrie.","og_url":"https:\/\/kapitalis.com\/tunisie\/2016\/08\/23\/syrie-le-jihadiste-tunisien-abou-leith-tue-a-alep\/","og_site_name":"Kapitalis","article_publisher":"https:\/\/www.facebook.com\/KapitalisInfo\/","article_published_time":"2016-08-23T18:37:40+00:00","og_image":[{"width":1200,"height":630,"url":"https:\/\/kapitalis.com\/tunisie\/wp-content\/uploads\/2022\/05\/kapitalis-logo-fb.png","type":"image\/png"}],"author":"Yusra NY","twitter_card":"summary_large_image","twitter_creator":"@KapitalisInfo","twitter_site":"@KapitalisInfo","twitter_misc":{"\u00c9crit par":"Yusra NY","Dur\u00e9e de lecture estim\u00e9e":"1 minute"},"schema":{"@context":"https:\/\/schema.org","@graph":[{"@type":"Article","@id":"https:\/\/kapitalis.com\/tunisie\/2016\/08\/23\/syrie-le-jihadiste-tunisien-abou-leith-tue-a-alep\/#article","isPartOf":{"@id":"https:\/\/kapitalis.com\/tunisie\/2016\/08\/23\/syrie-le-jihadiste-tunisien-abou-leith-tue-a-alep\/"},"author":{"name":"Yusra NY","@id":"https:\/\/kapitalis.com\/tunisie\/#\/schema\/person\/74bbde0154d49d790a92aaeac5bc01d5"},"headline":"Syrie : Le jihadiste tunisien Abou Leith tu\u00e9 \u00e0 Alep","datePublished":"2016-08-23T18:37:40+00:00","mainEntityOfPage":{"@id":"https:\/\/kapitalis.com\/tunisie\/2016\/08\/23\/syrie-le-jihadiste-tunisien-abou-leith-tue-a-alep\/"},"wordCount":152,"commentCount":9,"publisher":{"@id":"https:\/\/kapitalis.com\/tunisie\/#organization"},"image":{"@id":"https:\/\/kapitalis.com\/tunisie\/2016\/08\/23\/syrie-le-jihadiste-tunisien-abou-leith-tue-a-alep\/#primaryimage"},"thumbnailUrl":"","keywords":["Al-Qa\u00efda","Alep","arm\u00e9e syrienne","jihadiste","Syrie","terroriste","Tunisien"],"articleSection":["SOCIETE","Tunisie"],"inLanguage":"fr-FR","potentialAction":[{"@type":"CommentAction","name":"Comment","target":["https:\/\/kapitalis.com\/tunisie\/2016\/08\/23\/syrie-le-jihadiste-tunisien-abou-leith-tue-a-alep\/#respond"]}]},{"@type":"WebPage","@id":"https:\/\/kapitalis.com\/tunisie\/2016\/08\/23\/syrie-le-jihadiste-tunisien-abou-leith-tue-a-alep\/","url":"https:\/\/kapitalis.com\/tunisie\/2016\/08\/23\/syrie-le-jihadiste-tunisien-abou-leith-tue-a-alep\/","name":"Syrie : Le jihadiste tunisien Abou Leith tu\u00e9 \u00e0 Alep - Kapitalis","isPartOf":{"@id":"https:\/\/kapitalis.com\/tunisie\/#website"},"primaryImageOfPage":{"@id":"https:\/\/kapitalis.com\/tunisie\/2016\/08\/23\/syrie-le-jihadiste-tunisien-abou-leith-tue-a-alep\/#primaryimage"},"image":{"@id":"https:\/\/kapitalis.com\/tunisie\/2016\/08\/23\/syrie-le-jihadiste-tunisien-abou-leith-tue-a-alep\/#primaryimage"},"thumbnailUrl":"","datePublished":"2016-08-23T18:37:40+00:00","breadcrumb":{"@id":"https:\/\/kapitalis.com\/tunisie\/2016\/08\/23\/syrie-le-jihadiste-tunisien-abou-leith-tue-a-alep\/#breadcrumb"},"inLanguage":"fr-FR","potentialAction":[{"@type":"ReadAction","target":["https:\/\/kapitalis.com\/tunisie\/2016\/08\/23\/syrie-le-jihadiste-tunisien-abou-leith-tue-a-alep\/"]}]},{"@type":"ImageObject","inLanguage":"fr-FR","@id":"https:\/\/kapitalis.com\/tunisie\/2016\/08\/23\/syrie-le-jihadiste-tunisien-abou-leith-tue-a-alep\/#primaryimage","url":"","contentUrl":""},{"@type":"BreadcrumbList","@id":"https:\/\/kapitalis.com\/tunisie\/2016\/08\/23\/syrie-le-jihadiste-tunisien-abou-leith-tue-a-alep\/#breadcrumb","itemListElement":[{"@type":"ListItem","position":1,"name":"Accueil","item":"https:\/\/kapitalis.com\/tunisie\/"},{"@type":"ListItem","position":2,"name":"Syrie : Le jihadiste tunisien Abou Leith tu\u00e9 \u00e0 Alep"}]},{"@type":"WebSite","@id":"https:\/\/kapitalis.com\/tunisie\/#website","url":"https:\/\/kapitalis.com\/tunisie\/","name":"Kapitalis","description":"L&#039;actualit\u00e9 en Tunisie et dans le monde","publisher":{"@id":"https:\/\/kapitalis.com\/tunisie\/#organization"},"potentialAction":[{"@type":"SearchAction","target":{"@type":"EntryPoint","urlTemplate":"https:\/\/kapitalis.com\/tunisie\/?s={search_term_string}"},"query-input":{"@type":"PropertyValueSpecification","valueRequired":true,"valueName":"search_term_string"}}],"inLanguage":"fr-FR"},{"@type":"Organization","@id":"https:\/\/kapitalis.com\/tunisie\/#organization","name":"Kapitalis","url":"https:\/\/kapitalis.com\/tunisie\/","logo":{"@type":"ImageObject","inLanguage":"fr-FR","@id":"https:\/\/kapitalis.com\/tunisie\/#\/schema\/logo\/image\/","url":"https:\/\/kapitalis.com\/tunisie\/wp-content\/uploads\/2022\/05\/Kapitalis-big-size.png","contentUrl":"https:\/\/kapitalis.com\/tunisie\/wp-content\/uploads\/2022\/05\/Kapitalis-big-size.png","width":5000,"height":1500,"caption":"Kapitalis"},"image":{"@id":"https:\/\/kapitalis.com\/tunisie\/#\/schema\/logo\/image\/"},"sameAs":["https:\/\/www.facebook.com\/KapitalisInfo\/","https:\/\/x.com\/KapitalisInfo","https:\/\/www.youtube.com\/channel\/UC-yDYrHyfFBWWZaOw3FPg9Q"]},{"@type":"Person","@id":"https:\/\/kapitalis.com\/tunisie\/#\/schema\/person\/74bbde0154d49d790a92aaeac5bc01d5","name":"Yusra NY","url":"https:\/\/kapitalis.com\/tunisie\/author\/yuza_adam\/"}]}},"_links":{"self":[{"href":"https:\/\/kapitalis.com\/tunisie\/wp-json\/wp\/v2\/posts\/62390","targetHints":{"allow":["GET"]}}],"collection":[{"href":"https:\/\/kapitalis.com\/tunisie\/wp-json\/wp\/v2\/posts"}],"about":[{"href":"https:\/\/kapitalis.com\/tunisie\/wp-json\/wp\/v2\/types\/post"}],"author":[{"embeddable":true,"href":"https:\/\/kapitalis.com\/tunisie\/wp-json\/wp\/v2\/users\/6"}],"replies":[{"embeddable":true,"href":"https:\/\/kapitalis.com\/tunisie\/wp-json\/wp\/v2\/comments?post=62390"}],"version-history":[{"count":0,"href":"https:\/\/kapitalis.com\/tunisie\/wp-json\/wp\/v2\/posts\/62390\/revisions"}],"wp:featuredmedia":[{"embeddable":true,"href":"https:\/\/kapitalis.com\/tunisie\/wp-json\/wp\/v2\/media\/62391"}],"wp:attachment":[{"href":"https:\/\/kapitalis.com\/tunisie\/wp-json\/wp\/v2\/media?parent=62390"}],"wp:term":[{"taxonomy":"category","embeddable":true,"href":"https:\/\/kapitalis.com\/tunisie\/wp-json\/wp\/v2\/categories?post=62390"},{"taxonomy":"post_tag","embeddable":true,"href":"https:\/\/kapitalis.com\/tunisie\/wp-json\/wp\/v2\/tags?post=62390"}],"curies":[{"name":"wp","href":"https:\/\/api.w.org\/{rel}","templated":true}]}}