{"id":6247163,"date":"2023-01-31T10:15:03","date_gmt":"2023-01-31T09:15:03","guid":{"rendered":"https:\/\/kapitalis.com\/tunisie\/?p=6247163"},"modified":"2023-01-31T10:15:06","modified_gmt":"2023-01-31T09:15:06","slug":"le-film-tunisien-multi-prime-ashkal-prochainement-dans-les-salles-de-cinema-en-tunisie","status":"publish","type":"post","link":"https:\/\/kapitalis.com\/tunisie\/2023\/01\/31\/le-film-tunisien-multi-prime-ashkal-prochainement-dans-les-salles-de-cinema-en-tunisie\/","title":{"rendered":"Le film tunisien multi prim\u00e9 \u00ab\u00a0Ashkal\u00a0\u00bb prochainement dans les salles de cin\u00e9ma en Tunisie"},"content":{"rendered":"\n<p><em><strong>Apr\u00e8s avoir \u00e9t\u00e9 s\u00e9lectionn\u00e9 et prim\u00e9 dans de nombreux festivals internationaux, le film tunisien \u00ab&nbsp;Ashkal&nbsp;\u00bb de Youssef Chebbi arrive sur le grand-\u00e9cran en Tunisie \u00e0 partir du 8 f\u00e9vrier prochain.<\/strong><\/em><\/p>\n\n\n\n<!--more-->\n\n\n\n<p>\u00ab&nbsp;<em>Ashkal, l\u2019enqu\u00eate de Tunis<\/em>&nbsp;\u00bb, premier long-m\u00e9trage de fiction du cin\u00e9aste tunisien Youssef Chebbi sera prochainement distribu\u00e9 en Tunisie par \u00ab&nbsp;Hakka Distribution&nbsp;\u00bb. Le film qui avait fait sa premi\u00e8re mondiale \u00e0 La Quinzaine des R\u00e9alisateurs \u00e0 Cannes, a \u00e9t\u00e9 pr\u00e9sent\u00e9 dans de nombreux grands festivals internationaux comme le Festival du Cin\u00e9ma m\u00e9diterran\u00e9en de Montpellier o\u00f9 il a remport\u00e9 l\u2019Antigone d\u2019or et le Prix de la critique, ainsi que le Festival du Film francophone de Namur o\u00f9 il a eu la Mention sp\u00e9ciale du jury.<\/p>\n\n\n\n<p>\u00ab&nbsp;<em>Ashkal<\/em>&nbsp;\u00bb est un thriller dont les \u00e9v\u00e9nements se d\u00e9roulent dans l\u2019un des b\u00e2timents situ\u00e9s aux Jardins de Carthage o\u00f9 deux policiers d\u00e9couvrent un corps calcin\u00e9. Un autre incident se produit et l\u2019enqu\u00eate prend un tour d\u00e9concertant.<\/p>\n\n\n\n<figure class=\"wp-block-embed aligncenter is-type-video is-provider-youtube wp-block-embed-youtube wp-embed-aspect-4-3 wp-has-aspect-ratio\"><div class=\"wp-block-embed__wrapper\">\n<iframe loading=\"lazy\" title=\"Ashkal - \u0623\u0634\u0643\u0627\u0644 | Bande-annonce officielle VOSTFR\" width=\"1160\" height=\"870\" src=\"https:\/\/www.youtube.com\/embed\/SDTjc1gqGuU?feature=oembed\" frameborder=\"0\" allow=\"accelerometer; autoplay; clipboard-write; encrypted-media; gyroscope; picture-in-picture; web-share\" allowfullscreen><\/iframe>\n<\/div><\/figure>\n\n\n\n<p class=\"has-text-align-right\"><strong>F.B<\/strong><\/p>\n","protected":false},"excerpt":{"rendered":"<p>Apr\u00e8s avoir \u00e9t\u00e9 s\u00e9lectionn\u00e9 et prim\u00e9 dans de nombreux festivals internationaux, le film tunisien \u00ab&nbsp;Ashkal&nbsp;\u00bb de Youssef Chebbi arrive sur le grand-\u00e9cran en Tunisie \u00e0 partir du 8 f\u00e9vrier prochain.<\/p>\n","protected":false},"author":26,"featured_media":6247503,"comment_status":"open","ping_status":"open","sticky":false,"template":"","format":"standard","meta":{"footnotes":""},"categories":[994,2433,4806],"tags":[99077,9668,28871,62643,99078],"class_list":["post-6247163","post","type-post","status-publish","format-standard","has-post-thumbnail","hentry","category-culture","category-tunisie","category-videos","tag-ashkal","tag-cinema-tunisien","tag-hakka-distribution","tag-tunisie","tag-youssef-chebbi"],"yoast_head":"<!-- This site is optimized with the Yoast SEO plugin v26.6 - https:\/\/yoast.com\/wordpress\/plugins\/seo\/ -->\n<title>Le film tunisien multi prim\u00e9 &quot;Ashkal&quot; prochainement dans les salles de cin\u00e9ma en Tunisie - Kapitalis<\/title>\n<meta name=\"robots\" content=\"index, follow, max-snippet:-1, max-image-preview:large, max-video-preview:-1\" \/>\n<link rel=\"canonical\" href=\"https:\/\/kapitalis.com\/tunisie\/2023\/01\/31\/le-film-tunisien-multi-prime-ashkal-prochainement-dans-les-salles-de-cinema-en-tunisie\/\" \/>\n<meta property=\"og:locale\" content=\"fr_FR\" \/>\n<meta property=\"og:type\" content=\"article\" \/>\n<meta property=\"og:title\" content=\"Le film tunisien multi prim\u00e9 &quot;Ashkal&quot; prochainement dans les salles de cin\u00e9ma en Tunisie - Kapitalis\" \/>\n<meta property=\"og:description\" content=\"Apr\u00e8s avoir \u00e9t\u00e9 s\u00e9lectionn\u00e9 et prim\u00e9 dans de nombreux festivals internationaux, le film tunisien \u00ab&nbsp;Ashkal&nbsp;\u00bb de Youssef Chebbi arrive sur le grand-\u00e9cran en Tunisie \u00e0 partir du 8 f\u00e9vrier prochain.\" \/>\n<meta property=\"og:url\" content=\"https:\/\/kapitalis.com\/tunisie\/2023\/01\/31\/le-film-tunisien-multi-prime-ashkal-prochainement-dans-les-salles-de-cinema-en-tunisie\/\" \/>\n<meta property=\"og:site_name\" content=\"Kapitalis\" \/>\n<meta property=\"article:publisher\" content=\"https:\/\/www.facebook.com\/KapitalisInfo\/\" \/>\n<meta property=\"article:published_time\" content=\"2023-01-31T09:15:03+00:00\" \/>\n<meta property=\"article:modified_time\" content=\"2023-01-31T09:15:06+00:00\" \/>\n<meta property=\"og:image\" content=\"https:\/\/kapitalis.com\/tunisie\/wp-content\/uploads\/2023\/01\/Film-Ashkal.jpg\" \/>\n\t<meta property=\"og:image:width\" content=\"1200\" \/>\n\t<meta property=\"og:image:height\" content=\"630\" \/>\n\t<meta property=\"og:image:type\" content=\"image\/jpeg\" \/>\n<meta name=\"author\" content=\"Fawz BenAli\" \/>\n<meta name=\"twitter:card\" content=\"summary_large_image\" \/>\n<meta name=\"twitter:creator\" content=\"@KapitalisInfo\" \/>\n<meta name=\"twitter:site\" content=\"@KapitalisInfo\" \/>\n<meta name=\"twitter:label1\" content=\"\u00c9crit par\" \/>\n\t<meta name=\"twitter:data1\" content=\"Fawz BenAli\" \/>\n\t<meta name=\"twitter:label2\" content=\"Dur\u00e9e de lecture estim\u00e9e\" \/>\n\t<meta name=\"twitter:data2\" content=\"1 minute\" \/>\n<script type=\"application\/ld+json\" class=\"yoast-schema-graph\">{\"@context\":\"https:\/\/schema.org\",\"@graph\":[{\"@type\":\"Article\",\"@id\":\"https:\/\/kapitalis.com\/tunisie\/2023\/01\/31\/le-film-tunisien-multi-prime-ashkal-prochainement-dans-les-salles-de-cinema-en-tunisie\/#article\",\"isPartOf\":{\"@id\":\"https:\/\/kapitalis.com\/tunisie\/2023\/01\/31\/le-film-tunisien-multi-prime-ashkal-prochainement-dans-les-salles-de-cinema-en-tunisie\/\"},\"author\":{\"name\":\"Fawz BenAli\",\"@id\":\"https:\/\/kapitalis.com\/tunisie\/#\/schema\/person\/73a5ecc1f6ae540c6ed91342eadca948\"},\"headline\":\"Le film tunisien multi prim\u00e9 \u00ab\u00a0Ashkal\u00a0\u00bb prochainement dans les salles de cin\u00e9ma en Tunisie\",\"datePublished\":\"2023-01-31T09:15:03+00:00\",\"dateModified\":\"2023-01-31T09:15:06+00:00\",\"mainEntityOfPage\":{\"@id\":\"https:\/\/kapitalis.com\/tunisie\/2023\/01\/31\/le-film-tunisien-multi-prime-ashkal-prochainement-dans-les-salles-de-cinema-en-tunisie\/\"},\"wordCount\":204,\"commentCount\":0,\"publisher\":{\"@id\":\"https:\/\/kapitalis.com\/tunisie\/#organization\"},\"image\":{\"@id\":\"https:\/\/kapitalis.com\/tunisie\/2023\/01\/31\/le-film-tunisien-multi-prime-ashkal-prochainement-dans-les-salles-de-cinema-en-tunisie\/#primaryimage\"},\"thumbnailUrl\":\"https:\/\/kapitalis.com\/tunisie\/wp-content\/uploads\/2023\/01\/Film-Ashkal.jpg\",\"keywords\":[\"Ashkal\",\"cin\u00e9ma tunisien\",\"Hakka Distribution\",\"Tunisie\",\"Youssef Chebbi\"],\"articleSection\":[\"CULTURE\",\"Tunisie\",\"VIDEOS\"],\"inLanguage\":\"fr-FR\",\"potentialAction\":[{\"@type\":\"CommentAction\",\"name\":\"Comment\",\"target\":[\"https:\/\/kapitalis.com\/tunisie\/2023\/01\/31\/le-film-tunisien-multi-prime-ashkal-prochainement-dans-les-salles-de-cinema-en-tunisie\/#respond\"]}]},{\"@type\":\"WebPage\",\"@id\":\"https:\/\/kapitalis.com\/tunisie\/2023\/01\/31\/le-film-tunisien-multi-prime-ashkal-prochainement-dans-les-salles-de-cinema-en-tunisie\/\",\"url\":\"https:\/\/kapitalis.com\/tunisie\/2023\/01\/31\/le-film-tunisien-multi-prime-ashkal-prochainement-dans-les-salles-de-cinema-en-tunisie\/\",\"name\":\"Le film tunisien multi prim\u00e9 \\\"Ashkal\\\" prochainement dans les salles de cin\u00e9ma en Tunisie - Kapitalis\",\"isPartOf\":{\"@id\":\"https:\/\/kapitalis.com\/tunisie\/#website\"},\"primaryImageOfPage\":{\"@id\":\"https:\/\/kapitalis.com\/tunisie\/2023\/01\/31\/le-film-tunisien-multi-prime-ashkal-prochainement-dans-les-salles-de-cinema-en-tunisie\/#primaryimage\"},\"image\":{\"@id\":\"https:\/\/kapitalis.com\/tunisie\/2023\/01\/31\/le-film-tunisien-multi-prime-ashkal-prochainement-dans-les-salles-de-cinema-en-tunisie\/#primaryimage\"},\"thumbnailUrl\":\"https:\/\/kapitalis.com\/tunisie\/wp-content\/uploads\/2023\/01\/Film-Ashkal.jpg\",\"datePublished\":\"2023-01-31T09:15:03+00:00\",\"dateModified\":\"2023-01-31T09:15:06+00:00\",\"breadcrumb\":{\"@id\":\"https:\/\/kapitalis.com\/tunisie\/2023\/01\/31\/le-film-tunisien-multi-prime-ashkal-prochainement-dans-les-salles-de-cinema-en-tunisie\/#breadcrumb\"},\"inLanguage\":\"fr-FR\",\"potentialAction\":[{\"@type\":\"ReadAction\",\"target\":[\"https:\/\/kapitalis.com\/tunisie\/2023\/01\/31\/le-film-tunisien-multi-prime-ashkal-prochainement-dans-les-salles-de-cinema-en-tunisie\/\"]}]},{\"@type\":\"ImageObject\",\"inLanguage\":\"fr-FR\",\"@id\":\"https:\/\/kapitalis.com\/tunisie\/2023\/01\/31\/le-film-tunisien-multi-prime-ashkal-prochainement-dans-les-salles-de-cinema-en-tunisie\/#primaryimage\",\"url\":\"https:\/\/kapitalis.com\/tunisie\/wp-content\/uploads\/2023\/01\/Film-Ashkal.jpg\",\"contentUrl\":\"https:\/\/kapitalis.com\/tunisie\/wp-content\/uploads\/2023\/01\/Film-Ashkal.jpg\",\"width\":1200,\"height\":630},{\"@type\":\"BreadcrumbList\",\"@id\":\"https:\/\/kapitalis.com\/tunisie\/2023\/01\/31\/le-film-tunisien-multi-prime-ashkal-prochainement-dans-les-salles-de-cinema-en-tunisie\/#breadcrumb\",\"itemListElement\":[{\"@type\":\"ListItem\",\"position\":1,\"name\":\"Accueil\",\"item\":\"https:\/\/kapitalis.com\/tunisie\/\"},{\"@type\":\"ListItem\",\"position\":2,\"name\":\"Le film tunisien multi prim\u00e9 \u00ab\u00a0Ashkal\u00a0\u00bb prochainement dans les salles de cin\u00e9ma en Tunisie\"}]},{\"@type\":\"WebSite\",\"@id\":\"https:\/\/kapitalis.com\/tunisie\/#website\",\"url\":\"https:\/\/kapitalis.com\/tunisie\/\",\"name\":\"Kapitalis\",\"description\":\"L&#039;actualit\u00e9 en Tunisie et dans le monde\",\"publisher\":{\"@id\":\"https:\/\/kapitalis.com\/tunisie\/#organization\"},\"potentialAction\":[{\"@type\":\"SearchAction\",\"target\":{\"@type\":\"EntryPoint\",\"urlTemplate\":\"https:\/\/kapitalis.com\/tunisie\/?s={search_term_string}\"},\"query-input\":{\"@type\":\"PropertyValueSpecification\",\"valueRequired\":true,\"valueName\":\"search_term_string\"}}],\"inLanguage\":\"fr-FR\"},{\"@type\":\"Organization\",\"@id\":\"https:\/\/kapitalis.com\/tunisie\/#organization\",\"name\":\"Kapitalis\",\"url\":\"https:\/\/kapitalis.com\/tunisie\/\",\"logo\":{\"@type\":\"ImageObject\",\"inLanguage\":\"fr-FR\",\"@id\":\"https:\/\/kapitalis.com\/tunisie\/#\/schema\/logo\/image\/\",\"url\":\"https:\/\/kapitalis.com\/tunisie\/wp-content\/uploads\/2022\/05\/Kapitalis-big-size.png\",\"contentUrl\":\"https:\/\/kapitalis.com\/tunisie\/wp-content\/uploads\/2022\/05\/Kapitalis-big-size.png\",\"width\":5000,\"height\":1500,\"caption\":\"Kapitalis\"},\"image\":{\"@id\":\"https:\/\/kapitalis.com\/tunisie\/#\/schema\/logo\/image\/\"},\"sameAs\":[\"https:\/\/www.facebook.com\/KapitalisInfo\/\",\"https:\/\/x.com\/KapitalisInfo\",\"https:\/\/www.youtube.com\/channel\/UC-yDYrHyfFBWWZaOw3FPg9Q\"]},{\"@type\":\"Person\",\"@id\":\"https:\/\/kapitalis.com\/tunisie\/#\/schema\/person\/73a5ecc1f6ae540c6ed91342eadca948\",\"name\":\"Fawz BenAli\",\"url\":\"https:\/\/kapitalis.com\/tunisie\/author\/fawz\/\"}]}<\/script>\n<!-- \/ Yoast SEO plugin. -->","yoast_head_json":{"title":"Le film tunisien multi prim\u00e9 \"Ashkal\" prochainement dans les salles de cin\u00e9ma en Tunisie - Kapitalis","robots":{"index":"index","follow":"follow","max-snippet":"max-snippet:-1","max-image-preview":"max-image-preview:large","max-video-preview":"max-video-preview:-1"},"canonical":"https:\/\/kapitalis.com\/tunisie\/2023\/01\/31\/le-film-tunisien-multi-prime-ashkal-prochainement-dans-les-salles-de-cinema-en-tunisie\/","og_locale":"fr_FR","og_type":"article","og_title":"Le film tunisien multi prim\u00e9 \"Ashkal\" prochainement dans les salles de cin\u00e9ma en Tunisie - Kapitalis","og_description":"Apr\u00e8s avoir \u00e9t\u00e9 s\u00e9lectionn\u00e9 et prim\u00e9 dans de nombreux festivals internationaux, le film tunisien \u00ab&nbsp;Ashkal&nbsp;\u00bb de Youssef Chebbi arrive sur le grand-\u00e9cran en Tunisie \u00e0 partir du 8 f\u00e9vrier prochain.","og_url":"https:\/\/kapitalis.com\/tunisie\/2023\/01\/31\/le-film-tunisien-multi-prime-ashkal-prochainement-dans-les-salles-de-cinema-en-tunisie\/","og_site_name":"Kapitalis","article_publisher":"https:\/\/www.facebook.com\/KapitalisInfo\/","article_published_time":"2023-01-31T09:15:03+00:00","article_modified_time":"2023-01-31T09:15:06+00:00","og_image":[{"width":1200,"height":630,"url":"https:\/\/kapitalis.com\/tunisie\/wp-content\/uploads\/2023\/01\/Film-Ashkal.jpg","type":"image\/jpeg"}],"author":"Fawz BenAli","twitter_card":"summary_large_image","twitter_creator":"@KapitalisInfo","twitter_site":"@KapitalisInfo","twitter_misc":{"\u00c9crit par":"Fawz BenAli","Dur\u00e9e de lecture estim\u00e9e":"1 minute"},"schema":{"@context":"https:\/\/schema.org","@graph":[{"@type":"Article","@id":"https:\/\/kapitalis.com\/tunisie\/2023\/01\/31\/le-film-tunisien-multi-prime-ashkal-prochainement-dans-les-salles-de-cinema-en-tunisie\/#article","isPartOf":{"@id":"https:\/\/kapitalis.com\/tunisie\/2023\/01\/31\/le-film-tunisien-multi-prime-ashkal-prochainement-dans-les-salles-de-cinema-en-tunisie\/"},"author":{"name":"Fawz BenAli","@id":"https:\/\/kapitalis.com\/tunisie\/#\/schema\/person\/73a5ecc1f6ae540c6ed91342eadca948"},"headline":"Le film tunisien multi prim\u00e9 \u00ab\u00a0Ashkal\u00a0\u00bb prochainement dans les salles de cin\u00e9ma en Tunisie","datePublished":"2023-01-31T09:15:03+00:00","dateModified":"2023-01-31T09:15:06+00:00","mainEntityOfPage":{"@id":"https:\/\/kapitalis.com\/tunisie\/2023\/01\/31\/le-film-tunisien-multi-prime-ashkal-prochainement-dans-les-salles-de-cinema-en-tunisie\/"},"wordCount":204,"commentCount":0,"publisher":{"@id":"https:\/\/kapitalis.com\/tunisie\/#organization"},"image":{"@id":"https:\/\/kapitalis.com\/tunisie\/2023\/01\/31\/le-film-tunisien-multi-prime-ashkal-prochainement-dans-les-salles-de-cinema-en-tunisie\/#primaryimage"},"thumbnailUrl":"https:\/\/kapitalis.com\/tunisie\/wp-content\/uploads\/2023\/01\/Film-Ashkal.jpg","keywords":["Ashkal","cin\u00e9ma tunisien","Hakka Distribution","Tunisie","Youssef Chebbi"],"articleSection":["CULTURE","Tunisie","VIDEOS"],"inLanguage":"fr-FR","potentialAction":[{"@type":"CommentAction","name":"Comment","target":["https:\/\/kapitalis.com\/tunisie\/2023\/01\/31\/le-film-tunisien-multi-prime-ashkal-prochainement-dans-les-salles-de-cinema-en-tunisie\/#respond"]}]},{"@type":"WebPage","@id":"https:\/\/kapitalis.com\/tunisie\/2023\/01\/31\/le-film-tunisien-multi-prime-ashkal-prochainement-dans-les-salles-de-cinema-en-tunisie\/","url":"https:\/\/kapitalis.com\/tunisie\/2023\/01\/31\/le-film-tunisien-multi-prime-ashkal-prochainement-dans-les-salles-de-cinema-en-tunisie\/","name":"Le film tunisien multi prim\u00e9 \"Ashkal\" prochainement dans les salles de cin\u00e9ma en Tunisie - Kapitalis","isPartOf":{"@id":"https:\/\/kapitalis.com\/tunisie\/#website"},"primaryImageOfPage":{"@id":"https:\/\/kapitalis.com\/tunisie\/2023\/01\/31\/le-film-tunisien-multi-prime-ashkal-prochainement-dans-les-salles-de-cinema-en-tunisie\/#primaryimage"},"image":{"@id":"https:\/\/kapitalis.com\/tunisie\/2023\/01\/31\/le-film-tunisien-multi-prime-ashkal-prochainement-dans-les-salles-de-cinema-en-tunisie\/#primaryimage"},"thumbnailUrl":"https:\/\/kapitalis.com\/tunisie\/wp-content\/uploads\/2023\/01\/Film-Ashkal.jpg","datePublished":"2023-01-31T09:15:03+00:00","dateModified":"2023-01-31T09:15:06+00:00","breadcrumb":{"@id":"https:\/\/kapitalis.com\/tunisie\/2023\/01\/31\/le-film-tunisien-multi-prime-ashkal-prochainement-dans-les-salles-de-cinema-en-tunisie\/#breadcrumb"},"inLanguage":"fr-FR","potentialAction":[{"@type":"ReadAction","target":["https:\/\/kapitalis.com\/tunisie\/2023\/01\/31\/le-film-tunisien-multi-prime-ashkal-prochainement-dans-les-salles-de-cinema-en-tunisie\/"]}]},{"@type":"ImageObject","inLanguage":"fr-FR","@id":"https:\/\/kapitalis.com\/tunisie\/2023\/01\/31\/le-film-tunisien-multi-prime-ashkal-prochainement-dans-les-salles-de-cinema-en-tunisie\/#primaryimage","url":"https:\/\/kapitalis.com\/tunisie\/wp-content\/uploads\/2023\/01\/Film-Ashkal.jpg","contentUrl":"https:\/\/kapitalis.com\/tunisie\/wp-content\/uploads\/2023\/01\/Film-Ashkal.jpg","width":1200,"height":630},{"@type":"BreadcrumbList","@id":"https:\/\/kapitalis.com\/tunisie\/2023\/01\/31\/le-film-tunisien-multi-prime-ashkal-prochainement-dans-les-salles-de-cinema-en-tunisie\/#breadcrumb","itemListElement":[{"@type":"ListItem","position":1,"name":"Accueil","item":"https:\/\/kapitalis.com\/tunisie\/"},{"@type":"ListItem","position":2,"name":"Le film tunisien multi prim\u00e9 \u00ab\u00a0Ashkal\u00a0\u00bb prochainement dans les salles de cin\u00e9ma en Tunisie"}]},{"@type":"WebSite","@id":"https:\/\/kapitalis.com\/tunisie\/#website","url":"https:\/\/kapitalis.com\/tunisie\/","name":"Kapitalis","description":"L&#039;actualit\u00e9 en Tunisie et dans le monde","publisher":{"@id":"https:\/\/kapitalis.com\/tunisie\/#organization"},"potentialAction":[{"@type":"SearchAction","target":{"@type":"EntryPoint","urlTemplate":"https:\/\/kapitalis.com\/tunisie\/?s={search_term_string}"},"query-input":{"@type":"PropertyValueSpecification","valueRequired":true,"valueName":"search_term_string"}}],"inLanguage":"fr-FR"},{"@type":"Organization","@id":"https:\/\/kapitalis.com\/tunisie\/#organization","name":"Kapitalis","url":"https:\/\/kapitalis.com\/tunisie\/","logo":{"@type":"ImageObject","inLanguage":"fr-FR","@id":"https:\/\/kapitalis.com\/tunisie\/#\/schema\/logo\/image\/","url":"https:\/\/kapitalis.com\/tunisie\/wp-content\/uploads\/2022\/05\/Kapitalis-big-size.png","contentUrl":"https:\/\/kapitalis.com\/tunisie\/wp-content\/uploads\/2022\/05\/Kapitalis-big-size.png","width":5000,"height":1500,"caption":"Kapitalis"},"image":{"@id":"https:\/\/kapitalis.com\/tunisie\/#\/schema\/logo\/image\/"},"sameAs":["https:\/\/www.facebook.com\/KapitalisInfo\/","https:\/\/x.com\/KapitalisInfo","https:\/\/www.youtube.com\/channel\/UC-yDYrHyfFBWWZaOw3FPg9Q"]},{"@type":"Person","@id":"https:\/\/kapitalis.com\/tunisie\/#\/schema\/person\/73a5ecc1f6ae540c6ed91342eadca948","name":"Fawz BenAli","url":"https:\/\/kapitalis.com\/tunisie\/author\/fawz\/"}]}},"_links":{"self":[{"href":"https:\/\/kapitalis.com\/tunisie\/wp-json\/wp\/v2\/posts\/6247163","targetHints":{"allow":["GET"]}}],"collection":[{"href":"https:\/\/kapitalis.com\/tunisie\/wp-json\/wp\/v2\/posts"}],"about":[{"href":"https:\/\/kapitalis.com\/tunisie\/wp-json\/wp\/v2\/types\/post"}],"author":[{"embeddable":true,"href":"https:\/\/kapitalis.com\/tunisie\/wp-json\/wp\/v2\/users\/26"}],"replies":[{"embeddable":true,"href":"https:\/\/kapitalis.com\/tunisie\/wp-json\/wp\/v2\/comments?post=6247163"}],"version-history":[{"count":2,"href":"https:\/\/kapitalis.com\/tunisie\/wp-json\/wp\/v2\/posts\/6247163\/revisions"}],"predecessor-version":[{"id":6247513,"href":"https:\/\/kapitalis.com\/tunisie\/wp-json\/wp\/v2\/posts\/6247163\/revisions\/6247513"}],"wp:featuredmedia":[{"embeddable":true,"href":"https:\/\/kapitalis.com\/tunisie\/wp-json\/wp\/v2\/media\/6247503"}],"wp:attachment":[{"href":"https:\/\/kapitalis.com\/tunisie\/wp-json\/wp\/v2\/media?parent=6247163"}],"wp:term":[{"taxonomy":"category","embeddable":true,"href":"https:\/\/kapitalis.com\/tunisie\/wp-json\/wp\/v2\/categories?post=6247163"},{"taxonomy":"post_tag","embeddable":true,"href":"https:\/\/kapitalis.com\/tunisie\/wp-json\/wp\/v2\/tags?post=6247163"}],"curies":[{"name":"wp","href":"https:\/\/api.w.org\/{rel}","templated":true}]}}