{"id":6247984,"date":"2023-01-31T11:53:34","date_gmt":"2023-01-31T10:53:34","guid":{"rendered":"https:\/\/kapitalis.com\/tunisie\/?p=6247984"},"modified":"2023-01-31T11:53:37","modified_gmt":"2023-01-31T10:53:37","slug":"le-concert-filme-de-bts-yet-to-come-au-cinema-en-tunisie","status":"publish","type":"post","link":"https:\/\/kapitalis.com\/tunisie\/2023\/01\/31\/le-concert-filme-de-bts-yet-to-come-au-cinema-en-tunisie\/","title":{"rendered":"Le concert film\u00e9 de BTS \u00ab\u00a0Yet to come\u00a0\u00bb au cin\u00e9ma en Tunisie"},"content":{"rendered":"\n<p><em><strong>Le film musical \u00e9v\u00e9nement \u00ab\u00a0Yet to come in cinemas\u00a0\u00bb du c\u00e9l\u00e8bre boys band cor\u00e9en BTS sera projet\u00e9 \u00e0 l\u2019Agora \u00e0 la Marsa, le mercredi 1<sup>er<\/sup> f\u00e9vrier.<\/strong><\/em><\/p>\n\n\n\n<!--more-->\n\n\n\n<p>Il sont jeunes, ils sont beaux, ils ont du talent et ils connaissent un succ\u00e8s fou aupr\u00e8s du jeune public, ce sont les BTS, un groupe de sept gar\u00e7ons cor\u00e9ens, qui depuis sa cr\u00e9ation, il y a presque dix ans, encha\u00eenent les tourn\u00e9es, les grands prix musicaux et les records d\u2019audience.<\/p>\n\n\n\n<p>Le groupe qui fait depuis quelque temps une pause dans sa carri\u00e8re, a d\u00e9cid\u00e9 d\u2019offrir \u00e0 ses fans des moments de concert in\u00e9dits sur le grand \u00e9cran. Le film \u00ab\u00a0<em>Yet to come in cinemas<\/em>\u00a0\u00bb sera diffus\u00e9 dans de nombreuses salles de cin\u00e9ma \u00e0 travers le monde \u00e0 partir du 1<sup>er<\/sup> f\u00e9vrier, y compris en Tunisie.<\/p>\n\n\n\n<figure class=\"wp-block-embed is-type-video is-provider-youtube wp-block-embed-youtube wp-embed-aspect-16-9 wp-has-aspect-ratio\"><div class=\"wp-block-embed__wrapper\">\n<iframe loading=\"lazy\" title=\"BTS (\ubc29\ud0c4\uc18c\ub144\ub2e8) &#039;Yet To Come in Cinemas&#039; Official 2D Trailer (ENG)\" width=\"1160\" height=\"653\" src=\"https:\/\/www.youtube.com\/embed\/u0kJfkDix4Y?feature=oembed\" frameborder=\"0\" allow=\"accelerometer; autoplay; clipboard-write; encrypted-media; gyroscope; picture-in-picture; web-share\" allowfullscreen><\/iframe>\n<\/div><\/figure>\n\n\n\n<p class=\"has-text-align-right\"><strong>F.B<\/strong><\/p>\n","protected":false},"excerpt":{"rendered":"<p>Le film musical \u00e9v\u00e9nement \u00ab\u00a0Yet to come in cinemas\u00a0\u00bb du c\u00e9l\u00e8bre boys band cor\u00e9en BTS sera projet\u00e9 \u00e0 l\u2019Agora \u00e0 la Marsa, le mercredi 1er f\u00e9vrier.<\/p>\n","protected":false},"author":26,"featured_media":6248336,"comment_status":"open","ping_status":"open","sticky":false,"template":"","format":"standard","meta":{"footnotes":""},"categories":[994,2433],"tags":[16454,95349,106348,62643,106349],"class_list":["post-6247984","post","type-post","status-publish","format-standard","has-post-thumbnail","hentry","category-culture","category-tunisie","tag-bts","tag-lagora-2","tag-musique-coreenne","tag-tunisie","tag-yet-to-come-in-cinemas"],"yoast_head":"<!-- This site is optimized with the Yoast SEO plugin v26.6 - https:\/\/yoast.com\/wordpress\/plugins\/seo\/ -->\n<title>Le concert film\u00e9 de BTS &quot;Yet to come&quot; au cin\u00e9ma en Tunisie - Kapitalis<\/title>\n<meta name=\"robots\" content=\"index, follow, max-snippet:-1, max-image-preview:large, max-video-preview:-1\" \/>\n<link rel=\"canonical\" href=\"https:\/\/kapitalis.com\/tunisie\/2023\/01\/31\/le-concert-filme-de-bts-yet-to-come-au-cinema-en-tunisie\/\" \/>\n<meta property=\"og:locale\" content=\"fr_FR\" \/>\n<meta property=\"og:type\" content=\"article\" \/>\n<meta property=\"og:title\" content=\"Le concert film\u00e9 de BTS &quot;Yet to come&quot; au cin\u00e9ma en Tunisie - Kapitalis\" \/>\n<meta property=\"og:description\" content=\"Le film musical \u00e9v\u00e9nement \u00ab\u00a0Yet to come in cinemas\u00a0\u00bb du c\u00e9l\u00e8bre boys band cor\u00e9en BTS sera projet\u00e9 \u00e0 l\u2019Agora \u00e0 la Marsa, le mercredi 1er f\u00e9vrier.\" \/>\n<meta property=\"og:url\" content=\"https:\/\/kapitalis.com\/tunisie\/2023\/01\/31\/le-concert-filme-de-bts-yet-to-come-au-cinema-en-tunisie\/\" \/>\n<meta property=\"og:site_name\" content=\"Kapitalis\" \/>\n<meta property=\"article:publisher\" content=\"https:\/\/www.facebook.com\/KapitalisInfo\/\" \/>\n<meta property=\"article:published_time\" content=\"2023-01-31T10:53:34+00:00\" \/>\n<meta property=\"article:modified_time\" content=\"2023-01-31T10:53:37+00:00\" \/>\n<meta property=\"og:image\" content=\"https:\/\/kapitalis.com\/tunisie\/wp-content\/uploads\/2023\/01\/Groupe-BTS.jpg\" \/>\n\t<meta property=\"og:image:width\" content=\"1200\" \/>\n\t<meta property=\"og:image:height\" content=\"630\" \/>\n\t<meta property=\"og:image:type\" content=\"image\/jpeg\" \/>\n<meta name=\"author\" content=\"Fawz BenAli\" \/>\n<meta name=\"twitter:card\" content=\"summary_large_image\" \/>\n<meta name=\"twitter:creator\" content=\"@KapitalisInfo\" \/>\n<meta name=\"twitter:site\" content=\"@KapitalisInfo\" \/>\n<meta name=\"twitter:label1\" content=\"\u00c9crit par\" \/>\n\t<meta name=\"twitter:data1\" content=\"Fawz BenAli\" \/>\n\t<meta name=\"twitter:label2\" content=\"Dur\u00e9e de lecture estim\u00e9e\" \/>\n\t<meta name=\"twitter:data2\" content=\"1 minute\" \/>\n<script type=\"application\/ld+json\" class=\"yoast-schema-graph\">{\"@context\":\"https:\/\/schema.org\",\"@graph\":[{\"@type\":\"Article\",\"@id\":\"https:\/\/kapitalis.com\/tunisie\/2023\/01\/31\/le-concert-filme-de-bts-yet-to-come-au-cinema-en-tunisie\/#article\",\"isPartOf\":{\"@id\":\"https:\/\/kapitalis.com\/tunisie\/2023\/01\/31\/le-concert-filme-de-bts-yet-to-come-au-cinema-en-tunisie\/\"},\"author\":{\"name\":\"Fawz BenAli\",\"@id\":\"https:\/\/kapitalis.com\/tunisie\/#\/schema\/person\/73a5ecc1f6ae540c6ed91342eadca948\"},\"headline\":\"Le concert film\u00e9 de BTS \u00ab\u00a0Yet to come\u00a0\u00bb au cin\u00e9ma en Tunisie\",\"datePublished\":\"2023-01-31T10:53:34+00:00\",\"dateModified\":\"2023-01-31T10:53:37+00:00\",\"mainEntityOfPage\":{\"@id\":\"https:\/\/kapitalis.com\/tunisie\/2023\/01\/31\/le-concert-filme-de-bts-yet-to-come-au-cinema-en-tunisie\/\"},\"wordCount\":171,\"commentCount\":0,\"publisher\":{\"@id\":\"https:\/\/kapitalis.com\/tunisie\/#organization\"},\"image\":{\"@id\":\"https:\/\/kapitalis.com\/tunisie\/2023\/01\/31\/le-concert-filme-de-bts-yet-to-come-au-cinema-en-tunisie\/#primaryimage\"},\"thumbnailUrl\":\"https:\/\/kapitalis.com\/tunisie\/wp-content\/uploads\/2023\/01\/Groupe-BTS.jpg\",\"keywords\":[\"BTS\",\"L&#039;agora\",\"musique cor\u00e9enne\",\"Tunisie\",\"Yet to come in cinemas\"],\"articleSection\":[\"CULTURE\",\"Tunisie\"],\"inLanguage\":\"fr-FR\",\"potentialAction\":[{\"@type\":\"CommentAction\",\"name\":\"Comment\",\"target\":[\"https:\/\/kapitalis.com\/tunisie\/2023\/01\/31\/le-concert-filme-de-bts-yet-to-come-au-cinema-en-tunisie\/#respond\"]}]},{\"@type\":\"WebPage\",\"@id\":\"https:\/\/kapitalis.com\/tunisie\/2023\/01\/31\/le-concert-filme-de-bts-yet-to-come-au-cinema-en-tunisie\/\",\"url\":\"https:\/\/kapitalis.com\/tunisie\/2023\/01\/31\/le-concert-filme-de-bts-yet-to-come-au-cinema-en-tunisie\/\",\"name\":\"Le concert film\u00e9 de BTS \\\"Yet to come\\\" au cin\u00e9ma en Tunisie - Kapitalis\",\"isPartOf\":{\"@id\":\"https:\/\/kapitalis.com\/tunisie\/#website\"},\"primaryImageOfPage\":{\"@id\":\"https:\/\/kapitalis.com\/tunisie\/2023\/01\/31\/le-concert-filme-de-bts-yet-to-come-au-cinema-en-tunisie\/#primaryimage\"},\"image\":{\"@id\":\"https:\/\/kapitalis.com\/tunisie\/2023\/01\/31\/le-concert-filme-de-bts-yet-to-come-au-cinema-en-tunisie\/#primaryimage\"},\"thumbnailUrl\":\"https:\/\/kapitalis.com\/tunisie\/wp-content\/uploads\/2023\/01\/Groupe-BTS.jpg\",\"datePublished\":\"2023-01-31T10:53:34+00:00\",\"dateModified\":\"2023-01-31T10:53:37+00:00\",\"breadcrumb\":{\"@id\":\"https:\/\/kapitalis.com\/tunisie\/2023\/01\/31\/le-concert-filme-de-bts-yet-to-come-au-cinema-en-tunisie\/#breadcrumb\"},\"inLanguage\":\"fr-FR\",\"potentialAction\":[{\"@type\":\"ReadAction\",\"target\":[\"https:\/\/kapitalis.com\/tunisie\/2023\/01\/31\/le-concert-filme-de-bts-yet-to-come-au-cinema-en-tunisie\/\"]}]},{\"@type\":\"ImageObject\",\"inLanguage\":\"fr-FR\",\"@id\":\"https:\/\/kapitalis.com\/tunisie\/2023\/01\/31\/le-concert-filme-de-bts-yet-to-come-au-cinema-en-tunisie\/#primaryimage\",\"url\":\"https:\/\/kapitalis.com\/tunisie\/wp-content\/uploads\/2023\/01\/Groupe-BTS.jpg\",\"contentUrl\":\"https:\/\/kapitalis.com\/tunisie\/wp-content\/uploads\/2023\/01\/Groupe-BTS.jpg\",\"width\":1200,\"height\":630},{\"@type\":\"BreadcrumbList\",\"@id\":\"https:\/\/kapitalis.com\/tunisie\/2023\/01\/31\/le-concert-filme-de-bts-yet-to-come-au-cinema-en-tunisie\/#breadcrumb\",\"itemListElement\":[{\"@type\":\"ListItem\",\"position\":1,\"name\":\"Accueil\",\"item\":\"https:\/\/kapitalis.com\/tunisie\/\"},{\"@type\":\"ListItem\",\"position\":2,\"name\":\"Le concert film\u00e9 de BTS \u00ab\u00a0Yet to come\u00a0\u00bb au cin\u00e9ma en Tunisie\"}]},{\"@type\":\"WebSite\",\"@id\":\"https:\/\/kapitalis.com\/tunisie\/#website\",\"url\":\"https:\/\/kapitalis.com\/tunisie\/\",\"name\":\"Kapitalis\",\"description\":\"L&#039;actualit\u00e9 en Tunisie et dans le monde\",\"publisher\":{\"@id\":\"https:\/\/kapitalis.com\/tunisie\/#organization\"},\"potentialAction\":[{\"@type\":\"SearchAction\",\"target\":{\"@type\":\"EntryPoint\",\"urlTemplate\":\"https:\/\/kapitalis.com\/tunisie\/?s={search_term_string}\"},\"query-input\":{\"@type\":\"PropertyValueSpecification\",\"valueRequired\":true,\"valueName\":\"search_term_string\"}}],\"inLanguage\":\"fr-FR\"},{\"@type\":\"Organization\",\"@id\":\"https:\/\/kapitalis.com\/tunisie\/#organization\",\"name\":\"Kapitalis\",\"url\":\"https:\/\/kapitalis.com\/tunisie\/\",\"logo\":{\"@type\":\"ImageObject\",\"inLanguage\":\"fr-FR\",\"@id\":\"https:\/\/kapitalis.com\/tunisie\/#\/schema\/logo\/image\/\",\"url\":\"https:\/\/kapitalis.com\/tunisie\/wp-content\/uploads\/2022\/05\/Kapitalis-big-size.png\",\"contentUrl\":\"https:\/\/kapitalis.com\/tunisie\/wp-content\/uploads\/2022\/05\/Kapitalis-big-size.png\",\"width\":5000,\"height\":1500,\"caption\":\"Kapitalis\"},\"image\":{\"@id\":\"https:\/\/kapitalis.com\/tunisie\/#\/schema\/logo\/image\/\"},\"sameAs\":[\"https:\/\/www.facebook.com\/KapitalisInfo\/\",\"https:\/\/x.com\/KapitalisInfo\",\"https:\/\/www.youtube.com\/channel\/UC-yDYrHyfFBWWZaOw3FPg9Q\"]},{\"@type\":\"Person\",\"@id\":\"https:\/\/kapitalis.com\/tunisie\/#\/schema\/person\/73a5ecc1f6ae540c6ed91342eadca948\",\"name\":\"Fawz BenAli\",\"url\":\"https:\/\/kapitalis.com\/tunisie\/author\/fawz\/\"}]}<\/script>\n<!-- \/ Yoast SEO plugin. -->","yoast_head_json":{"title":"Le concert film\u00e9 de BTS \"Yet to come\" au cin\u00e9ma en Tunisie - Kapitalis","robots":{"index":"index","follow":"follow","max-snippet":"max-snippet:-1","max-image-preview":"max-image-preview:large","max-video-preview":"max-video-preview:-1"},"canonical":"https:\/\/kapitalis.com\/tunisie\/2023\/01\/31\/le-concert-filme-de-bts-yet-to-come-au-cinema-en-tunisie\/","og_locale":"fr_FR","og_type":"article","og_title":"Le concert film\u00e9 de BTS \"Yet to come\" au cin\u00e9ma en Tunisie - Kapitalis","og_description":"Le film musical \u00e9v\u00e9nement \u00ab\u00a0Yet to come in cinemas\u00a0\u00bb du c\u00e9l\u00e8bre boys band cor\u00e9en BTS sera projet\u00e9 \u00e0 l\u2019Agora \u00e0 la Marsa, le mercredi 1er f\u00e9vrier.","og_url":"https:\/\/kapitalis.com\/tunisie\/2023\/01\/31\/le-concert-filme-de-bts-yet-to-come-au-cinema-en-tunisie\/","og_site_name":"Kapitalis","article_publisher":"https:\/\/www.facebook.com\/KapitalisInfo\/","article_published_time":"2023-01-31T10:53:34+00:00","article_modified_time":"2023-01-31T10:53:37+00:00","og_image":[{"width":1200,"height":630,"url":"https:\/\/kapitalis.com\/tunisie\/wp-content\/uploads\/2023\/01\/Groupe-BTS.jpg","type":"image\/jpeg"}],"author":"Fawz BenAli","twitter_card":"summary_large_image","twitter_creator":"@KapitalisInfo","twitter_site":"@KapitalisInfo","twitter_misc":{"\u00c9crit par":"Fawz BenAli","Dur\u00e9e de lecture estim\u00e9e":"1 minute"},"schema":{"@context":"https:\/\/schema.org","@graph":[{"@type":"Article","@id":"https:\/\/kapitalis.com\/tunisie\/2023\/01\/31\/le-concert-filme-de-bts-yet-to-come-au-cinema-en-tunisie\/#article","isPartOf":{"@id":"https:\/\/kapitalis.com\/tunisie\/2023\/01\/31\/le-concert-filme-de-bts-yet-to-come-au-cinema-en-tunisie\/"},"author":{"name":"Fawz BenAli","@id":"https:\/\/kapitalis.com\/tunisie\/#\/schema\/person\/73a5ecc1f6ae540c6ed91342eadca948"},"headline":"Le concert film\u00e9 de BTS \u00ab\u00a0Yet to come\u00a0\u00bb au cin\u00e9ma en Tunisie","datePublished":"2023-01-31T10:53:34+00:00","dateModified":"2023-01-31T10:53:37+00:00","mainEntityOfPage":{"@id":"https:\/\/kapitalis.com\/tunisie\/2023\/01\/31\/le-concert-filme-de-bts-yet-to-come-au-cinema-en-tunisie\/"},"wordCount":171,"commentCount":0,"publisher":{"@id":"https:\/\/kapitalis.com\/tunisie\/#organization"},"image":{"@id":"https:\/\/kapitalis.com\/tunisie\/2023\/01\/31\/le-concert-filme-de-bts-yet-to-come-au-cinema-en-tunisie\/#primaryimage"},"thumbnailUrl":"https:\/\/kapitalis.com\/tunisie\/wp-content\/uploads\/2023\/01\/Groupe-BTS.jpg","keywords":["BTS","L&#039;agora","musique cor\u00e9enne","Tunisie","Yet to come in cinemas"],"articleSection":["CULTURE","Tunisie"],"inLanguage":"fr-FR","potentialAction":[{"@type":"CommentAction","name":"Comment","target":["https:\/\/kapitalis.com\/tunisie\/2023\/01\/31\/le-concert-filme-de-bts-yet-to-come-au-cinema-en-tunisie\/#respond"]}]},{"@type":"WebPage","@id":"https:\/\/kapitalis.com\/tunisie\/2023\/01\/31\/le-concert-filme-de-bts-yet-to-come-au-cinema-en-tunisie\/","url":"https:\/\/kapitalis.com\/tunisie\/2023\/01\/31\/le-concert-filme-de-bts-yet-to-come-au-cinema-en-tunisie\/","name":"Le concert film\u00e9 de BTS \"Yet to come\" au cin\u00e9ma en Tunisie - Kapitalis","isPartOf":{"@id":"https:\/\/kapitalis.com\/tunisie\/#website"},"primaryImageOfPage":{"@id":"https:\/\/kapitalis.com\/tunisie\/2023\/01\/31\/le-concert-filme-de-bts-yet-to-come-au-cinema-en-tunisie\/#primaryimage"},"image":{"@id":"https:\/\/kapitalis.com\/tunisie\/2023\/01\/31\/le-concert-filme-de-bts-yet-to-come-au-cinema-en-tunisie\/#primaryimage"},"thumbnailUrl":"https:\/\/kapitalis.com\/tunisie\/wp-content\/uploads\/2023\/01\/Groupe-BTS.jpg","datePublished":"2023-01-31T10:53:34+00:00","dateModified":"2023-01-31T10:53:37+00:00","breadcrumb":{"@id":"https:\/\/kapitalis.com\/tunisie\/2023\/01\/31\/le-concert-filme-de-bts-yet-to-come-au-cinema-en-tunisie\/#breadcrumb"},"inLanguage":"fr-FR","potentialAction":[{"@type":"ReadAction","target":["https:\/\/kapitalis.com\/tunisie\/2023\/01\/31\/le-concert-filme-de-bts-yet-to-come-au-cinema-en-tunisie\/"]}]},{"@type":"ImageObject","inLanguage":"fr-FR","@id":"https:\/\/kapitalis.com\/tunisie\/2023\/01\/31\/le-concert-filme-de-bts-yet-to-come-au-cinema-en-tunisie\/#primaryimage","url":"https:\/\/kapitalis.com\/tunisie\/wp-content\/uploads\/2023\/01\/Groupe-BTS.jpg","contentUrl":"https:\/\/kapitalis.com\/tunisie\/wp-content\/uploads\/2023\/01\/Groupe-BTS.jpg","width":1200,"height":630},{"@type":"BreadcrumbList","@id":"https:\/\/kapitalis.com\/tunisie\/2023\/01\/31\/le-concert-filme-de-bts-yet-to-come-au-cinema-en-tunisie\/#breadcrumb","itemListElement":[{"@type":"ListItem","position":1,"name":"Accueil","item":"https:\/\/kapitalis.com\/tunisie\/"},{"@type":"ListItem","position":2,"name":"Le concert film\u00e9 de BTS \u00ab\u00a0Yet to come\u00a0\u00bb au cin\u00e9ma en Tunisie"}]},{"@type":"WebSite","@id":"https:\/\/kapitalis.com\/tunisie\/#website","url":"https:\/\/kapitalis.com\/tunisie\/","name":"Kapitalis","description":"L&#039;actualit\u00e9 en Tunisie et dans le monde","publisher":{"@id":"https:\/\/kapitalis.com\/tunisie\/#organization"},"potentialAction":[{"@type":"SearchAction","target":{"@type":"EntryPoint","urlTemplate":"https:\/\/kapitalis.com\/tunisie\/?s={search_term_string}"},"query-input":{"@type":"PropertyValueSpecification","valueRequired":true,"valueName":"search_term_string"}}],"inLanguage":"fr-FR"},{"@type":"Organization","@id":"https:\/\/kapitalis.com\/tunisie\/#organization","name":"Kapitalis","url":"https:\/\/kapitalis.com\/tunisie\/","logo":{"@type":"ImageObject","inLanguage":"fr-FR","@id":"https:\/\/kapitalis.com\/tunisie\/#\/schema\/logo\/image\/","url":"https:\/\/kapitalis.com\/tunisie\/wp-content\/uploads\/2022\/05\/Kapitalis-big-size.png","contentUrl":"https:\/\/kapitalis.com\/tunisie\/wp-content\/uploads\/2022\/05\/Kapitalis-big-size.png","width":5000,"height":1500,"caption":"Kapitalis"},"image":{"@id":"https:\/\/kapitalis.com\/tunisie\/#\/schema\/logo\/image\/"},"sameAs":["https:\/\/www.facebook.com\/KapitalisInfo\/","https:\/\/x.com\/KapitalisInfo","https:\/\/www.youtube.com\/channel\/UC-yDYrHyfFBWWZaOw3FPg9Q"]},{"@type":"Person","@id":"https:\/\/kapitalis.com\/tunisie\/#\/schema\/person\/73a5ecc1f6ae540c6ed91342eadca948","name":"Fawz BenAli","url":"https:\/\/kapitalis.com\/tunisie\/author\/fawz\/"}]}},"_links":{"self":[{"href":"https:\/\/kapitalis.com\/tunisie\/wp-json\/wp\/v2\/posts\/6247984","targetHints":{"allow":["GET"]}}],"collection":[{"href":"https:\/\/kapitalis.com\/tunisie\/wp-json\/wp\/v2\/posts"}],"about":[{"href":"https:\/\/kapitalis.com\/tunisie\/wp-json\/wp\/v2\/types\/post"}],"author":[{"embeddable":true,"href":"https:\/\/kapitalis.com\/tunisie\/wp-json\/wp\/v2\/users\/26"}],"replies":[{"embeddable":true,"href":"https:\/\/kapitalis.com\/tunisie\/wp-json\/wp\/v2\/comments?post=6247984"}],"version-history":[{"count":1,"href":"https:\/\/kapitalis.com\/tunisie\/wp-json\/wp\/v2\/posts\/6247984\/revisions"}],"predecessor-version":[{"id":6248361,"href":"https:\/\/kapitalis.com\/tunisie\/wp-json\/wp\/v2\/posts\/6247984\/revisions\/6248361"}],"wp:featuredmedia":[{"embeddable":true,"href":"https:\/\/kapitalis.com\/tunisie\/wp-json\/wp\/v2\/media\/6248336"}],"wp:attachment":[{"href":"https:\/\/kapitalis.com\/tunisie\/wp-json\/wp\/v2\/media?parent=6247984"}],"wp:term":[{"taxonomy":"category","embeddable":true,"href":"https:\/\/kapitalis.com\/tunisie\/wp-json\/wp\/v2\/categories?post=6247984"},{"taxonomy":"post_tag","embeddable":true,"href":"https:\/\/kapitalis.com\/tunisie\/wp-json\/wp\/v2\/tags?post=6247984"}],"curies":[{"name":"wp","href":"https:\/\/api.w.org\/{rel}","templated":true}]}}