{"id":6248557,"date":"2023-01-31T12:33:35","date_gmt":"2023-01-31T11:33:35","guid":{"rendered":"https:\/\/kapitalis.com\/tunisie\/?p=6248557"},"modified":"2023-01-31T12:33:37","modified_gmt":"2023-01-31T11:33:37","slug":"mustapha-ben-jaafar-kais-saied-doit-respecter-les-principes-de-la-democratie","status":"publish","type":"post","link":"https:\/\/kapitalis.com\/tunisie\/2023\/01\/31\/mustapha-ben-jaafar-kais-saied-doit-respecter-les-principes-de-la-democratie\/","title":{"rendered":"Mustapha Ben Ja\u00e2far : \u00abKa\u00efs Sa\u00efed doit respecter les principes de la d\u00e9mocratie\u00bb"},"content":{"rendered":"\n<p><strong><em>Mustapha Ben Ja\u00e2far, pr\u00e9sident de l\u2019Assembl\u00e9e nationale constituante (ANC, 2011-2014), estime que les r\u00e9sultats des \u00e9lections l\u00e9gislatives anticip\u00e9es, qui ont enregistr\u00e9 un taux d\u2019abstention de pr\u00e8s de 90%, m\u00e9ritent d\u2019\u00eatre analys\u00e9es par toutes les parties. <\/em><\/strong>\u00a0\u00a0<\/p>\n\n\n\n<!--more-->\n\n\n\n<p>Intervenant dans la <a href=\"https:\/\/www.shemsfm.net\/ar\/%D8%A7%D9%84%D8%A3%D8%AE%D8%A8%D8%A7%D8%B1_%D8%B4%D9%85%D8%B3-%D8%A7%D9%84%D8%A7%D8%AE%D8%A8%D8%A7%D8%B1\/398635\/%D8%A8%D9%86-%D8%AC%D8%B9%D9%81%D8%B1-%D9%84%D8%A7-%D9%8A%D9%85%D9%83%D9%86-%D9%84%D8%B9%D8%A7%D9%82%D9%84-%D8%A7%D9%86-%D9%8A%D9%86%D9%83%D8%B1-%D8%A8%D8%A7%D9%86-%D9%86%D8%AA%D8%A7%D8%A6%D8%AC-%D8%A7%D9%84%D8%A7%D9%86%D8%AA%D8%AE%D8%A7%D8%A8%D8%A7%D8%AA-%D8%AA%D8%AA%D8%B7%D9%84%D8%A8-%D9%88%D9%82%D9%81%D8%A9-%D8%AA%D8%A3%D9%85-%D9%84-%D9%85%D9%86-%D8%A7%D9%84%D8%AC%D9%85%D9%8A%D8%B9\" target=\"_blank\" rel=\"noreferrer noopener\">Matinale de Shems FM<\/a>, aujourd\u2019hui, mardi 31 janvier 2023, au lendemain de la publication des r\u00e9sultats des l\u00e9gislatives anticip\u00e9es per\u00e7us comme un camouflet pour le pouvoir en place et pour la classe politique dans son ensemble, Mustapha Ben Ja\u00e2far a ajout\u00e9 que le pr\u00e9sident de la r\u00e9publique Ka\u00efs Sa\u00efed doit respecter les principes de la d\u00e9mocratie, qui ne se r\u00e9sument pas seulement \u00e0 la reconnaissance de l\u2019autre, mais exigent qu\u2019on l\u2019\u00e9coute aussi dans sa diff\u00e9rence. \u00a0<\/p>\n\n\n\n<p>Pour leur part, les partis politiques, et notamment ceux de l\u2019opposition, ont besoin eux aussi de corriger leurs erreurs et d\u2019effectuer de profondes r\u00e9visions de leurs politiques et d\u2019accorder plus d\u2019int\u00e9r\u00eat aux probl\u00e8mes \u00e9conomiques et sociaux\u00a0et de proposer des programmes alternatifs, ajoutant que l\u2019une des principales conditions du succ\u00e8s de l\u2019initiative de salut national lanc\u00e9e par l\u2019Union g\u00e9n\u00e9rale tunisienne du travail (UGTT) consiste \u00e0 \u00e9viter tout parti-pris en faveur d\u2019une partie ou d\u2019une autre, tout en y faisant participer toutes les forces politiques et de la soci\u00e9t\u00e9 civile.<\/p>\n\n\n\n<p>Le pr\u00e9sident de la r\u00e9publique se doit \u00e9galement de rassembler les Tunisiens en se faisant aider en cela par les corps interm\u00e9diaires, de mani\u00e8re \u00e0 mieux communiquer avec les citoyens, a aussi soulign\u00e9 M. Ben Ja\u00e2far, ajoutant que la centrale syndicale a r\u00e9ussi \u00e0 pr\u00e9server son ind\u00e9pendance au cours des dix derni\u00e8res ann\u00e9es, la qualifiant d\u2019organisation d\u00e9mocratique, qui a port\u00e9 les revendications sociales, celles justement qui ont \u00e9t\u00e9 n\u00e9glig\u00e9es au cours de la derni\u00e8re d\u00e9cennie au profit de l\u2019\u00e9laboration d\u2019une constitution consensuelle et des dossiers \u00e0 caract\u00e8re politique. <em>\u00abC\u2019est l\u2019erreur que commet aussi le pouvoir actuellement en place\u00bb<\/em>, a-t-il lanc\u00e9 par allusion au pr\u00e9sident Sa\u00efed qui a promulgu\u00e9 une nouvelle constitution et une nouvelle loi \u00e9lectorale et a organis\u00e9 des l\u00e9gislatives anticip\u00e9es marqu\u00e9es par un taux de participation historiquement faible (11,4%).<\/p>\n\n\n\n<p class=\"has-text-align-right\"><strong>I. B.<\/strong><\/p>\n\n\n\n<figure class=\"wp-block-embed is-type-wp-embed is-provider-kapitalis wp-block-embed-kapitalis\"><div class=\"wp-block-embed__wrapper\">\n<blockquote class=\"wp-embedded-content\" data-secret=\"fq83c4ei2A\"><a href=\"https:\/\/kapitalis.com\/tunisie\/2023\/01\/31\/tunisie-kais-saied-lit-a-lenvers-les-resultats-des-legislatives\/\">Tunisie\u00a0: Ka\u00efs Sa\u00efed lit \u00e0 l\u2019envers les r\u00e9sultats des l\u00e9gislatives<\/a><\/blockquote><iframe loading=\"lazy\" class=\"wp-embedded-content\" sandbox=\"allow-scripts\" security=\"restricted\" style=\"position: absolute; clip: rect(1px, 1px, 1px, 1px);\" title=\"\u00ab\u00a0Tunisie\u00a0: Ka\u00efs Sa\u00efed lit \u00e0 l\u2019envers les r\u00e9sultats des l\u00e9gislatives\u00a0\u00bb &#8212; Kapitalis\" src=\"https:\/\/kapitalis.com\/tunisie\/2023\/01\/31\/tunisie-kais-saied-lit-a-lenvers-les-resultats-des-legislatives\/embed\/#?secret=kz9nfglbkx#?secret=fq83c4ei2A\" data-secret=\"fq83c4ei2A\" width=\"600\" height=\"338\" frameborder=\"0\" marginwidth=\"0\" marginheight=\"0\" scrolling=\"no\"><\/iframe>\n<\/div><\/figure>\n","protected":false},"excerpt":{"rendered":"<p>Le pr\u00e9sident Ka\u00efs Sa\u00efed doit rassembler les Tunisiens en se faisant aider  par les corps interm\u00e9diaires, estime Mustapha Ben Ja\u00e2far. <\/p>\n","protected":false},"author":8,"featured_media":6248587,"comment_status":"open","ping_status":"open","sticky":false,"template":"","format":"standard","meta":{"footnotes":""},"categories":[997,2433],"tags":[76012,9031,89609,62643],"class_list":["post-6248557","post","type-post","status-publish","format-standard","has-post-thumbnail","hentry","category-politique","category-tunisie","tag-kais-saied-2","tag-legislatives","tag-mustapha-ben-jaafar-2","tag-tunisie"],"yoast_head":"<!-- This site is optimized with the Yoast SEO plugin v26.6 - https:\/\/yoast.com\/wordpress\/plugins\/seo\/ -->\n<title>Mustapha Ben Ja\u00e2far : \u00abKa\u00efs Sa\u00efed doit respecter les principes de la d\u00e9mocratie\u00bb - Kapitalis<\/title>\n<meta name=\"robots\" content=\"index, follow, max-snippet:-1, max-image-preview:large, max-video-preview:-1\" \/>\n<link rel=\"canonical\" href=\"https:\/\/kapitalis.com\/tunisie\/2023\/01\/31\/mustapha-ben-jaafar-kais-saied-doit-respecter-les-principes-de-la-democratie\/\" \/>\n<meta property=\"og:locale\" content=\"fr_FR\" \/>\n<meta property=\"og:type\" content=\"article\" \/>\n<meta property=\"og:title\" content=\"Mustapha Ben Ja\u00e2far : \u00abKa\u00efs Sa\u00efed doit respecter les principes de la d\u00e9mocratie\u00bb - Kapitalis\" \/>\n<meta property=\"og:description\" content=\"Le pr\u00e9sident Ka\u00efs Sa\u00efed doit rassembler les Tunisiens en se faisant aider par les corps interm\u00e9diaires, estime Mustapha Ben Ja\u00e2far.\" \/>\n<meta property=\"og:url\" content=\"https:\/\/kapitalis.com\/tunisie\/2023\/01\/31\/mustapha-ben-jaafar-kais-saied-doit-respecter-les-principes-de-la-democratie\/\" \/>\n<meta property=\"og:site_name\" content=\"Kapitalis\" \/>\n<meta property=\"article:publisher\" content=\"https:\/\/www.facebook.com\/KapitalisInfo\/\" \/>\n<meta property=\"article:published_time\" content=\"2023-01-31T11:33:35+00:00\" \/>\n<meta property=\"article:modified_time\" content=\"2023-01-31T11:33:37+00:00\" \/>\n<meta property=\"og:image\" content=\"https:\/\/kapitalis.com\/tunisie\/wp-content\/uploads\/2023\/01\/Mustapha-Ben-Jaafar.jpg\" \/>\n\t<meta property=\"og:image:width\" content=\"1200\" \/>\n\t<meta property=\"og:image:height\" content=\"630\" \/>\n\t<meta property=\"og:image:type\" content=\"image\/jpeg\" \/>\n<meta name=\"author\" content=\"webmaster kapitalis\" \/>\n<meta name=\"twitter:card\" content=\"summary_large_image\" \/>\n<meta name=\"twitter:creator\" content=\"@KapitalisInfo\" \/>\n<meta name=\"twitter:site\" content=\"@KapitalisInfo\" \/>\n<meta name=\"twitter:label1\" content=\"\u00c9crit par\" \/>\n\t<meta name=\"twitter:data1\" content=\"webmaster kapitalis\" \/>\n\t<meta name=\"twitter:label2\" content=\"Dur\u00e9e de lecture estim\u00e9e\" \/>\n\t<meta name=\"twitter:data2\" content=\"2 minutes\" \/>\n<script type=\"application\/ld+json\" class=\"yoast-schema-graph\">{\"@context\":\"https:\/\/schema.org\",\"@graph\":[{\"@type\":\"Article\",\"@id\":\"https:\/\/kapitalis.com\/tunisie\/2023\/01\/31\/mustapha-ben-jaafar-kais-saied-doit-respecter-les-principes-de-la-democratie\/#article\",\"isPartOf\":{\"@id\":\"https:\/\/kapitalis.com\/tunisie\/2023\/01\/31\/mustapha-ben-jaafar-kais-saied-doit-respecter-les-principes-de-la-democratie\/\"},\"author\":{\"name\":\"webmaster kapitalis\",\"@id\":\"https:\/\/kapitalis.com\/tunisie\/#\/schema\/person\/d71f33a9ca44f7bad4698210b480c8e9\"},\"headline\":\"Mustapha Ben Ja\u00e2far : \u00abKa\u00efs Sa\u00efed doit respecter les principes de la d\u00e9mocratie\u00bb\",\"datePublished\":\"2023-01-31T11:33:35+00:00\",\"dateModified\":\"2023-01-31T11:33:37+00:00\",\"mainEntityOfPage\":{\"@id\":\"https:\/\/kapitalis.com\/tunisie\/2023\/01\/31\/mustapha-ben-jaafar-kais-saied-doit-respecter-les-principes-de-la-democratie\/\"},\"wordCount\":419,\"commentCount\":3,\"publisher\":{\"@id\":\"https:\/\/kapitalis.com\/tunisie\/#organization\"},\"image\":{\"@id\":\"https:\/\/kapitalis.com\/tunisie\/2023\/01\/31\/mustapha-ben-jaafar-kais-saied-doit-respecter-les-principes-de-la-democratie\/#primaryimage\"},\"thumbnailUrl\":\"https:\/\/kapitalis.com\/tunisie\/wp-content\/uploads\/2023\/01\/Mustapha-Ben-Jaafar.jpg\",\"keywords\":[\"Ka\u00efs Sa\u00efed\",\"l\u00e9gislatives\",\"Mustapha Ben Ja\u00e2far\",\"Tunisie\"],\"articleSection\":[\"POLITIQUE\",\"Tunisie\"],\"inLanguage\":\"fr-FR\",\"potentialAction\":[{\"@type\":\"CommentAction\",\"name\":\"Comment\",\"target\":[\"https:\/\/kapitalis.com\/tunisie\/2023\/01\/31\/mustapha-ben-jaafar-kais-saied-doit-respecter-les-principes-de-la-democratie\/#respond\"]}]},{\"@type\":\"WebPage\",\"@id\":\"https:\/\/kapitalis.com\/tunisie\/2023\/01\/31\/mustapha-ben-jaafar-kais-saied-doit-respecter-les-principes-de-la-democratie\/\",\"url\":\"https:\/\/kapitalis.com\/tunisie\/2023\/01\/31\/mustapha-ben-jaafar-kais-saied-doit-respecter-les-principes-de-la-democratie\/\",\"name\":\"Mustapha Ben Ja\u00e2far : \u00abKa\u00efs Sa\u00efed doit respecter les principes de la d\u00e9mocratie\u00bb - Kapitalis\",\"isPartOf\":{\"@id\":\"https:\/\/kapitalis.com\/tunisie\/#website\"},\"primaryImageOfPage\":{\"@id\":\"https:\/\/kapitalis.com\/tunisie\/2023\/01\/31\/mustapha-ben-jaafar-kais-saied-doit-respecter-les-principes-de-la-democratie\/#primaryimage\"},\"image\":{\"@id\":\"https:\/\/kapitalis.com\/tunisie\/2023\/01\/31\/mustapha-ben-jaafar-kais-saied-doit-respecter-les-principes-de-la-democratie\/#primaryimage\"},\"thumbnailUrl\":\"https:\/\/kapitalis.com\/tunisie\/wp-content\/uploads\/2023\/01\/Mustapha-Ben-Jaafar.jpg\",\"datePublished\":\"2023-01-31T11:33:35+00:00\",\"dateModified\":\"2023-01-31T11:33:37+00:00\",\"breadcrumb\":{\"@id\":\"https:\/\/kapitalis.com\/tunisie\/2023\/01\/31\/mustapha-ben-jaafar-kais-saied-doit-respecter-les-principes-de-la-democratie\/#breadcrumb\"},\"inLanguage\":\"fr-FR\",\"potentialAction\":[{\"@type\":\"ReadAction\",\"target\":[\"https:\/\/kapitalis.com\/tunisie\/2023\/01\/31\/mustapha-ben-jaafar-kais-saied-doit-respecter-les-principes-de-la-democratie\/\"]}]},{\"@type\":\"ImageObject\",\"inLanguage\":\"fr-FR\",\"@id\":\"https:\/\/kapitalis.com\/tunisie\/2023\/01\/31\/mustapha-ben-jaafar-kais-saied-doit-respecter-les-principes-de-la-democratie\/#primaryimage\",\"url\":\"https:\/\/kapitalis.com\/tunisie\/wp-content\/uploads\/2023\/01\/Mustapha-Ben-Jaafar.jpg\",\"contentUrl\":\"https:\/\/kapitalis.com\/tunisie\/wp-content\/uploads\/2023\/01\/Mustapha-Ben-Jaafar.jpg\",\"width\":1200,\"height\":630},{\"@type\":\"BreadcrumbList\",\"@id\":\"https:\/\/kapitalis.com\/tunisie\/2023\/01\/31\/mustapha-ben-jaafar-kais-saied-doit-respecter-les-principes-de-la-democratie\/#breadcrumb\",\"itemListElement\":[{\"@type\":\"ListItem\",\"position\":1,\"name\":\"Accueil\",\"item\":\"https:\/\/kapitalis.com\/tunisie\/\"},{\"@type\":\"ListItem\",\"position\":2,\"name\":\"Mustapha Ben Ja\u00e2far : \u00abKa\u00efs Sa\u00efed doit respecter les principes de la d\u00e9mocratie\u00bb\"}]},{\"@type\":\"WebSite\",\"@id\":\"https:\/\/kapitalis.com\/tunisie\/#website\",\"url\":\"https:\/\/kapitalis.com\/tunisie\/\",\"name\":\"Kapitalis\",\"description\":\"L&#039;actualit\u00e9 en Tunisie et dans le monde\",\"publisher\":{\"@id\":\"https:\/\/kapitalis.com\/tunisie\/#organization\"},\"potentialAction\":[{\"@type\":\"SearchAction\",\"target\":{\"@type\":\"EntryPoint\",\"urlTemplate\":\"https:\/\/kapitalis.com\/tunisie\/?s={search_term_string}\"},\"query-input\":{\"@type\":\"PropertyValueSpecification\",\"valueRequired\":true,\"valueName\":\"search_term_string\"}}],\"inLanguage\":\"fr-FR\"},{\"@type\":\"Organization\",\"@id\":\"https:\/\/kapitalis.com\/tunisie\/#organization\",\"name\":\"Kapitalis\",\"url\":\"https:\/\/kapitalis.com\/tunisie\/\",\"logo\":{\"@type\":\"ImageObject\",\"inLanguage\":\"fr-FR\",\"@id\":\"https:\/\/kapitalis.com\/tunisie\/#\/schema\/logo\/image\/\",\"url\":\"https:\/\/kapitalis.com\/tunisie\/wp-content\/uploads\/2022\/05\/Kapitalis-big-size.png\",\"contentUrl\":\"https:\/\/kapitalis.com\/tunisie\/wp-content\/uploads\/2022\/05\/Kapitalis-big-size.png\",\"width\":5000,\"height\":1500,\"caption\":\"Kapitalis\"},\"image\":{\"@id\":\"https:\/\/kapitalis.com\/tunisie\/#\/schema\/logo\/image\/\"},\"sameAs\":[\"https:\/\/www.facebook.com\/KapitalisInfo\/\",\"https:\/\/x.com\/KapitalisInfo\",\"https:\/\/www.youtube.com\/channel\/UC-yDYrHyfFBWWZaOw3FPg9Q\"]},{\"@type\":\"Person\",\"@id\":\"https:\/\/kapitalis.com\/tunisie\/#\/schema\/person\/d71f33a9ca44f7bad4698210b480c8e9\",\"name\":\"webmaster kapitalis\",\"url\":\"https:\/\/kapitalis.com\/tunisie\/author\/webmaster-kapitalis\/\"}]}<\/script>\n<!-- \/ Yoast SEO plugin. -->","yoast_head_json":{"title":"Mustapha Ben Ja\u00e2far : \u00abKa\u00efs Sa\u00efed doit respecter les principes de la d\u00e9mocratie\u00bb - Kapitalis","robots":{"index":"index","follow":"follow","max-snippet":"max-snippet:-1","max-image-preview":"max-image-preview:large","max-video-preview":"max-video-preview:-1"},"canonical":"https:\/\/kapitalis.com\/tunisie\/2023\/01\/31\/mustapha-ben-jaafar-kais-saied-doit-respecter-les-principes-de-la-democratie\/","og_locale":"fr_FR","og_type":"article","og_title":"Mustapha Ben Ja\u00e2far : \u00abKa\u00efs Sa\u00efed doit respecter les principes de la d\u00e9mocratie\u00bb - Kapitalis","og_description":"Le pr\u00e9sident Ka\u00efs Sa\u00efed doit rassembler les Tunisiens en se faisant aider par les corps interm\u00e9diaires, estime Mustapha Ben Ja\u00e2far.","og_url":"https:\/\/kapitalis.com\/tunisie\/2023\/01\/31\/mustapha-ben-jaafar-kais-saied-doit-respecter-les-principes-de-la-democratie\/","og_site_name":"Kapitalis","article_publisher":"https:\/\/www.facebook.com\/KapitalisInfo\/","article_published_time":"2023-01-31T11:33:35+00:00","article_modified_time":"2023-01-31T11:33:37+00:00","og_image":[{"width":1200,"height":630,"url":"https:\/\/kapitalis.com\/tunisie\/wp-content\/uploads\/2023\/01\/Mustapha-Ben-Jaafar.jpg","type":"image\/jpeg"}],"author":"webmaster kapitalis","twitter_card":"summary_large_image","twitter_creator":"@KapitalisInfo","twitter_site":"@KapitalisInfo","twitter_misc":{"\u00c9crit par":"webmaster kapitalis","Dur\u00e9e de lecture estim\u00e9e":"2 minutes"},"schema":{"@context":"https:\/\/schema.org","@graph":[{"@type":"Article","@id":"https:\/\/kapitalis.com\/tunisie\/2023\/01\/31\/mustapha-ben-jaafar-kais-saied-doit-respecter-les-principes-de-la-democratie\/#article","isPartOf":{"@id":"https:\/\/kapitalis.com\/tunisie\/2023\/01\/31\/mustapha-ben-jaafar-kais-saied-doit-respecter-les-principes-de-la-democratie\/"},"author":{"name":"webmaster kapitalis","@id":"https:\/\/kapitalis.com\/tunisie\/#\/schema\/person\/d71f33a9ca44f7bad4698210b480c8e9"},"headline":"Mustapha Ben Ja\u00e2far : \u00abKa\u00efs Sa\u00efed doit respecter les principes de la d\u00e9mocratie\u00bb","datePublished":"2023-01-31T11:33:35+00:00","dateModified":"2023-01-31T11:33:37+00:00","mainEntityOfPage":{"@id":"https:\/\/kapitalis.com\/tunisie\/2023\/01\/31\/mustapha-ben-jaafar-kais-saied-doit-respecter-les-principes-de-la-democratie\/"},"wordCount":419,"commentCount":3,"publisher":{"@id":"https:\/\/kapitalis.com\/tunisie\/#organization"},"image":{"@id":"https:\/\/kapitalis.com\/tunisie\/2023\/01\/31\/mustapha-ben-jaafar-kais-saied-doit-respecter-les-principes-de-la-democratie\/#primaryimage"},"thumbnailUrl":"https:\/\/kapitalis.com\/tunisie\/wp-content\/uploads\/2023\/01\/Mustapha-Ben-Jaafar.jpg","keywords":["Ka\u00efs Sa\u00efed","l\u00e9gislatives","Mustapha Ben Ja\u00e2far","Tunisie"],"articleSection":["POLITIQUE","Tunisie"],"inLanguage":"fr-FR","potentialAction":[{"@type":"CommentAction","name":"Comment","target":["https:\/\/kapitalis.com\/tunisie\/2023\/01\/31\/mustapha-ben-jaafar-kais-saied-doit-respecter-les-principes-de-la-democratie\/#respond"]}]},{"@type":"WebPage","@id":"https:\/\/kapitalis.com\/tunisie\/2023\/01\/31\/mustapha-ben-jaafar-kais-saied-doit-respecter-les-principes-de-la-democratie\/","url":"https:\/\/kapitalis.com\/tunisie\/2023\/01\/31\/mustapha-ben-jaafar-kais-saied-doit-respecter-les-principes-de-la-democratie\/","name":"Mustapha Ben Ja\u00e2far : \u00abKa\u00efs Sa\u00efed doit respecter les principes de la d\u00e9mocratie\u00bb - Kapitalis","isPartOf":{"@id":"https:\/\/kapitalis.com\/tunisie\/#website"},"primaryImageOfPage":{"@id":"https:\/\/kapitalis.com\/tunisie\/2023\/01\/31\/mustapha-ben-jaafar-kais-saied-doit-respecter-les-principes-de-la-democratie\/#primaryimage"},"image":{"@id":"https:\/\/kapitalis.com\/tunisie\/2023\/01\/31\/mustapha-ben-jaafar-kais-saied-doit-respecter-les-principes-de-la-democratie\/#primaryimage"},"thumbnailUrl":"https:\/\/kapitalis.com\/tunisie\/wp-content\/uploads\/2023\/01\/Mustapha-Ben-Jaafar.jpg","datePublished":"2023-01-31T11:33:35+00:00","dateModified":"2023-01-31T11:33:37+00:00","breadcrumb":{"@id":"https:\/\/kapitalis.com\/tunisie\/2023\/01\/31\/mustapha-ben-jaafar-kais-saied-doit-respecter-les-principes-de-la-democratie\/#breadcrumb"},"inLanguage":"fr-FR","potentialAction":[{"@type":"ReadAction","target":["https:\/\/kapitalis.com\/tunisie\/2023\/01\/31\/mustapha-ben-jaafar-kais-saied-doit-respecter-les-principes-de-la-democratie\/"]}]},{"@type":"ImageObject","inLanguage":"fr-FR","@id":"https:\/\/kapitalis.com\/tunisie\/2023\/01\/31\/mustapha-ben-jaafar-kais-saied-doit-respecter-les-principes-de-la-democratie\/#primaryimage","url":"https:\/\/kapitalis.com\/tunisie\/wp-content\/uploads\/2023\/01\/Mustapha-Ben-Jaafar.jpg","contentUrl":"https:\/\/kapitalis.com\/tunisie\/wp-content\/uploads\/2023\/01\/Mustapha-Ben-Jaafar.jpg","width":1200,"height":630},{"@type":"BreadcrumbList","@id":"https:\/\/kapitalis.com\/tunisie\/2023\/01\/31\/mustapha-ben-jaafar-kais-saied-doit-respecter-les-principes-de-la-democratie\/#breadcrumb","itemListElement":[{"@type":"ListItem","position":1,"name":"Accueil","item":"https:\/\/kapitalis.com\/tunisie\/"},{"@type":"ListItem","position":2,"name":"Mustapha Ben Ja\u00e2far : \u00abKa\u00efs Sa\u00efed doit respecter les principes de la d\u00e9mocratie\u00bb"}]},{"@type":"WebSite","@id":"https:\/\/kapitalis.com\/tunisie\/#website","url":"https:\/\/kapitalis.com\/tunisie\/","name":"Kapitalis","description":"L&#039;actualit\u00e9 en Tunisie et dans le monde","publisher":{"@id":"https:\/\/kapitalis.com\/tunisie\/#organization"},"potentialAction":[{"@type":"SearchAction","target":{"@type":"EntryPoint","urlTemplate":"https:\/\/kapitalis.com\/tunisie\/?s={search_term_string}"},"query-input":{"@type":"PropertyValueSpecification","valueRequired":true,"valueName":"search_term_string"}}],"inLanguage":"fr-FR"},{"@type":"Organization","@id":"https:\/\/kapitalis.com\/tunisie\/#organization","name":"Kapitalis","url":"https:\/\/kapitalis.com\/tunisie\/","logo":{"@type":"ImageObject","inLanguage":"fr-FR","@id":"https:\/\/kapitalis.com\/tunisie\/#\/schema\/logo\/image\/","url":"https:\/\/kapitalis.com\/tunisie\/wp-content\/uploads\/2022\/05\/Kapitalis-big-size.png","contentUrl":"https:\/\/kapitalis.com\/tunisie\/wp-content\/uploads\/2022\/05\/Kapitalis-big-size.png","width":5000,"height":1500,"caption":"Kapitalis"},"image":{"@id":"https:\/\/kapitalis.com\/tunisie\/#\/schema\/logo\/image\/"},"sameAs":["https:\/\/www.facebook.com\/KapitalisInfo\/","https:\/\/x.com\/KapitalisInfo","https:\/\/www.youtube.com\/channel\/UC-yDYrHyfFBWWZaOw3FPg9Q"]},{"@type":"Person","@id":"https:\/\/kapitalis.com\/tunisie\/#\/schema\/person\/d71f33a9ca44f7bad4698210b480c8e9","name":"webmaster kapitalis","url":"https:\/\/kapitalis.com\/tunisie\/author\/webmaster-kapitalis\/"}]}},"_links":{"self":[{"href":"https:\/\/kapitalis.com\/tunisie\/wp-json\/wp\/v2\/posts\/6248557","targetHints":{"allow":["GET"]}}],"collection":[{"href":"https:\/\/kapitalis.com\/tunisie\/wp-json\/wp\/v2\/posts"}],"about":[{"href":"https:\/\/kapitalis.com\/tunisie\/wp-json\/wp\/v2\/types\/post"}],"author":[{"embeddable":true,"href":"https:\/\/kapitalis.com\/tunisie\/wp-json\/wp\/v2\/users\/8"}],"replies":[{"embeddable":true,"href":"https:\/\/kapitalis.com\/tunisie\/wp-json\/wp\/v2\/comments?post=6248557"}],"version-history":[{"count":1,"href":"https:\/\/kapitalis.com\/tunisie\/wp-json\/wp\/v2\/posts\/6248557\/revisions"}],"predecessor-version":[{"id":6248632,"href":"https:\/\/kapitalis.com\/tunisie\/wp-json\/wp\/v2\/posts\/6248557\/revisions\/6248632"}],"wp:featuredmedia":[{"embeddable":true,"href":"https:\/\/kapitalis.com\/tunisie\/wp-json\/wp\/v2\/media\/6248587"}],"wp:attachment":[{"href":"https:\/\/kapitalis.com\/tunisie\/wp-json\/wp\/v2\/media?parent=6248557"}],"wp:term":[{"taxonomy":"category","embeddable":true,"href":"https:\/\/kapitalis.com\/tunisie\/wp-json\/wp\/v2\/categories?post=6248557"},{"taxonomy":"post_tag","embeddable":true,"href":"https:\/\/kapitalis.com\/tunisie\/wp-json\/wp\/v2\/tags?post=6248557"}],"curies":[{"name":"wp","href":"https:\/\/api.w.org\/{rel}","templated":true}]}}