{"id":62534,"date":"2016-08-24T19:28:50","date_gmt":"2016-08-24T18:28:50","guid":{"rendered":"http:\/\/kapitalis.com\/tunisie\/?p=62534"},"modified":"2016-08-24T19:28:50","modified_gmt":"2016-08-24T18:28:50","slug":"al-massar-deplore-la-campagne-contre-samir-ettaieb","status":"publish","type":"post","link":"https:\/\/kapitalis.com\/tunisie\/2016\/08\/24\/al-massar-deplore-la-campagne-contre-samir-ettaieb\/","title":{"rendered":"Al-Massar d\u00e9plore la campagne contre Samir Etta\u00efeb"},"content":{"rendered":"<p style=\"text-align: center;\"><img loading=\"lazy\" decoding=\"async\" class=\"alignnone size-full wp-image-16880\" src=\"http:\/\/kapitalis.com\/tunisie\/wp-content\/uploads\/2015\/09\/samir-ettaieb.jpeg\" alt=\"samir-ettaieb\" width=\"626\" height=\"380\" \/><\/p>\n<p style=\"text-align: left;\"><em><strong>Jounaidi Abdeljaoued, membre du bureau politique d\u2019Al-Massar, d\u00e9nonce la campagne de d\u00e9nigrement men\u00e9e contre Samir Etta\u00efeb, le secr\u00e9taire g\u00e9n\u00e9ral de ce parti de gauche.<\/strong> <\/em><\/p>\n<p style=\"text-align: left;\"><!--more--><\/p>\n<p style=\"text-align: left;\"><em>\u00abLa campagne orchestr\u00e9e contre Samir Ettaieb, propos\u00e9 au poste de ministre de l\u2019Agriculture, des Ressources hydrauliques et de la P\u00eache, dans le gouvernement d\u2019union nationale, a d\u00e9pass\u00e9 sa personne pour atteindre le parti et ses id\u00e9aux\u00bb,<\/em> a d\u00e9plor\u00e9, mercredi, M. Abdeljaoued, dans une d\u00e9claration \u00e0 l\u2019agence Tap, tout en r\u00e9affirmant le soutien d\u2019Al-Massar \u00e0 son secr\u00e9taire g\u00e9n\u00e9ral qui, a-t-il dit, poss\u00e8de toutes les comp\u00e9tences requises pour s\u2019acquitter parfaitement de ses fonctions \u00e0 la t\u00eate du minist\u00e8re de l\u2019Agriculture, r\u00e9pondant ainsi aux d\u00e9tracteurs de M. Ettaieb estimant qu\u2019il est un professeur de droit public et n\u2019a pas, par cons\u00e9quent, la comp\u00e9tence requise pour diriger un d\u00e9partement technique comme celui de l\u2019Agriculture.<\/p>\n<p style=\"text-align: left;\">Tout en d\u00e9non\u00e7ant les all\u00e9gations mensong\u00e8res v\u00e9hicul\u00e9es autour de Samir Etta\u00efeb, Jounaidi Abdeljaoued a appel\u00e9 les membres du gouvernement Youssef Chahed \u00e0 garder une distance vis-\u00e0-vis de leurs partis respectifs et \u00e0 rester soud\u00e9s pour travailler comme une \u00e9quipe homog\u00e8ne loin des interf\u00e9rences politiques.<\/p>\n<p style=\"text-align: left;\">Au lieu de prendre position vis-\u00e0-vis des ministres propos\u00e9s, a-t-il soulign\u00e9, Al-Massar va se focaliser sur l\u2019\u00e9valuation de l\u2019action du gouvernement, particuli\u00e8rement en ce qui concerne la concr\u00e9tisation des priorit\u00e9s d\u00e9finies dans le Document de Carthage.<\/p>\n<p style=\"text-align: left;\">Rappelons qu\u2019Al-Massar s\u2019\u00e9tait retir\u00e9 \u2013 avec le mouvement Echaab et le parti Al-Joumhouri \u2013, de la deuxi\u00e8me phase des concertations sur la composition du gouvernement d\u2019union nationale, apr\u00e8s la d\u00e9signation de Youssef Chahed par le pr\u00e9sident de la r\u00e9publique B\u00e9ji Ca\u00efd Essebsi. Ce parti de centre-gauche, qui n\u2019est pas repr\u00e9sent\u00e9 \u00e0 l\u2019Assembl\u00e9e, a ensuite accept\u00e9 le portefeuille de l\u2019Agriculture attribu\u00e9 par le m\u00eame Youssef Chahed \u00e0 son secr\u00e9taire g\u00e9n\u00e9ral.<\/p>\n<p style=\"text-align: left;\">Le vote de confiance au nouveau gouvernement est pr\u00e9vu vendredi prochain.<\/p>\n<p style=\"text-align: right;\"><strong>I. B.<\/strong><\/p>\n","protected":false},"excerpt":{"rendered":"<p>Jounaidi Abdeljaoued, membre du bureau politique d\u2019Al-Massar, d\u00e9nonce la campagne de d\u00e9nigrement men\u00e9e contre Samir Etta\u00efeb, le secr\u00e9taire g\u00e9n\u00e9ral de ce parti de gauche.<\/p>\n","protected":false},"author":8,"featured_media":0,"comment_status":"open","ping_status":"open","sticky":false,"template":"","format":"standard","meta":{"footnotes":""},"categories":[997,2433],"tags":[6803,14260,15942,7048],"class_list":["post-62534","post","type-post","status-publish","format-standard","hentry","category-politique","category-tunisie","tag-al-massar","tag-gouvernement-dunion-nationale","tag-jounaidi-abdeljaoued","tag-samir-ettaieb"],"yoast_head":"<!-- This site is optimized with the Yoast SEO plugin v26.6 - https:\/\/yoast.com\/wordpress\/plugins\/seo\/ -->\n<title>Al-Massar d\u00e9plore la campagne contre Samir Etta\u00efeb - Kapitalis<\/title>\n<meta name=\"robots\" content=\"index, follow, max-snippet:-1, max-image-preview:large, max-video-preview:-1\" \/>\n<link rel=\"canonical\" href=\"https:\/\/kapitalis.com\/tunisie\/2016\/08\/24\/al-massar-deplore-la-campagne-contre-samir-ettaieb\/\" \/>\n<meta property=\"og:locale\" content=\"fr_FR\" \/>\n<meta property=\"og:type\" content=\"article\" \/>\n<meta property=\"og:title\" content=\"Al-Massar d\u00e9plore la campagne contre Samir Etta\u00efeb - Kapitalis\" \/>\n<meta property=\"og:description\" content=\"Jounaidi Abdeljaoued, membre du bureau politique d\u2019Al-Massar, d\u00e9nonce la campagne de d\u00e9nigrement men\u00e9e contre Samir Etta\u00efeb, le secr\u00e9taire g\u00e9n\u00e9ral de ce parti de gauche.\" \/>\n<meta property=\"og:url\" content=\"https:\/\/kapitalis.com\/tunisie\/2016\/08\/24\/al-massar-deplore-la-campagne-contre-samir-ettaieb\/\" \/>\n<meta property=\"og:site_name\" content=\"Kapitalis\" \/>\n<meta property=\"article:publisher\" content=\"https:\/\/www.facebook.com\/KapitalisInfo\/\" \/>\n<meta property=\"article:published_time\" content=\"2016-08-24T18:28:50+00:00\" \/>\n<meta property=\"og:image\" content=\"http:\/\/kapitalis.com\/tunisie\/wp-content\/uploads\/2015\/09\/samir-ettaieb.jpeg\" \/>\n<meta name=\"author\" content=\"webmaster kapitalis\" \/>\n<meta name=\"twitter:card\" content=\"summary_large_image\" \/>\n<meta name=\"twitter:creator\" content=\"@KapitalisInfo\" \/>\n<meta name=\"twitter:site\" content=\"@KapitalisInfo\" \/>\n<meta name=\"twitter:label1\" content=\"\u00c9crit par\" \/>\n\t<meta name=\"twitter:data1\" content=\"webmaster kapitalis\" \/>\n\t<meta name=\"twitter:label2\" content=\"Dur\u00e9e de lecture estim\u00e9e\" \/>\n\t<meta name=\"twitter:data2\" content=\"2 minutes\" \/>\n<script type=\"application\/ld+json\" class=\"yoast-schema-graph\">{\"@context\":\"https:\/\/schema.org\",\"@graph\":[{\"@type\":\"Article\",\"@id\":\"https:\/\/kapitalis.com\/tunisie\/2016\/08\/24\/al-massar-deplore-la-campagne-contre-samir-ettaieb\/#article\",\"isPartOf\":{\"@id\":\"https:\/\/kapitalis.com\/tunisie\/2016\/08\/24\/al-massar-deplore-la-campagne-contre-samir-ettaieb\/\"},\"author\":{\"name\":\"webmaster kapitalis\",\"@id\":\"https:\/\/kapitalis.com\/tunisie\/#\/schema\/person\/d71f33a9ca44f7bad4698210b480c8e9\"},\"headline\":\"Al-Massar d\u00e9plore la campagne contre Samir Etta\u00efeb\",\"datePublished\":\"2016-08-24T18:28:50+00:00\",\"mainEntityOfPage\":{\"@id\":\"https:\/\/kapitalis.com\/tunisie\/2016\/08\/24\/al-massar-deplore-la-campagne-contre-samir-ettaieb\/\"},\"wordCount\":371,\"commentCount\":3,\"publisher\":{\"@id\":\"https:\/\/kapitalis.com\/tunisie\/#organization\"},\"image\":{\"@id\":\"https:\/\/kapitalis.com\/tunisie\/2016\/08\/24\/al-massar-deplore-la-campagne-contre-samir-ettaieb\/#primaryimage\"},\"thumbnailUrl\":\"http:\/\/kapitalis.com\/tunisie\/wp-content\/uploads\/2015\/09\/samir-ettaieb.jpeg\",\"keywords\":[\"Al-Massar\",\"gouvernement d'union nationale\",\"Jouna\u00efdi Abdeljaoued\",\"samir ettaieb\"],\"articleSection\":[\"POLITIQUE\",\"Tunisie\"],\"inLanguage\":\"fr-FR\",\"potentialAction\":[{\"@type\":\"CommentAction\",\"name\":\"Comment\",\"target\":[\"https:\/\/kapitalis.com\/tunisie\/2016\/08\/24\/al-massar-deplore-la-campagne-contre-samir-ettaieb\/#respond\"]}]},{\"@type\":\"WebPage\",\"@id\":\"https:\/\/kapitalis.com\/tunisie\/2016\/08\/24\/al-massar-deplore-la-campagne-contre-samir-ettaieb\/\",\"url\":\"https:\/\/kapitalis.com\/tunisie\/2016\/08\/24\/al-massar-deplore-la-campagne-contre-samir-ettaieb\/\",\"name\":\"Al-Massar d\u00e9plore la campagne contre Samir Etta\u00efeb - Kapitalis\",\"isPartOf\":{\"@id\":\"https:\/\/kapitalis.com\/tunisie\/#website\"},\"primaryImageOfPage\":{\"@id\":\"https:\/\/kapitalis.com\/tunisie\/2016\/08\/24\/al-massar-deplore-la-campagne-contre-samir-ettaieb\/#primaryimage\"},\"image\":{\"@id\":\"https:\/\/kapitalis.com\/tunisie\/2016\/08\/24\/al-massar-deplore-la-campagne-contre-samir-ettaieb\/#primaryimage\"},\"thumbnailUrl\":\"http:\/\/kapitalis.com\/tunisie\/wp-content\/uploads\/2015\/09\/samir-ettaieb.jpeg\",\"datePublished\":\"2016-08-24T18:28:50+00:00\",\"breadcrumb\":{\"@id\":\"https:\/\/kapitalis.com\/tunisie\/2016\/08\/24\/al-massar-deplore-la-campagne-contre-samir-ettaieb\/#breadcrumb\"},\"inLanguage\":\"fr-FR\",\"potentialAction\":[{\"@type\":\"ReadAction\",\"target\":[\"https:\/\/kapitalis.com\/tunisie\/2016\/08\/24\/al-massar-deplore-la-campagne-contre-samir-ettaieb\/\"]}]},{\"@type\":\"ImageObject\",\"inLanguage\":\"fr-FR\",\"@id\":\"https:\/\/kapitalis.com\/tunisie\/2016\/08\/24\/al-massar-deplore-la-campagne-contre-samir-ettaieb\/#primaryimage\",\"url\":\"http:\/\/kapitalis.com\/tunisie\/wp-content\/uploads\/2015\/09\/samir-ettaieb.jpeg\",\"contentUrl\":\"http:\/\/kapitalis.com\/tunisie\/wp-content\/uploads\/2015\/09\/samir-ettaieb.jpeg\"},{\"@type\":\"BreadcrumbList\",\"@id\":\"https:\/\/kapitalis.com\/tunisie\/2016\/08\/24\/al-massar-deplore-la-campagne-contre-samir-ettaieb\/#breadcrumb\",\"itemListElement\":[{\"@type\":\"ListItem\",\"position\":1,\"name\":\"Accueil\",\"item\":\"https:\/\/kapitalis.com\/tunisie\/\"},{\"@type\":\"ListItem\",\"position\":2,\"name\":\"Al-Massar d\u00e9plore la campagne contre Samir Etta\u00efeb\"}]},{\"@type\":\"WebSite\",\"@id\":\"https:\/\/kapitalis.com\/tunisie\/#website\",\"url\":\"https:\/\/kapitalis.com\/tunisie\/\",\"name\":\"Kapitalis\",\"description\":\"L&#039;actualit\u00e9 en Tunisie et dans le monde\",\"publisher\":{\"@id\":\"https:\/\/kapitalis.com\/tunisie\/#organization\"},\"potentialAction\":[{\"@type\":\"SearchAction\",\"target\":{\"@type\":\"EntryPoint\",\"urlTemplate\":\"https:\/\/kapitalis.com\/tunisie\/?s={search_term_string}\"},\"query-input\":{\"@type\":\"PropertyValueSpecification\",\"valueRequired\":true,\"valueName\":\"search_term_string\"}}],\"inLanguage\":\"fr-FR\"},{\"@type\":\"Organization\",\"@id\":\"https:\/\/kapitalis.com\/tunisie\/#organization\",\"name\":\"Kapitalis\",\"url\":\"https:\/\/kapitalis.com\/tunisie\/\",\"logo\":{\"@type\":\"ImageObject\",\"inLanguage\":\"fr-FR\",\"@id\":\"https:\/\/kapitalis.com\/tunisie\/#\/schema\/logo\/image\/\",\"url\":\"https:\/\/kapitalis.com\/tunisie\/wp-content\/uploads\/2022\/05\/Kapitalis-big-size.png\",\"contentUrl\":\"https:\/\/kapitalis.com\/tunisie\/wp-content\/uploads\/2022\/05\/Kapitalis-big-size.png\",\"width\":5000,\"height\":1500,\"caption\":\"Kapitalis\"},\"image\":{\"@id\":\"https:\/\/kapitalis.com\/tunisie\/#\/schema\/logo\/image\/\"},\"sameAs\":[\"https:\/\/www.facebook.com\/KapitalisInfo\/\",\"https:\/\/x.com\/KapitalisInfo\",\"https:\/\/www.youtube.com\/channel\/UC-yDYrHyfFBWWZaOw3FPg9Q\"]},{\"@type\":\"Person\",\"@id\":\"https:\/\/kapitalis.com\/tunisie\/#\/schema\/person\/d71f33a9ca44f7bad4698210b480c8e9\",\"name\":\"webmaster kapitalis\",\"url\":\"https:\/\/kapitalis.com\/tunisie\/author\/webmaster-kapitalis\/\"}]}<\/script>\n<!-- \/ Yoast SEO plugin. -->","yoast_head_json":{"title":"Al-Massar d\u00e9plore la campagne contre Samir Etta\u00efeb - Kapitalis","robots":{"index":"index","follow":"follow","max-snippet":"max-snippet:-1","max-image-preview":"max-image-preview:large","max-video-preview":"max-video-preview:-1"},"canonical":"https:\/\/kapitalis.com\/tunisie\/2016\/08\/24\/al-massar-deplore-la-campagne-contre-samir-ettaieb\/","og_locale":"fr_FR","og_type":"article","og_title":"Al-Massar d\u00e9plore la campagne contre Samir Etta\u00efeb - Kapitalis","og_description":"Jounaidi Abdeljaoued, membre du bureau politique d\u2019Al-Massar, d\u00e9nonce la campagne de d\u00e9nigrement men\u00e9e contre Samir Etta\u00efeb, le secr\u00e9taire g\u00e9n\u00e9ral de ce parti de gauche.","og_url":"https:\/\/kapitalis.com\/tunisie\/2016\/08\/24\/al-massar-deplore-la-campagne-contre-samir-ettaieb\/","og_site_name":"Kapitalis","article_publisher":"https:\/\/www.facebook.com\/KapitalisInfo\/","article_published_time":"2016-08-24T18:28:50+00:00","og_image":[{"url":"http:\/\/kapitalis.com\/tunisie\/wp-content\/uploads\/2015\/09\/samir-ettaieb.jpeg","type":"","width":"","height":""}],"author":"webmaster kapitalis","twitter_card":"summary_large_image","twitter_creator":"@KapitalisInfo","twitter_site":"@KapitalisInfo","twitter_misc":{"\u00c9crit par":"webmaster kapitalis","Dur\u00e9e de lecture estim\u00e9e":"2 minutes"},"schema":{"@context":"https:\/\/schema.org","@graph":[{"@type":"Article","@id":"https:\/\/kapitalis.com\/tunisie\/2016\/08\/24\/al-massar-deplore-la-campagne-contre-samir-ettaieb\/#article","isPartOf":{"@id":"https:\/\/kapitalis.com\/tunisie\/2016\/08\/24\/al-massar-deplore-la-campagne-contre-samir-ettaieb\/"},"author":{"name":"webmaster kapitalis","@id":"https:\/\/kapitalis.com\/tunisie\/#\/schema\/person\/d71f33a9ca44f7bad4698210b480c8e9"},"headline":"Al-Massar d\u00e9plore la campagne contre Samir Etta\u00efeb","datePublished":"2016-08-24T18:28:50+00:00","mainEntityOfPage":{"@id":"https:\/\/kapitalis.com\/tunisie\/2016\/08\/24\/al-massar-deplore-la-campagne-contre-samir-ettaieb\/"},"wordCount":371,"commentCount":3,"publisher":{"@id":"https:\/\/kapitalis.com\/tunisie\/#organization"},"image":{"@id":"https:\/\/kapitalis.com\/tunisie\/2016\/08\/24\/al-massar-deplore-la-campagne-contre-samir-ettaieb\/#primaryimage"},"thumbnailUrl":"http:\/\/kapitalis.com\/tunisie\/wp-content\/uploads\/2015\/09\/samir-ettaieb.jpeg","keywords":["Al-Massar","gouvernement d'union nationale","Jouna\u00efdi Abdeljaoued","samir ettaieb"],"articleSection":["POLITIQUE","Tunisie"],"inLanguage":"fr-FR","potentialAction":[{"@type":"CommentAction","name":"Comment","target":["https:\/\/kapitalis.com\/tunisie\/2016\/08\/24\/al-massar-deplore-la-campagne-contre-samir-ettaieb\/#respond"]}]},{"@type":"WebPage","@id":"https:\/\/kapitalis.com\/tunisie\/2016\/08\/24\/al-massar-deplore-la-campagne-contre-samir-ettaieb\/","url":"https:\/\/kapitalis.com\/tunisie\/2016\/08\/24\/al-massar-deplore-la-campagne-contre-samir-ettaieb\/","name":"Al-Massar d\u00e9plore la campagne contre Samir Etta\u00efeb - Kapitalis","isPartOf":{"@id":"https:\/\/kapitalis.com\/tunisie\/#website"},"primaryImageOfPage":{"@id":"https:\/\/kapitalis.com\/tunisie\/2016\/08\/24\/al-massar-deplore-la-campagne-contre-samir-ettaieb\/#primaryimage"},"image":{"@id":"https:\/\/kapitalis.com\/tunisie\/2016\/08\/24\/al-massar-deplore-la-campagne-contre-samir-ettaieb\/#primaryimage"},"thumbnailUrl":"http:\/\/kapitalis.com\/tunisie\/wp-content\/uploads\/2015\/09\/samir-ettaieb.jpeg","datePublished":"2016-08-24T18:28:50+00:00","breadcrumb":{"@id":"https:\/\/kapitalis.com\/tunisie\/2016\/08\/24\/al-massar-deplore-la-campagne-contre-samir-ettaieb\/#breadcrumb"},"inLanguage":"fr-FR","potentialAction":[{"@type":"ReadAction","target":["https:\/\/kapitalis.com\/tunisie\/2016\/08\/24\/al-massar-deplore-la-campagne-contre-samir-ettaieb\/"]}]},{"@type":"ImageObject","inLanguage":"fr-FR","@id":"https:\/\/kapitalis.com\/tunisie\/2016\/08\/24\/al-massar-deplore-la-campagne-contre-samir-ettaieb\/#primaryimage","url":"http:\/\/kapitalis.com\/tunisie\/wp-content\/uploads\/2015\/09\/samir-ettaieb.jpeg","contentUrl":"http:\/\/kapitalis.com\/tunisie\/wp-content\/uploads\/2015\/09\/samir-ettaieb.jpeg"},{"@type":"BreadcrumbList","@id":"https:\/\/kapitalis.com\/tunisie\/2016\/08\/24\/al-massar-deplore-la-campagne-contre-samir-ettaieb\/#breadcrumb","itemListElement":[{"@type":"ListItem","position":1,"name":"Accueil","item":"https:\/\/kapitalis.com\/tunisie\/"},{"@type":"ListItem","position":2,"name":"Al-Massar d\u00e9plore la campagne contre Samir Etta\u00efeb"}]},{"@type":"WebSite","@id":"https:\/\/kapitalis.com\/tunisie\/#website","url":"https:\/\/kapitalis.com\/tunisie\/","name":"Kapitalis","description":"L&#039;actualit\u00e9 en Tunisie et dans le monde","publisher":{"@id":"https:\/\/kapitalis.com\/tunisie\/#organization"},"potentialAction":[{"@type":"SearchAction","target":{"@type":"EntryPoint","urlTemplate":"https:\/\/kapitalis.com\/tunisie\/?s={search_term_string}"},"query-input":{"@type":"PropertyValueSpecification","valueRequired":true,"valueName":"search_term_string"}}],"inLanguage":"fr-FR"},{"@type":"Organization","@id":"https:\/\/kapitalis.com\/tunisie\/#organization","name":"Kapitalis","url":"https:\/\/kapitalis.com\/tunisie\/","logo":{"@type":"ImageObject","inLanguage":"fr-FR","@id":"https:\/\/kapitalis.com\/tunisie\/#\/schema\/logo\/image\/","url":"https:\/\/kapitalis.com\/tunisie\/wp-content\/uploads\/2022\/05\/Kapitalis-big-size.png","contentUrl":"https:\/\/kapitalis.com\/tunisie\/wp-content\/uploads\/2022\/05\/Kapitalis-big-size.png","width":5000,"height":1500,"caption":"Kapitalis"},"image":{"@id":"https:\/\/kapitalis.com\/tunisie\/#\/schema\/logo\/image\/"},"sameAs":["https:\/\/www.facebook.com\/KapitalisInfo\/","https:\/\/x.com\/KapitalisInfo","https:\/\/www.youtube.com\/channel\/UC-yDYrHyfFBWWZaOw3FPg9Q"]},{"@type":"Person","@id":"https:\/\/kapitalis.com\/tunisie\/#\/schema\/person\/d71f33a9ca44f7bad4698210b480c8e9","name":"webmaster kapitalis","url":"https:\/\/kapitalis.com\/tunisie\/author\/webmaster-kapitalis\/"}]}},"_links":{"self":[{"href":"https:\/\/kapitalis.com\/tunisie\/wp-json\/wp\/v2\/posts\/62534","targetHints":{"allow":["GET"]}}],"collection":[{"href":"https:\/\/kapitalis.com\/tunisie\/wp-json\/wp\/v2\/posts"}],"about":[{"href":"https:\/\/kapitalis.com\/tunisie\/wp-json\/wp\/v2\/types\/post"}],"author":[{"embeddable":true,"href":"https:\/\/kapitalis.com\/tunisie\/wp-json\/wp\/v2\/users\/8"}],"replies":[{"embeddable":true,"href":"https:\/\/kapitalis.com\/tunisie\/wp-json\/wp\/v2\/comments?post=62534"}],"version-history":[{"count":0,"href":"https:\/\/kapitalis.com\/tunisie\/wp-json\/wp\/v2\/posts\/62534\/revisions"}],"wp:attachment":[{"href":"https:\/\/kapitalis.com\/tunisie\/wp-json\/wp\/v2\/media?parent=62534"}],"wp:term":[{"taxonomy":"category","embeddable":true,"href":"https:\/\/kapitalis.com\/tunisie\/wp-json\/wp\/v2\/categories?post=62534"},{"taxonomy":"post_tag","embeddable":true,"href":"https:\/\/kapitalis.com\/tunisie\/wp-json\/wp\/v2\/tags?post=62534"}],"curies":[{"name":"wp","href":"https:\/\/api.w.org\/{rel}","templated":true}]}}