{"id":6256001,"date":"2023-02-01T10:24:47","date_gmt":"2023-02-01T09:24:47","guid":{"rendered":"https:\/\/kapitalis.com\/tunisie\/?p=6256001"},"modified":"2023-02-01T10:24:50","modified_gmt":"2023-02-01T09:24:50","slug":"la-celebre-photographe-francaise-sylvie-lancrenon-expose-ses-oeuvres-en-tunisie","status":"publish","type":"post","link":"https:\/\/kapitalis.com\/tunisie\/2023\/02\/01\/la-celebre-photographe-francaise-sylvie-lancrenon-expose-ses-oeuvres-en-tunisie\/","title":{"rendered":"La c\u00e9l\u00e8bre photographe fran\u00e7aise Sylvie Lancrenon expose ses \u0153uvres en Tunisie"},"content":{"rendered":"\n<p><em><strong>La photographe fran\u00e7aise Sylvie Lancrenon pr\u00e9sente en ce moment et jusqu\u2019au 28 f\u00e9vrier son exposition \u00ab\u00a0Corps en sc\u00e8ne\u00a0\u00bb \u00e0 la galerie Musk and Amber aux berges du Lac 1.<\/strong><\/em><\/p>\n\n\n\n<!--more-->\n\n\n\n<p>Pour sa premi\u00e8re exposition en Tunisie, la photographe et cin\u00e9aste Sylvie Lancrenon a choisi la galerie d\u2019art Musk and Amber o\u00f9 elle pr\u00e9sente en ce moment une s\u00e9rie de photographies en couleurs et d\u2019autres en noir et blanc, donnant \u00e0 voir de grands artistes fran\u00e7ais comme Johny Hallyday ou encore Vincent Cassel, mais aussi des danseurs de l\u2019Op\u00e9ra de Paris.<\/p>\n\n\n\n<p>C\u2019est sur un plateau de tournage de Claude Lellouch que la carri\u00e8re de Sylvie Lancrenon a commenc\u00e9 alors qu\u2019elle n\u2019avait que 18 ans. Elle s\u2019est depuis fray\u00e9 un chemin dans le monde exigent de la photographie et du cin\u00e9ma gr\u00e2ce \u00e0 une identit\u00e9 artistique particuli\u00e8re.<\/p>\n\n\n\n<p>\u00a0\u00ab\u00a0<em>J&rsquo;ai traqu\u00e9 la beaut\u00e9, \u00e0 la recherche d&rsquo;un paradis perdu\u2026 J&rsquo;ai regard\u00e9 le monde \u00e0 travers mon appareil pour oublier, pour m&rsquo;oublier. J&rsquo;ai fonctionn\u00e9 \u00e0 l&rsquo;instinct, sans me retourner.Il est temps d&rsquo;arracher le masque<\/em>\u00a0\u00bb.<\/p>\n\n\n\n<p class=\"has-text-align-right\"><strong>F.B<\/strong><\/p>\n","protected":false},"excerpt":{"rendered":"<p>La photographe fran\u00e7aise Sylvie Lancrenon pr\u00e9sente en ce moment et jusqu\u2019au 28 f\u00e9vrier son exposition \u00ab\u00a0Corps en sc\u00e8ne\u00a0\u00bb \u00e0 la galerie Musk and Amber aux berges du Lac 1.<\/p>\n","protected":false},"author":26,"featured_media":6256233,"comment_status":"open","ping_status":"open","sticky":false,"template":"","format":"standard","meta":{"footnotes":""},"categories":[994,2433],"tags":[106367,86106,87205,106366],"class_list":["post-6256001","post","type-post","status-publish","format-standard","has-post-thumbnail","hentry","category-culture","category-tunisie","tag-corps-en-scene","tag-exposition-photographique","tag-galerie-musk-and-amber","tag-sylvie-lacrenon"],"yoast_head":"<!-- This site is optimized with the Yoast SEO plugin v26.6 - https:\/\/yoast.com\/wordpress\/plugins\/seo\/ -->\n<title>La c\u00e9l\u00e8bre photographe fran\u00e7aise Sylvie Lancrenon expose ses \u0153uvres en Tunisie - Kapitalis<\/title>\n<meta name=\"robots\" content=\"index, follow, max-snippet:-1, max-image-preview:large, max-video-preview:-1\" \/>\n<link rel=\"canonical\" href=\"https:\/\/kapitalis.com\/tunisie\/2023\/02\/01\/la-celebre-photographe-francaise-sylvie-lancrenon-expose-ses-oeuvres-en-tunisie\/\" \/>\n<meta property=\"og:locale\" content=\"fr_FR\" \/>\n<meta property=\"og:type\" content=\"article\" \/>\n<meta property=\"og:title\" content=\"La c\u00e9l\u00e8bre photographe fran\u00e7aise Sylvie Lancrenon expose ses \u0153uvres en Tunisie - Kapitalis\" \/>\n<meta property=\"og:description\" content=\"La photographe fran\u00e7aise Sylvie Lancrenon pr\u00e9sente en ce moment et jusqu\u2019au 28 f\u00e9vrier son exposition \u00ab\u00a0Corps en sc\u00e8ne\u00a0\u00bb \u00e0 la galerie Musk and Amber aux berges du Lac 1.\" \/>\n<meta property=\"og:url\" content=\"https:\/\/kapitalis.com\/tunisie\/2023\/02\/01\/la-celebre-photographe-francaise-sylvie-lancrenon-expose-ses-oeuvres-en-tunisie\/\" \/>\n<meta property=\"og:site_name\" content=\"Kapitalis\" \/>\n<meta property=\"article:publisher\" content=\"https:\/\/www.facebook.com\/KapitalisInfo\/\" \/>\n<meta property=\"article:published_time\" content=\"2023-02-01T09:24:47+00:00\" \/>\n<meta property=\"article:modified_time\" content=\"2023-02-01T09:24:50+00:00\" \/>\n<meta property=\"og:image\" content=\"https:\/\/kapitalis.com\/tunisie\/wp-content\/uploads\/2023\/02\/galerie-Musk-Amber.jpg\" \/>\n\t<meta property=\"og:image:width\" content=\"1200\" \/>\n\t<meta property=\"og:image:height\" content=\"630\" \/>\n\t<meta property=\"og:image:type\" content=\"image\/jpeg\" \/>\n<meta name=\"author\" content=\"Fawz BenAli\" \/>\n<meta name=\"twitter:card\" content=\"summary_large_image\" \/>\n<meta name=\"twitter:creator\" content=\"@KapitalisInfo\" \/>\n<meta name=\"twitter:site\" content=\"@KapitalisInfo\" \/>\n<meta name=\"twitter:label1\" content=\"\u00c9crit par\" \/>\n\t<meta name=\"twitter:data1\" content=\"Fawz BenAli\" \/>\n\t<meta name=\"twitter:label2\" content=\"Dur\u00e9e de lecture estim\u00e9e\" \/>\n\t<meta name=\"twitter:data2\" content=\"1 minute\" \/>\n<script type=\"application\/ld+json\" class=\"yoast-schema-graph\">{\"@context\":\"https:\/\/schema.org\",\"@graph\":[{\"@type\":\"Article\",\"@id\":\"https:\/\/kapitalis.com\/tunisie\/2023\/02\/01\/la-celebre-photographe-francaise-sylvie-lancrenon-expose-ses-oeuvres-en-tunisie\/#article\",\"isPartOf\":{\"@id\":\"https:\/\/kapitalis.com\/tunisie\/2023\/02\/01\/la-celebre-photographe-francaise-sylvie-lancrenon-expose-ses-oeuvres-en-tunisie\/\"},\"author\":{\"name\":\"Fawz BenAli\",\"@id\":\"https:\/\/kapitalis.com\/tunisie\/#\/schema\/person\/73a5ecc1f6ae540c6ed91342eadca948\"},\"headline\":\"La c\u00e9l\u00e8bre photographe fran\u00e7aise Sylvie Lancrenon expose ses \u0153uvres en Tunisie\",\"datePublished\":\"2023-02-01T09:24:47+00:00\",\"dateModified\":\"2023-02-01T09:24:50+00:00\",\"mainEntityOfPage\":{\"@id\":\"https:\/\/kapitalis.com\/tunisie\/2023\/02\/01\/la-celebre-photographe-francaise-sylvie-lancrenon-expose-ses-oeuvres-en-tunisie\/\"},\"wordCount\":198,\"commentCount\":0,\"publisher\":{\"@id\":\"https:\/\/kapitalis.com\/tunisie\/#organization\"},\"image\":{\"@id\":\"https:\/\/kapitalis.com\/tunisie\/2023\/02\/01\/la-celebre-photographe-francaise-sylvie-lancrenon-expose-ses-oeuvres-en-tunisie\/#primaryimage\"},\"thumbnailUrl\":\"https:\/\/kapitalis.com\/tunisie\/wp-content\/uploads\/2023\/02\/galerie-Musk-Amber.jpg\",\"keywords\":[\"Corps en sc\u00e8ne\",\"exposition photographique\",\"galerie Musk and Amber\",\"Sylvie Lacrenon\"],\"articleSection\":[\"CULTURE\",\"Tunisie\"],\"inLanguage\":\"fr-FR\",\"potentialAction\":[{\"@type\":\"CommentAction\",\"name\":\"Comment\",\"target\":[\"https:\/\/kapitalis.com\/tunisie\/2023\/02\/01\/la-celebre-photographe-francaise-sylvie-lancrenon-expose-ses-oeuvres-en-tunisie\/#respond\"]}]},{\"@type\":\"WebPage\",\"@id\":\"https:\/\/kapitalis.com\/tunisie\/2023\/02\/01\/la-celebre-photographe-francaise-sylvie-lancrenon-expose-ses-oeuvres-en-tunisie\/\",\"url\":\"https:\/\/kapitalis.com\/tunisie\/2023\/02\/01\/la-celebre-photographe-francaise-sylvie-lancrenon-expose-ses-oeuvres-en-tunisie\/\",\"name\":\"La c\u00e9l\u00e8bre photographe fran\u00e7aise Sylvie Lancrenon expose ses \u0153uvres en Tunisie - Kapitalis\",\"isPartOf\":{\"@id\":\"https:\/\/kapitalis.com\/tunisie\/#website\"},\"primaryImageOfPage\":{\"@id\":\"https:\/\/kapitalis.com\/tunisie\/2023\/02\/01\/la-celebre-photographe-francaise-sylvie-lancrenon-expose-ses-oeuvres-en-tunisie\/#primaryimage\"},\"image\":{\"@id\":\"https:\/\/kapitalis.com\/tunisie\/2023\/02\/01\/la-celebre-photographe-francaise-sylvie-lancrenon-expose-ses-oeuvres-en-tunisie\/#primaryimage\"},\"thumbnailUrl\":\"https:\/\/kapitalis.com\/tunisie\/wp-content\/uploads\/2023\/02\/galerie-Musk-Amber.jpg\",\"datePublished\":\"2023-02-01T09:24:47+00:00\",\"dateModified\":\"2023-02-01T09:24:50+00:00\",\"breadcrumb\":{\"@id\":\"https:\/\/kapitalis.com\/tunisie\/2023\/02\/01\/la-celebre-photographe-francaise-sylvie-lancrenon-expose-ses-oeuvres-en-tunisie\/#breadcrumb\"},\"inLanguage\":\"fr-FR\",\"potentialAction\":[{\"@type\":\"ReadAction\",\"target\":[\"https:\/\/kapitalis.com\/tunisie\/2023\/02\/01\/la-celebre-photographe-francaise-sylvie-lancrenon-expose-ses-oeuvres-en-tunisie\/\"]}]},{\"@type\":\"ImageObject\",\"inLanguage\":\"fr-FR\",\"@id\":\"https:\/\/kapitalis.com\/tunisie\/2023\/02\/01\/la-celebre-photographe-francaise-sylvie-lancrenon-expose-ses-oeuvres-en-tunisie\/#primaryimage\",\"url\":\"https:\/\/kapitalis.com\/tunisie\/wp-content\/uploads\/2023\/02\/galerie-Musk-Amber.jpg\",\"contentUrl\":\"https:\/\/kapitalis.com\/tunisie\/wp-content\/uploads\/2023\/02\/galerie-Musk-Amber.jpg\",\"width\":1200,\"height\":630},{\"@type\":\"BreadcrumbList\",\"@id\":\"https:\/\/kapitalis.com\/tunisie\/2023\/02\/01\/la-celebre-photographe-francaise-sylvie-lancrenon-expose-ses-oeuvres-en-tunisie\/#breadcrumb\",\"itemListElement\":[{\"@type\":\"ListItem\",\"position\":1,\"name\":\"Accueil\",\"item\":\"https:\/\/kapitalis.com\/tunisie\/\"},{\"@type\":\"ListItem\",\"position\":2,\"name\":\"La c\u00e9l\u00e8bre photographe fran\u00e7aise Sylvie Lancrenon expose ses \u0153uvres en Tunisie\"}]},{\"@type\":\"WebSite\",\"@id\":\"https:\/\/kapitalis.com\/tunisie\/#website\",\"url\":\"https:\/\/kapitalis.com\/tunisie\/\",\"name\":\"Kapitalis\",\"description\":\"L&#039;actualit\u00e9 en Tunisie et dans le monde\",\"publisher\":{\"@id\":\"https:\/\/kapitalis.com\/tunisie\/#organization\"},\"potentialAction\":[{\"@type\":\"SearchAction\",\"target\":{\"@type\":\"EntryPoint\",\"urlTemplate\":\"https:\/\/kapitalis.com\/tunisie\/?s={search_term_string}\"},\"query-input\":{\"@type\":\"PropertyValueSpecification\",\"valueRequired\":true,\"valueName\":\"search_term_string\"}}],\"inLanguage\":\"fr-FR\"},{\"@type\":\"Organization\",\"@id\":\"https:\/\/kapitalis.com\/tunisie\/#organization\",\"name\":\"Kapitalis\",\"url\":\"https:\/\/kapitalis.com\/tunisie\/\",\"logo\":{\"@type\":\"ImageObject\",\"inLanguage\":\"fr-FR\",\"@id\":\"https:\/\/kapitalis.com\/tunisie\/#\/schema\/logo\/image\/\",\"url\":\"https:\/\/kapitalis.com\/tunisie\/wp-content\/uploads\/2022\/05\/Kapitalis-big-size.png\",\"contentUrl\":\"https:\/\/kapitalis.com\/tunisie\/wp-content\/uploads\/2022\/05\/Kapitalis-big-size.png\",\"width\":5000,\"height\":1500,\"caption\":\"Kapitalis\"},\"image\":{\"@id\":\"https:\/\/kapitalis.com\/tunisie\/#\/schema\/logo\/image\/\"},\"sameAs\":[\"https:\/\/www.facebook.com\/KapitalisInfo\/\",\"https:\/\/x.com\/KapitalisInfo\",\"https:\/\/www.youtube.com\/channel\/UC-yDYrHyfFBWWZaOw3FPg9Q\"]},{\"@type\":\"Person\",\"@id\":\"https:\/\/kapitalis.com\/tunisie\/#\/schema\/person\/73a5ecc1f6ae540c6ed91342eadca948\",\"name\":\"Fawz BenAli\",\"url\":\"https:\/\/kapitalis.com\/tunisie\/author\/fawz\/\"}]}<\/script>\n<!-- \/ Yoast SEO plugin. -->","yoast_head_json":{"title":"La c\u00e9l\u00e8bre photographe fran\u00e7aise Sylvie Lancrenon expose ses \u0153uvres en Tunisie - Kapitalis","robots":{"index":"index","follow":"follow","max-snippet":"max-snippet:-1","max-image-preview":"max-image-preview:large","max-video-preview":"max-video-preview:-1"},"canonical":"https:\/\/kapitalis.com\/tunisie\/2023\/02\/01\/la-celebre-photographe-francaise-sylvie-lancrenon-expose-ses-oeuvres-en-tunisie\/","og_locale":"fr_FR","og_type":"article","og_title":"La c\u00e9l\u00e8bre photographe fran\u00e7aise Sylvie Lancrenon expose ses \u0153uvres en Tunisie - Kapitalis","og_description":"La photographe fran\u00e7aise Sylvie Lancrenon pr\u00e9sente en ce moment et jusqu\u2019au 28 f\u00e9vrier son exposition \u00ab\u00a0Corps en sc\u00e8ne\u00a0\u00bb \u00e0 la galerie Musk and Amber aux berges du Lac 1.","og_url":"https:\/\/kapitalis.com\/tunisie\/2023\/02\/01\/la-celebre-photographe-francaise-sylvie-lancrenon-expose-ses-oeuvres-en-tunisie\/","og_site_name":"Kapitalis","article_publisher":"https:\/\/www.facebook.com\/KapitalisInfo\/","article_published_time":"2023-02-01T09:24:47+00:00","article_modified_time":"2023-02-01T09:24:50+00:00","og_image":[{"width":1200,"height":630,"url":"https:\/\/kapitalis.com\/tunisie\/wp-content\/uploads\/2023\/02\/galerie-Musk-Amber.jpg","type":"image\/jpeg"}],"author":"Fawz BenAli","twitter_card":"summary_large_image","twitter_creator":"@KapitalisInfo","twitter_site":"@KapitalisInfo","twitter_misc":{"\u00c9crit par":"Fawz BenAli","Dur\u00e9e de lecture estim\u00e9e":"1 minute"},"schema":{"@context":"https:\/\/schema.org","@graph":[{"@type":"Article","@id":"https:\/\/kapitalis.com\/tunisie\/2023\/02\/01\/la-celebre-photographe-francaise-sylvie-lancrenon-expose-ses-oeuvres-en-tunisie\/#article","isPartOf":{"@id":"https:\/\/kapitalis.com\/tunisie\/2023\/02\/01\/la-celebre-photographe-francaise-sylvie-lancrenon-expose-ses-oeuvres-en-tunisie\/"},"author":{"name":"Fawz BenAli","@id":"https:\/\/kapitalis.com\/tunisie\/#\/schema\/person\/73a5ecc1f6ae540c6ed91342eadca948"},"headline":"La c\u00e9l\u00e8bre photographe fran\u00e7aise Sylvie Lancrenon expose ses \u0153uvres en Tunisie","datePublished":"2023-02-01T09:24:47+00:00","dateModified":"2023-02-01T09:24:50+00:00","mainEntityOfPage":{"@id":"https:\/\/kapitalis.com\/tunisie\/2023\/02\/01\/la-celebre-photographe-francaise-sylvie-lancrenon-expose-ses-oeuvres-en-tunisie\/"},"wordCount":198,"commentCount":0,"publisher":{"@id":"https:\/\/kapitalis.com\/tunisie\/#organization"},"image":{"@id":"https:\/\/kapitalis.com\/tunisie\/2023\/02\/01\/la-celebre-photographe-francaise-sylvie-lancrenon-expose-ses-oeuvres-en-tunisie\/#primaryimage"},"thumbnailUrl":"https:\/\/kapitalis.com\/tunisie\/wp-content\/uploads\/2023\/02\/galerie-Musk-Amber.jpg","keywords":["Corps en sc\u00e8ne","exposition photographique","galerie Musk and Amber","Sylvie Lacrenon"],"articleSection":["CULTURE","Tunisie"],"inLanguage":"fr-FR","potentialAction":[{"@type":"CommentAction","name":"Comment","target":["https:\/\/kapitalis.com\/tunisie\/2023\/02\/01\/la-celebre-photographe-francaise-sylvie-lancrenon-expose-ses-oeuvres-en-tunisie\/#respond"]}]},{"@type":"WebPage","@id":"https:\/\/kapitalis.com\/tunisie\/2023\/02\/01\/la-celebre-photographe-francaise-sylvie-lancrenon-expose-ses-oeuvres-en-tunisie\/","url":"https:\/\/kapitalis.com\/tunisie\/2023\/02\/01\/la-celebre-photographe-francaise-sylvie-lancrenon-expose-ses-oeuvres-en-tunisie\/","name":"La c\u00e9l\u00e8bre photographe fran\u00e7aise Sylvie Lancrenon expose ses \u0153uvres en Tunisie - Kapitalis","isPartOf":{"@id":"https:\/\/kapitalis.com\/tunisie\/#website"},"primaryImageOfPage":{"@id":"https:\/\/kapitalis.com\/tunisie\/2023\/02\/01\/la-celebre-photographe-francaise-sylvie-lancrenon-expose-ses-oeuvres-en-tunisie\/#primaryimage"},"image":{"@id":"https:\/\/kapitalis.com\/tunisie\/2023\/02\/01\/la-celebre-photographe-francaise-sylvie-lancrenon-expose-ses-oeuvres-en-tunisie\/#primaryimage"},"thumbnailUrl":"https:\/\/kapitalis.com\/tunisie\/wp-content\/uploads\/2023\/02\/galerie-Musk-Amber.jpg","datePublished":"2023-02-01T09:24:47+00:00","dateModified":"2023-02-01T09:24:50+00:00","breadcrumb":{"@id":"https:\/\/kapitalis.com\/tunisie\/2023\/02\/01\/la-celebre-photographe-francaise-sylvie-lancrenon-expose-ses-oeuvres-en-tunisie\/#breadcrumb"},"inLanguage":"fr-FR","potentialAction":[{"@type":"ReadAction","target":["https:\/\/kapitalis.com\/tunisie\/2023\/02\/01\/la-celebre-photographe-francaise-sylvie-lancrenon-expose-ses-oeuvres-en-tunisie\/"]}]},{"@type":"ImageObject","inLanguage":"fr-FR","@id":"https:\/\/kapitalis.com\/tunisie\/2023\/02\/01\/la-celebre-photographe-francaise-sylvie-lancrenon-expose-ses-oeuvres-en-tunisie\/#primaryimage","url":"https:\/\/kapitalis.com\/tunisie\/wp-content\/uploads\/2023\/02\/galerie-Musk-Amber.jpg","contentUrl":"https:\/\/kapitalis.com\/tunisie\/wp-content\/uploads\/2023\/02\/galerie-Musk-Amber.jpg","width":1200,"height":630},{"@type":"BreadcrumbList","@id":"https:\/\/kapitalis.com\/tunisie\/2023\/02\/01\/la-celebre-photographe-francaise-sylvie-lancrenon-expose-ses-oeuvres-en-tunisie\/#breadcrumb","itemListElement":[{"@type":"ListItem","position":1,"name":"Accueil","item":"https:\/\/kapitalis.com\/tunisie\/"},{"@type":"ListItem","position":2,"name":"La c\u00e9l\u00e8bre photographe fran\u00e7aise Sylvie Lancrenon expose ses \u0153uvres en Tunisie"}]},{"@type":"WebSite","@id":"https:\/\/kapitalis.com\/tunisie\/#website","url":"https:\/\/kapitalis.com\/tunisie\/","name":"Kapitalis","description":"L&#039;actualit\u00e9 en Tunisie et dans le monde","publisher":{"@id":"https:\/\/kapitalis.com\/tunisie\/#organization"},"potentialAction":[{"@type":"SearchAction","target":{"@type":"EntryPoint","urlTemplate":"https:\/\/kapitalis.com\/tunisie\/?s={search_term_string}"},"query-input":{"@type":"PropertyValueSpecification","valueRequired":true,"valueName":"search_term_string"}}],"inLanguage":"fr-FR"},{"@type":"Organization","@id":"https:\/\/kapitalis.com\/tunisie\/#organization","name":"Kapitalis","url":"https:\/\/kapitalis.com\/tunisie\/","logo":{"@type":"ImageObject","inLanguage":"fr-FR","@id":"https:\/\/kapitalis.com\/tunisie\/#\/schema\/logo\/image\/","url":"https:\/\/kapitalis.com\/tunisie\/wp-content\/uploads\/2022\/05\/Kapitalis-big-size.png","contentUrl":"https:\/\/kapitalis.com\/tunisie\/wp-content\/uploads\/2022\/05\/Kapitalis-big-size.png","width":5000,"height":1500,"caption":"Kapitalis"},"image":{"@id":"https:\/\/kapitalis.com\/tunisie\/#\/schema\/logo\/image\/"},"sameAs":["https:\/\/www.facebook.com\/KapitalisInfo\/","https:\/\/x.com\/KapitalisInfo","https:\/\/www.youtube.com\/channel\/UC-yDYrHyfFBWWZaOw3FPg9Q"]},{"@type":"Person","@id":"https:\/\/kapitalis.com\/tunisie\/#\/schema\/person\/73a5ecc1f6ae540c6ed91342eadca948","name":"Fawz BenAli","url":"https:\/\/kapitalis.com\/tunisie\/author\/fawz\/"}]}},"_links":{"self":[{"href":"https:\/\/kapitalis.com\/tunisie\/wp-json\/wp\/v2\/posts\/6256001","targetHints":{"allow":["GET"]}}],"collection":[{"href":"https:\/\/kapitalis.com\/tunisie\/wp-json\/wp\/v2\/posts"}],"about":[{"href":"https:\/\/kapitalis.com\/tunisie\/wp-json\/wp\/v2\/types\/post"}],"author":[{"embeddable":true,"href":"https:\/\/kapitalis.com\/tunisie\/wp-json\/wp\/v2\/users\/26"}],"replies":[{"embeddable":true,"href":"https:\/\/kapitalis.com\/tunisie\/wp-json\/wp\/v2\/comments?post=6256001"}],"version-history":[{"count":1,"href":"https:\/\/kapitalis.com\/tunisie\/wp-json\/wp\/v2\/posts\/6256001\/revisions"}],"predecessor-version":[{"id":6256235,"href":"https:\/\/kapitalis.com\/tunisie\/wp-json\/wp\/v2\/posts\/6256001\/revisions\/6256235"}],"wp:featuredmedia":[{"embeddable":true,"href":"https:\/\/kapitalis.com\/tunisie\/wp-json\/wp\/v2\/media\/6256233"}],"wp:attachment":[{"href":"https:\/\/kapitalis.com\/tunisie\/wp-json\/wp\/v2\/media?parent=6256001"}],"wp:term":[{"taxonomy":"category","embeddable":true,"href":"https:\/\/kapitalis.com\/tunisie\/wp-json\/wp\/v2\/categories?post=6256001"},{"taxonomy":"post_tag","embeddable":true,"href":"https:\/\/kapitalis.com\/tunisie\/wp-json\/wp\/v2\/tags?post=6256001"}],"curies":[{"name":"wp","href":"https:\/\/api.w.org\/{rel}","templated":true}]}}