{"id":62573,"date":"2016-08-25T11:45:30","date_gmt":"2016-08-25T10:45:30","guid":{"rendered":"http:\/\/kapitalis.com\/tunisie\/?p=62573"},"modified":"2016-08-25T14:19:43","modified_gmt":"2016-08-25T13:19:43","slug":"ben-arous-un-extremiste-religieux-agresse-un-officier-de-police","status":"publish","type":"post","link":"https:\/\/kapitalis.com\/tunisie\/2016\/08\/25\/ben-arous-un-extremiste-religieux-agresse-un-officier-de-police\/","title":{"rendered":"Ben Arous : Un extr\u00e9miste religieux agresse un officier de police"},"content":{"rendered":"<p style=\"text-align: center;\"><img loading=\"lazy\" decoding=\"async\" class=\"alignnone size-full wp-image-62575\" src=\"http:\/\/kapitalis.com\/tunisie\/wp-content\/uploads\/2016\/08\/Ben-Arous-agresion-capitaine-extr\u00e9miste-religieux.jpg\" alt=\"Ben Arous- agresion capitaine- extr\u00e9miste religieux\" width=\"626\" height=\"380\" \/><\/p>\n<p><em><strong>Le capitaine Wahid Rebai a \u00e9t\u00e9 agress\u00e9, hier, dans la zone industrielle de Ben Arous, par un individu suspect\u00e9 d\u2019appartenir \u00e0 la mouvance takfiriste.<\/strong><\/em><\/p>\n<p><!--more--><\/p>\n<p>Wahid Rebai, capitaine de la garde nationale au district de Ben Arous, \u00e9tait en mission dans la zone industrielle, quand un extr\u00e9miste religieux recherch\u00e9 l\u2019a agress\u00e9 avec une barre de fer, avant de fuir sur\u00a0une moto.<\/p>\n<p>Le capitaine a \u00e9t\u00e9 transport\u00e9 \u00e0 l\u2019h\u00f4pital o\u00f9 il a subi une op\u00e9ration. Son \u00e9tat est stable, indique un communiqu\u00e9 du Syndicat des fonctionnaires de la direction g\u00e9n\u00e9rale des unit\u00e9s d&rsquo;interventions (SFDGUI).<\/p>\n<p>La police a pu mettre la main sur l\u2019agresseur qui a \u00e9t\u00e9 maintenu en d\u00e9tention.<\/p>\n<p style=\"text-align: right;\"><strong>Y. N.<\/strong><\/p>\n","protected":false},"excerpt":{"rendered":"<p>Le capitaine Wahid Rebai a \u00e9t\u00e9 agress\u00e9, hier, dans la zone industrielle de Ben Arous, par un individu suspect\u00e9 d\u2019appartenir \u00e0 la mouvance takfiriste.<\/p>\n","protected":false},"author":6,"featured_media":62575,"comment_status":"open","ping_status":"open","sticky":false,"template":"","format":"standard","meta":{"footnotes":""},"categories":[998,2433],"tags":[141,20378,1279,1179,2596,15513,872,2765],"class_list":["post-62573","post","type-post","status-publish","format-standard","has-post-thumbnail","hentry","category-societe","category-tunisie","tag-ben-arous","tag-capitaine","tag-detention","tag-extremiste-religieux","tag-policier","tag-sfdgui","tag-syndicat","tag-takfiriste"],"yoast_head":"<!-- This site is optimized with the Yoast SEO plugin v26.6 - https:\/\/yoast.com\/wordpress\/plugins\/seo\/ -->\n<title>Ben Arous : Un extr\u00e9miste religieux agresse un officier de police - Kapitalis<\/title>\n<meta name=\"robots\" content=\"index, follow, max-snippet:-1, max-image-preview:large, max-video-preview:-1\" \/>\n<link rel=\"canonical\" href=\"https:\/\/kapitalis.com\/tunisie\/2016\/08\/25\/ben-arous-un-extremiste-religieux-agresse-un-officier-de-police\/\" \/>\n<meta property=\"og:locale\" content=\"fr_FR\" \/>\n<meta property=\"og:type\" content=\"article\" \/>\n<meta property=\"og:title\" content=\"Ben Arous : Un extr\u00e9miste religieux agresse un officier de police - Kapitalis\" \/>\n<meta property=\"og:description\" content=\"Le capitaine Wahid Rebai a \u00e9t\u00e9 agress\u00e9, hier, dans la zone industrielle de Ben Arous, par un individu suspect\u00e9 d\u2019appartenir \u00e0 la mouvance takfiriste.\" \/>\n<meta property=\"og:url\" content=\"https:\/\/kapitalis.com\/tunisie\/2016\/08\/25\/ben-arous-un-extremiste-religieux-agresse-un-officier-de-police\/\" \/>\n<meta property=\"og:site_name\" content=\"Kapitalis\" \/>\n<meta property=\"article:publisher\" content=\"https:\/\/www.facebook.com\/KapitalisInfo\/\" \/>\n<meta property=\"article:published_time\" content=\"2016-08-25T10:45:30+00:00\" \/>\n<meta property=\"article:modified_time\" content=\"2016-08-25T13:19:43+00:00\" \/>\n<meta property=\"og:image\" content=\"https:\/\/kapitalis.com\/tunisie\/wp-content\/uploads\/2022\/05\/kapitalis-logo-fb.png\" \/>\n\t<meta property=\"og:image:width\" content=\"1200\" \/>\n\t<meta property=\"og:image:height\" content=\"630\" \/>\n\t<meta property=\"og:image:type\" content=\"image\/png\" \/>\n<meta name=\"author\" content=\"Yusra NY\" \/>\n<meta name=\"twitter:card\" content=\"summary_large_image\" \/>\n<meta name=\"twitter:creator\" content=\"@KapitalisInfo\" \/>\n<meta name=\"twitter:site\" content=\"@KapitalisInfo\" \/>\n<meta name=\"twitter:label1\" content=\"\u00c9crit par\" \/>\n\t<meta name=\"twitter:data1\" content=\"Yusra NY\" \/>\n\t<meta name=\"twitter:label2\" content=\"Dur\u00e9e de lecture estim\u00e9e\" \/>\n\t<meta name=\"twitter:data2\" content=\"1 minute\" \/>\n<script type=\"application\/ld+json\" class=\"yoast-schema-graph\">{\"@context\":\"https:\/\/schema.org\",\"@graph\":[{\"@type\":\"Article\",\"@id\":\"https:\/\/kapitalis.com\/tunisie\/2016\/08\/25\/ben-arous-un-extremiste-religieux-agresse-un-officier-de-police\/#article\",\"isPartOf\":{\"@id\":\"https:\/\/kapitalis.com\/tunisie\/2016\/08\/25\/ben-arous-un-extremiste-religieux-agresse-un-officier-de-police\/\"},\"author\":{\"name\":\"Yusra NY\",\"@id\":\"https:\/\/kapitalis.com\/tunisie\/#\/schema\/person\/74bbde0154d49d790a92aaeac5bc01d5\"},\"headline\":\"Ben Arous : Un extr\u00e9miste religieux agresse un officier de police\",\"datePublished\":\"2016-08-25T10:45:30+00:00\",\"dateModified\":\"2016-08-25T13:19:43+00:00\",\"mainEntityOfPage\":{\"@id\":\"https:\/\/kapitalis.com\/tunisie\/2016\/08\/25\/ben-arous-un-extremiste-religieux-agresse-un-officier-de-police\/\"},\"wordCount\":130,\"commentCount\":0,\"publisher\":{\"@id\":\"https:\/\/kapitalis.com\/tunisie\/#organization\"},\"image\":{\"@id\":\"https:\/\/kapitalis.com\/tunisie\/2016\/08\/25\/ben-arous-un-extremiste-religieux-agresse-un-officier-de-police\/#primaryimage\"},\"thumbnailUrl\":\"\",\"keywords\":[\"Ben Arous\",\"capitaine\",\"d\u00e9tention\",\"extr\u00e9miste religieux\",\"policier\",\"SFDGUI\",\"syndicat\",\"takfiriste\"],\"articleSection\":[\"SOCIETE\",\"Tunisie\"],\"inLanguage\":\"fr-FR\",\"potentialAction\":[{\"@type\":\"CommentAction\",\"name\":\"Comment\",\"target\":[\"https:\/\/kapitalis.com\/tunisie\/2016\/08\/25\/ben-arous-un-extremiste-religieux-agresse-un-officier-de-police\/#respond\"]}]},{\"@type\":\"WebPage\",\"@id\":\"https:\/\/kapitalis.com\/tunisie\/2016\/08\/25\/ben-arous-un-extremiste-religieux-agresse-un-officier-de-police\/\",\"url\":\"https:\/\/kapitalis.com\/tunisie\/2016\/08\/25\/ben-arous-un-extremiste-religieux-agresse-un-officier-de-police\/\",\"name\":\"Ben Arous : Un extr\u00e9miste religieux agresse un officier de police - Kapitalis\",\"isPartOf\":{\"@id\":\"https:\/\/kapitalis.com\/tunisie\/#website\"},\"primaryImageOfPage\":{\"@id\":\"https:\/\/kapitalis.com\/tunisie\/2016\/08\/25\/ben-arous-un-extremiste-religieux-agresse-un-officier-de-police\/#primaryimage\"},\"image\":{\"@id\":\"https:\/\/kapitalis.com\/tunisie\/2016\/08\/25\/ben-arous-un-extremiste-religieux-agresse-un-officier-de-police\/#primaryimage\"},\"thumbnailUrl\":\"\",\"datePublished\":\"2016-08-25T10:45:30+00:00\",\"dateModified\":\"2016-08-25T13:19:43+00:00\",\"breadcrumb\":{\"@id\":\"https:\/\/kapitalis.com\/tunisie\/2016\/08\/25\/ben-arous-un-extremiste-religieux-agresse-un-officier-de-police\/#breadcrumb\"},\"inLanguage\":\"fr-FR\",\"potentialAction\":[{\"@type\":\"ReadAction\",\"target\":[\"https:\/\/kapitalis.com\/tunisie\/2016\/08\/25\/ben-arous-un-extremiste-religieux-agresse-un-officier-de-police\/\"]}]},{\"@type\":\"ImageObject\",\"inLanguage\":\"fr-FR\",\"@id\":\"https:\/\/kapitalis.com\/tunisie\/2016\/08\/25\/ben-arous-un-extremiste-religieux-agresse-un-officier-de-police\/#primaryimage\",\"url\":\"\",\"contentUrl\":\"\"},{\"@type\":\"BreadcrumbList\",\"@id\":\"https:\/\/kapitalis.com\/tunisie\/2016\/08\/25\/ben-arous-un-extremiste-religieux-agresse-un-officier-de-police\/#breadcrumb\",\"itemListElement\":[{\"@type\":\"ListItem\",\"position\":1,\"name\":\"Accueil\",\"item\":\"https:\/\/kapitalis.com\/tunisie\/\"},{\"@type\":\"ListItem\",\"position\":2,\"name\":\"Ben Arous : Un extr\u00e9miste religieux agresse un officier de police\"}]},{\"@type\":\"WebSite\",\"@id\":\"https:\/\/kapitalis.com\/tunisie\/#website\",\"url\":\"https:\/\/kapitalis.com\/tunisie\/\",\"name\":\"Kapitalis\",\"description\":\"L&#039;actualit\u00e9 en Tunisie et dans le monde\",\"publisher\":{\"@id\":\"https:\/\/kapitalis.com\/tunisie\/#organization\"},\"potentialAction\":[{\"@type\":\"SearchAction\",\"target\":{\"@type\":\"EntryPoint\",\"urlTemplate\":\"https:\/\/kapitalis.com\/tunisie\/?s={search_term_string}\"},\"query-input\":{\"@type\":\"PropertyValueSpecification\",\"valueRequired\":true,\"valueName\":\"search_term_string\"}}],\"inLanguage\":\"fr-FR\"},{\"@type\":\"Organization\",\"@id\":\"https:\/\/kapitalis.com\/tunisie\/#organization\",\"name\":\"Kapitalis\",\"url\":\"https:\/\/kapitalis.com\/tunisie\/\",\"logo\":{\"@type\":\"ImageObject\",\"inLanguage\":\"fr-FR\",\"@id\":\"https:\/\/kapitalis.com\/tunisie\/#\/schema\/logo\/image\/\",\"url\":\"https:\/\/kapitalis.com\/tunisie\/wp-content\/uploads\/2022\/05\/Kapitalis-big-size.png\",\"contentUrl\":\"https:\/\/kapitalis.com\/tunisie\/wp-content\/uploads\/2022\/05\/Kapitalis-big-size.png\",\"width\":5000,\"height\":1500,\"caption\":\"Kapitalis\"},\"image\":{\"@id\":\"https:\/\/kapitalis.com\/tunisie\/#\/schema\/logo\/image\/\"},\"sameAs\":[\"https:\/\/www.facebook.com\/KapitalisInfo\/\",\"https:\/\/x.com\/KapitalisInfo\",\"https:\/\/www.youtube.com\/channel\/UC-yDYrHyfFBWWZaOw3FPg9Q\"]},{\"@type\":\"Person\",\"@id\":\"https:\/\/kapitalis.com\/tunisie\/#\/schema\/person\/74bbde0154d49d790a92aaeac5bc01d5\",\"name\":\"Yusra NY\",\"url\":\"https:\/\/kapitalis.com\/tunisie\/author\/yuza_adam\/\"}]}<\/script>\n<!-- \/ Yoast SEO plugin. -->","yoast_head_json":{"title":"Ben Arous : Un extr\u00e9miste religieux agresse un officier de police - Kapitalis","robots":{"index":"index","follow":"follow","max-snippet":"max-snippet:-1","max-image-preview":"max-image-preview:large","max-video-preview":"max-video-preview:-1"},"canonical":"https:\/\/kapitalis.com\/tunisie\/2016\/08\/25\/ben-arous-un-extremiste-religieux-agresse-un-officier-de-police\/","og_locale":"fr_FR","og_type":"article","og_title":"Ben Arous : Un extr\u00e9miste religieux agresse un officier de police - Kapitalis","og_description":"Le capitaine Wahid Rebai a \u00e9t\u00e9 agress\u00e9, hier, dans la zone industrielle de Ben Arous, par un individu suspect\u00e9 d\u2019appartenir \u00e0 la mouvance takfiriste.","og_url":"https:\/\/kapitalis.com\/tunisie\/2016\/08\/25\/ben-arous-un-extremiste-religieux-agresse-un-officier-de-police\/","og_site_name":"Kapitalis","article_publisher":"https:\/\/www.facebook.com\/KapitalisInfo\/","article_published_time":"2016-08-25T10:45:30+00:00","article_modified_time":"2016-08-25T13:19:43+00:00","og_image":[{"width":1200,"height":630,"url":"https:\/\/kapitalis.com\/tunisie\/wp-content\/uploads\/2022\/05\/kapitalis-logo-fb.png","type":"image\/png"}],"author":"Yusra NY","twitter_card":"summary_large_image","twitter_creator":"@KapitalisInfo","twitter_site":"@KapitalisInfo","twitter_misc":{"\u00c9crit par":"Yusra NY","Dur\u00e9e de lecture estim\u00e9e":"1 minute"},"schema":{"@context":"https:\/\/schema.org","@graph":[{"@type":"Article","@id":"https:\/\/kapitalis.com\/tunisie\/2016\/08\/25\/ben-arous-un-extremiste-religieux-agresse-un-officier-de-police\/#article","isPartOf":{"@id":"https:\/\/kapitalis.com\/tunisie\/2016\/08\/25\/ben-arous-un-extremiste-religieux-agresse-un-officier-de-police\/"},"author":{"name":"Yusra NY","@id":"https:\/\/kapitalis.com\/tunisie\/#\/schema\/person\/74bbde0154d49d790a92aaeac5bc01d5"},"headline":"Ben Arous : Un extr\u00e9miste religieux agresse un officier de police","datePublished":"2016-08-25T10:45:30+00:00","dateModified":"2016-08-25T13:19:43+00:00","mainEntityOfPage":{"@id":"https:\/\/kapitalis.com\/tunisie\/2016\/08\/25\/ben-arous-un-extremiste-religieux-agresse-un-officier-de-police\/"},"wordCount":130,"commentCount":0,"publisher":{"@id":"https:\/\/kapitalis.com\/tunisie\/#organization"},"image":{"@id":"https:\/\/kapitalis.com\/tunisie\/2016\/08\/25\/ben-arous-un-extremiste-religieux-agresse-un-officier-de-police\/#primaryimage"},"thumbnailUrl":"","keywords":["Ben Arous","capitaine","d\u00e9tention","extr\u00e9miste religieux","policier","SFDGUI","syndicat","takfiriste"],"articleSection":["SOCIETE","Tunisie"],"inLanguage":"fr-FR","potentialAction":[{"@type":"CommentAction","name":"Comment","target":["https:\/\/kapitalis.com\/tunisie\/2016\/08\/25\/ben-arous-un-extremiste-religieux-agresse-un-officier-de-police\/#respond"]}]},{"@type":"WebPage","@id":"https:\/\/kapitalis.com\/tunisie\/2016\/08\/25\/ben-arous-un-extremiste-religieux-agresse-un-officier-de-police\/","url":"https:\/\/kapitalis.com\/tunisie\/2016\/08\/25\/ben-arous-un-extremiste-religieux-agresse-un-officier-de-police\/","name":"Ben Arous : Un extr\u00e9miste religieux agresse un officier de police - Kapitalis","isPartOf":{"@id":"https:\/\/kapitalis.com\/tunisie\/#website"},"primaryImageOfPage":{"@id":"https:\/\/kapitalis.com\/tunisie\/2016\/08\/25\/ben-arous-un-extremiste-religieux-agresse-un-officier-de-police\/#primaryimage"},"image":{"@id":"https:\/\/kapitalis.com\/tunisie\/2016\/08\/25\/ben-arous-un-extremiste-religieux-agresse-un-officier-de-police\/#primaryimage"},"thumbnailUrl":"","datePublished":"2016-08-25T10:45:30+00:00","dateModified":"2016-08-25T13:19:43+00:00","breadcrumb":{"@id":"https:\/\/kapitalis.com\/tunisie\/2016\/08\/25\/ben-arous-un-extremiste-religieux-agresse-un-officier-de-police\/#breadcrumb"},"inLanguage":"fr-FR","potentialAction":[{"@type":"ReadAction","target":["https:\/\/kapitalis.com\/tunisie\/2016\/08\/25\/ben-arous-un-extremiste-religieux-agresse-un-officier-de-police\/"]}]},{"@type":"ImageObject","inLanguage":"fr-FR","@id":"https:\/\/kapitalis.com\/tunisie\/2016\/08\/25\/ben-arous-un-extremiste-religieux-agresse-un-officier-de-police\/#primaryimage","url":"","contentUrl":""},{"@type":"BreadcrumbList","@id":"https:\/\/kapitalis.com\/tunisie\/2016\/08\/25\/ben-arous-un-extremiste-religieux-agresse-un-officier-de-police\/#breadcrumb","itemListElement":[{"@type":"ListItem","position":1,"name":"Accueil","item":"https:\/\/kapitalis.com\/tunisie\/"},{"@type":"ListItem","position":2,"name":"Ben Arous : Un extr\u00e9miste religieux agresse un officier de police"}]},{"@type":"WebSite","@id":"https:\/\/kapitalis.com\/tunisie\/#website","url":"https:\/\/kapitalis.com\/tunisie\/","name":"Kapitalis","description":"L&#039;actualit\u00e9 en Tunisie et dans le monde","publisher":{"@id":"https:\/\/kapitalis.com\/tunisie\/#organization"},"potentialAction":[{"@type":"SearchAction","target":{"@type":"EntryPoint","urlTemplate":"https:\/\/kapitalis.com\/tunisie\/?s={search_term_string}"},"query-input":{"@type":"PropertyValueSpecification","valueRequired":true,"valueName":"search_term_string"}}],"inLanguage":"fr-FR"},{"@type":"Organization","@id":"https:\/\/kapitalis.com\/tunisie\/#organization","name":"Kapitalis","url":"https:\/\/kapitalis.com\/tunisie\/","logo":{"@type":"ImageObject","inLanguage":"fr-FR","@id":"https:\/\/kapitalis.com\/tunisie\/#\/schema\/logo\/image\/","url":"https:\/\/kapitalis.com\/tunisie\/wp-content\/uploads\/2022\/05\/Kapitalis-big-size.png","contentUrl":"https:\/\/kapitalis.com\/tunisie\/wp-content\/uploads\/2022\/05\/Kapitalis-big-size.png","width":5000,"height":1500,"caption":"Kapitalis"},"image":{"@id":"https:\/\/kapitalis.com\/tunisie\/#\/schema\/logo\/image\/"},"sameAs":["https:\/\/www.facebook.com\/KapitalisInfo\/","https:\/\/x.com\/KapitalisInfo","https:\/\/www.youtube.com\/channel\/UC-yDYrHyfFBWWZaOw3FPg9Q"]},{"@type":"Person","@id":"https:\/\/kapitalis.com\/tunisie\/#\/schema\/person\/74bbde0154d49d790a92aaeac5bc01d5","name":"Yusra NY","url":"https:\/\/kapitalis.com\/tunisie\/author\/yuza_adam\/"}]}},"_links":{"self":[{"href":"https:\/\/kapitalis.com\/tunisie\/wp-json\/wp\/v2\/posts\/62573","targetHints":{"allow":["GET"]}}],"collection":[{"href":"https:\/\/kapitalis.com\/tunisie\/wp-json\/wp\/v2\/posts"}],"about":[{"href":"https:\/\/kapitalis.com\/tunisie\/wp-json\/wp\/v2\/types\/post"}],"author":[{"embeddable":true,"href":"https:\/\/kapitalis.com\/tunisie\/wp-json\/wp\/v2\/users\/6"}],"replies":[{"embeddable":true,"href":"https:\/\/kapitalis.com\/tunisie\/wp-json\/wp\/v2\/comments?post=62573"}],"version-history":[{"count":0,"href":"https:\/\/kapitalis.com\/tunisie\/wp-json\/wp\/v2\/posts\/62573\/revisions"}],"wp:featuredmedia":[{"embeddable":true,"href":"https:\/\/kapitalis.com\/tunisie\/wp-json\/wp\/v2\/media\/62575"}],"wp:attachment":[{"href":"https:\/\/kapitalis.com\/tunisie\/wp-json\/wp\/v2\/media?parent=62573"}],"wp:term":[{"taxonomy":"category","embeddable":true,"href":"https:\/\/kapitalis.com\/tunisie\/wp-json\/wp\/v2\/categories?post=62573"},{"taxonomy":"post_tag","embeddable":true,"href":"https:\/\/kapitalis.com\/tunisie\/wp-json\/wp\/v2\/tags?post=62573"}],"curies":[{"name":"wp","href":"https:\/\/api.w.org\/{rel}","templated":true}]}}