{"id":62659,"date":"2016-08-25T17:53:43","date_gmt":"2016-08-25T16:53:43","guid":{"rendered":"http:\/\/kapitalis.com\/tunisie\/?p=62659"},"modified":"2016-08-25T17:53:43","modified_gmt":"2016-08-25T16:53:43","slug":"weekend-jazz-a-tabarka-du-1er-au-3-septembre-2016","status":"publish","type":"post","link":"https:\/\/kapitalis.com\/tunisie\/2016\/08\/25\/weekend-jazz-a-tabarka-du-1er-au-3-septembre-2016\/","title":{"rendered":"Weekend Jazz \u00e0 Tabarka du 1er au 3 septembre 2016"},"content":{"rendered":"<p><img loading=\"lazy\" decoding=\"async\" class=\"alignnone size-full wp-image-62660 aligncenter\" src=\"http:\/\/kapitalis.com\/tunisie\/wp-content\/uploads\/2016\/08\/Tabarka-Jazz-Festival.jpg\" alt=\"Tabarka-Jazz-Festival\" width=\"626\" height=\"380\" \/><\/p>\n<p><em><strong>Tabarka Jazz Festival donne rendez-vous au public jazzophile \u00e0 la basilique de la ville c\u00f4ti\u00e8re du nord-ouest tunisien les 1, 2 et 3 septembre, pour un weekend riche en rythmes et en \u00e9motions.<\/strong><\/em><\/p>\n<p><!--more--><\/p>\n<p>Festival musical \u00e0 la renomm\u00e9e internationale, le Tabarka Jazz Festival propose depuis 1973 le meilleur de la sc\u00e8ne jazz locale et internationale. Malheureusement, le festival connait depuis quelques ann\u00e9es des difficult\u00e9s financi\u00e8res et administratives face \u00e0 l\u2019absence de soutien des autorit\u00e9s, ce qui n\u2019a pas manqu\u00e9 de l\u2019affecter au point de voir l\u2019annulation de plus d\u2019une \u00e9dition.<\/p>\n<p>Le festival compte cette ann\u00e9e sur son public, qui a toujours r\u00e9pondu pr\u00e9sent, afin d\u2019assurer la r\u00e9ussite ce \u2018Weekend Jazz\u2019 et contribuer surtout \u00e0 la relance du Tabarka Jazz Festival 2017 selon les normes internationales.<\/p>\n<p>Les soir\u00e9es jazz tabarkoises, qui d\u2019habitude ont lieu au mois d\u2019ao\u00fbt, en pleine saison estivale, ont d\u00fb \u00eatre report\u00e9es au premier weekend du mois de septembre pour des raisons organisationnelles, ce qui ne devrait pas freiner le d\u00e9placement des festivaliers, car cette ann\u00e9e on nous promet un retour en force o\u00f9 r\u00e9gnera un parfum de l\u2019\u00e2ge d\u2019or du festival avec des concerts IN, des concerts de rue, des after-shows, et bien \u00e9videmment de prestigieux invit\u00e9s.<\/p>\n<p style=\"text-align: right;\"><strong>Fawz Ben Ali<\/strong><\/p>\n<p><em><strong>Programme :<\/strong><\/em><\/p>\n<p><em>\u2022 Jeudi 1er septembre<\/em> : Aziz Sahmaoui &amp; The University of Gnawa (tarif unique : 15 dinars tunisiens, DT);<\/p>\n<p><em>\u2022 Vendredi 2 septembre<\/em> : Yasmine Aza\u00efez Fusion Gnawa (tarif unique : 15 dinars tunisiens, DT);<\/p>\n<p><em>\u2022 Samedi 3 septembre<\/em> : Boney Fields &amp; Bone\u2019s Project \/ Keziah Jones (chaises: 25 DT; gradins: 20 DT);<br \/>\nAfter-show : Shareef Clayton &amp; Collectif du Jazz Club de Tunis;<br \/>\nConcert de rue : Caf\u00e9 des Andalous avec Momo &amp; friends.<\/p>\n","protected":false},"excerpt":{"rendered":"<p>Tabarka Jazz Festival donne rendez-vous au public jazzophile \u00e0 la basilique de la ville c\u00f4ti\u00e8re du nord-ouest tunisien les 1, 2 et 3 septembre, pour un weekend riche en rythmes et en \u00e9motions.<\/p>\n","protected":false},"author":8,"featured_media":62660,"comment_status":"open","ping_status":"open","sticky":false,"template":"","format":"standard","meta":{"footnotes":""},"categories":[994,2433],"tags":[22041],"class_list":["post-62659","post","type-post","status-publish","format-standard","has-post-thumbnail","hentry","category-culture","category-tunisie","tag-tabarka-jazz-festival"],"yoast_head":"<!-- This site is optimized with the Yoast SEO plugin v26.6 - https:\/\/yoast.com\/wordpress\/plugins\/seo\/ -->\n<title>Weekend Jazz \u00e0 Tabarka du 1er au 3 septembre 2016 - Kapitalis<\/title>\n<meta name=\"robots\" content=\"index, follow, max-snippet:-1, max-image-preview:large, max-video-preview:-1\" \/>\n<link rel=\"canonical\" href=\"https:\/\/kapitalis.com\/tunisie\/2016\/08\/25\/weekend-jazz-a-tabarka-du-1er-au-3-septembre-2016\/\" \/>\n<meta property=\"og:locale\" content=\"fr_FR\" \/>\n<meta property=\"og:type\" content=\"article\" \/>\n<meta property=\"og:title\" content=\"Weekend Jazz \u00e0 Tabarka du 1er au 3 septembre 2016 - Kapitalis\" \/>\n<meta property=\"og:description\" content=\"Tabarka Jazz Festival donne rendez-vous au public jazzophile \u00e0 la basilique de la ville c\u00f4ti\u00e8re du nord-ouest tunisien les 1, 2 et 3 septembre, pour un weekend riche en rythmes et en \u00e9motions.\" \/>\n<meta property=\"og:url\" content=\"https:\/\/kapitalis.com\/tunisie\/2016\/08\/25\/weekend-jazz-a-tabarka-du-1er-au-3-septembre-2016\/\" \/>\n<meta property=\"og:site_name\" content=\"Kapitalis\" \/>\n<meta property=\"article:publisher\" content=\"https:\/\/www.facebook.com\/KapitalisInfo\/\" \/>\n<meta property=\"article:published_time\" content=\"2016-08-25T16:53:43+00:00\" \/>\n<meta property=\"og:image\" content=\"https:\/\/kapitalis.com\/tunisie\/wp-content\/uploads\/2022\/05\/kapitalis-logo-fb.png\" \/>\n\t<meta property=\"og:image:width\" content=\"1200\" \/>\n\t<meta property=\"og:image:height\" content=\"630\" \/>\n\t<meta property=\"og:image:type\" content=\"image\/png\" \/>\n<meta name=\"author\" content=\"webmaster kapitalis\" \/>\n<meta name=\"twitter:card\" content=\"summary_large_image\" \/>\n<meta name=\"twitter:creator\" content=\"@KapitalisInfo\" \/>\n<meta name=\"twitter:site\" content=\"@KapitalisInfo\" \/>\n<meta name=\"twitter:label1\" content=\"\u00c9crit par\" \/>\n\t<meta name=\"twitter:data1\" content=\"webmaster kapitalis\" \/>\n\t<meta name=\"twitter:label2\" content=\"Dur\u00e9e de lecture estim\u00e9e\" \/>\n\t<meta name=\"twitter:data2\" content=\"1 minute\" \/>\n<script type=\"application\/ld+json\" class=\"yoast-schema-graph\">{\"@context\":\"https:\/\/schema.org\",\"@graph\":[{\"@type\":\"Article\",\"@id\":\"https:\/\/kapitalis.com\/tunisie\/2016\/08\/25\/weekend-jazz-a-tabarka-du-1er-au-3-septembre-2016\/#article\",\"isPartOf\":{\"@id\":\"https:\/\/kapitalis.com\/tunisie\/2016\/08\/25\/weekend-jazz-a-tabarka-du-1er-au-3-septembre-2016\/\"},\"author\":{\"name\":\"webmaster kapitalis\",\"@id\":\"https:\/\/kapitalis.com\/tunisie\/#\/schema\/person\/d71f33a9ca44f7bad4698210b480c8e9\"},\"headline\":\"Weekend Jazz \u00e0 Tabarka du 1er au 3 septembre 2016\",\"datePublished\":\"2016-08-25T16:53:43+00:00\",\"mainEntityOfPage\":{\"@id\":\"https:\/\/kapitalis.com\/tunisie\/2016\/08\/25\/weekend-jazz-a-tabarka-du-1er-au-3-septembre-2016\/\"},\"wordCount\":292,\"commentCount\":0,\"publisher\":{\"@id\":\"https:\/\/kapitalis.com\/tunisie\/#organization\"},\"image\":{\"@id\":\"https:\/\/kapitalis.com\/tunisie\/2016\/08\/25\/weekend-jazz-a-tabarka-du-1er-au-3-septembre-2016\/#primaryimage\"},\"thumbnailUrl\":\"\",\"keywords\":[\"Tabarka Jazz Festival\"],\"articleSection\":[\"CULTURE\",\"Tunisie\"],\"inLanguage\":\"fr-FR\",\"potentialAction\":[{\"@type\":\"CommentAction\",\"name\":\"Comment\",\"target\":[\"https:\/\/kapitalis.com\/tunisie\/2016\/08\/25\/weekend-jazz-a-tabarka-du-1er-au-3-septembre-2016\/#respond\"]}]},{\"@type\":\"WebPage\",\"@id\":\"https:\/\/kapitalis.com\/tunisie\/2016\/08\/25\/weekend-jazz-a-tabarka-du-1er-au-3-septembre-2016\/\",\"url\":\"https:\/\/kapitalis.com\/tunisie\/2016\/08\/25\/weekend-jazz-a-tabarka-du-1er-au-3-septembre-2016\/\",\"name\":\"Weekend Jazz \u00e0 Tabarka du 1er au 3 septembre 2016 - Kapitalis\",\"isPartOf\":{\"@id\":\"https:\/\/kapitalis.com\/tunisie\/#website\"},\"primaryImageOfPage\":{\"@id\":\"https:\/\/kapitalis.com\/tunisie\/2016\/08\/25\/weekend-jazz-a-tabarka-du-1er-au-3-septembre-2016\/#primaryimage\"},\"image\":{\"@id\":\"https:\/\/kapitalis.com\/tunisie\/2016\/08\/25\/weekend-jazz-a-tabarka-du-1er-au-3-septembre-2016\/#primaryimage\"},\"thumbnailUrl\":\"\",\"datePublished\":\"2016-08-25T16:53:43+00:00\",\"breadcrumb\":{\"@id\":\"https:\/\/kapitalis.com\/tunisie\/2016\/08\/25\/weekend-jazz-a-tabarka-du-1er-au-3-septembre-2016\/#breadcrumb\"},\"inLanguage\":\"fr-FR\",\"potentialAction\":[{\"@type\":\"ReadAction\",\"target\":[\"https:\/\/kapitalis.com\/tunisie\/2016\/08\/25\/weekend-jazz-a-tabarka-du-1er-au-3-septembre-2016\/\"]}]},{\"@type\":\"ImageObject\",\"inLanguage\":\"fr-FR\",\"@id\":\"https:\/\/kapitalis.com\/tunisie\/2016\/08\/25\/weekend-jazz-a-tabarka-du-1er-au-3-septembre-2016\/#primaryimage\",\"url\":\"\",\"contentUrl\":\"\"},{\"@type\":\"BreadcrumbList\",\"@id\":\"https:\/\/kapitalis.com\/tunisie\/2016\/08\/25\/weekend-jazz-a-tabarka-du-1er-au-3-septembre-2016\/#breadcrumb\",\"itemListElement\":[{\"@type\":\"ListItem\",\"position\":1,\"name\":\"Accueil\",\"item\":\"https:\/\/kapitalis.com\/tunisie\/\"},{\"@type\":\"ListItem\",\"position\":2,\"name\":\"Weekend Jazz \u00e0 Tabarka du 1er au 3 septembre 2016\"}]},{\"@type\":\"WebSite\",\"@id\":\"https:\/\/kapitalis.com\/tunisie\/#website\",\"url\":\"https:\/\/kapitalis.com\/tunisie\/\",\"name\":\"Kapitalis\",\"description\":\"L&#039;actualit\u00e9 en Tunisie et dans le monde\",\"publisher\":{\"@id\":\"https:\/\/kapitalis.com\/tunisie\/#organization\"},\"potentialAction\":[{\"@type\":\"SearchAction\",\"target\":{\"@type\":\"EntryPoint\",\"urlTemplate\":\"https:\/\/kapitalis.com\/tunisie\/?s={search_term_string}\"},\"query-input\":{\"@type\":\"PropertyValueSpecification\",\"valueRequired\":true,\"valueName\":\"search_term_string\"}}],\"inLanguage\":\"fr-FR\"},{\"@type\":\"Organization\",\"@id\":\"https:\/\/kapitalis.com\/tunisie\/#organization\",\"name\":\"Kapitalis\",\"url\":\"https:\/\/kapitalis.com\/tunisie\/\",\"logo\":{\"@type\":\"ImageObject\",\"inLanguage\":\"fr-FR\",\"@id\":\"https:\/\/kapitalis.com\/tunisie\/#\/schema\/logo\/image\/\",\"url\":\"https:\/\/kapitalis.com\/tunisie\/wp-content\/uploads\/2022\/05\/Kapitalis-big-size.png\",\"contentUrl\":\"https:\/\/kapitalis.com\/tunisie\/wp-content\/uploads\/2022\/05\/Kapitalis-big-size.png\",\"width\":5000,\"height\":1500,\"caption\":\"Kapitalis\"},\"image\":{\"@id\":\"https:\/\/kapitalis.com\/tunisie\/#\/schema\/logo\/image\/\"},\"sameAs\":[\"https:\/\/www.facebook.com\/KapitalisInfo\/\",\"https:\/\/x.com\/KapitalisInfo\",\"https:\/\/www.youtube.com\/channel\/UC-yDYrHyfFBWWZaOw3FPg9Q\"]},{\"@type\":\"Person\",\"@id\":\"https:\/\/kapitalis.com\/tunisie\/#\/schema\/person\/d71f33a9ca44f7bad4698210b480c8e9\",\"name\":\"webmaster kapitalis\",\"url\":\"https:\/\/kapitalis.com\/tunisie\/author\/webmaster-kapitalis\/\"}]}<\/script>\n<!-- \/ Yoast SEO plugin. -->","yoast_head_json":{"title":"Weekend Jazz \u00e0 Tabarka du 1er au 3 septembre 2016 - Kapitalis","robots":{"index":"index","follow":"follow","max-snippet":"max-snippet:-1","max-image-preview":"max-image-preview:large","max-video-preview":"max-video-preview:-1"},"canonical":"https:\/\/kapitalis.com\/tunisie\/2016\/08\/25\/weekend-jazz-a-tabarka-du-1er-au-3-septembre-2016\/","og_locale":"fr_FR","og_type":"article","og_title":"Weekend Jazz \u00e0 Tabarka du 1er au 3 septembre 2016 - Kapitalis","og_description":"Tabarka Jazz Festival donne rendez-vous au public jazzophile \u00e0 la basilique de la ville c\u00f4ti\u00e8re du nord-ouest tunisien les 1, 2 et 3 septembre, pour un weekend riche en rythmes et en \u00e9motions.","og_url":"https:\/\/kapitalis.com\/tunisie\/2016\/08\/25\/weekend-jazz-a-tabarka-du-1er-au-3-septembre-2016\/","og_site_name":"Kapitalis","article_publisher":"https:\/\/www.facebook.com\/KapitalisInfo\/","article_published_time":"2016-08-25T16:53:43+00:00","og_image":[{"width":1200,"height":630,"url":"https:\/\/kapitalis.com\/tunisie\/wp-content\/uploads\/2022\/05\/kapitalis-logo-fb.png","type":"image\/png"}],"author":"webmaster kapitalis","twitter_card":"summary_large_image","twitter_creator":"@KapitalisInfo","twitter_site":"@KapitalisInfo","twitter_misc":{"\u00c9crit par":"webmaster kapitalis","Dur\u00e9e de lecture estim\u00e9e":"1 minute"},"schema":{"@context":"https:\/\/schema.org","@graph":[{"@type":"Article","@id":"https:\/\/kapitalis.com\/tunisie\/2016\/08\/25\/weekend-jazz-a-tabarka-du-1er-au-3-septembre-2016\/#article","isPartOf":{"@id":"https:\/\/kapitalis.com\/tunisie\/2016\/08\/25\/weekend-jazz-a-tabarka-du-1er-au-3-septembre-2016\/"},"author":{"name":"webmaster kapitalis","@id":"https:\/\/kapitalis.com\/tunisie\/#\/schema\/person\/d71f33a9ca44f7bad4698210b480c8e9"},"headline":"Weekend Jazz \u00e0 Tabarka du 1er au 3 septembre 2016","datePublished":"2016-08-25T16:53:43+00:00","mainEntityOfPage":{"@id":"https:\/\/kapitalis.com\/tunisie\/2016\/08\/25\/weekend-jazz-a-tabarka-du-1er-au-3-septembre-2016\/"},"wordCount":292,"commentCount":0,"publisher":{"@id":"https:\/\/kapitalis.com\/tunisie\/#organization"},"image":{"@id":"https:\/\/kapitalis.com\/tunisie\/2016\/08\/25\/weekend-jazz-a-tabarka-du-1er-au-3-septembre-2016\/#primaryimage"},"thumbnailUrl":"","keywords":["Tabarka Jazz Festival"],"articleSection":["CULTURE","Tunisie"],"inLanguage":"fr-FR","potentialAction":[{"@type":"CommentAction","name":"Comment","target":["https:\/\/kapitalis.com\/tunisie\/2016\/08\/25\/weekend-jazz-a-tabarka-du-1er-au-3-septembre-2016\/#respond"]}]},{"@type":"WebPage","@id":"https:\/\/kapitalis.com\/tunisie\/2016\/08\/25\/weekend-jazz-a-tabarka-du-1er-au-3-septembre-2016\/","url":"https:\/\/kapitalis.com\/tunisie\/2016\/08\/25\/weekend-jazz-a-tabarka-du-1er-au-3-septembre-2016\/","name":"Weekend Jazz \u00e0 Tabarka du 1er au 3 septembre 2016 - Kapitalis","isPartOf":{"@id":"https:\/\/kapitalis.com\/tunisie\/#website"},"primaryImageOfPage":{"@id":"https:\/\/kapitalis.com\/tunisie\/2016\/08\/25\/weekend-jazz-a-tabarka-du-1er-au-3-septembre-2016\/#primaryimage"},"image":{"@id":"https:\/\/kapitalis.com\/tunisie\/2016\/08\/25\/weekend-jazz-a-tabarka-du-1er-au-3-septembre-2016\/#primaryimage"},"thumbnailUrl":"","datePublished":"2016-08-25T16:53:43+00:00","breadcrumb":{"@id":"https:\/\/kapitalis.com\/tunisie\/2016\/08\/25\/weekend-jazz-a-tabarka-du-1er-au-3-septembre-2016\/#breadcrumb"},"inLanguage":"fr-FR","potentialAction":[{"@type":"ReadAction","target":["https:\/\/kapitalis.com\/tunisie\/2016\/08\/25\/weekend-jazz-a-tabarka-du-1er-au-3-septembre-2016\/"]}]},{"@type":"ImageObject","inLanguage":"fr-FR","@id":"https:\/\/kapitalis.com\/tunisie\/2016\/08\/25\/weekend-jazz-a-tabarka-du-1er-au-3-septembre-2016\/#primaryimage","url":"","contentUrl":""},{"@type":"BreadcrumbList","@id":"https:\/\/kapitalis.com\/tunisie\/2016\/08\/25\/weekend-jazz-a-tabarka-du-1er-au-3-septembre-2016\/#breadcrumb","itemListElement":[{"@type":"ListItem","position":1,"name":"Accueil","item":"https:\/\/kapitalis.com\/tunisie\/"},{"@type":"ListItem","position":2,"name":"Weekend Jazz \u00e0 Tabarka du 1er au 3 septembre 2016"}]},{"@type":"WebSite","@id":"https:\/\/kapitalis.com\/tunisie\/#website","url":"https:\/\/kapitalis.com\/tunisie\/","name":"Kapitalis","description":"L&#039;actualit\u00e9 en Tunisie et dans le monde","publisher":{"@id":"https:\/\/kapitalis.com\/tunisie\/#organization"},"potentialAction":[{"@type":"SearchAction","target":{"@type":"EntryPoint","urlTemplate":"https:\/\/kapitalis.com\/tunisie\/?s={search_term_string}"},"query-input":{"@type":"PropertyValueSpecification","valueRequired":true,"valueName":"search_term_string"}}],"inLanguage":"fr-FR"},{"@type":"Organization","@id":"https:\/\/kapitalis.com\/tunisie\/#organization","name":"Kapitalis","url":"https:\/\/kapitalis.com\/tunisie\/","logo":{"@type":"ImageObject","inLanguage":"fr-FR","@id":"https:\/\/kapitalis.com\/tunisie\/#\/schema\/logo\/image\/","url":"https:\/\/kapitalis.com\/tunisie\/wp-content\/uploads\/2022\/05\/Kapitalis-big-size.png","contentUrl":"https:\/\/kapitalis.com\/tunisie\/wp-content\/uploads\/2022\/05\/Kapitalis-big-size.png","width":5000,"height":1500,"caption":"Kapitalis"},"image":{"@id":"https:\/\/kapitalis.com\/tunisie\/#\/schema\/logo\/image\/"},"sameAs":["https:\/\/www.facebook.com\/KapitalisInfo\/","https:\/\/x.com\/KapitalisInfo","https:\/\/www.youtube.com\/channel\/UC-yDYrHyfFBWWZaOw3FPg9Q"]},{"@type":"Person","@id":"https:\/\/kapitalis.com\/tunisie\/#\/schema\/person\/d71f33a9ca44f7bad4698210b480c8e9","name":"webmaster kapitalis","url":"https:\/\/kapitalis.com\/tunisie\/author\/webmaster-kapitalis\/"}]}},"_links":{"self":[{"href":"https:\/\/kapitalis.com\/tunisie\/wp-json\/wp\/v2\/posts\/62659","targetHints":{"allow":["GET"]}}],"collection":[{"href":"https:\/\/kapitalis.com\/tunisie\/wp-json\/wp\/v2\/posts"}],"about":[{"href":"https:\/\/kapitalis.com\/tunisie\/wp-json\/wp\/v2\/types\/post"}],"author":[{"embeddable":true,"href":"https:\/\/kapitalis.com\/tunisie\/wp-json\/wp\/v2\/users\/8"}],"replies":[{"embeddable":true,"href":"https:\/\/kapitalis.com\/tunisie\/wp-json\/wp\/v2\/comments?post=62659"}],"version-history":[{"count":0,"href":"https:\/\/kapitalis.com\/tunisie\/wp-json\/wp\/v2\/posts\/62659\/revisions"}],"wp:featuredmedia":[{"embeddable":true,"href":"https:\/\/kapitalis.com\/tunisie\/wp-json\/wp\/v2\/media\/62660"}],"wp:attachment":[{"href":"https:\/\/kapitalis.com\/tunisie\/wp-json\/wp\/v2\/media?parent=62659"}],"wp:term":[{"taxonomy":"category","embeddable":true,"href":"https:\/\/kapitalis.com\/tunisie\/wp-json\/wp\/v2\/categories?post=62659"},{"taxonomy":"post_tag","embeddable":true,"href":"https:\/\/kapitalis.com\/tunisie\/wp-json\/wp\/v2\/tags?post=62659"}],"curies":[{"name":"wp","href":"https:\/\/api.w.org\/{rel}","templated":true}]}}