{"id":62666,"date":"2016-08-25T18:19:20","date_gmt":"2016-08-25T17:19:20","guid":{"rendered":"http:\/\/kapitalis.com\/tunisie\/?p=62666"},"modified":"2016-08-25T18:19:20","modified_gmt":"2016-08-25T17:19:20","slug":"gouvernement-chahed-un-espoir-pour-la-jeune-generation","status":"publish","type":"post","link":"https:\/\/kapitalis.com\/tunisie\/2016\/08\/25\/gouvernement-chahed-un-espoir-pour-la-jeune-generation\/","title":{"rendered":"Gouvernement Chahed : Un espoir pour la jeune g\u00e9n\u00e9ration"},"content":{"rendered":"<p><img loading=\"lazy\" decoding=\"async\" class=\"alignnone size-full wp-image-60784 aligncenter\" src=\"http:\/\/kapitalis.com\/tunisie\/wp-content\/uploads\/2016\/08\/Habib-Essid-et-Youssef-Chahed.jpg\" alt=\"Habib-Essid-et-Youssef-Chahed\" width=\"626\" height=\"380\" \/><\/p>\n<p style=\"text-align: center;\"><em>Habib Essid va passer le t\u00e9moin \u00e0 Youssef Chahed: un passage de g\u00e9n\u00e9ration.\u00a0<\/em><\/p>\n<p><em><strong>Laissons les critiques pour l\u2019heure du premier bilan, dans une centaine de jours, et appuyons le gouvernement Chahed, car de sa r\u00e9ussite d\u00e9pendra la n\u00f4tre.<\/strong> <\/em><\/p>\n<p>Par <strong>Lyes Ben Tara<\/strong> *<\/p>\n<p><!--more--><\/p>\n<p>Suite \u00e0 l\u2019annonce de la composition du gouvernement d\u2019union nationale (le samedi 20 ao\u00fbt 2016), les critiques ont fus\u00e9 de toutes parts (dirigeants politiques, soci\u00e9t\u00e9 civile, m\u00e9dias, r\u00e9seaux sociaux, etc.).<\/p>\n<p>Plusieurs partis politiques (repr\u00e9sent\u00e9s ou non dans la formation gouvernementale propos\u00e9e par Youssef Chahed) ont \u00e9mis des r\u00e9serves sur les personnalit\u00e9s propos\u00e9es \u00e0 certains portefeuilles minist\u00e9riels et fait pression sur le chef du gouvernement d\u00e9sign\u00e9 pour l\u2019inciter \u00e0 revoir sa copie avant le vote de confiance de l\u2019Assembl\u00e9e des repr\u00e9sentants du peuple (ARP), vote qui semble, d\u2019ailleurs, d\u00e9j\u00e0 acquis.<\/p>\n<p>Le nouveau chef de gouvernement (que beaucoup aiment \u00e0 qualifier, \u00e0 juste titre, de Premier ministre) a, cependant, r\u00e9sist\u00e9 aux critiques et aux pressions et d\u00e9cid\u00e9 de maintenir la formation initiale, en donnant rendez-vous, aux journalistes, demain, vendredi 26 ao\u00fbt, \u00e0 l\u2019ARP.<\/p>\n<p><strong>On ne peut satisfaire tout le monde<\/strong><\/p>\n<p>Tout d\u2019abord, f\u00e9licitons notre \u00abjeune premier\u00bb, sans jeu de mot aucun, pour avoir d\u00e9cid\u00e9 de maintenir la composition initiale de son gouvernement, m\u00eame si celle-ci n\u2019est pas exempte de tout reproche. Il a voulu \u00e9viter, semble-t-il, le pr\u00e9c\u00e9dent en la mati\u00e8re v\u00e9cu par son pr\u00e9d\u00e9cesseur au poste Habib Essid, qui a trop sacrifi\u00e9 \u00e0 la satisfaction des desiderata des partis.<\/p>\n<p>La mise en place d\u2019un gouvernement d\u2019union nationale est une option qui a \u00e9t\u00e9 exp\u00e9riment\u00e9e par plusieurs pays, notamment lors des p\u00e9riodes de crise, et elle peut \u00eatre un gage de r\u00e9ussite, m\u00eame si elle conduit, parfois, \u00e0 une cohabitation difficile, voire \u00e0 un \u00e9chec politique voire \u00e0 une racl\u00e9e pour le parti de la majorit\u00e9 aux \u00e9lections suivantes.<\/p>\n<p>N\u00e9anmoins, la pr\u00e9sence de jeunes et de femmes est l\u2019un des points forts du gouvernement Chahed, m\u00eame si on reproche \u00e0 ce jeune gouvernement un manque d\u2019expertise qu\u2019exigent certains portefeuilles \u00e9conomiques, qui plus est, en des temps de crise.<\/p>\n<p>En termes de repr\u00e9sentativit\u00e9 des partis et des organisations qui se sont associ\u00e9s aux consultations et sign\u00e9 la <em>\u00abD\u00e9claration de Carthage\u00bb<\/em>, on est loin des exigences d\u2019un gouvernement d\u2019union nationale, eu \u00e9gard aux divergences existant au sein des partis Nidaa Tounes et Ennahdha, mises en \u00e9vidence par les d\u00e9clarations contradictoires des d\u00e9put\u00e9s et dirigeants de ces deux grandes forces politiques. Mais comme on dit, on ne peut satisfaire tout le monde et les go\u00fbts et les couleurs ne se discutent pas.<\/p>\n<p>Passionn\u00e9 d\u2019Agriculture, je ne voyais pas Samir Ettaieb, un juriste peu familier des questions agricoles, diriger le minist\u00e8re de l\u2019Agriculture. Saura-t-il mener \u00e0 bien les n\u00e9gociations de l\u2019Accord de libre-\u00e9change complet et approfondi (Aleca) entre la Tunisie et l\u2019Union europ\u00e9enne (UE), qui vont porter essentiellement sur la lib\u00e9ralisation des services et de l\u2019agriculture ? Homme de gauche, qui a la fibre sociale, on peut imaginer qu\u2019il se souciera de prot\u00e9ger notre agriculture qui passe par une phase difficile de son \u00e9volution.<\/p>\n<p>Le futur ministre de l\u2019Agriculture sera certes appuy\u00e9 par un secr\u00e9taire d\u2019Etat issu du secteur priv\u00e9 (exploitant agricole et \u00e9leveur) et qui a fait ses classes dans les prestigieuses \u00e9coles agronomiques fran\u00e7aises et les instituts tunisiens de recherche agricole, qui l\u2019aidera \u00e0 faire de bons diagnostics et \u00e0 se mettre \u00e0 l\u2019\u00e9coute des agriculteurs, mais le portefeuille de l\u2019Agriculture aurait d\u00fb \u00eatre attribu\u00e9 \u00e0 un ing\u00e9nieur agronome-\u00e9conomiste ayant, id\u00e9alement, une exp\u00e9rience dans le domaine de la micro-finance, dont le d\u00e9veloppement est, aujourd\u2019hui, vital pour appuyer les petits exploitants agricoles, qui repr\u00e9sentent plus de 90% du monde agricole tunisien.<\/p>\n<p><strong>Rendez-vous dans 100 jours<\/strong><\/p>\n<p>Ind\u00e9pendamment de toutes les critiques exprim\u00e9es et des r\u00e9serves \u00e9mises par tel ou tem parti politique, la composition de ce nouveau gouvernement est une vraie r\u00e9volution politique et repr\u00e9sente un espoir pour la nouvelle g\u00e9n\u00e9ration, avec un Premier ministre quadrag\u00e9naire et plusieurs portefeuilles sensibles accord\u00e9s \u00e0 des jeunes \u00e2g\u00e9s de 35 \u00e0 45 ans.<\/p>\n<p>Ce gouvernement a aussi r\u00e9ussi \u00e0 attirer quelques experts reconnus \u00e0 l\u2019\u00e9chelle internationale et qui ne manquent pas d\u2019exp\u00e9rience, ainsi que de hauts commis de l\u2019Etat, dont la carri\u00e8re exemplaire et ponctu\u00e9e de r\u00e9ussites, est enfin couronn\u00e9e par cette ultime reconnaissance.<\/p>\n<p>On peut imaginer que cette \u00e9quipe, qui ne manque pas d\u2019ambition, \u00e0 l\u2019image de son chef, aura \u00e0 c\u0153ur de faire ses preuves et de r\u00e9ussir, ne fut-ce que pour faire taire les critiques, parfois injustes, qu\u2019on ne cesse de lui adresser.<\/p>\n<p>Laissons les critiques pour l\u2019heure du premier bilan, dans une centaine de jours, et appuyons ce gouvernement d\u2019union nationale, car de sa r\u00e9ussite d\u00e9pendra la n\u00f4tre et celle de notre pays qui avance sur la voie de la d\u00e9mocratie et qui a besoin, aujourd\u2019hui, de conforter ses avanc\u00e9es politiques par des r\u00e9ussites \u00e9conomiques et sociales.<\/p>\n<p><em>* Analyste financier.<\/em><\/p>\n","protected":false},"excerpt":{"rendered":"<p>Habib Essid va passer le t\u00e9moin \u00e0 Youssef Chahed: un passage de g\u00e9n\u00e9ration.\u00a0 Laissons les critiques pour l\u2019heure du premier bilan, dans une centaine de jours, et appuyons le gouvernement Chahed, car de sa r\u00e9ussite d\u00e9pendra la n\u00f4tre. Par Lyes Ben Tara *<\/p>\n","protected":false},"author":8,"featured_media":0,"comment_status":"open","ping_status":"open","sticky":false,"template":"","format":"standard","meta":{"footnotes":""},"categories":[992,1000,2433],"tags":[62,1479,418,435,3353,7048],"class_list":["post-62666","post","type-post","status-publish","format-standard","hentry","category-a-la-une","category-tribune","category-tunisie","tag-aleca","tag-femmes","tag-gouvernement","tag-habib-essid","tag-jeunes","tag-samir-ettaieb"],"yoast_head":"<!-- This site is optimized with the Yoast SEO plugin v26.6 - https:\/\/yoast.com\/wordpress\/plugins\/seo\/ -->\n<title>Gouvernement Chahed : Un espoir pour la jeune g\u00e9n\u00e9ration - Kapitalis<\/title>\n<meta name=\"robots\" content=\"index, follow, max-snippet:-1, max-image-preview:large, max-video-preview:-1\" \/>\n<link rel=\"canonical\" href=\"https:\/\/kapitalis.com\/tunisie\/2016\/08\/25\/gouvernement-chahed-un-espoir-pour-la-jeune-generation\/\" \/>\n<meta property=\"og:locale\" content=\"fr_FR\" \/>\n<meta property=\"og:type\" content=\"article\" \/>\n<meta property=\"og:title\" content=\"Gouvernement Chahed : Un espoir pour la jeune g\u00e9n\u00e9ration - Kapitalis\" \/>\n<meta property=\"og:description\" content=\"Habib Essid va passer le t\u00e9moin \u00e0 Youssef Chahed: un passage de g\u00e9n\u00e9ration.\u00a0 Laissons les critiques pour l\u2019heure du premier bilan, dans une centaine de jours, et appuyons le gouvernement Chahed, car de sa r\u00e9ussite d\u00e9pendra la n\u00f4tre. Par Lyes Ben Tara *\" \/>\n<meta property=\"og:url\" content=\"https:\/\/kapitalis.com\/tunisie\/2016\/08\/25\/gouvernement-chahed-un-espoir-pour-la-jeune-generation\/\" \/>\n<meta property=\"og:site_name\" content=\"Kapitalis\" \/>\n<meta property=\"article:publisher\" content=\"https:\/\/www.facebook.com\/KapitalisInfo\/\" \/>\n<meta property=\"article:published_time\" content=\"2016-08-25T17:19:20+00:00\" \/>\n<meta property=\"og:image\" content=\"http:\/\/kapitalis.com\/tunisie\/wp-content\/uploads\/2016\/08\/Habib-Essid-et-Youssef-Chahed.jpg\" \/>\n<meta name=\"author\" content=\"webmaster kapitalis\" \/>\n<meta name=\"twitter:card\" content=\"summary_large_image\" \/>\n<meta name=\"twitter:creator\" content=\"@KapitalisInfo\" \/>\n<meta name=\"twitter:site\" content=\"@KapitalisInfo\" \/>\n<meta name=\"twitter:label1\" content=\"\u00c9crit par\" \/>\n\t<meta name=\"twitter:data1\" content=\"webmaster kapitalis\" \/>\n\t<meta name=\"twitter:label2\" content=\"Dur\u00e9e de lecture estim\u00e9e\" \/>\n\t<meta name=\"twitter:data2\" content=\"4 minutes\" \/>\n<script type=\"application\/ld+json\" class=\"yoast-schema-graph\">{\"@context\":\"https:\/\/schema.org\",\"@graph\":[{\"@type\":\"Article\",\"@id\":\"https:\/\/kapitalis.com\/tunisie\/2016\/08\/25\/gouvernement-chahed-un-espoir-pour-la-jeune-generation\/#article\",\"isPartOf\":{\"@id\":\"https:\/\/kapitalis.com\/tunisie\/2016\/08\/25\/gouvernement-chahed-un-espoir-pour-la-jeune-generation\/\"},\"author\":{\"name\":\"webmaster kapitalis\",\"@id\":\"https:\/\/kapitalis.com\/tunisie\/#\/schema\/person\/d71f33a9ca44f7bad4698210b480c8e9\"},\"headline\":\"Gouvernement Chahed : Un espoir pour la jeune g\u00e9n\u00e9ration\",\"datePublished\":\"2016-08-25T17:19:20+00:00\",\"mainEntityOfPage\":{\"@id\":\"https:\/\/kapitalis.com\/tunisie\/2016\/08\/25\/gouvernement-chahed-un-espoir-pour-la-jeune-generation\/\"},\"wordCount\":899,\"commentCount\":3,\"publisher\":{\"@id\":\"https:\/\/kapitalis.com\/tunisie\/#organization\"},\"image\":{\"@id\":\"https:\/\/kapitalis.com\/tunisie\/2016\/08\/25\/gouvernement-chahed-un-espoir-pour-la-jeune-generation\/#primaryimage\"},\"thumbnailUrl\":\"http:\/\/kapitalis.com\/tunisie\/wp-content\/uploads\/2016\/08\/Habib-Essid-et-Youssef-Chahed.jpg\",\"keywords\":[\"Aleca\",\"femmes\",\"gouvernement\",\"Habib Essid\",\"jeunes\",\"samir ettaieb\"],\"articleSection\":[\"A LA UNE\",\"TRIBUNE\",\"Tunisie\"],\"inLanguage\":\"fr-FR\",\"potentialAction\":[{\"@type\":\"CommentAction\",\"name\":\"Comment\",\"target\":[\"https:\/\/kapitalis.com\/tunisie\/2016\/08\/25\/gouvernement-chahed-un-espoir-pour-la-jeune-generation\/#respond\"]}]},{\"@type\":\"WebPage\",\"@id\":\"https:\/\/kapitalis.com\/tunisie\/2016\/08\/25\/gouvernement-chahed-un-espoir-pour-la-jeune-generation\/\",\"url\":\"https:\/\/kapitalis.com\/tunisie\/2016\/08\/25\/gouvernement-chahed-un-espoir-pour-la-jeune-generation\/\",\"name\":\"Gouvernement Chahed : Un espoir pour la jeune g\u00e9n\u00e9ration - Kapitalis\",\"isPartOf\":{\"@id\":\"https:\/\/kapitalis.com\/tunisie\/#website\"},\"primaryImageOfPage\":{\"@id\":\"https:\/\/kapitalis.com\/tunisie\/2016\/08\/25\/gouvernement-chahed-un-espoir-pour-la-jeune-generation\/#primaryimage\"},\"image\":{\"@id\":\"https:\/\/kapitalis.com\/tunisie\/2016\/08\/25\/gouvernement-chahed-un-espoir-pour-la-jeune-generation\/#primaryimage\"},\"thumbnailUrl\":\"http:\/\/kapitalis.com\/tunisie\/wp-content\/uploads\/2016\/08\/Habib-Essid-et-Youssef-Chahed.jpg\",\"datePublished\":\"2016-08-25T17:19:20+00:00\",\"breadcrumb\":{\"@id\":\"https:\/\/kapitalis.com\/tunisie\/2016\/08\/25\/gouvernement-chahed-un-espoir-pour-la-jeune-generation\/#breadcrumb\"},\"inLanguage\":\"fr-FR\",\"potentialAction\":[{\"@type\":\"ReadAction\",\"target\":[\"https:\/\/kapitalis.com\/tunisie\/2016\/08\/25\/gouvernement-chahed-un-espoir-pour-la-jeune-generation\/\"]}]},{\"@type\":\"ImageObject\",\"inLanguage\":\"fr-FR\",\"@id\":\"https:\/\/kapitalis.com\/tunisie\/2016\/08\/25\/gouvernement-chahed-un-espoir-pour-la-jeune-generation\/#primaryimage\",\"url\":\"http:\/\/kapitalis.com\/tunisie\/wp-content\/uploads\/2016\/08\/Habib-Essid-et-Youssef-Chahed.jpg\",\"contentUrl\":\"http:\/\/kapitalis.com\/tunisie\/wp-content\/uploads\/2016\/08\/Habib-Essid-et-Youssef-Chahed.jpg\"},{\"@type\":\"BreadcrumbList\",\"@id\":\"https:\/\/kapitalis.com\/tunisie\/2016\/08\/25\/gouvernement-chahed-un-espoir-pour-la-jeune-generation\/#breadcrumb\",\"itemListElement\":[{\"@type\":\"ListItem\",\"position\":1,\"name\":\"Accueil\",\"item\":\"https:\/\/kapitalis.com\/tunisie\/\"},{\"@type\":\"ListItem\",\"position\":2,\"name\":\"Gouvernement Chahed : Un espoir pour la jeune g\u00e9n\u00e9ration\"}]},{\"@type\":\"WebSite\",\"@id\":\"https:\/\/kapitalis.com\/tunisie\/#website\",\"url\":\"https:\/\/kapitalis.com\/tunisie\/\",\"name\":\"Kapitalis\",\"description\":\"L&#039;actualit\u00e9 en Tunisie et dans le monde\",\"publisher\":{\"@id\":\"https:\/\/kapitalis.com\/tunisie\/#organization\"},\"potentialAction\":[{\"@type\":\"SearchAction\",\"target\":{\"@type\":\"EntryPoint\",\"urlTemplate\":\"https:\/\/kapitalis.com\/tunisie\/?s={search_term_string}\"},\"query-input\":{\"@type\":\"PropertyValueSpecification\",\"valueRequired\":true,\"valueName\":\"search_term_string\"}}],\"inLanguage\":\"fr-FR\"},{\"@type\":\"Organization\",\"@id\":\"https:\/\/kapitalis.com\/tunisie\/#organization\",\"name\":\"Kapitalis\",\"url\":\"https:\/\/kapitalis.com\/tunisie\/\",\"logo\":{\"@type\":\"ImageObject\",\"inLanguage\":\"fr-FR\",\"@id\":\"https:\/\/kapitalis.com\/tunisie\/#\/schema\/logo\/image\/\",\"url\":\"https:\/\/kapitalis.com\/tunisie\/wp-content\/uploads\/2022\/05\/Kapitalis-big-size.png\",\"contentUrl\":\"https:\/\/kapitalis.com\/tunisie\/wp-content\/uploads\/2022\/05\/Kapitalis-big-size.png\",\"width\":5000,\"height\":1500,\"caption\":\"Kapitalis\"},\"image\":{\"@id\":\"https:\/\/kapitalis.com\/tunisie\/#\/schema\/logo\/image\/\"},\"sameAs\":[\"https:\/\/www.facebook.com\/KapitalisInfo\/\",\"https:\/\/x.com\/KapitalisInfo\",\"https:\/\/www.youtube.com\/channel\/UC-yDYrHyfFBWWZaOw3FPg9Q\"]},{\"@type\":\"Person\",\"@id\":\"https:\/\/kapitalis.com\/tunisie\/#\/schema\/person\/d71f33a9ca44f7bad4698210b480c8e9\",\"name\":\"webmaster kapitalis\",\"url\":\"https:\/\/kapitalis.com\/tunisie\/author\/webmaster-kapitalis\/\"}]}<\/script>\n<!-- \/ Yoast SEO plugin. -->","yoast_head_json":{"title":"Gouvernement Chahed : Un espoir pour la jeune g\u00e9n\u00e9ration - Kapitalis","robots":{"index":"index","follow":"follow","max-snippet":"max-snippet:-1","max-image-preview":"max-image-preview:large","max-video-preview":"max-video-preview:-1"},"canonical":"https:\/\/kapitalis.com\/tunisie\/2016\/08\/25\/gouvernement-chahed-un-espoir-pour-la-jeune-generation\/","og_locale":"fr_FR","og_type":"article","og_title":"Gouvernement Chahed : Un espoir pour la jeune g\u00e9n\u00e9ration - Kapitalis","og_description":"Habib Essid va passer le t\u00e9moin \u00e0 Youssef Chahed: un passage de g\u00e9n\u00e9ration.\u00a0 Laissons les critiques pour l\u2019heure du premier bilan, dans une centaine de jours, et appuyons le gouvernement Chahed, car de sa r\u00e9ussite d\u00e9pendra la n\u00f4tre. Par Lyes Ben Tara *","og_url":"https:\/\/kapitalis.com\/tunisie\/2016\/08\/25\/gouvernement-chahed-un-espoir-pour-la-jeune-generation\/","og_site_name":"Kapitalis","article_publisher":"https:\/\/www.facebook.com\/KapitalisInfo\/","article_published_time":"2016-08-25T17:19:20+00:00","og_image":[{"url":"http:\/\/kapitalis.com\/tunisie\/wp-content\/uploads\/2016\/08\/Habib-Essid-et-Youssef-Chahed.jpg","type":"","width":"","height":""}],"author":"webmaster kapitalis","twitter_card":"summary_large_image","twitter_creator":"@KapitalisInfo","twitter_site":"@KapitalisInfo","twitter_misc":{"\u00c9crit par":"webmaster kapitalis","Dur\u00e9e de lecture estim\u00e9e":"4 minutes"},"schema":{"@context":"https:\/\/schema.org","@graph":[{"@type":"Article","@id":"https:\/\/kapitalis.com\/tunisie\/2016\/08\/25\/gouvernement-chahed-un-espoir-pour-la-jeune-generation\/#article","isPartOf":{"@id":"https:\/\/kapitalis.com\/tunisie\/2016\/08\/25\/gouvernement-chahed-un-espoir-pour-la-jeune-generation\/"},"author":{"name":"webmaster kapitalis","@id":"https:\/\/kapitalis.com\/tunisie\/#\/schema\/person\/d71f33a9ca44f7bad4698210b480c8e9"},"headline":"Gouvernement Chahed : Un espoir pour la jeune g\u00e9n\u00e9ration","datePublished":"2016-08-25T17:19:20+00:00","mainEntityOfPage":{"@id":"https:\/\/kapitalis.com\/tunisie\/2016\/08\/25\/gouvernement-chahed-un-espoir-pour-la-jeune-generation\/"},"wordCount":899,"commentCount":3,"publisher":{"@id":"https:\/\/kapitalis.com\/tunisie\/#organization"},"image":{"@id":"https:\/\/kapitalis.com\/tunisie\/2016\/08\/25\/gouvernement-chahed-un-espoir-pour-la-jeune-generation\/#primaryimage"},"thumbnailUrl":"http:\/\/kapitalis.com\/tunisie\/wp-content\/uploads\/2016\/08\/Habib-Essid-et-Youssef-Chahed.jpg","keywords":["Aleca","femmes","gouvernement","Habib Essid","jeunes","samir ettaieb"],"articleSection":["A LA UNE","TRIBUNE","Tunisie"],"inLanguage":"fr-FR","potentialAction":[{"@type":"CommentAction","name":"Comment","target":["https:\/\/kapitalis.com\/tunisie\/2016\/08\/25\/gouvernement-chahed-un-espoir-pour-la-jeune-generation\/#respond"]}]},{"@type":"WebPage","@id":"https:\/\/kapitalis.com\/tunisie\/2016\/08\/25\/gouvernement-chahed-un-espoir-pour-la-jeune-generation\/","url":"https:\/\/kapitalis.com\/tunisie\/2016\/08\/25\/gouvernement-chahed-un-espoir-pour-la-jeune-generation\/","name":"Gouvernement Chahed : Un espoir pour la jeune g\u00e9n\u00e9ration - Kapitalis","isPartOf":{"@id":"https:\/\/kapitalis.com\/tunisie\/#website"},"primaryImageOfPage":{"@id":"https:\/\/kapitalis.com\/tunisie\/2016\/08\/25\/gouvernement-chahed-un-espoir-pour-la-jeune-generation\/#primaryimage"},"image":{"@id":"https:\/\/kapitalis.com\/tunisie\/2016\/08\/25\/gouvernement-chahed-un-espoir-pour-la-jeune-generation\/#primaryimage"},"thumbnailUrl":"http:\/\/kapitalis.com\/tunisie\/wp-content\/uploads\/2016\/08\/Habib-Essid-et-Youssef-Chahed.jpg","datePublished":"2016-08-25T17:19:20+00:00","breadcrumb":{"@id":"https:\/\/kapitalis.com\/tunisie\/2016\/08\/25\/gouvernement-chahed-un-espoir-pour-la-jeune-generation\/#breadcrumb"},"inLanguage":"fr-FR","potentialAction":[{"@type":"ReadAction","target":["https:\/\/kapitalis.com\/tunisie\/2016\/08\/25\/gouvernement-chahed-un-espoir-pour-la-jeune-generation\/"]}]},{"@type":"ImageObject","inLanguage":"fr-FR","@id":"https:\/\/kapitalis.com\/tunisie\/2016\/08\/25\/gouvernement-chahed-un-espoir-pour-la-jeune-generation\/#primaryimage","url":"http:\/\/kapitalis.com\/tunisie\/wp-content\/uploads\/2016\/08\/Habib-Essid-et-Youssef-Chahed.jpg","contentUrl":"http:\/\/kapitalis.com\/tunisie\/wp-content\/uploads\/2016\/08\/Habib-Essid-et-Youssef-Chahed.jpg"},{"@type":"BreadcrumbList","@id":"https:\/\/kapitalis.com\/tunisie\/2016\/08\/25\/gouvernement-chahed-un-espoir-pour-la-jeune-generation\/#breadcrumb","itemListElement":[{"@type":"ListItem","position":1,"name":"Accueil","item":"https:\/\/kapitalis.com\/tunisie\/"},{"@type":"ListItem","position":2,"name":"Gouvernement Chahed : Un espoir pour la jeune g\u00e9n\u00e9ration"}]},{"@type":"WebSite","@id":"https:\/\/kapitalis.com\/tunisie\/#website","url":"https:\/\/kapitalis.com\/tunisie\/","name":"Kapitalis","description":"L&#039;actualit\u00e9 en Tunisie et dans le monde","publisher":{"@id":"https:\/\/kapitalis.com\/tunisie\/#organization"},"potentialAction":[{"@type":"SearchAction","target":{"@type":"EntryPoint","urlTemplate":"https:\/\/kapitalis.com\/tunisie\/?s={search_term_string}"},"query-input":{"@type":"PropertyValueSpecification","valueRequired":true,"valueName":"search_term_string"}}],"inLanguage":"fr-FR"},{"@type":"Organization","@id":"https:\/\/kapitalis.com\/tunisie\/#organization","name":"Kapitalis","url":"https:\/\/kapitalis.com\/tunisie\/","logo":{"@type":"ImageObject","inLanguage":"fr-FR","@id":"https:\/\/kapitalis.com\/tunisie\/#\/schema\/logo\/image\/","url":"https:\/\/kapitalis.com\/tunisie\/wp-content\/uploads\/2022\/05\/Kapitalis-big-size.png","contentUrl":"https:\/\/kapitalis.com\/tunisie\/wp-content\/uploads\/2022\/05\/Kapitalis-big-size.png","width":5000,"height":1500,"caption":"Kapitalis"},"image":{"@id":"https:\/\/kapitalis.com\/tunisie\/#\/schema\/logo\/image\/"},"sameAs":["https:\/\/www.facebook.com\/KapitalisInfo\/","https:\/\/x.com\/KapitalisInfo","https:\/\/www.youtube.com\/channel\/UC-yDYrHyfFBWWZaOw3FPg9Q"]},{"@type":"Person","@id":"https:\/\/kapitalis.com\/tunisie\/#\/schema\/person\/d71f33a9ca44f7bad4698210b480c8e9","name":"webmaster kapitalis","url":"https:\/\/kapitalis.com\/tunisie\/author\/webmaster-kapitalis\/"}]}},"_links":{"self":[{"href":"https:\/\/kapitalis.com\/tunisie\/wp-json\/wp\/v2\/posts\/62666","targetHints":{"allow":["GET"]}}],"collection":[{"href":"https:\/\/kapitalis.com\/tunisie\/wp-json\/wp\/v2\/posts"}],"about":[{"href":"https:\/\/kapitalis.com\/tunisie\/wp-json\/wp\/v2\/types\/post"}],"author":[{"embeddable":true,"href":"https:\/\/kapitalis.com\/tunisie\/wp-json\/wp\/v2\/users\/8"}],"replies":[{"embeddable":true,"href":"https:\/\/kapitalis.com\/tunisie\/wp-json\/wp\/v2\/comments?post=62666"}],"version-history":[{"count":0,"href":"https:\/\/kapitalis.com\/tunisie\/wp-json\/wp\/v2\/posts\/62666\/revisions"}],"wp:attachment":[{"href":"https:\/\/kapitalis.com\/tunisie\/wp-json\/wp\/v2\/media?parent=62666"}],"wp:term":[{"taxonomy":"category","embeddable":true,"href":"https:\/\/kapitalis.com\/tunisie\/wp-json\/wp\/v2\/categories?post=62666"},{"taxonomy":"post_tag","embeddable":true,"href":"https:\/\/kapitalis.com\/tunisie\/wp-json\/wp\/v2\/tags?post=62666"}],"curies":[{"name":"wp","href":"https:\/\/api.w.org\/{rel}","templated":true}]}}