{"id":6269893,"date":"2023-02-02T15:22:31","date_gmt":"2023-02-02T14:22:31","guid":{"rendered":"https:\/\/kapitalis.com\/tunisie\/?p=6269893"},"modified":"2023-02-02T15:22:33","modified_gmt":"2023-02-02T14:22:33","slug":"linstitut-francais-de-tunisie-annonce-sa-nouvelle-programmation-culturelle","status":"publish","type":"post","link":"https:\/\/kapitalis.com\/tunisie\/2023\/02\/02\/linstitut-francais-de-tunisie-annonce-sa-nouvelle-programmation-culturelle\/","title":{"rendered":"L&rsquo;Institut Fran\u00e7ais de Tunisie annonce sa nouvelle programmation culturelle"},"content":{"rendered":"\n<p><em><strong>L\u2019Institut Fran\u00e7ais de Tunisie (IFT) vient de d\u00e9voiler sa programmation culturelle pour le mois de f\u00e9vrier. Litt\u00e9rature, d\u00e9bats et rencontres notamment autour du th\u00e8me de l\u2019amour sont au programme.<\/strong><\/em><\/p>\n\n\n\n<!--more-->\n\n\n\n<p>La nouvelle programmation culturelle de l\u2019IFT d\u00e9marre aujourd\u2019hui avec l\u2019exposition immersive \u00ab&nbsp;Minassa Lab&nbsp;\u00bb, programme d\u2019accompagnement aux \u00e9tudiants et aux jeunes dipl\u00f4m\u00e9s souhaitant lancer des projets culturels et num\u00e9riques. Une exposition, un concert collectif et un d\u00e9fil\u00e9 sont pr\u00e9vus \u00e0 la cour et \u00e0 la galerie de l\u2019IFT.<\/p>\n\n\n\n<p>Les plus jeunes auront rendez-vous d\u2019abord le 7 f\u00e9vrier avec un atelier de lecture et de coloriage \u00e0 l\u2019occasion de la Journ\u00e9e mondiale sans t\u00e9l\u00e9phone mobile, puis le 18 f\u00e9vrier avec une s\u00e9ance d\u2019\u00e9coute de livre audio autour du th\u00e8me de l\u2019amiti\u00e9, et ce, \u00e0 la M\u00e9diath\u00e8que.<\/p>\n\n\n\n<p>La litt\u00e9rature tunisienne sera pr\u00e9sente avec la rubrique mensuelle \u00ab\u00a0Kteb tounsi\u00a0\u00bb. Ce mois ce sera au tour de Meryem Sellami de pr\u00e9senter son dernier livre \u00ab\u00a0<em>Je jalouse la brise du sud sur ton visage\u00a0<\/em>\u00bb, paru en janvier 2023 aux \u00e9ditions C\u00e9r\u00e8s.<\/p>\n\n\n\n<p>\u00c0 l\u2019occasion de la Saint Valentin, un atelier d\u2019\u00e9criture de lettres d\u2019amour aura lieu le 14 f\u00e9vrier \u00e0 la M\u00e9diath\u00e8que, suivi dans la soir\u00e9e par un karaok\u00e9 de chansons d\u2019amour.<\/p>\n\n\n\n<p class=\"has-text-align-right\"><strong>F.B<\/strong><\/p>\n","protected":false},"excerpt":{"rendered":"<p>L\u2019Institut Fran\u00e7ais de Tunisie (IFT) vient de d\u00e9voiler sa programmation culturelle pour le mois de f\u00e9vrier. Litt\u00e9rature, d\u00e9bats et rencontres notamment autour du th\u00e8me de l\u2019amour sont au programme.<\/p>\n","protected":false},"author":26,"featured_media":6270253,"comment_status":"open","ping_status":"open","sticky":false,"template":"","format":"standard","meta":{"footnotes":""},"categories":[994,2433],"tags":[462,106390,92131,106389,13639],"class_list":["post-6269893","post","type-post","status-publish","format-standard","has-post-thumbnail","hentry","category-culture","category-tunisie","tag-ift","tag-meryem-sellami","tag-minassa-lab","tag-programme-culturel-fevrier","tag-saint-valentin"],"yoast_head":"<!-- This site is optimized with the Yoast SEO plugin v26.6 - https:\/\/yoast.com\/wordpress\/plugins\/seo\/ -->\n<title>L&#039;Institut Fran\u00e7ais de Tunisie annonce sa nouvelle programmation culturelle - Kapitalis<\/title>\n<meta name=\"robots\" content=\"index, follow, max-snippet:-1, max-image-preview:large, max-video-preview:-1\" \/>\n<link rel=\"canonical\" href=\"https:\/\/kapitalis.com\/tunisie\/2023\/02\/02\/linstitut-francais-de-tunisie-annonce-sa-nouvelle-programmation-culturelle\/\" \/>\n<meta property=\"og:locale\" content=\"fr_FR\" \/>\n<meta property=\"og:type\" content=\"article\" \/>\n<meta property=\"og:title\" content=\"L&#039;Institut Fran\u00e7ais de Tunisie annonce sa nouvelle programmation culturelle - Kapitalis\" \/>\n<meta property=\"og:description\" content=\"L\u2019Institut Fran\u00e7ais de Tunisie (IFT) vient de d\u00e9voiler sa programmation culturelle pour le mois de f\u00e9vrier. Litt\u00e9rature, d\u00e9bats et rencontres notamment autour du th\u00e8me de l\u2019amour sont au programme.\" \/>\n<meta property=\"og:url\" content=\"https:\/\/kapitalis.com\/tunisie\/2023\/02\/02\/linstitut-francais-de-tunisie-annonce-sa-nouvelle-programmation-culturelle\/\" \/>\n<meta property=\"og:site_name\" content=\"Kapitalis\" \/>\n<meta property=\"article:publisher\" content=\"https:\/\/www.facebook.com\/KapitalisInfo\/\" \/>\n<meta property=\"article:published_time\" content=\"2023-02-02T14:22:31+00:00\" \/>\n<meta property=\"article:modified_time\" content=\"2023-02-02T14:22:33+00:00\" \/>\n<meta property=\"og:image\" content=\"https:\/\/kapitalis.com\/tunisie\/wp-content\/uploads\/2023\/02\/IFT-programme-fevrier.jpg\" \/>\n\t<meta property=\"og:image:width\" content=\"1200\" \/>\n\t<meta property=\"og:image:height\" content=\"630\" \/>\n\t<meta property=\"og:image:type\" content=\"image\/jpeg\" \/>\n<meta name=\"author\" content=\"Fawz BenAli\" \/>\n<meta name=\"twitter:card\" content=\"summary_large_image\" \/>\n<meta name=\"twitter:creator\" content=\"@KapitalisInfo\" \/>\n<meta name=\"twitter:site\" content=\"@KapitalisInfo\" \/>\n<meta name=\"twitter:label1\" content=\"\u00c9crit par\" \/>\n\t<meta name=\"twitter:data1\" content=\"Fawz BenAli\" \/>\n\t<meta name=\"twitter:label2\" content=\"Dur\u00e9e de lecture estim\u00e9e\" \/>\n\t<meta name=\"twitter:data2\" content=\"1 minute\" \/>\n<script type=\"application\/ld+json\" class=\"yoast-schema-graph\">{\"@context\":\"https:\/\/schema.org\",\"@graph\":[{\"@type\":\"Article\",\"@id\":\"https:\/\/kapitalis.com\/tunisie\/2023\/02\/02\/linstitut-francais-de-tunisie-annonce-sa-nouvelle-programmation-culturelle\/#article\",\"isPartOf\":{\"@id\":\"https:\/\/kapitalis.com\/tunisie\/2023\/02\/02\/linstitut-francais-de-tunisie-annonce-sa-nouvelle-programmation-culturelle\/\"},\"author\":{\"name\":\"Fawz BenAli\",\"@id\":\"https:\/\/kapitalis.com\/tunisie\/#\/schema\/person\/73a5ecc1f6ae540c6ed91342eadca948\"},\"headline\":\"L&rsquo;Institut Fran\u00e7ais de Tunisie annonce sa nouvelle programmation culturelle\",\"datePublished\":\"2023-02-02T14:22:31+00:00\",\"dateModified\":\"2023-02-02T14:22:33+00:00\",\"mainEntityOfPage\":{\"@id\":\"https:\/\/kapitalis.com\/tunisie\/2023\/02\/02\/linstitut-francais-de-tunisie-annonce-sa-nouvelle-programmation-culturelle\/\"},\"wordCount\":243,\"commentCount\":0,\"publisher\":{\"@id\":\"https:\/\/kapitalis.com\/tunisie\/#organization\"},\"image\":{\"@id\":\"https:\/\/kapitalis.com\/tunisie\/2023\/02\/02\/linstitut-francais-de-tunisie-annonce-sa-nouvelle-programmation-culturelle\/#primaryimage\"},\"thumbnailUrl\":\"https:\/\/kapitalis.com\/tunisie\/wp-content\/uploads\/2023\/02\/IFT-programme-fevrier.jpg\",\"keywords\":[\"IFT\",\"Meryem Sellami\",\"Minassa Lab\",\"programme culturel f\u00e9vrier\",\"Saint Valentin\"],\"articleSection\":[\"CULTURE\",\"Tunisie\"],\"inLanguage\":\"fr-FR\",\"potentialAction\":[{\"@type\":\"CommentAction\",\"name\":\"Comment\",\"target\":[\"https:\/\/kapitalis.com\/tunisie\/2023\/02\/02\/linstitut-francais-de-tunisie-annonce-sa-nouvelle-programmation-culturelle\/#respond\"]}]},{\"@type\":\"WebPage\",\"@id\":\"https:\/\/kapitalis.com\/tunisie\/2023\/02\/02\/linstitut-francais-de-tunisie-annonce-sa-nouvelle-programmation-culturelle\/\",\"url\":\"https:\/\/kapitalis.com\/tunisie\/2023\/02\/02\/linstitut-francais-de-tunisie-annonce-sa-nouvelle-programmation-culturelle\/\",\"name\":\"L'Institut Fran\u00e7ais de Tunisie annonce sa nouvelle programmation culturelle - Kapitalis\",\"isPartOf\":{\"@id\":\"https:\/\/kapitalis.com\/tunisie\/#website\"},\"primaryImageOfPage\":{\"@id\":\"https:\/\/kapitalis.com\/tunisie\/2023\/02\/02\/linstitut-francais-de-tunisie-annonce-sa-nouvelle-programmation-culturelle\/#primaryimage\"},\"image\":{\"@id\":\"https:\/\/kapitalis.com\/tunisie\/2023\/02\/02\/linstitut-francais-de-tunisie-annonce-sa-nouvelle-programmation-culturelle\/#primaryimage\"},\"thumbnailUrl\":\"https:\/\/kapitalis.com\/tunisie\/wp-content\/uploads\/2023\/02\/IFT-programme-fevrier.jpg\",\"datePublished\":\"2023-02-02T14:22:31+00:00\",\"dateModified\":\"2023-02-02T14:22:33+00:00\",\"breadcrumb\":{\"@id\":\"https:\/\/kapitalis.com\/tunisie\/2023\/02\/02\/linstitut-francais-de-tunisie-annonce-sa-nouvelle-programmation-culturelle\/#breadcrumb\"},\"inLanguage\":\"fr-FR\",\"potentialAction\":[{\"@type\":\"ReadAction\",\"target\":[\"https:\/\/kapitalis.com\/tunisie\/2023\/02\/02\/linstitut-francais-de-tunisie-annonce-sa-nouvelle-programmation-culturelle\/\"]}]},{\"@type\":\"ImageObject\",\"inLanguage\":\"fr-FR\",\"@id\":\"https:\/\/kapitalis.com\/tunisie\/2023\/02\/02\/linstitut-francais-de-tunisie-annonce-sa-nouvelle-programmation-culturelle\/#primaryimage\",\"url\":\"https:\/\/kapitalis.com\/tunisie\/wp-content\/uploads\/2023\/02\/IFT-programme-fevrier.jpg\",\"contentUrl\":\"https:\/\/kapitalis.com\/tunisie\/wp-content\/uploads\/2023\/02\/IFT-programme-fevrier.jpg\",\"width\":1200,\"height\":630},{\"@type\":\"BreadcrumbList\",\"@id\":\"https:\/\/kapitalis.com\/tunisie\/2023\/02\/02\/linstitut-francais-de-tunisie-annonce-sa-nouvelle-programmation-culturelle\/#breadcrumb\",\"itemListElement\":[{\"@type\":\"ListItem\",\"position\":1,\"name\":\"Accueil\",\"item\":\"https:\/\/kapitalis.com\/tunisie\/\"},{\"@type\":\"ListItem\",\"position\":2,\"name\":\"L&rsquo;Institut Fran\u00e7ais de Tunisie annonce sa nouvelle programmation culturelle\"}]},{\"@type\":\"WebSite\",\"@id\":\"https:\/\/kapitalis.com\/tunisie\/#website\",\"url\":\"https:\/\/kapitalis.com\/tunisie\/\",\"name\":\"Kapitalis\",\"description\":\"L&#039;actualit\u00e9 en Tunisie et dans le monde\",\"publisher\":{\"@id\":\"https:\/\/kapitalis.com\/tunisie\/#organization\"},\"potentialAction\":[{\"@type\":\"SearchAction\",\"target\":{\"@type\":\"EntryPoint\",\"urlTemplate\":\"https:\/\/kapitalis.com\/tunisie\/?s={search_term_string}\"},\"query-input\":{\"@type\":\"PropertyValueSpecification\",\"valueRequired\":true,\"valueName\":\"search_term_string\"}}],\"inLanguage\":\"fr-FR\"},{\"@type\":\"Organization\",\"@id\":\"https:\/\/kapitalis.com\/tunisie\/#organization\",\"name\":\"Kapitalis\",\"url\":\"https:\/\/kapitalis.com\/tunisie\/\",\"logo\":{\"@type\":\"ImageObject\",\"inLanguage\":\"fr-FR\",\"@id\":\"https:\/\/kapitalis.com\/tunisie\/#\/schema\/logo\/image\/\",\"url\":\"https:\/\/kapitalis.com\/tunisie\/wp-content\/uploads\/2022\/05\/Kapitalis-big-size.png\",\"contentUrl\":\"https:\/\/kapitalis.com\/tunisie\/wp-content\/uploads\/2022\/05\/Kapitalis-big-size.png\",\"width\":5000,\"height\":1500,\"caption\":\"Kapitalis\"},\"image\":{\"@id\":\"https:\/\/kapitalis.com\/tunisie\/#\/schema\/logo\/image\/\"},\"sameAs\":[\"https:\/\/www.facebook.com\/KapitalisInfo\/\",\"https:\/\/x.com\/KapitalisInfo\",\"https:\/\/www.youtube.com\/channel\/UC-yDYrHyfFBWWZaOw3FPg9Q\"]},{\"@type\":\"Person\",\"@id\":\"https:\/\/kapitalis.com\/tunisie\/#\/schema\/person\/73a5ecc1f6ae540c6ed91342eadca948\",\"name\":\"Fawz BenAli\",\"url\":\"https:\/\/kapitalis.com\/tunisie\/author\/fawz\/\"}]}<\/script>\n<!-- \/ Yoast SEO plugin. -->","yoast_head_json":{"title":"L'Institut Fran\u00e7ais de Tunisie annonce sa nouvelle programmation culturelle - Kapitalis","robots":{"index":"index","follow":"follow","max-snippet":"max-snippet:-1","max-image-preview":"max-image-preview:large","max-video-preview":"max-video-preview:-1"},"canonical":"https:\/\/kapitalis.com\/tunisie\/2023\/02\/02\/linstitut-francais-de-tunisie-annonce-sa-nouvelle-programmation-culturelle\/","og_locale":"fr_FR","og_type":"article","og_title":"L'Institut Fran\u00e7ais de Tunisie annonce sa nouvelle programmation culturelle - Kapitalis","og_description":"L\u2019Institut Fran\u00e7ais de Tunisie (IFT) vient de d\u00e9voiler sa programmation culturelle pour le mois de f\u00e9vrier. Litt\u00e9rature, d\u00e9bats et rencontres notamment autour du th\u00e8me de l\u2019amour sont au programme.","og_url":"https:\/\/kapitalis.com\/tunisie\/2023\/02\/02\/linstitut-francais-de-tunisie-annonce-sa-nouvelle-programmation-culturelle\/","og_site_name":"Kapitalis","article_publisher":"https:\/\/www.facebook.com\/KapitalisInfo\/","article_published_time":"2023-02-02T14:22:31+00:00","article_modified_time":"2023-02-02T14:22:33+00:00","og_image":[{"width":1200,"height":630,"url":"https:\/\/kapitalis.com\/tunisie\/wp-content\/uploads\/2023\/02\/IFT-programme-fevrier.jpg","type":"image\/jpeg"}],"author":"Fawz BenAli","twitter_card":"summary_large_image","twitter_creator":"@KapitalisInfo","twitter_site":"@KapitalisInfo","twitter_misc":{"\u00c9crit par":"Fawz BenAli","Dur\u00e9e de lecture estim\u00e9e":"1 minute"},"schema":{"@context":"https:\/\/schema.org","@graph":[{"@type":"Article","@id":"https:\/\/kapitalis.com\/tunisie\/2023\/02\/02\/linstitut-francais-de-tunisie-annonce-sa-nouvelle-programmation-culturelle\/#article","isPartOf":{"@id":"https:\/\/kapitalis.com\/tunisie\/2023\/02\/02\/linstitut-francais-de-tunisie-annonce-sa-nouvelle-programmation-culturelle\/"},"author":{"name":"Fawz BenAli","@id":"https:\/\/kapitalis.com\/tunisie\/#\/schema\/person\/73a5ecc1f6ae540c6ed91342eadca948"},"headline":"L&rsquo;Institut Fran\u00e7ais de Tunisie annonce sa nouvelle programmation culturelle","datePublished":"2023-02-02T14:22:31+00:00","dateModified":"2023-02-02T14:22:33+00:00","mainEntityOfPage":{"@id":"https:\/\/kapitalis.com\/tunisie\/2023\/02\/02\/linstitut-francais-de-tunisie-annonce-sa-nouvelle-programmation-culturelle\/"},"wordCount":243,"commentCount":0,"publisher":{"@id":"https:\/\/kapitalis.com\/tunisie\/#organization"},"image":{"@id":"https:\/\/kapitalis.com\/tunisie\/2023\/02\/02\/linstitut-francais-de-tunisie-annonce-sa-nouvelle-programmation-culturelle\/#primaryimage"},"thumbnailUrl":"https:\/\/kapitalis.com\/tunisie\/wp-content\/uploads\/2023\/02\/IFT-programme-fevrier.jpg","keywords":["IFT","Meryem Sellami","Minassa Lab","programme culturel f\u00e9vrier","Saint Valentin"],"articleSection":["CULTURE","Tunisie"],"inLanguage":"fr-FR","potentialAction":[{"@type":"CommentAction","name":"Comment","target":["https:\/\/kapitalis.com\/tunisie\/2023\/02\/02\/linstitut-francais-de-tunisie-annonce-sa-nouvelle-programmation-culturelle\/#respond"]}]},{"@type":"WebPage","@id":"https:\/\/kapitalis.com\/tunisie\/2023\/02\/02\/linstitut-francais-de-tunisie-annonce-sa-nouvelle-programmation-culturelle\/","url":"https:\/\/kapitalis.com\/tunisie\/2023\/02\/02\/linstitut-francais-de-tunisie-annonce-sa-nouvelle-programmation-culturelle\/","name":"L'Institut Fran\u00e7ais de Tunisie annonce sa nouvelle programmation culturelle - Kapitalis","isPartOf":{"@id":"https:\/\/kapitalis.com\/tunisie\/#website"},"primaryImageOfPage":{"@id":"https:\/\/kapitalis.com\/tunisie\/2023\/02\/02\/linstitut-francais-de-tunisie-annonce-sa-nouvelle-programmation-culturelle\/#primaryimage"},"image":{"@id":"https:\/\/kapitalis.com\/tunisie\/2023\/02\/02\/linstitut-francais-de-tunisie-annonce-sa-nouvelle-programmation-culturelle\/#primaryimage"},"thumbnailUrl":"https:\/\/kapitalis.com\/tunisie\/wp-content\/uploads\/2023\/02\/IFT-programme-fevrier.jpg","datePublished":"2023-02-02T14:22:31+00:00","dateModified":"2023-02-02T14:22:33+00:00","breadcrumb":{"@id":"https:\/\/kapitalis.com\/tunisie\/2023\/02\/02\/linstitut-francais-de-tunisie-annonce-sa-nouvelle-programmation-culturelle\/#breadcrumb"},"inLanguage":"fr-FR","potentialAction":[{"@type":"ReadAction","target":["https:\/\/kapitalis.com\/tunisie\/2023\/02\/02\/linstitut-francais-de-tunisie-annonce-sa-nouvelle-programmation-culturelle\/"]}]},{"@type":"ImageObject","inLanguage":"fr-FR","@id":"https:\/\/kapitalis.com\/tunisie\/2023\/02\/02\/linstitut-francais-de-tunisie-annonce-sa-nouvelle-programmation-culturelle\/#primaryimage","url":"https:\/\/kapitalis.com\/tunisie\/wp-content\/uploads\/2023\/02\/IFT-programme-fevrier.jpg","contentUrl":"https:\/\/kapitalis.com\/tunisie\/wp-content\/uploads\/2023\/02\/IFT-programme-fevrier.jpg","width":1200,"height":630},{"@type":"BreadcrumbList","@id":"https:\/\/kapitalis.com\/tunisie\/2023\/02\/02\/linstitut-francais-de-tunisie-annonce-sa-nouvelle-programmation-culturelle\/#breadcrumb","itemListElement":[{"@type":"ListItem","position":1,"name":"Accueil","item":"https:\/\/kapitalis.com\/tunisie\/"},{"@type":"ListItem","position":2,"name":"L&rsquo;Institut Fran\u00e7ais de Tunisie annonce sa nouvelle programmation culturelle"}]},{"@type":"WebSite","@id":"https:\/\/kapitalis.com\/tunisie\/#website","url":"https:\/\/kapitalis.com\/tunisie\/","name":"Kapitalis","description":"L&#039;actualit\u00e9 en Tunisie et dans le monde","publisher":{"@id":"https:\/\/kapitalis.com\/tunisie\/#organization"},"potentialAction":[{"@type":"SearchAction","target":{"@type":"EntryPoint","urlTemplate":"https:\/\/kapitalis.com\/tunisie\/?s={search_term_string}"},"query-input":{"@type":"PropertyValueSpecification","valueRequired":true,"valueName":"search_term_string"}}],"inLanguage":"fr-FR"},{"@type":"Organization","@id":"https:\/\/kapitalis.com\/tunisie\/#organization","name":"Kapitalis","url":"https:\/\/kapitalis.com\/tunisie\/","logo":{"@type":"ImageObject","inLanguage":"fr-FR","@id":"https:\/\/kapitalis.com\/tunisie\/#\/schema\/logo\/image\/","url":"https:\/\/kapitalis.com\/tunisie\/wp-content\/uploads\/2022\/05\/Kapitalis-big-size.png","contentUrl":"https:\/\/kapitalis.com\/tunisie\/wp-content\/uploads\/2022\/05\/Kapitalis-big-size.png","width":5000,"height":1500,"caption":"Kapitalis"},"image":{"@id":"https:\/\/kapitalis.com\/tunisie\/#\/schema\/logo\/image\/"},"sameAs":["https:\/\/www.facebook.com\/KapitalisInfo\/","https:\/\/x.com\/KapitalisInfo","https:\/\/www.youtube.com\/channel\/UC-yDYrHyfFBWWZaOw3FPg9Q"]},{"@type":"Person","@id":"https:\/\/kapitalis.com\/tunisie\/#\/schema\/person\/73a5ecc1f6ae540c6ed91342eadca948","name":"Fawz BenAli","url":"https:\/\/kapitalis.com\/tunisie\/author\/fawz\/"}]}},"_links":{"self":[{"href":"https:\/\/kapitalis.com\/tunisie\/wp-json\/wp\/v2\/posts\/6269893","targetHints":{"allow":["GET"]}}],"collection":[{"href":"https:\/\/kapitalis.com\/tunisie\/wp-json\/wp\/v2\/posts"}],"about":[{"href":"https:\/\/kapitalis.com\/tunisie\/wp-json\/wp\/v2\/types\/post"}],"author":[{"embeddable":true,"href":"https:\/\/kapitalis.com\/tunisie\/wp-json\/wp\/v2\/users\/26"}],"replies":[{"embeddable":true,"href":"https:\/\/kapitalis.com\/tunisie\/wp-json\/wp\/v2\/comments?post=6269893"}],"version-history":[{"count":1,"href":"https:\/\/kapitalis.com\/tunisie\/wp-json\/wp\/v2\/posts\/6269893\/revisions"}],"predecessor-version":[{"id":6270265,"href":"https:\/\/kapitalis.com\/tunisie\/wp-json\/wp\/v2\/posts\/6269893\/revisions\/6270265"}],"wp:featuredmedia":[{"embeddable":true,"href":"https:\/\/kapitalis.com\/tunisie\/wp-json\/wp\/v2\/media\/6270253"}],"wp:attachment":[{"href":"https:\/\/kapitalis.com\/tunisie\/wp-json\/wp\/v2\/media?parent=6269893"}],"wp:term":[{"taxonomy":"category","embeddable":true,"href":"https:\/\/kapitalis.com\/tunisie\/wp-json\/wp\/v2\/categories?post=6269893"},{"taxonomy":"post_tag","embeddable":true,"href":"https:\/\/kapitalis.com\/tunisie\/wp-json\/wp\/v2\/tags?post=6269893"}],"curies":[{"name":"wp","href":"https:\/\/api.w.org\/{rel}","templated":true}]}}