{"id":6277277,"date":"2023-02-03T11:41:57","date_gmt":"2023-02-03T10:41:57","guid":{"rendered":"https:\/\/kapitalis.com\/tunisie\/?p=6277277"},"modified":"2023-02-03T11:41:59","modified_gmt":"2023-02-03T10:41:59","slug":"quattend-la-tunisie-pour-decreter-letat-de-secheresse","status":"publish","type":"post","link":"https:\/\/kapitalis.com\/tunisie\/2023\/02\/03\/quattend-la-tunisie-pour-decreter-letat-de-secheresse\/","title":{"rendered":"Qu\u2019attend la Tunisie pour d\u00e9cr\u00e9ter l\u2019\u00e9tat de s\u00e9cheresse\u00a0?"},"content":{"rendered":"\n<p><strong><em>Les \u00e9lections c\u2019est bien, les querelles politiques entre le pouvoir et l\u2019opposition occupent bien l\u2019opinion, qui fait face \u00e0 une crise multiforme affectant pratiquement tous les aspects de la vie des citoyens, mais il y a des p\u00e9nuries qui sont plus difficile \u00e0 vivre et \u00e0 accepter, et celle de l\u2019eau est sans doute la plus grave, car c\u2019est toute notre vie qui en d\u00e9pend.<\/em><\/strong> <strong><em>Est-ce que le pr\u00e9sident Sa\u00efed y pense parfois quand il ouvre le robinet au palais de Carthage ? <\/em><\/strong> <em>(Illustration: barrage Lakhmes \u00e0 Siliana, inaugur\u00e9 en 1966).<\/em> <\/p>\n\n\n\n<p>Par <strong>Imed Bahri<\/strong><\/p>\n\n\n\n<!--more-->\n\n\n\n<p>Alors qu\u2019en Tunisie, les agriculteurs, notamment les c\u00e9r\u00e9aliers dont les r\u00e9coltes d\u00e9pendent du niveau de la pluviom\u00e9trie, se plaignent de la raret\u00e9 des pluies depuis le d\u00e9but de la saison et la baisse des r\u00e9serves en eau dans les barrages, les experts multiplient les avertissements sans que les autorit\u00e9s ne prennent des mesures pour faire face \u00e0 cette situation.<\/p>\n\n\n\n<p>Dans un entretien \u00e0 l\u2019agence officielle Tap, Abdallah Rabhi, ancien secr\u00e9taire d\u2019Etat charg\u00e9 des Ressources hydrauliques, a appel\u00e9 \u00e0 d\u00e9cr\u00e9ter officiellement l\u2019\u00e9tat de s\u00e9cheresse dans le pays, en soulignant l\u2019importance d\u2019agir avant la fin du mois de f\u00e9vrier courant, sous peine de ne plus disposer de suffisamment de marge de man\u0153uvre, d\u2019autant que le taux de remplissage des barrages a atteint 30,4%, \u00e0 fin janvier 2023, selon l\u2019Observatoire national de l\u2019agriculture (Onagri), le niveau de stock le plus bas jamais enregistr\u00e9 depuis dix ans et que les agriculteurs ne peuvent, par cons\u00e9quent, recourir \u00e0 l\u2019irrigation pour sauver leurs prochaines r\u00e9coltes d\u00e9j\u00e0 largement compromises, puisqu\u2019il ne reste plus que les mois de f\u00e9vrier et mars pour esp\u00e9rer les sauver.<\/p>\n\n\n\n<h2 class=\"wp-block-heading\">Le blues des agriculteurs<\/h2>\n\n\n\n<p><em>\u00abLa saison des pluies 2022\/ 2023 reste jusque-l\u00e0 exceptionnelle dans la mesure o\u00f9 elle est marqu\u00e9e par de faibles pr\u00e9cipitations. De surcro\u00eet, elle intervient apr\u00e8s trois ann\u00e9es cons\u00e9cutives de s\u00e9cheresse\u00bb<\/em>, a indiqu\u00e9 Rabhi, en pr\u00e9cisant que, du 1er septembre 2022 au 31 janvier 2023, les quantit\u00e9s de pluie enregistr\u00e9es \u00e0 l\u2019\u00e9chelle nationale n\u2019ont atteint que 33% de la moyenne saisonni\u00e8re sur la p\u00e9riode.<em> \u00abLe manque de pr\u00e9cipitations s\u2019est r\u00e9percut\u00e9 d\u2019une mani\u00e8re significative, sur les\u00a0r\u00e9serves\u00a0en eaux souterraines (nappes phr\u00e9atiques) et de surface (barrages)\u00bb<\/em>, a-t-il aussi averti. <\/p>\n\n\n\n<figure class=\"wp-block-embed is-type-wp-embed is-provider-kapitalis wp-block-embed-kapitalis\"><div class=\"wp-block-embed__wrapper\">\n<blockquote class=\"wp-embedded-content\" data-secret=\"t9LobkoaGL\"><a href=\"https:\/\/kapitalis.com\/tunisie\/2022\/07\/21\/le-stress-hydrique-de-la-tunisie-explique-au-president-saied\/\">Le stress hydrique de la Tunisie expliqu\u00e9 au pr\u00e9sident Sa\u00efed \u00a0<\/a><\/blockquote><iframe loading=\"lazy\" class=\"wp-embedded-content\" sandbox=\"allow-scripts\" security=\"restricted\" style=\"position: absolute; clip: rect(1px, 1px, 1px, 1px);\" title=\"\u00ab\u00a0Le stress hydrique de la Tunisie expliqu\u00e9 au pr\u00e9sident Sa\u00efed \u00a0\u00a0\u00bb &#8212; Kapitalis\" src=\"https:\/\/kapitalis.com\/tunisie\/2022\/07\/21\/le-stress-hydrique-de-la-tunisie-explique-au-president-saied\/embed\/#?secret=kqJfCMmKHV#?secret=t9LobkoaGL\" data-secret=\"t9LobkoaGL\" width=\"600\" height=\"338\" frameborder=\"0\" marginwidth=\"0\" marginheight=\"0\" scrolling=\"no\"><\/iframe>\n<\/div><\/figure>\n\n\n\n<p>Cons\u00e9quence, pr\u00e9cise encore l\u2019expert, \u00e0 la fin de janvier, <em>\u00able stock global des barrages n\u2019a atteint que 708 millions de m\u00e8tre cubes (m3), contre 1147 millions m3,\u00a0durant la m\u00eame p\u00e9riode de l\u2019ann\u00e9e \u00e9coul\u00e9e, soit une baisse de 38,2%. Il s\u2019agit l\u00e0 du plus faible niveau de stock jamais enregistr\u00e9 depuis les dix derni\u00e8res ann\u00e9es, ce qui d\u00e9note de la gravit\u00e9 de la situation.\u00bb <\/em>D\u2019autant que le d\u00e9ficit pluviom\u00e9trique a aussi impact\u00e9 les r\u00e9serves des nappes phr\u00e9atiques dont la recharge demeure insuffisante. <em>\u00abDans certaines r\u00e9gions du centre comme Zaghouan et Kasserine, o\u00f9 le taux des pr\u00e9cipitations n\u2019a pas d\u00e9pass\u00e9 20% de la moyenne saisonni\u00e8re, plusieurs points d\u2019eau ont enregistr\u00e9 une baisse de leur niveau statique\u00bb<\/em>, souligne encore Rabhi, qui n\u2019ignore pas que cette nappe est fortement exploit\u00e9e par les agriculteurs multipliant les forages ill\u00e9gaux de puits pour subvenir \u00e0 leurs besoins d\u2019irrigation. \u00a0\u00a0<\/p>\n\n\n\n<h2 class=\"wp-block-heading\">Mesures pour faire face \u00e0 la crise<\/h2>\n\n\n\n<p>Pour faire face \u00e0 cette situation, le gouvernement tunisien n\u2019a pas d\u2019autre choix que de d\u00e9cr\u00e9ter officiellement l\u2019\u00e9tat de s\u00e9cheresse et de mettre en place des mesures \u00e0 la hauteur des d\u00e9fis auxquels le pays est confront\u00e9. Parmi ces mesures, l\u2019expert \u00e9voque la restriction de l\u2019usage de l\u2019eau, comme l\u2019interdiction d\u2019arroser le jardin entre certaines heures, mesure d\u00e9j\u00e0 prise par la France confront\u00e9e la m\u00eame situation. &nbsp;Les citoyens sont aussi tenus de <em>\u00abchanger leur comportement en mati\u00e8re de gestion d\u2019eau et d\u2019adopter de meilleures pratiques afin de pr\u00e9server cette denr\u00e9e de plus en plus rare\u00bb<\/em>, insiste Rabhi.<\/p>\n\n\n\n<p>Il faut \u00e9galement mettre fin aux fuites d\u2019eau dans les syst\u00e8mes d\u2019approvisionnement \u00e0 tous les niveaux et dans tous les secteurs, en privil\u00e9giant l\u2019entretien continu des diff\u00e9rents canaux et tuyaux de distribution. Et recycler les eaux us\u00e9es, en optant pour un traitement tertiaire visant \u00e0 \u00e9liminer les polluants non biod\u00e9gradables, sachant qu\u2019en 2050, le volume des eaux non trait\u00e9es en Tunisie, devrait atteindre plus de 600 millions de m\u00e8tres cubes.<\/p>\n\n\n\n<figure class=\"wp-block-embed is-type-wp-embed is-provider-kapitalis wp-block-embed-kapitalis\"><div class=\"wp-block-embed__wrapper\">\n<blockquote class=\"wp-embedded-content\" data-secret=\"NLuJUet2d1\"><a href=\"https:\/\/kapitalis.com\/tunisie\/2023\/01\/09\/6013899\/\">Stress hydrique en Tunisie\u00a0: une crise dont on parle peu<\/a><\/blockquote><iframe loading=\"lazy\" class=\"wp-embedded-content\" sandbox=\"allow-scripts\" security=\"restricted\" style=\"position: absolute; clip: rect(1px, 1px, 1px, 1px);\" title=\"\u00ab\u00a0Stress hydrique en Tunisie\u00a0: une crise dont on parle peu\u00a0\u00bb &#8212; Kapitalis\" src=\"https:\/\/kapitalis.com\/tunisie\/2023\/01\/09\/6013899\/embed\/#?secret=j3GFMlnG33#?secret=NLuJUet2d1\" data-secret=\"NLuJUet2d1\" width=\"600\" height=\"338\" frameborder=\"0\" marginwidth=\"0\" marginheight=\"0\" scrolling=\"no\"><\/iframe>\n<\/div><\/figure>\n\n\n\n<p>L\u2019expert appelle, par ailleurs, \u00e0 octroyer des subventions cons\u00e9quentes aux citoyens afin qu\u2019ils puissent installer des citernes domestiques de stockage d\u2019eaux pluviales.<\/p>\n\n\n\n<h2 class=\"wp-block-heading\">Le pouvoir aux abonn\u00e9s absents<\/h2>\n\n\n\n<p>Cela dit, toutes ces mesures sont inscrites dans l\u2019\u00e9tude strat\u00e9gique <em>\u00abEaux 2050\u00bb<\/em>. Il suffit seulement d\u2019une volont\u00e9 politique pour les appliquer et passer \u00e0 un nouveau mod\u00e8le de gouvernance qui rompt d\u00e9finitivement avec l\u2019ancien, lequel a atteint ses limites.<\/p>\n\n\n\n<p>Or, force est de constater que le gouvernement fait exactement le contraire de ce qu\u2019il est tenu de faire en \u00e9vitant de communiquer ouvertement sur la r\u00e9alit\u00e9 de la situation hydrique actuelle dans un pays parmi les plus expos\u00e9s au monde au stress hydrique, sachant que la part moyenne d\u2019eau par habitant en Tunisie est estim\u00e9e \u00e0 430&nbsp;m3\/an et devrait baisser \u00e0 moins de 350&nbsp;m3, d\u2019ici 2030, a rappel\u00e9 l\u2019expert. Qui avertit&nbsp;: <em>\u00abActuellement, nous disposons d\u2019environ 5 milliards de m\u00e8tres cubes de ressources en eaux souterraines et de surface. Si nous allons poursuivre avec le mod\u00e8le de gestion hydrique actuel, nous finirons par perdre deux milliards de m\u00e8tres cubes entre 2040 et 2050.\u00bb<\/em><\/p>\n\n\n\n<p>Les \u00e9lections c\u2019est bien, les querelles politiques entre le pouvoir et l\u2019opposition occupent bien l\u2019opinion qui fait face \u00e0 une crise multiforme affectant pratiquement tous les aspects de la vie des citoyens, mais il y a des p\u00e9nuries qui sont plus difficile \u00e0 vivre et \u00e0 accepter, et celle de l\u2019eau est sans doute la plus grave, car c\u2019est toute notre vie qui en d\u00e9pend. &nbsp;<\/p>\n","protected":false},"excerpt":{"rendered":"<p>Les experts multiplient les avertissements relatifs au stress hydrique en Tunisie, les autorit\u00e9s ne prennent pas les mesures n\u00e9cessaires pour faire face \u00e0 cette situation.<\/p>\n","protected":false},"author":8,"featured_media":6277357,"comment_status":"open","ping_status":"open","sticky":false,"template":"","format":"standard","meta":{"footnotes":""},"categories":[992,995,2433],"tags":[88908,16020,64509,21799,21987,15272,62643],"class_list":["post-6277277","post","type-post","status-publish","format-standard","has-post-thumbnail","hentry","category-a-la-une","category-economie","category-tunisie","tag-abdallah-rabhi","tag-barrages","tag-onagri","tag-pluviometrie","tag-ressources-hydrauliques","tag-secheresse","tag-tunisie"],"yoast_head":"<!-- This site is optimized with the Yoast SEO plugin v26.6 - https:\/\/yoast.com\/wordpress\/plugins\/seo\/ -->\n<title>Qu\u2019attend la Tunisie pour d\u00e9cr\u00e9ter l\u2019\u00e9tat de s\u00e9cheresse\u00a0? - Kapitalis<\/title>\n<meta name=\"robots\" content=\"index, follow, max-snippet:-1, max-image-preview:large, max-video-preview:-1\" \/>\n<link rel=\"canonical\" href=\"https:\/\/kapitalis.com\/tunisie\/2023\/02\/03\/quattend-la-tunisie-pour-decreter-letat-de-secheresse\/\" \/>\n<meta property=\"og:locale\" content=\"fr_FR\" \/>\n<meta property=\"og:type\" content=\"article\" \/>\n<meta property=\"og:title\" content=\"Qu\u2019attend la Tunisie pour d\u00e9cr\u00e9ter l\u2019\u00e9tat de s\u00e9cheresse\u00a0? - Kapitalis\" \/>\n<meta property=\"og:description\" content=\"Les experts multiplient les avertissements relatifs au stress hydrique en Tunisie, les autorit\u00e9s ne prennent pas les mesures n\u00e9cessaires pour faire face \u00e0 cette situation.\" \/>\n<meta property=\"og:url\" content=\"https:\/\/kapitalis.com\/tunisie\/2023\/02\/03\/quattend-la-tunisie-pour-decreter-letat-de-secheresse\/\" \/>\n<meta property=\"og:site_name\" content=\"Kapitalis\" \/>\n<meta property=\"article:publisher\" content=\"https:\/\/www.facebook.com\/KapitalisInfo\/\" \/>\n<meta property=\"article:published_time\" content=\"2023-02-03T10:41:57+00:00\" \/>\n<meta property=\"article:modified_time\" content=\"2023-02-03T10:41:59+00:00\" \/>\n<meta property=\"og:image\" content=\"https:\/\/kapitalis.com\/tunisie\/wp-content\/uploads\/2023\/02\/Barrage-Lakhmes-Tunisie.jpg\" \/>\n\t<meta property=\"og:image:width\" content=\"1200\" \/>\n\t<meta property=\"og:image:height\" content=\"630\" \/>\n\t<meta property=\"og:image:type\" content=\"image\/jpeg\" \/>\n<meta name=\"author\" content=\"webmaster kapitalis\" \/>\n<meta name=\"twitter:card\" content=\"summary_large_image\" \/>\n<meta name=\"twitter:creator\" content=\"@KapitalisInfo\" \/>\n<meta name=\"twitter:site\" content=\"@KapitalisInfo\" \/>\n<meta name=\"twitter:label1\" content=\"\u00c9crit par\" \/>\n\t<meta name=\"twitter:data1\" content=\"webmaster kapitalis\" \/>\n\t<meta name=\"twitter:label2\" content=\"Dur\u00e9e de lecture estim\u00e9e\" \/>\n\t<meta name=\"twitter:data2\" content=\"5 minutes\" \/>\n<script type=\"application\/ld+json\" class=\"yoast-schema-graph\">{\"@context\":\"https:\/\/schema.org\",\"@graph\":[{\"@type\":\"Article\",\"@id\":\"https:\/\/kapitalis.com\/tunisie\/2023\/02\/03\/quattend-la-tunisie-pour-decreter-letat-de-secheresse\/#article\",\"isPartOf\":{\"@id\":\"https:\/\/kapitalis.com\/tunisie\/2023\/02\/03\/quattend-la-tunisie-pour-decreter-letat-de-secheresse\/\"},\"author\":{\"name\":\"webmaster kapitalis\",\"@id\":\"https:\/\/kapitalis.com\/tunisie\/#\/schema\/person\/d71f33a9ca44f7bad4698210b480c8e9\"},\"headline\":\"Qu\u2019attend la Tunisie pour d\u00e9cr\u00e9ter l\u2019\u00e9tat de s\u00e9cheresse\u00a0?\",\"datePublished\":\"2023-02-03T10:41:57+00:00\",\"dateModified\":\"2023-02-03T10:41:59+00:00\",\"mainEntityOfPage\":{\"@id\":\"https:\/\/kapitalis.com\/tunisie\/2023\/02\/03\/quattend-la-tunisie-pour-decreter-letat-de-secheresse\/\"},\"wordCount\":1054,\"commentCount\":1,\"publisher\":{\"@id\":\"https:\/\/kapitalis.com\/tunisie\/#organization\"},\"image\":{\"@id\":\"https:\/\/kapitalis.com\/tunisie\/2023\/02\/03\/quattend-la-tunisie-pour-decreter-letat-de-secheresse\/#primaryimage\"},\"thumbnailUrl\":\"https:\/\/kapitalis.com\/tunisie\/wp-content\/uploads\/2023\/02\/Barrage-Lakhmes-Tunisie.jpg\",\"keywords\":[\"Abdallah Rabhi\",\"barrages\",\"Onagri\",\"pluviom\u00e9trie\",\"ressources hydrauliques\",\"s\u00e9cheresse\",\"Tunisie\"],\"articleSection\":[\"A LA UNE\",\"ECONOMIE\",\"Tunisie\"],\"inLanguage\":\"fr-FR\",\"potentialAction\":[{\"@type\":\"CommentAction\",\"name\":\"Comment\",\"target\":[\"https:\/\/kapitalis.com\/tunisie\/2023\/02\/03\/quattend-la-tunisie-pour-decreter-letat-de-secheresse\/#respond\"]}]},{\"@type\":\"WebPage\",\"@id\":\"https:\/\/kapitalis.com\/tunisie\/2023\/02\/03\/quattend-la-tunisie-pour-decreter-letat-de-secheresse\/\",\"url\":\"https:\/\/kapitalis.com\/tunisie\/2023\/02\/03\/quattend-la-tunisie-pour-decreter-letat-de-secheresse\/\",\"name\":\"Qu\u2019attend la Tunisie pour d\u00e9cr\u00e9ter l\u2019\u00e9tat de s\u00e9cheresse\u00a0? - Kapitalis\",\"isPartOf\":{\"@id\":\"https:\/\/kapitalis.com\/tunisie\/#website\"},\"primaryImageOfPage\":{\"@id\":\"https:\/\/kapitalis.com\/tunisie\/2023\/02\/03\/quattend-la-tunisie-pour-decreter-letat-de-secheresse\/#primaryimage\"},\"image\":{\"@id\":\"https:\/\/kapitalis.com\/tunisie\/2023\/02\/03\/quattend-la-tunisie-pour-decreter-letat-de-secheresse\/#primaryimage\"},\"thumbnailUrl\":\"https:\/\/kapitalis.com\/tunisie\/wp-content\/uploads\/2023\/02\/Barrage-Lakhmes-Tunisie.jpg\",\"datePublished\":\"2023-02-03T10:41:57+00:00\",\"dateModified\":\"2023-02-03T10:41:59+00:00\",\"breadcrumb\":{\"@id\":\"https:\/\/kapitalis.com\/tunisie\/2023\/02\/03\/quattend-la-tunisie-pour-decreter-letat-de-secheresse\/#breadcrumb\"},\"inLanguage\":\"fr-FR\",\"potentialAction\":[{\"@type\":\"ReadAction\",\"target\":[\"https:\/\/kapitalis.com\/tunisie\/2023\/02\/03\/quattend-la-tunisie-pour-decreter-letat-de-secheresse\/\"]}]},{\"@type\":\"ImageObject\",\"inLanguage\":\"fr-FR\",\"@id\":\"https:\/\/kapitalis.com\/tunisie\/2023\/02\/03\/quattend-la-tunisie-pour-decreter-letat-de-secheresse\/#primaryimage\",\"url\":\"https:\/\/kapitalis.com\/tunisie\/wp-content\/uploads\/2023\/02\/Barrage-Lakhmes-Tunisie.jpg\",\"contentUrl\":\"https:\/\/kapitalis.com\/tunisie\/wp-content\/uploads\/2023\/02\/Barrage-Lakhmes-Tunisie.jpg\",\"width\":1200,\"height\":630},{\"@type\":\"BreadcrumbList\",\"@id\":\"https:\/\/kapitalis.com\/tunisie\/2023\/02\/03\/quattend-la-tunisie-pour-decreter-letat-de-secheresse\/#breadcrumb\",\"itemListElement\":[{\"@type\":\"ListItem\",\"position\":1,\"name\":\"Accueil\",\"item\":\"https:\/\/kapitalis.com\/tunisie\/\"},{\"@type\":\"ListItem\",\"position\":2,\"name\":\"Qu\u2019attend la Tunisie pour d\u00e9cr\u00e9ter l\u2019\u00e9tat de s\u00e9cheresse\u00a0?\"}]},{\"@type\":\"WebSite\",\"@id\":\"https:\/\/kapitalis.com\/tunisie\/#website\",\"url\":\"https:\/\/kapitalis.com\/tunisie\/\",\"name\":\"Kapitalis\",\"description\":\"L&#039;actualit\u00e9 en Tunisie et dans le monde\",\"publisher\":{\"@id\":\"https:\/\/kapitalis.com\/tunisie\/#organization\"},\"potentialAction\":[{\"@type\":\"SearchAction\",\"target\":{\"@type\":\"EntryPoint\",\"urlTemplate\":\"https:\/\/kapitalis.com\/tunisie\/?s={search_term_string}\"},\"query-input\":{\"@type\":\"PropertyValueSpecification\",\"valueRequired\":true,\"valueName\":\"search_term_string\"}}],\"inLanguage\":\"fr-FR\"},{\"@type\":\"Organization\",\"@id\":\"https:\/\/kapitalis.com\/tunisie\/#organization\",\"name\":\"Kapitalis\",\"url\":\"https:\/\/kapitalis.com\/tunisie\/\",\"logo\":{\"@type\":\"ImageObject\",\"inLanguage\":\"fr-FR\",\"@id\":\"https:\/\/kapitalis.com\/tunisie\/#\/schema\/logo\/image\/\",\"url\":\"https:\/\/kapitalis.com\/tunisie\/wp-content\/uploads\/2022\/05\/Kapitalis-big-size.png\",\"contentUrl\":\"https:\/\/kapitalis.com\/tunisie\/wp-content\/uploads\/2022\/05\/Kapitalis-big-size.png\",\"width\":5000,\"height\":1500,\"caption\":\"Kapitalis\"},\"image\":{\"@id\":\"https:\/\/kapitalis.com\/tunisie\/#\/schema\/logo\/image\/\"},\"sameAs\":[\"https:\/\/www.facebook.com\/KapitalisInfo\/\",\"https:\/\/x.com\/KapitalisInfo\",\"https:\/\/www.youtube.com\/channel\/UC-yDYrHyfFBWWZaOw3FPg9Q\"]},{\"@type\":\"Person\",\"@id\":\"https:\/\/kapitalis.com\/tunisie\/#\/schema\/person\/d71f33a9ca44f7bad4698210b480c8e9\",\"name\":\"webmaster kapitalis\",\"url\":\"https:\/\/kapitalis.com\/tunisie\/author\/webmaster-kapitalis\/\"}]}<\/script>\n<!-- \/ Yoast SEO plugin. -->","yoast_head_json":{"title":"Qu\u2019attend la Tunisie pour d\u00e9cr\u00e9ter l\u2019\u00e9tat de s\u00e9cheresse\u00a0? - Kapitalis","robots":{"index":"index","follow":"follow","max-snippet":"max-snippet:-1","max-image-preview":"max-image-preview:large","max-video-preview":"max-video-preview:-1"},"canonical":"https:\/\/kapitalis.com\/tunisie\/2023\/02\/03\/quattend-la-tunisie-pour-decreter-letat-de-secheresse\/","og_locale":"fr_FR","og_type":"article","og_title":"Qu\u2019attend la Tunisie pour d\u00e9cr\u00e9ter l\u2019\u00e9tat de s\u00e9cheresse\u00a0? - Kapitalis","og_description":"Les experts multiplient les avertissements relatifs au stress hydrique en Tunisie, les autorit\u00e9s ne prennent pas les mesures n\u00e9cessaires pour faire face \u00e0 cette situation.","og_url":"https:\/\/kapitalis.com\/tunisie\/2023\/02\/03\/quattend-la-tunisie-pour-decreter-letat-de-secheresse\/","og_site_name":"Kapitalis","article_publisher":"https:\/\/www.facebook.com\/KapitalisInfo\/","article_published_time":"2023-02-03T10:41:57+00:00","article_modified_time":"2023-02-03T10:41:59+00:00","og_image":[{"width":1200,"height":630,"url":"https:\/\/kapitalis.com\/tunisie\/wp-content\/uploads\/2023\/02\/Barrage-Lakhmes-Tunisie.jpg","type":"image\/jpeg"}],"author":"webmaster kapitalis","twitter_card":"summary_large_image","twitter_creator":"@KapitalisInfo","twitter_site":"@KapitalisInfo","twitter_misc":{"\u00c9crit par":"webmaster kapitalis","Dur\u00e9e de lecture estim\u00e9e":"5 minutes"},"schema":{"@context":"https:\/\/schema.org","@graph":[{"@type":"Article","@id":"https:\/\/kapitalis.com\/tunisie\/2023\/02\/03\/quattend-la-tunisie-pour-decreter-letat-de-secheresse\/#article","isPartOf":{"@id":"https:\/\/kapitalis.com\/tunisie\/2023\/02\/03\/quattend-la-tunisie-pour-decreter-letat-de-secheresse\/"},"author":{"name":"webmaster kapitalis","@id":"https:\/\/kapitalis.com\/tunisie\/#\/schema\/person\/d71f33a9ca44f7bad4698210b480c8e9"},"headline":"Qu\u2019attend la Tunisie pour d\u00e9cr\u00e9ter l\u2019\u00e9tat de s\u00e9cheresse\u00a0?","datePublished":"2023-02-03T10:41:57+00:00","dateModified":"2023-02-03T10:41:59+00:00","mainEntityOfPage":{"@id":"https:\/\/kapitalis.com\/tunisie\/2023\/02\/03\/quattend-la-tunisie-pour-decreter-letat-de-secheresse\/"},"wordCount":1054,"commentCount":1,"publisher":{"@id":"https:\/\/kapitalis.com\/tunisie\/#organization"},"image":{"@id":"https:\/\/kapitalis.com\/tunisie\/2023\/02\/03\/quattend-la-tunisie-pour-decreter-letat-de-secheresse\/#primaryimage"},"thumbnailUrl":"https:\/\/kapitalis.com\/tunisie\/wp-content\/uploads\/2023\/02\/Barrage-Lakhmes-Tunisie.jpg","keywords":["Abdallah Rabhi","barrages","Onagri","pluviom\u00e9trie","ressources hydrauliques","s\u00e9cheresse","Tunisie"],"articleSection":["A LA UNE","ECONOMIE","Tunisie"],"inLanguage":"fr-FR","potentialAction":[{"@type":"CommentAction","name":"Comment","target":["https:\/\/kapitalis.com\/tunisie\/2023\/02\/03\/quattend-la-tunisie-pour-decreter-letat-de-secheresse\/#respond"]}]},{"@type":"WebPage","@id":"https:\/\/kapitalis.com\/tunisie\/2023\/02\/03\/quattend-la-tunisie-pour-decreter-letat-de-secheresse\/","url":"https:\/\/kapitalis.com\/tunisie\/2023\/02\/03\/quattend-la-tunisie-pour-decreter-letat-de-secheresse\/","name":"Qu\u2019attend la Tunisie pour d\u00e9cr\u00e9ter l\u2019\u00e9tat de s\u00e9cheresse\u00a0? - Kapitalis","isPartOf":{"@id":"https:\/\/kapitalis.com\/tunisie\/#website"},"primaryImageOfPage":{"@id":"https:\/\/kapitalis.com\/tunisie\/2023\/02\/03\/quattend-la-tunisie-pour-decreter-letat-de-secheresse\/#primaryimage"},"image":{"@id":"https:\/\/kapitalis.com\/tunisie\/2023\/02\/03\/quattend-la-tunisie-pour-decreter-letat-de-secheresse\/#primaryimage"},"thumbnailUrl":"https:\/\/kapitalis.com\/tunisie\/wp-content\/uploads\/2023\/02\/Barrage-Lakhmes-Tunisie.jpg","datePublished":"2023-02-03T10:41:57+00:00","dateModified":"2023-02-03T10:41:59+00:00","breadcrumb":{"@id":"https:\/\/kapitalis.com\/tunisie\/2023\/02\/03\/quattend-la-tunisie-pour-decreter-letat-de-secheresse\/#breadcrumb"},"inLanguage":"fr-FR","potentialAction":[{"@type":"ReadAction","target":["https:\/\/kapitalis.com\/tunisie\/2023\/02\/03\/quattend-la-tunisie-pour-decreter-letat-de-secheresse\/"]}]},{"@type":"ImageObject","inLanguage":"fr-FR","@id":"https:\/\/kapitalis.com\/tunisie\/2023\/02\/03\/quattend-la-tunisie-pour-decreter-letat-de-secheresse\/#primaryimage","url":"https:\/\/kapitalis.com\/tunisie\/wp-content\/uploads\/2023\/02\/Barrage-Lakhmes-Tunisie.jpg","contentUrl":"https:\/\/kapitalis.com\/tunisie\/wp-content\/uploads\/2023\/02\/Barrage-Lakhmes-Tunisie.jpg","width":1200,"height":630},{"@type":"BreadcrumbList","@id":"https:\/\/kapitalis.com\/tunisie\/2023\/02\/03\/quattend-la-tunisie-pour-decreter-letat-de-secheresse\/#breadcrumb","itemListElement":[{"@type":"ListItem","position":1,"name":"Accueil","item":"https:\/\/kapitalis.com\/tunisie\/"},{"@type":"ListItem","position":2,"name":"Qu\u2019attend la Tunisie pour d\u00e9cr\u00e9ter l\u2019\u00e9tat de s\u00e9cheresse\u00a0?"}]},{"@type":"WebSite","@id":"https:\/\/kapitalis.com\/tunisie\/#website","url":"https:\/\/kapitalis.com\/tunisie\/","name":"Kapitalis","description":"L&#039;actualit\u00e9 en Tunisie et dans le monde","publisher":{"@id":"https:\/\/kapitalis.com\/tunisie\/#organization"},"potentialAction":[{"@type":"SearchAction","target":{"@type":"EntryPoint","urlTemplate":"https:\/\/kapitalis.com\/tunisie\/?s={search_term_string}"},"query-input":{"@type":"PropertyValueSpecification","valueRequired":true,"valueName":"search_term_string"}}],"inLanguage":"fr-FR"},{"@type":"Organization","@id":"https:\/\/kapitalis.com\/tunisie\/#organization","name":"Kapitalis","url":"https:\/\/kapitalis.com\/tunisie\/","logo":{"@type":"ImageObject","inLanguage":"fr-FR","@id":"https:\/\/kapitalis.com\/tunisie\/#\/schema\/logo\/image\/","url":"https:\/\/kapitalis.com\/tunisie\/wp-content\/uploads\/2022\/05\/Kapitalis-big-size.png","contentUrl":"https:\/\/kapitalis.com\/tunisie\/wp-content\/uploads\/2022\/05\/Kapitalis-big-size.png","width":5000,"height":1500,"caption":"Kapitalis"},"image":{"@id":"https:\/\/kapitalis.com\/tunisie\/#\/schema\/logo\/image\/"},"sameAs":["https:\/\/www.facebook.com\/KapitalisInfo\/","https:\/\/x.com\/KapitalisInfo","https:\/\/www.youtube.com\/channel\/UC-yDYrHyfFBWWZaOw3FPg9Q"]},{"@type":"Person","@id":"https:\/\/kapitalis.com\/tunisie\/#\/schema\/person\/d71f33a9ca44f7bad4698210b480c8e9","name":"webmaster kapitalis","url":"https:\/\/kapitalis.com\/tunisie\/author\/webmaster-kapitalis\/"}]}},"_links":{"self":[{"href":"https:\/\/kapitalis.com\/tunisie\/wp-json\/wp\/v2\/posts\/6277277","targetHints":{"allow":["GET"]}}],"collection":[{"href":"https:\/\/kapitalis.com\/tunisie\/wp-json\/wp\/v2\/posts"}],"about":[{"href":"https:\/\/kapitalis.com\/tunisie\/wp-json\/wp\/v2\/types\/post"}],"author":[{"embeddable":true,"href":"https:\/\/kapitalis.com\/tunisie\/wp-json\/wp\/v2\/users\/8"}],"replies":[{"embeddable":true,"href":"https:\/\/kapitalis.com\/tunisie\/wp-json\/wp\/v2\/comments?post=6277277"}],"version-history":[{"count":1,"href":"https:\/\/kapitalis.com\/tunisie\/wp-json\/wp\/v2\/posts\/6277277\/revisions"}],"predecessor-version":[{"id":6277370,"href":"https:\/\/kapitalis.com\/tunisie\/wp-json\/wp\/v2\/posts\/6277277\/revisions\/6277370"}],"wp:featuredmedia":[{"embeddable":true,"href":"https:\/\/kapitalis.com\/tunisie\/wp-json\/wp\/v2\/media\/6277357"}],"wp:attachment":[{"href":"https:\/\/kapitalis.com\/tunisie\/wp-json\/wp\/v2\/media?parent=6277277"}],"wp:term":[{"taxonomy":"category","embeddable":true,"href":"https:\/\/kapitalis.com\/tunisie\/wp-json\/wp\/v2\/categories?post=6277277"},{"taxonomy":"post_tag","embeddable":true,"href":"https:\/\/kapitalis.com\/tunisie\/wp-json\/wp\/v2\/tags?post=6277277"}],"curies":[{"name":"wp","href":"https:\/\/api.w.org\/{rel}","templated":true}]}}