{"id":6277353,"date":"2023-02-03T12:25:42","date_gmt":"2023-02-03T11:25:42","guid":{"rendered":"https:\/\/kapitalis.com\/tunisie\/?p=6277353"},"modified":"2023-02-03T15:38:57","modified_gmt":"2023-02-03T14:38:57","slug":"sfax-accueille-la-3e-edition-du-festival-de-lamandier","status":"publish","type":"post","link":"https:\/\/kapitalis.com\/tunisie\/2023\/02\/03\/sfax-accueille-la-3e-edition-du-festival-de-lamandier\/","title":{"rendered":"Sfax accueille la 3e \u00e9dition du Festival de l&rsquo;Amandier"},"content":{"rendered":"\n<p><em><strong>Une nouvelle \u00e9dition du Festival de l\u2019amandier aura lieu du 17 au 19 f\u00e9vrier au Centre culturel Borj Kallel \u00e0 Sfax. Des concours, des expositions, des d\u00e9gustations et un forum scientifique sont au programme.<\/strong><\/em><\/p>\n\n\n\n<!--more-->\n\n\n\n<p>La ville de Sfax, premier producteur d\u2019amande en Tunisie, accueille pour la troisi\u00e8me ann\u00e9e de suite le Festival de l\u2019Amandier, un \u00e9v\u00e9nement qui met en avant ce fruit \u00e0 coque d\u00e9clinable \u00e0 l\u2019infini et aux multiples vertus nutritionnelles et cosm\u00e9tiques.<\/p>\n\n\n\n<p>Pour cette troisi\u00e8me \u00e9dition qui s&rsquo;\u00e9talera sur trois jours, les organisateurs du festival ont pr\u00e9vu des concours de p\u00e2tisserie, l\u2019un autour de la baklawa et l\u2019autre autour de go\u00fbters sains pour les enfants.<\/p>\n\n\n\n<p>Une trentaine de stands seront propos\u00e9s aux visiteurs entre p\u00e2tisserie, produits du terroir, produits cosm\u00e9tiques \u2026<\/p>\n\n\n\n<p>Un forum scientifique sur la fili\u00e8re de l\u2019amande est \u00e9galement pr\u00e9vu durant le festival.<\/p>\n\n\n\n<p class=\"has-text-align-right\"><strong>F.B<\/strong><\/p>\n","protected":false},"excerpt":{"rendered":"<p>Une nouvelle \u00e9dition du Festival de l\u2019amandier aura lieu du 17 au 19 f\u00e9vrier au Centre culturel Borj Kallel \u00e0 Sfax. Des concours, des expositions, des d\u00e9gustations et un forum scientifique sont au programme.<\/p>\n","protected":false},"author":26,"featured_media":6277606,"comment_status":"open","ping_status":"open","sticky":false,"template":"","format":"standard","meta":{"footnotes":""},"categories":[993,994,2433],"tags":[99744,106410,106409,823,62643],"class_list":["post-6277353","post","type-post","status-publish","format-standard","has-post-thumbnail","hentry","category-conso","category-culture","category-tunisie","tag-amande","tag-baklawa","tag-festival-de-lamandier","tag-sfax","tag-tunisie"],"yoast_head":"<!-- This site is optimized with the Yoast SEO plugin v26.6 - https:\/\/yoast.com\/wordpress\/plugins\/seo\/ -->\n<title>Sfax accueille la 3e \u00e9dition du Festival de l&#039;Amandier - Kapitalis<\/title>\n<meta name=\"robots\" content=\"index, follow, max-snippet:-1, max-image-preview:large, max-video-preview:-1\" \/>\n<link rel=\"canonical\" href=\"https:\/\/kapitalis.com\/tunisie\/2023\/02\/03\/sfax-accueille-la-3e-edition-du-festival-de-lamandier\/\" \/>\n<meta property=\"og:locale\" content=\"fr_FR\" \/>\n<meta property=\"og:type\" content=\"article\" \/>\n<meta property=\"og:title\" content=\"Sfax accueille la 3e \u00e9dition du Festival de l&#039;Amandier - Kapitalis\" \/>\n<meta property=\"og:description\" content=\"Une nouvelle \u00e9dition du Festival de l\u2019amandier aura lieu du 17 au 19 f\u00e9vrier au Centre culturel Borj Kallel \u00e0 Sfax. Des concours, des expositions, des d\u00e9gustations et un forum scientifique sont au programme.\" \/>\n<meta property=\"og:url\" content=\"https:\/\/kapitalis.com\/tunisie\/2023\/02\/03\/sfax-accueille-la-3e-edition-du-festival-de-lamandier\/\" \/>\n<meta property=\"og:site_name\" content=\"Kapitalis\" \/>\n<meta property=\"article:publisher\" content=\"https:\/\/www.facebook.com\/KapitalisInfo\/\" \/>\n<meta property=\"article:published_time\" content=\"2023-02-03T11:25:42+00:00\" \/>\n<meta property=\"article:modified_time\" content=\"2023-02-03T14:38:57+00:00\" \/>\n<meta property=\"og:image\" content=\"https:\/\/kapitalis.com\/tunisie\/wp-content\/uploads\/2023\/02\/Amande.jpg\" \/>\n\t<meta property=\"og:image:width\" content=\"1200\" \/>\n\t<meta property=\"og:image:height\" content=\"630\" \/>\n\t<meta property=\"og:image:type\" content=\"image\/jpeg\" \/>\n<meta name=\"author\" content=\"Fawz BenAli\" \/>\n<meta name=\"twitter:card\" content=\"summary_large_image\" \/>\n<meta name=\"twitter:creator\" content=\"@KapitalisInfo\" \/>\n<meta name=\"twitter:site\" content=\"@KapitalisInfo\" \/>\n<meta name=\"twitter:label1\" content=\"\u00c9crit par\" \/>\n\t<meta name=\"twitter:data1\" content=\"Fawz BenAli\" \/>\n\t<meta name=\"twitter:label2\" content=\"Dur\u00e9e de lecture estim\u00e9e\" \/>\n\t<meta name=\"twitter:data2\" content=\"1 minute\" \/>\n<script type=\"application\/ld+json\" class=\"yoast-schema-graph\">{\"@context\":\"https:\/\/schema.org\",\"@graph\":[{\"@type\":\"Article\",\"@id\":\"https:\/\/kapitalis.com\/tunisie\/2023\/02\/03\/sfax-accueille-la-3e-edition-du-festival-de-lamandier\/#article\",\"isPartOf\":{\"@id\":\"https:\/\/kapitalis.com\/tunisie\/2023\/02\/03\/sfax-accueille-la-3e-edition-du-festival-de-lamandier\/\"},\"author\":{\"name\":\"Fawz BenAli\",\"@id\":\"https:\/\/kapitalis.com\/tunisie\/#\/schema\/person\/73a5ecc1f6ae540c6ed91342eadca948\"},\"headline\":\"Sfax accueille la 3e \u00e9dition du Festival de l&rsquo;Amandier\",\"datePublished\":\"2023-02-03T11:25:42+00:00\",\"dateModified\":\"2023-02-03T14:38:57+00:00\",\"mainEntityOfPage\":{\"@id\":\"https:\/\/kapitalis.com\/tunisie\/2023\/02\/03\/sfax-accueille-la-3e-edition-du-festival-de-lamandier\/\"},\"wordCount\":166,\"commentCount\":0,\"publisher\":{\"@id\":\"https:\/\/kapitalis.com\/tunisie\/#organization\"},\"image\":{\"@id\":\"https:\/\/kapitalis.com\/tunisie\/2023\/02\/03\/sfax-accueille-la-3e-edition-du-festival-de-lamandier\/#primaryimage\"},\"thumbnailUrl\":\"https:\/\/kapitalis.com\/tunisie\/wp-content\/uploads\/2023\/02\/Amande.jpg\",\"keywords\":[\"amande\",\"baklawa\",\"Festival de l&#039;amandier\",\"Sfax\",\"Tunisie\"],\"articleSection\":[\"CONSO\",\"CULTURE\",\"Tunisie\"],\"inLanguage\":\"fr-FR\",\"potentialAction\":[{\"@type\":\"CommentAction\",\"name\":\"Comment\",\"target\":[\"https:\/\/kapitalis.com\/tunisie\/2023\/02\/03\/sfax-accueille-la-3e-edition-du-festival-de-lamandier\/#respond\"]}]},{\"@type\":\"WebPage\",\"@id\":\"https:\/\/kapitalis.com\/tunisie\/2023\/02\/03\/sfax-accueille-la-3e-edition-du-festival-de-lamandier\/\",\"url\":\"https:\/\/kapitalis.com\/tunisie\/2023\/02\/03\/sfax-accueille-la-3e-edition-du-festival-de-lamandier\/\",\"name\":\"Sfax accueille la 3e \u00e9dition du Festival de l'Amandier - Kapitalis\",\"isPartOf\":{\"@id\":\"https:\/\/kapitalis.com\/tunisie\/#website\"},\"primaryImageOfPage\":{\"@id\":\"https:\/\/kapitalis.com\/tunisie\/2023\/02\/03\/sfax-accueille-la-3e-edition-du-festival-de-lamandier\/#primaryimage\"},\"image\":{\"@id\":\"https:\/\/kapitalis.com\/tunisie\/2023\/02\/03\/sfax-accueille-la-3e-edition-du-festival-de-lamandier\/#primaryimage\"},\"thumbnailUrl\":\"https:\/\/kapitalis.com\/tunisie\/wp-content\/uploads\/2023\/02\/Amande.jpg\",\"datePublished\":\"2023-02-03T11:25:42+00:00\",\"dateModified\":\"2023-02-03T14:38:57+00:00\",\"breadcrumb\":{\"@id\":\"https:\/\/kapitalis.com\/tunisie\/2023\/02\/03\/sfax-accueille-la-3e-edition-du-festival-de-lamandier\/#breadcrumb\"},\"inLanguage\":\"fr-FR\",\"potentialAction\":[{\"@type\":\"ReadAction\",\"target\":[\"https:\/\/kapitalis.com\/tunisie\/2023\/02\/03\/sfax-accueille-la-3e-edition-du-festival-de-lamandier\/\"]}]},{\"@type\":\"ImageObject\",\"inLanguage\":\"fr-FR\",\"@id\":\"https:\/\/kapitalis.com\/tunisie\/2023\/02\/03\/sfax-accueille-la-3e-edition-du-festival-de-lamandier\/#primaryimage\",\"url\":\"https:\/\/kapitalis.com\/tunisie\/wp-content\/uploads\/2023\/02\/Amande.jpg\",\"contentUrl\":\"https:\/\/kapitalis.com\/tunisie\/wp-content\/uploads\/2023\/02\/Amande.jpg\",\"width\":1200,\"height\":630},{\"@type\":\"BreadcrumbList\",\"@id\":\"https:\/\/kapitalis.com\/tunisie\/2023\/02\/03\/sfax-accueille-la-3e-edition-du-festival-de-lamandier\/#breadcrumb\",\"itemListElement\":[{\"@type\":\"ListItem\",\"position\":1,\"name\":\"Accueil\",\"item\":\"https:\/\/kapitalis.com\/tunisie\/\"},{\"@type\":\"ListItem\",\"position\":2,\"name\":\"Sfax accueille la 3e \u00e9dition du Festival de l&rsquo;Amandier\"}]},{\"@type\":\"WebSite\",\"@id\":\"https:\/\/kapitalis.com\/tunisie\/#website\",\"url\":\"https:\/\/kapitalis.com\/tunisie\/\",\"name\":\"Kapitalis\",\"description\":\"L&#039;actualit\u00e9 en Tunisie et dans le monde\",\"publisher\":{\"@id\":\"https:\/\/kapitalis.com\/tunisie\/#organization\"},\"potentialAction\":[{\"@type\":\"SearchAction\",\"target\":{\"@type\":\"EntryPoint\",\"urlTemplate\":\"https:\/\/kapitalis.com\/tunisie\/?s={search_term_string}\"},\"query-input\":{\"@type\":\"PropertyValueSpecification\",\"valueRequired\":true,\"valueName\":\"search_term_string\"}}],\"inLanguage\":\"fr-FR\"},{\"@type\":\"Organization\",\"@id\":\"https:\/\/kapitalis.com\/tunisie\/#organization\",\"name\":\"Kapitalis\",\"url\":\"https:\/\/kapitalis.com\/tunisie\/\",\"logo\":{\"@type\":\"ImageObject\",\"inLanguage\":\"fr-FR\",\"@id\":\"https:\/\/kapitalis.com\/tunisie\/#\/schema\/logo\/image\/\",\"url\":\"https:\/\/kapitalis.com\/tunisie\/wp-content\/uploads\/2022\/05\/Kapitalis-big-size.png\",\"contentUrl\":\"https:\/\/kapitalis.com\/tunisie\/wp-content\/uploads\/2022\/05\/Kapitalis-big-size.png\",\"width\":5000,\"height\":1500,\"caption\":\"Kapitalis\"},\"image\":{\"@id\":\"https:\/\/kapitalis.com\/tunisie\/#\/schema\/logo\/image\/\"},\"sameAs\":[\"https:\/\/www.facebook.com\/KapitalisInfo\/\",\"https:\/\/x.com\/KapitalisInfo\",\"https:\/\/www.youtube.com\/channel\/UC-yDYrHyfFBWWZaOw3FPg9Q\"]},{\"@type\":\"Person\",\"@id\":\"https:\/\/kapitalis.com\/tunisie\/#\/schema\/person\/73a5ecc1f6ae540c6ed91342eadca948\",\"name\":\"Fawz BenAli\",\"url\":\"https:\/\/kapitalis.com\/tunisie\/author\/fawz\/\"}]}<\/script>\n<!-- \/ Yoast SEO plugin. -->","yoast_head_json":{"title":"Sfax accueille la 3e \u00e9dition du Festival de l'Amandier - Kapitalis","robots":{"index":"index","follow":"follow","max-snippet":"max-snippet:-1","max-image-preview":"max-image-preview:large","max-video-preview":"max-video-preview:-1"},"canonical":"https:\/\/kapitalis.com\/tunisie\/2023\/02\/03\/sfax-accueille-la-3e-edition-du-festival-de-lamandier\/","og_locale":"fr_FR","og_type":"article","og_title":"Sfax accueille la 3e \u00e9dition du Festival de l'Amandier - Kapitalis","og_description":"Une nouvelle \u00e9dition du Festival de l\u2019amandier aura lieu du 17 au 19 f\u00e9vrier au Centre culturel Borj Kallel \u00e0 Sfax. Des concours, des expositions, des d\u00e9gustations et un forum scientifique sont au programme.","og_url":"https:\/\/kapitalis.com\/tunisie\/2023\/02\/03\/sfax-accueille-la-3e-edition-du-festival-de-lamandier\/","og_site_name":"Kapitalis","article_publisher":"https:\/\/www.facebook.com\/KapitalisInfo\/","article_published_time":"2023-02-03T11:25:42+00:00","article_modified_time":"2023-02-03T14:38:57+00:00","og_image":[{"width":1200,"height":630,"url":"https:\/\/kapitalis.com\/tunisie\/wp-content\/uploads\/2023\/02\/Amande.jpg","type":"image\/jpeg"}],"author":"Fawz BenAli","twitter_card":"summary_large_image","twitter_creator":"@KapitalisInfo","twitter_site":"@KapitalisInfo","twitter_misc":{"\u00c9crit par":"Fawz BenAli","Dur\u00e9e de lecture estim\u00e9e":"1 minute"},"schema":{"@context":"https:\/\/schema.org","@graph":[{"@type":"Article","@id":"https:\/\/kapitalis.com\/tunisie\/2023\/02\/03\/sfax-accueille-la-3e-edition-du-festival-de-lamandier\/#article","isPartOf":{"@id":"https:\/\/kapitalis.com\/tunisie\/2023\/02\/03\/sfax-accueille-la-3e-edition-du-festival-de-lamandier\/"},"author":{"name":"Fawz BenAli","@id":"https:\/\/kapitalis.com\/tunisie\/#\/schema\/person\/73a5ecc1f6ae540c6ed91342eadca948"},"headline":"Sfax accueille la 3e \u00e9dition du Festival de l&rsquo;Amandier","datePublished":"2023-02-03T11:25:42+00:00","dateModified":"2023-02-03T14:38:57+00:00","mainEntityOfPage":{"@id":"https:\/\/kapitalis.com\/tunisie\/2023\/02\/03\/sfax-accueille-la-3e-edition-du-festival-de-lamandier\/"},"wordCount":166,"commentCount":0,"publisher":{"@id":"https:\/\/kapitalis.com\/tunisie\/#organization"},"image":{"@id":"https:\/\/kapitalis.com\/tunisie\/2023\/02\/03\/sfax-accueille-la-3e-edition-du-festival-de-lamandier\/#primaryimage"},"thumbnailUrl":"https:\/\/kapitalis.com\/tunisie\/wp-content\/uploads\/2023\/02\/Amande.jpg","keywords":["amande","baklawa","Festival de l&#039;amandier","Sfax","Tunisie"],"articleSection":["CONSO","CULTURE","Tunisie"],"inLanguage":"fr-FR","potentialAction":[{"@type":"CommentAction","name":"Comment","target":["https:\/\/kapitalis.com\/tunisie\/2023\/02\/03\/sfax-accueille-la-3e-edition-du-festival-de-lamandier\/#respond"]}]},{"@type":"WebPage","@id":"https:\/\/kapitalis.com\/tunisie\/2023\/02\/03\/sfax-accueille-la-3e-edition-du-festival-de-lamandier\/","url":"https:\/\/kapitalis.com\/tunisie\/2023\/02\/03\/sfax-accueille-la-3e-edition-du-festival-de-lamandier\/","name":"Sfax accueille la 3e \u00e9dition du Festival de l'Amandier - Kapitalis","isPartOf":{"@id":"https:\/\/kapitalis.com\/tunisie\/#website"},"primaryImageOfPage":{"@id":"https:\/\/kapitalis.com\/tunisie\/2023\/02\/03\/sfax-accueille-la-3e-edition-du-festival-de-lamandier\/#primaryimage"},"image":{"@id":"https:\/\/kapitalis.com\/tunisie\/2023\/02\/03\/sfax-accueille-la-3e-edition-du-festival-de-lamandier\/#primaryimage"},"thumbnailUrl":"https:\/\/kapitalis.com\/tunisie\/wp-content\/uploads\/2023\/02\/Amande.jpg","datePublished":"2023-02-03T11:25:42+00:00","dateModified":"2023-02-03T14:38:57+00:00","breadcrumb":{"@id":"https:\/\/kapitalis.com\/tunisie\/2023\/02\/03\/sfax-accueille-la-3e-edition-du-festival-de-lamandier\/#breadcrumb"},"inLanguage":"fr-FR","potentialAction":[{"@type":"ReadAction","target":["https:\/\/kapitalis.com\/tunisie\/2023\/02\/03\/sfax-accueille-la-3e-edition-du-festival-de-lamandier\/"]}]},{"@type":"ImageObject","inLanguage":"fr-FR","@id":"https:\/\/kapitalis.com\/tunisie\/2023\/02\/03\/sfax-accueille-la-3e-edition-du-festival-de-lamandier\/#primaryimage","url":"https:\/\/kapitalis.com\/tunisie\/wp-content\/uploads\/2023\/02\/Amande.jpg","contentUrl":"https:\/\/kapitalis.com\/tunisie\/wp-content\/uploads\/2023\/02\/Amande.jpg","width":1200,"height":630},{"@type":"BreadcrumbList","@id":"https:\/\/kapitalis.com\/tunisie\/2023\/02\/03\/sfax-accueille-la-3e-edition-du-festival-de-lamandier\/#breadcrumb","itemListElement":[{"@type":"ListItem","position":1,"name":"Accueil","item":"https:\/\/kapitalis.com\/tunisie\/"},{"@type":"ListItem","position":2,"name":"Sfax accueille la 3e \u00e9dition du Festival de l&rsquo;Amandier"}]},{"@type":"WebSite","@id":"https:\/\/kapitalis.com\/tunisie\/#website","url":"https:\/\/kapitalis.com\/tunisie\/","name":"Kapitalis","description":"L&#039;actualit\u00e9 en Tunisie et dans le monde","publisher":{"@id":"https:\/\/kapitalis.com\/tunisie\/#organization"},"potentialAction":[{"@type":"SearchAction","target":{"@type":"EntryPoint","urlTemplate":"https:\/\/kapitalis.com\/tunisie\/?s={search_term_string}"},"query-input":{"@type":"PropertyValueSpecification","valueRequired":true,"valueName":"search_term_string"}}],"inLanguage":"fr-FR"},{"@type":"Organization","@id":"https:\/\/kapitalis.com\/tunisie\/#organization","name":"Kapitalis","url":"https:\/\/kapitalis.com\/tunisie\/","logo":{"@type":"ImageObject","inLanguage":"fr-FR","@id":"https:\/\/kapitalis.com\/tunisie\/#\/schema\/logo\/image\/","url":"https:\/\/kapitalis.com\/tunisie\/wp-content\/uploads\/2022\/05\/Kapitalis-big-size.png","contentUrl":"https:\/\/kapitalis.com\/tunisie\/wp-content\/uploads\/2022\/05\/Kapitalis-big-size.png","width":5000,"height":1500,"caption":"Kapitalis"},"image":{"@id":"https:\/\/kapitalis.com\/tunisie\/#\/schema\/logo\/image\/"},"sameAs":["https:\/\/www.facebook.com\/KapitalisInfo\/","https:\/\/x.com\/KapitalisInfo","https:\/\/www.youtube.com\/channel\/UC-yDYrHyfFBWWZaOw3FPg9Q"]},{"@type":"Person","@id":"https:\/\/kapitalis.com\/tunisie\/#\/schema\/person\/73a5ecc1f6ae540c6ed91342eadca948","name":"Fawz BenAli","url":"https:\/\/kapitalis.com\/tunisie\/author\/fawz\/"}]}},"_links":{"self":[{"href":"https:\/\/kapitalis.com\/tunisie\/wp-json\/wp\/v2\/posts\/6277353","targetHints":{"allow":["GET"]}}],"collection":[{"href":"https:\/\/kapitalis.com\/tunisie\/wp-json\/wp\/v2\/posts"}],"about":[{"href":"https:\/\/kapitalis.com\/tunisie\/wp-json\/wp\/v2\/types\/post"}],"author":[{"embeddable":true,"href":"https:\/\/kapitalis.com\/tunisie\/wp-json\/wp\/v2\/users\/26"}],"replies":[{"embeddable":true,"href":"https:\/\/kapitalis.com\/tunisie\/wp-json\/wp\/v2\/comments?post=6277353"}],"version-history":[{"count":1,"href":"https:\/\/kapitalis.com\/tunisie\/wp-json\/wp\/v2\/posts\/6277353\/revisions"}],"predecessor-version":[{"id":6277608,"href":"https:\/\/kapitalis.com\/tunisie\/wp-json\/wp\/v2\/posts\/6277353\/revisions\/6277608"}],"wp:featuredmedia":[{"embeddable":true,"href":"https:\/\/kapitalis.com\/tunisie\/wp-json\/wp\/v2\/media\/6277606"}],"wp:attachment":[{"href":"https:\/\/kapitalis.com\/tunisie\/wp-json\/wp\/v2\/media?parent=6277353"}],"wp:term":[{"taxonomy":"category","embeddable":true,"href":"https:\/\/kapitalis.com\/tunisie\/wp-json\/wp\/v2\/categories?post=6277353"},{"taxonomy":"post_tag","embeddable":true,"href":"https:\/\/kapitalis.com\/tunisie\/wp-json\/wp\/v2\/tags?post=6277353"}],"curies":[{"name":"wp","href":"https:\/\/api.w.org\/{rel}","templated":true}]}}