{"id":6283,"date":"2015-07-08T08:34:32","date_gmt":"2015-07-08T07:34:32","guid":{"rendered":"http:\/\/kapitalis.com\/tunisie\/?p=6283"},"modified":"2015-07-08T08:34:32","modified_gmt":"2015-07-08T07:34:32","slug":"biens-confisques-slim-chaker-auditionne-lundi-a-lassemblee","status":"publish","type":"post","link":"https:\/\/kapitalis.com\/tunisie\/2015\/07\/08\/biens-confisques-slim-chaker-auditionne-lundi-a-lassemblee\/","title":{"rendered":"Biens confisqu\u00e9s: Slim Chaker auditionn\u00e9 lundi \u00e0 l\u2019Assembl\u00e9e"},"content":{"rendered":"<p><img loading=\"lazy\" decoding=\"async\" class=\"aligncenter size-full wp-image-6284\" src=\"http:\/\/kapitalis.com\/tunisie\/wp-content\/uploads\/2015\/07\/Slim-Chaker-Finance.jpg\" alt=\"Slim-Chaker-Finance\" width=\"626\" height=\"380\" \/><\/p>\n<p><em><strong>Slim Chaker, ministre des Finances, sera auditionn\u00e9, lundi 13 juillet 2015, \u00e0 l\u2019Assembl\u00e9e des repr\u00e9sentants du peuple (ARP) sur les biens confisqu\u00e9s.<\/strong> <\/em><\/p>\n<p><!--more--><\/p>\n<p>Le ministre des Finances interviendra devant la Commission de r\u00e9forme administrative, de bonne gouvernance, de lutte contre la corruption et de contr\u00f4le de l\u2019utilisation de l\u2019argent public, en sa qualit\u00e9 de pr\u00e9sident de la Commission de gestion des avoirs et biens confisqu\u00e9s ou \u00e0 r\u00e9cup\u00e9rer par l\u2019Etat.<\/p>\n<p>La commission de l\u2019ARP a d\u00e9j\u00e0 \u00e9cout\u00e9 sur ce dossier Chedly Ayari, gouverneur de la Banque centrale de Tunisie (BCT), avec sa casquette de pr\u00e9sident de la Commission de r\u00e9cup\u00e9ration des avoirs spoli\u00e9s (par l&rsquo;ancien pr\u00e9sident Ben Ali et son clan, Ndlr), et Riadh Boujah, pr\u00e9sident de la Commission de confiscation.<\/p>\n<p style=\"text-align: right;\"><strong>Nabil Ben Ameur<\/strong><\/p>\n","protected":false},"excerpt":{"rendered":"<p>Slim Chaker, ministre des Finances, sera auditionn\u00e9, lundi 13 juillet 2015, \u00e0 l\u2019Assembl\u00e9e des repr\u00e9sentants du peuple (ARP) sur les biens confisqu\u00e9s.<\/p>\n","protected":false},"author":5,"featured_media":6284,"comment_status":"open","ping_status":"open","sticky":false,"template":"","format":"standard","meta":{"footnotes":""},"categories":[995,2433],"tags":[93,147,301,833],"class_list":["post-6283","post","type-post","status-publish","format-standard","has-post-thumbnail","hentry","category-economie","category-tunisie","tag-assemblee","tag-biens-confisques","tag-economie","tag-slim-chaker"],"yoast_head":"<!-- This site is optimized with the Yoast SEO plugin v26.6 - https:\/\/yoast.com\/wordpress\/plugins\/seo\/ -->\n<title>Biens confisqu\u00e9s: Slim Chaker auditionn\u00e9 lundi \u00e0 l\u2019Assembl\u00e9e - Kapitalis<\/title>\n<meta name=\"robots\" content=\"index, follow, max-snippet:-1, max-image-preview:large, max-video-preview:-1\" \/>\n<link rel=\"canonical\" href=\"https:\/\/kapitalis.com\/tunisie\/2015\/07\/08\/biens-confisques-slim-chaker-auditionne-lundi-a-lassemblee\/\" \/>\n<meta property=\"og:locale\" content=\"fr_FR\" \/>\n<meta property=\"og:type\" content=\"article\" \/>\n<meta property=\"og:title\" content=\"Biens confisqu\u00e9s: Slim Chaker auditionn\u00e9 lundi \u00e0 l\u2019Assembl\u00e9e - Kapitalis\" \/>\n<meta property=\"og:description\" content=\"Slim Chaker, ministre des Finances, sera auditionn\u00e9, lundi 13 juillet 2015, \u00e0 l\u2019Assembl\u00e9e des repr\u00e9sentants du peuple (ARP) sur les biens confisqu\u00e9s.\" \/>\n<meta property=\"og:url\" content=\"https:\/\/kapitalis.com\/tunisie\/2015\/07\/08\/biens-confisques-slim-chaker-auditionne-lundi-a-lassemblee\/\" \/>\n<meta property=\"og:site_name\" content=\"Kapitalis\" \/>\n<meta property=\"article:publisher\" content=\"https:\/\/www.facebook.com\/KapitalisInfo\/\" \/>\n<meta property=\"article:published_time\" content=\"2015-07-08T07:34:32+00:00\" \/>\n<meta property=\"og:image\" content=\"https:\/\/kapitalis.com\/tunisie\/wp-content\/uploads\/2022\/05\/kapitalis-logo-fb.png\" \/>\n\t<meta property=\"og:image:width\" content=\"1200\" \/>\n\t<meta property=\"og:image:height\" content=\"630\" \/>\n\t<meta property=\"og:image:type\" content=\"image\/png\" \/>\n<meta name=\"author\" content=\"Ridha Elkefi\" \/>\n<meta name=\"twitter:card\" content=\"summary_large_image\" \/>\n<meta name=\"twitter:creator\" content=\"@KapitalisInfo\" \/>\n<meta name=\"twitter:site\" content=\"@KapitalisInfo\" \/>\n<meta name=\"twitter:label1\" content=\"\u00c9crit par\" \/>\n\t<meta name=\"twitter:data1\" content=\"Ridha Elkefi\" \/>\n\t<meta name=\"twitter:label2\" content=\"Dur\u00e9e de lecture estim\u00e9e\" \/>\n\t<meta name=\"twitter:data2\" content=\"1 minute\" \/>\n<script type=\"application\/ld+json\" class=\"yoast-schema-graph\">{\"@context\":\"https:\/\/schema.org\",\"@graph\":[{\"@type\":\"Article\",\"@id\":\"https:\/\/kapitalis.com\/tunisie\/2015\/07\/08\/biens-confisques-slim-chaker-auditionne-lundi-a-lassemblee\/#article\",\"isPartOf\":{\"@id\":\"https:\/\/kapitalis.com\/tunisie\/2015\/07\/08\/biens-confisques-slim-chaker-auditionne-lundi-a-lassemblee\/\"},\"author\":{\"name\":\"Ridha Elkefi\",\"@id\":\"https:\/\/kapitalis.com\/tunisie\/#\/schema\/person\/16627fc9b2fc0116230e88af071eebab\"},\"headline\":\"Biens confisqu\u00e9s: Slim Chaker auditionn\u00e9 lundi \u00e0 l\u2019Assembl\u00e9e\",\"datePublished\":\"2015-07-08T07:34:32+00:00\",\"mainEntityOfPage\":{\"@id\":\"https:\/\/kapitalis.com\/tunisie\/2015\/07\/08\/biens-confisques-slim-chaker-auditionne-lundi-a-lassemblee\/\"},\"wordCount\":150,\"commentCount\":1,\"publisher\":{\"@id\":\"https:\/\/kapitalis.com\/tunisie\/#organization\"},\"image\":{\"@id\":\"https:\/\/kapitalis.com\/tunisie\/2015\/07\/08\/biens-confisques-slim-chaker-auditionne-lundi-a-lassemblee\/#primaryimage\"},\"thumbnailUrl\":\"\",\"keywords\":[\"Assembl\u00e9e\",\"biens confisqu\u00e9s\",\"\u00e9conomie\",\"Slim Chaker\"],\"articleSection\":[\"ECONOMIE\",\"Tunisie\"],\"inLanguage\":\"fr-FR\",\"potentialAction\":[{\"@type\":\"CommentAction\",\"name\":\"Comment\",\"target\":[\"https:\/\/kapitalis.com\/tunisie\/2015\/07\/08\/biens-confisques-slim-chaker-auditionne-lundi-a-lassemblee\/#respond\"]}]},{\"@type\":\"WebPage\",\"@id\":\"https:\/\/kapitalis.com\/tunisie\/2015\/07\/08\/biens-confisques-slim-chaker-auditionne-lundi-a-lassemblee\/\",\"url\":\"https:\/\/kapitalis.com\/tunisie\/2015\/07\/08\/biens-confisques-slim-chaker-auditionne-lundi-a-lassemblee\/\",\"name\":\"Biens confisqu\u00e9s: Slim Chaker auditionn\u00e9 lundi \u00e0 l\u2019Assembl\u00e9e - Kapitalis\",\"isPartOf\":{\"@id\":\"https:\/\/kapitalis.com\/tunisie\/#website\"},\"primaryImageOfPage\":{\"@id\":\"https:\/\/kapitalis.com\/tunisie\/2015\/07\/08\/biens-confisques-slim-chaker-auditionne-lundi-a-lassemblee\/#primaryimage\"},\"image\":{\"@id\":\"https:\/\/kapitalis.com\/tunisie\/2015\/07\/08\/biens-confisques-slim-chaker-auditionne-lundi-a-lassemblee\/#primaryimage\"},\"thumbnailUrl\":\"\",\"datePublished\":\"2015-07-08T07:34:32+00:00\",\"breadcrumb\":{\"@id\":\"https:\/\/kapitalis.com\/tunisie\/2015\/07\/08\/biens-confisques-slim-chaker-auditionne-lundi-a-lassemblee\/#breadcrumb\"},\"inLanguage\":\"fr-FR\",\"potentialAction\":[{\"@type\":\"ReadAction\",\"target\":[\"https:\/\/kapitalis.com\/tunisie\/2015\/07\/08\/biens-confisques-slim-chaker-auditionne-lundi-a-lassemblee\/\"]}]},{\"@type\":\"ImageObject\",\"inLanguage\":\"fr-FR\",\"@id\":\"https:\/\/kapitalis.com\/tunisie\/2015\/07\/08\/biens-confisques-slim-chaker-auditionne-lundi-a-lassemblee\/#primaryimage\",\"url\":\"\",\"contentUrl\":\"\"},{\"@type\":\"BreadcrumbList\",\"@id\":\"https:\/\/kapitalis.com\/tunisie\/2015\/07\/08\/biens-confisques-slim-chaker-auditionne-lundi-a-lassemblee\/#breadcrumb\",\"itemListElement\":[{\"@type\":\"ListItem\",\"position\":1,\"name\":\"Accueil\",\"item\":\"https:\/\/kapitalis.com\/tunisie\/\"},{\"@type\":\"ListItem\",\"position\":2,\"name\":\"Biens confisqu\u00e9s: Slim Chaker auditionn\u00e9 lundi \u00e0 l\u2019Assembl\u00e9e\"}]},{\"@type\":\"WebSite\",\"@id\":\"https:\/\/kapitalis.com\/tunisie\/#website\",\"url\":\"https:\/\/kapitalis.com\/tunisie\/\",\"name\":\"Kapitalis\",\"description\":\"L&#039;actualit\u00e9 en Tunisie et dans le monde\",\"publisher\":{\"@id\":\"https:\/\/kapitalis.com\/tunisie\/#organization\"},\"potentialAction\":[{\"@type\":\"SearchAction\",\"target\":{\"@type\":\"EntryPoint\",\"urlTemplate\":\"https:\/\/kapitalis.com\/tunisie\/?s={search_term_string}\"},\"query-input\":{\"@type\":\"PropertyValueSpecification\",\"valueRequired\":true,\"valueName\":\"search_term_string\"}}],\"inLanguage\":\"fr-FR\"},{\"@type\":\"Organization\",\"@id\":\"https:\/\/kapitalis.com\/tunisie\/#organization\",\"name\":\"Kapitalis\",\"url\":\"https:\/\/kapitalis.com\/tunisie\/\",\"logo\":{\"@type\":\"ImageObject\",\"inLanguage\":\"fr-FR\",\"@id\":\"https:\/\/kapitalis.com\/tunisie\/#\/schema\/logo\/image\/\",\"url\":\"https:\/\/kapitalis.com\/tunisie\/wp-content\/uploads\/2022\/05\/Kapitalis-big-size.png\",\"contentUrl\":\"https:\/\/kapitalis.com\/tunisie\/wp-content\/uploads\/2022\/05\/Kapitalis-big-size.png\",\"width\":5000,\"height\":1500,\"caption\":\"Kapitalis\"},\"image\":{\"@id\":\"https:\/\/kapitalis.com\/tunisie\/#\/schema\/logo\/image\/\"},\"sameAs\":[\"https:\/\/www.facebook.com\/KapitalisInfo\/\",\"https:\/\/x.com\/KapitalisInfo\",\"https:\/\/www.youtube.com\/channel\/UC-yDYrHyfFBWWZaOw3FPg9Q\"]},{\"@type\":\"Person\",\"@id\":\"https:\/\/kapitalis.com\/tunisie\/#\/schema\/person\/16627fc9b2fc0116230e88af071eebab\",\"name\":\"Ridha Elkefi\",\"url\":\"https:\/\/kapitalis.com\/tunisie\/author\/ridha-kefi\/\"}]}<\/script>\n<!-- \/ Yoast SEO plugin. -->","yoast_head_json":{"title":"Biens confisqu\u00e9s: Slim Chaker auditionn\u00e9 lundi \u00e0 l\u2019Assembl\u00e9e - Kapitalis","robots":{"index":"index","follow":"follow","max-snippet":"max-snippet:-1","max-image-preview":"max-image-preview:large","max-video-preview":"max-video-preview:-1"},"canonical":"https:\/\/kapitalis.com\/tunisie\/2015\/07\/08\/biens-confisques-slim-chaker-auditionne-lundi-a-lassemblee\/","og_locale":"fr_FR","og_type":"article","og_title":"Biens confisqu\u00e9s: Slim Chaker auditionn\u00e9 lundi \u00e0 l\u2019Assembl\u00e9e - Kapitalis","og_description":"Slim Chaker, ministre des Finances, sera auditionn\u00e9, lundi 13 juillet 2015, \u00e0 l\u2019Assembl\u00e9e des repr\u00e9sentants du peuple (ARP) sur les biens confisqu\u00e9s.","og_url":"https:\/\/kapitalis.com\/tunisie\/2015\/07\/08\/biens-confisques-slim-chaker-auditionne-lundi-a-lassemblee\/","og_site_name":"Kapitalis","article_publisher":"https:\/\/www.facebook.com\/KapitalisInfo\/","article_published_time":"2015-07-08T07:34:32+00:00","og_image":[{"width":1200,"height":630,"url":"https:\/\/kapitalis.com\/tunisie\/wp-content\/uploads\/2022\/05\/kapitalis-logo-fb.png","type":"image\/png"}],"author":"Ridha Elkefi","twitter_card":"summary_large_image","twitter_creator":"@KapitalisInfo","twitter_site":"@KapitalisInfo","twitter_misc":{"\u00c9crit par":"Ridha Elkefi","Dur\u00e9e de lecture estim\u00e9e":"1 minute"},"schema":{"@context":"https:\/\/schema.org","@graph":[{"@type":"Article","@id":"https:\/\/kapitalis.com\/tunisie\/2015\/07\/08\/biens-confisques-slim-chaker-auditionne-lundi-a-lassemblee\/#article","isPartOf":{"@id":"https:\/\/kapitalis.com\/tunisie\/2015\/07\/08\/biens-confisques-slim-chaker-auditionne-lundi-a-lassemblee\/"},"author":{"name":"Ridha Elkefi","@id":"https:\/\/kapitalis.com\/tunisie\/#\/schema\/person\/16627fc9b2fc0116230e88af071eebab"},"headline":"Biens confisqu\u00e9s: Slim Chaker auditionn\u00e9 lundi \u00e0 l\u2019Assembl\u00e9e","datePublished":"2015-07-08T07:34:32+00:00","mainEntityOfPage":{"@id":"https:\/\/kapitalis.com\/tunisie\/2015\/07\/08\/biens-confisques-slim-chaker-auditionne-lundi-a-lassemblee\/"},"wordCount":150,"commentCount":1,"publisher":{"@id":"https:\/\/kapitalis.com\/tunisie\/#organization"},"image":{"@id":"https:\/\/kapitalis.com\/tunisie\/2015\/07\/08\/biens-confisques-slim-chaker-auditionne-lundi-a-lassemblee\/#primaryimage"},"thumbnailUrl":"","keywords":["Assembl\u00e9e","biens confisqu\u00e9s","\u00e9conomie","Slim Chaker"],"articleSection":["ECONOMIE","Tunisie"],"inLanguage":"fr-FR","potentialAction":[{"@type":"CommentAction","name":"Comment","target":["https:\/\/kapitalis.com\/tunisie\/2015\/07\/08\/biens-confisques-slim-chaker-auditionne-lundi-a-lassemblee\/#respond"]}]},{"@type":"WebPage","@id":"https:\/\/kapitalis.com\/tunisie\/2015\/07\/08\/biens-confisques-slim-chaker-auditionne-lundi-a-lassemblee\/","url":"https:\/\/kapitalis.com\/tunisie\/2015\/07\/08\/biens-confisques-slim-chaker-auditionne-lundi-a-lassemblee\/","name":"Biens confisqu\u00e9s: Slim Chaker auditionn\u00e9 lundi \u00e0 l\u2019Assembl\u00e9e - Kapitalis","isPartOf":{"@id":"https:\/\/kapitalis.com\/tunisie\/#website"},"primaryImageOfPage":{"@id":"https:\/\/kapitalis.com\/tunisie\/2015\/07\/08\/biens-confisques-slim-chaker-auditionne-lundi-a-lassemblee\/#primaryimage"},"image":{"@id":"https:\/\/kapitalis.com\/tunisie\/2015\/07\/08\/biens-confisques-slim-chaker-auditionne-lundi-a-lassemblee\/#primaryimage"},"thumbnailUrl":"","datePublished":"2015-07-08T07:34:32+00:00","breadcrumb":{"@id":"https:\/\/kapitalis.com\/tunisie\/2015\/07\/08\/biens-confisques-slim-chaker-auditionne-lundi-a-lassemblee\/#breadcrumb"},"inLanguage":"fr-FR","potentialAction":[{"@type":"ReadAction","target":["https:\/\/kapitalis.com\/tunisie\/2015\/07\/08\/biens-confisques-slim-chaker-auditionne-lundi-a-lassemblee\/"]}]},{"@type":"ImageObject","inLanguage":"fr-FR","@id":"https:\/\/kapitalis.com\/tunisie\/2015\/07\/08\/biens-confisques-slim-chaker-auditionne-lundi-a-lassemblee\/#primaryimage","url":"","contentUrl":""},{"@type":"BreadcrumbList","@id":"https:\/\/kapitalis.com\/tunisie\/2015\/07\/08\/biens-confisques-slim-chaker-auditionne-lundi-a-lassemblee\/#breadcrumb","itemListElement":[{"@type":"ListItem","position":1,"name":"Accueil","item":"https:\/\/kapitalis.com\/tunisie\/"},{"@type":"ListItem","position":2,"name":"Biens confisqu\u00e9s: Slim Chaker auditionn\u00e9 lundi \u00e0 l\u2019Assembl\u00e9e"}]},{"@type":"WebSite","@id":"https:\/\/kapitalis.com\/tunisie\/#website","url":"https:\/\/kapitalis.com\/tunisie\/","name":"Kapitalis","description":"L&#039;actualit\u00e9 en Tunisie et dans le monde","publisher":{"@id":"https:\/\/kapitalis.com\/tunisie\/#organization"},"potentialAction":[{"@type":"SearchAction","target":{"@type":"EntryPoint","urlTemplate":"https:\/\/kapitalis.com\/tunisie\/?s={search_term_string}"},"query-input":{"@type":"PropertyValueSpecification","valueRequired":true,"valueName":"search_term_string"}}],"inLanguage":"fr-FR"},{"@type":"Organization","@id":"https:\/\/kapitalis.com\/tunisie\/#organization","name":"Kapitalis","url":"https:\/\/kapitalis.com\/tunisie\/","logo":{"@type":"ImageObject","inLanguage":"fr-FR","@id":"https:\/\/kapitalis.com\/tunisie\/#\/schema\/logo\/image\/","url":"https:\/\/kapitalis.com\/tunisie\/wp-content\/uploads\/2022\/05\/Kapitalis-big-size.png","contentUrl":"https:\/\/kapitalis.com\/tunisie\/wp-content\/uploads\/2022\/05\/Kapitalis-big-size.png","width":5000,"height":1500,"caption":"Kapitalis"},"image":{"@id":"https:\/\/kapitalis.com\/tunisie\/#\/schema\/logo\/image\/"},"sameAs":["https:\/\/www.facebook.com\/KapitalisInfo\/","https:\/\/x.com\/KapitalisInfo","https:\/\/www.youtube.com\/channel\/UC-yDYrHyfFBWWZaOw3FPg9Q"]},{"@type":"Person","@id":"https:\/\/kapitalis.com\/tunisie\/#\/schema\/person\/16627fc9b2fc0116230e88af071eebab","name":"Ridha Elkefi","url":"https:\/\/kapitalis.com\/tunisie\/author\/ridha-kefi\/"}]}},"_links":{"self":[{"href":"https:\/\/kapitalis.com\/tunisie\/wp-json\/wp\/v2\/posts\/6283","targetHints":{"allow":["GET"]}}],"collection":[{"href":"https:\/\/kapitalis.com\/tunisie\/wp-json\/wp\/v2\/posts"}],"about":[{"href":"https:\/\/kapitalis.com\/tunisie\/wp-json\/wp\/v2\/types\/post"}],"author":[{"embeddable":true,"href":"https:\/\/kapitalis.com\/tunisie\/wp-json\/wp\/v2\/users\/5"}],"replies":[{"embeddable":true,"href":"https:\/\/kapitalis.com\/tunisie\/wp-json\/wp\/v2\/comments?post=6283"}],"version-history":[{"count":0,"href":"https:\/\/kapitalis.com\/tunisie\/wp-json\/wp\/v2\/posts\/6283\/revisions"}],"wp:featuredmedia":[{"embeddable":true,"href":"https:\/\/kapitalis.com\/tunisie\/wp-json\/wp\/v2\/media\/6284"}],"wp:attachment":[{"href":"https:\/\/kapitalis.com\/tunisie\/wp-json\/wp\/v2\/media?parent=6283"}],"wp:term":[{"taxonomy":"category","embeddable":true,"href":"https:\/\/kapitalis.com\/tunisie\/wp-json\/wp\/v2\/categories?post=6283"},{"taxonomy":"post_tag","embeddable":true,"href":"https:\/\/kapitalis.com\/tunisie\/wp-json\/wp\/v2\/tags?post=6283"}],"curies":[{"name":"wp","href":"https:\/\/api.w.org\/{rel}","templated":true}]}}