{"id":6285261,"date":"2023-02-04T12:26:24","date_gmt":"2023-02-04T11:26:24","guid":{"rendered":"https:\/\/kapitalis.com\/tunisie\/?p=6285261"},"modified":"2023-02-04T12:26:26","modified_gmt":"2023-02-04T11:26:26","slug":"tunisie-les-industriels-du-cafe-appellent-a-liberaliser-le-secteur","status":"publish","type":"post","link":"https:\/\/kapitalis.com\/tunisie\/2023\/02\/04\/tunisie-les-industriels-du-cafe-appellent-a-liberaliser-le-secteur\/","title":{"rendered":"Tunisie\u00a0: les industriels du caf\u00e9 appellent \u00e0 lib\u00e9raliser le secteur"},"content":{"rendered":"\n<p><strong><em>Alors que le pr\u00e9sident Ka\u00efs Sa\u00efed continue de nous rebattre les oreilles avec les histoires de sp\u00e9culateurs qui seraient, selon lui, \u00e0 l\u2019origine des p\u00e9nuries actuelles des produits de base en Tunisie, voil\u00e0 que les professionnels montent au cr\u00e9neau pour pointer la mauvaise gouvernance des institutions de l\u2019Etat, qui sont les principales responsables de la plupart des p\u00e9nuries dont se plaignent les citoyens.<\/em><\/strong><\/p>\n\n\n\n<!--more-->\n\n\n\n<p>C\u2019est dans ce cadre que la Chambre &nbsp;syndicale nationale des torr\u00e9facteurs de caf\u00e9 a tenu \u00e0 rappeler aux consommateurs, dans un communiqu\u00e9 publi\u00e9 ce samedi 4 f\u00e9vrier 2023, qu\u2019elle n\u2019est pour rien dans la p\u00e9nurie de caf\u00e9 observ\u00e9e depuis plusieurs mois en Tunisie.<\/p>\n\n\n\n<p>Le responsable direct de cette p\u00e9nurie n\u2019est autre que l\u2019Office du commerce de Tunisie (OCT), d\u00e9pendant de l\u2019Etat et qui fait face de gros probl\u00e8mes pour financer ses importations, pr\u00e9cise la Chambre. &nbsp;&nbsp;<\/p>\n\n\n\n<p>L\u2019OCT, qui a \u00e9t\u00e9 cr\u00e9\u00e9 en vertu du d\u00e9cret n\u00b0 6 de l\u2019ann\u00e9e 1962, est la seule partie autoris\u00e9e \u00e0 fournir le march\u00e9 tunisien en caf\u00e9. Elle b\u00e9n\u00e9ficie \u00e9galement du monopole d\u2019importation et de distribution de ce produit, et assume la responsabilit\u00e9 de constitution de stocks strat\u00e9giques pour faire face \u00e0 la hausse de la demande lors des p\u00e9riodes de grande consommation (mois de ramadan, saison estivale et f\u00eates de fin d\u2019ann\u00e9e), explique la Chambre dans son communiqu\u00e9. &nbsp;<\/p>\n\n\n\n<p>Mais face \u00e0 la hausse continue du prix du caf\u00e9 sur le march\u00e9 international, l\u2019OCT n\u2019est plus en mesure de fournir aux industriels du secteur leurs besoins en caf\u00e9 vert, sachant que cette hausse n\u2019a pas \u00e9t\u00e9 prise en compte dans la structure des prix fix\u00e9s par le minist\u00e8re du Commerce, pr\u00e9cise encore la Chambre.<\/p>\n\n\n\n<figure class=\"wp-block-embed is-type-wp-embed is-provider-kapitalis wp-block-embed-kapitalis\"><div class=\"wp-block-embed__wrapper\">\n<blockquote class=\"wp-embedded-content\" data-secret=\"SvX540c7Od\"><a href=\"https:\/\/kapitalis.com\/tunisie\/2022\/09\/01\/faouzi-hanafi-dement-loct-le-stock-de-cafe-en-tuinisie-est-tres-insuffisant\/\">Faouzi Hanafi d\u00e9ment l\u2019OCT\u00a0: \u00abLe stock de caf\u00e9 en Tunisie est tr\u00e8s insuffisant\u00bb<\/a><\/blockquote><iframe loading=\"lazy\" class=\"wp-embedded-content\" sandbox=\"allow-scripts\" security=\"restricted\" style=\"position: absolute; clip: rect(1px, 1px, 1px, 1px);\" title=\"\u00ab\u00a0Faouzi Hanafi d\u00e9ment l\u2019OCT\u00a0: \u00abLe stock de caf\u00e9 en Tunisie est tr\u00e8s insuffisant\u00bb\u00a0\u00bb &#8212; Kapitalis\" src=\"https:\/\/kapitalis.com\/tunisie\/2022\/09\/01\/faouzi-hanafi-dement-loct-le-stock-de-cafe-en-tuinisie-est-tres-insuffisant\/embed\/#?secret=OY5tYd5U3H#?secret=SvX540c7Od\" data-secret=\"SvX540c7Od\" width=\"600\" height=\"338\" frameborder=\"0\" marginwidth=\"0\" marginheight=\"0\" scrolling=\"no\"><\/iframe>\n<\/div><\/figure>\n\n\n\n<p>Tout en rappelant que le secteur vit depuis plus de sept mois une double crise in\u00e9dite et dangereuse qui a caus\u00e9 la fermeture d\u2019usines de caf\u00e9 pendant plusieurs semaines, mena\u00e7ant ainsi la poursuite des activit\u00e9s et la p\u00e9rennit\u00e9 des entreprises, la Chambre a d\u00e9plor\u00e9 aussi le manque important de caf\u00e9 vert sur le march\u00e9&nbsp; et les \u00e9normes pertes subies par les entreprises au fil des jours, en raison du gel des prix depuis plus de deux ans, malgr\u00e9 les appels r\u00e9p\u00e9t\u00e9es des professionnels \u00e0 trouver des solutions radicales aux probl\u00e8mes que vit le secteur, sans que les autorit\u00e9s n\u2019y r\u00e9agissent.<\/p>\n\n\n\n<p>Par ailleurs, pr\u00e9cise la Chambre dans son communiqu\u00e9, le manque de caf\u00e9 sur le march\u00e9 a aggrav\u00e9 le ph\u00e9nom\u00e8ne du march\u00e9 parall\u00e8le dans toutes les r\u00e9gions, ce qui menace le tissu industriel national et la sant\u00e9 des citoyens, \u00e9tant donn\u00e9 l\u2019absence de contr\u00f4le de la qualit\u00e9 des produits. <strong><u><\/u><\/strong><\/p>\n\n\n\n<p>Face \u00e0 cette situation de crise et en l\u2019absence d\u2019une solution au blocage, la chambre appelle \u00e0 lib\u00e9raliser imm\u00e9diatement ce secteur tr\u00e8s concurrentiel pour permettre aux industriels d\u2019assumer leur responsabilit\u00e9 en fournissant le caf\u00e9 aux consommateurs et en garantissant la qualit\u00e9 requise. La lib\u00e9ralisation doit concerner aussi bien l\u2019importation du caf\u00e9 vert que de la fixation des prix de vente, \u00e0 l\u2019instar du caf\u00e9 torr\u00e9fi\u00e9 ou instantan\u00e9e, et ce conform\u00e9ment aux promesses faites et aux accords pass\u00e9s avec les autorit\u00e9s \u00e0 ce sujet, et qui n\u2019ont pas \u00e9t\u00e9 appliqu\u00e9s \u00e0 ce jour.<\/p>\n\n\n\n<p class=\"has-text-align-right\"><strong>I. B.<\/strong><\/p>\n\n\n\n<p class=\"has-text-align-left\"><strong> <\/strong><\/p>\n\n\n\n<figure class=\"wp-block-embed is-type-wp-embed is-provider-kapitalis wp-block-embed-kapitalis\"><div class=\"wp-block-embed__wrapper\">\n<blockquote class=\"wp-embedded-content\" data-secret=\"Wkhz05fpCq\"><a href=\"https:\/\/kapitalis.com\/tunisie\/2022\/08\/23\/tunisie-les-cafetiers-favorables-a-la-liberalisation-de-limportation-de-cafe\/\">Tunisie\u00a0: les cafetiers favorables \u00e0 la lib\u00e9ralisation de l\u2019importation de caf\u00e9<\/a><\/blockquote><iframe loading=\"lazy\" class=\"wp-embedded-content\" sandbox=\"allow-scripts\" security=\"restricted\" style=\"position: absolute; clip: rect(1px, 1px, 1px, 1px);\" title=\"\u00ab\u00a0Tunisie\u00a0: les cafetiers favorables \u00e0 la lib\u00e9ralisation de l\u2019importation de caf\u00e9\u00a0\u00bb &#8212; Kapitalis\" src=\"https:\/\/kapitalis.com\/tunisie\/2022\/08\/23\/tunisie-les-cafetiers-favorables-a-la-liberalisation-de-limportation-de-cafe\/embed\/#?secret=HEuNtal64R#?secret=Wkhz05fpCq\" data-secret=\"Wkhz05fpCq\" width=\"600\" height=\"338\" frameborder=\"0\" marginwidth=\"0\" marginheight=\"0\" scrolling=\"no\"><\/iframe>\n<\/div><\/figure>\n","protected":false},"excerpt":{"rendered":"<p>L&rsquo;office du commerce relevant de l&rsquo;Etat est le principal responsable de la p\u00e9nurie de caf\u00e9 en Tunisie. <\/p>\n","protected":false},"author":8,"featured_media":3280152,"comment_status":"open","ping_status":"open","sticky":false,"template":"","format":"standard","meta":{"footnotes":""},"categories":[995,2433],"tags":[1092,475,80177,2538,102239,62643],"class_list":["post-6285261","post","type-post","status-publish","format-standard","has-post-thumbnail","hentry","category-economie","category-tunisie","tag-cafe","tag-industrie","tag-office-du-commerce","tag-penurie","tag-torrefacteurs","tag-tunisie"],"yoast_head":"<!-- This site is optimized with the Yoast SEO plugin v26.6 - https:\/\/yoast.com\/wordpress\/plugins\/seo\/ -->\n<title>Tunisie\u00a0: les industriels du caf\u00e9 appellent \u00e0 lib\u00e9raliser le secteur - Kapitalis<\/title>\n<meta name=\"robots\" content=\"index, follow, max-snippet:-1, max-image-preview:large, max-video-preview:-1\" \/>\n<link rel=\"canonical\" href=\"https:\/\/kapitalis.com\/tunisie\/2023\/02\/04\/tunisie-les-industriels-du-cafe-appellent-a-liberaliser-le-secteur\/\" \/>\n<meta property=\"og:locale\" content=\"fr_FR\" \/>\n<meta property=\"og:type\" content=\"article\" \/>\n<meta property=\"og:title\" content=\"Tunisie\u00a0: les industriels du caf\u00e9 appellent \u00e0 lib\u00e9raliser le secteur - Kapitalis\" \/>\n<meta property=\"og:description\" content=\"L&#039;office du commerce relevant de l&#039;Etat est le principal responsable de la p\u00e9nurie de caf\u00e9 en Tunisie.\" \/>\n<meta property=\"og:url\" content=\"https:\/\/kapitalis.com\/tunisie\/2023\/02\/04\/tunisie-les-industriels-du-cafe-appellent-a-liberaliser-le-secteur\/\" \/>\n<meta property=\"og:site_name\" content=\"Kapitalis\" \/>\n<meta property=\"article:publisher\" content=\"https:\/\/www.facebook.com\/KapitalisInfo\/\" \/>\n<meta property=\"article:published_time\" content=\"2023-02-04T11:26:24+00:00\" \/>\n<meta property=\"article:modified_time\" content=\"2023-02-04T11:26:26+00:00\" \/>\n<meta property=\"og:image\" content=\"https:\/\/kapitalis.com\/tunisie\/wp-content\/uploads\/2022\/08\/Cafe.jpg\" \/>\n\t<meta property=\"og:image:width\" content=\"1200\" \/>\n\t<meta property=\"og:image:height\" content=\"630\" \/>\n\t<meta property=\"og:image:type\" content=\"image\/jpeg\" \/>\n<meta name=\"author\" content=\"webmaster kapitalis\" \/>\n<meta name=\"twitter:card\" content=\"summary_large_image\" \/>\n<meta name=\"twitter:creator\" content=\"@KapitalisInfo\" \/>\n<meta name=\"twitter:site\" content=\"@KapitalisInfo\" \/>\n<meta name=\"twitter:label1\" content=\"\u00c9crit par\" \/>\n\t<meta name=\"twitter:data1\" content=\"webmaster kapitalis\" \/>\n\t<meta name=\"twitter:label2\" content=\"Dur\u00e9e de lecture estim\u00e9e\" \/>\n\t<meta name=\"twitter:data2\" content=\"3 minutes\" \/>\n<script type=\"application\/ld+json\" class=\"yoast-schema-graph\">{\"@context\":\"https:\/\/schema.org\",\"@graph\":[{\"@type\":\"Article\",\"@id\":\"https:\/\/kapitalis.com\/tunisie\/2023\/02\/04\/tunisie-les-industriels-du-cafe-appellent-a-liberaliser-le-secteur\/#article\",\"isPartOf\":{\"@id\":\"https:\/\/kapitalis.com\/tunisie\/2023\/02\/04\/tunisie-les-industriels-du-cafe-appellent-a-liberaliser-le-secteur\/\"},\"author\":{\"name\":\"webmaster kapitalis\",\"@id\":\"https:\/\/kapitalis.com\/tunisie\/#\/schema\/person\/d71f33a9ca44f7bad4698210b480c8e9\"},\"headline\":\"Tunisie\u00a0: les industriels du caf\u00e9 appellent \u00e0 lib\u00e9raliser le secteur\",\"datePublished\":\"2023-02-04T11:26:24+00:00\",\"dateModified\":\"2023-02-04T11:26:26+00:00\",\"mainEntityOfPage\":{\"@id\":\"https:\/\/kapitalis.com\/tunisie\/2023\/02\/04\/tunisie-les-industriels-du-cafe-appellent-a-liberaliser-le-secteur\/\"},\"wordCount\":601,\"commentCount\":0,\"publisher\":{\"@id\":\"https:\/\/kapitalis.com\/tunisie\/#organization\"},\"image\":{\"@id\":\"https:\/\/kapitalis.com\/tunisie\/2023\/02\/04\/tunisie-les-industriels-du-cafe-appellent-a-liberaliser-le-secteur\/#primaryimage\"},\"thumbnailUrl\":\"https:\/\/kapitalis.com\/tunisie\/wp-content\/uploads\/2022\/08\/Cafe.jpg\",\"keywords\":[\"caf\u00e9\",\"industrie\",\"Office du commerce\",\"p\u00e9nurie\",\"torr\u00e9facteurs\",\"Tunisie\"],\"articleSection\":[\"ECONOMIE\",\"Tunisie\"],\"inLanguage\":\"fr-FR\",\"potentialAction\":[{\"@type\":\"CommentAction\",\"name\":\"Comment\",\"target\":[\"https:\/\/kapitalis.com\/tunisie\/2023\/02\/04\/tunisie-les-industriels-du-cafe-appellent-a-liberaliser-le-secteur\/#respond\"]}]},{\"@type\":\"WebPage\",\"@id\":\"https:\/\/kapitalis.com\/tunisie\/2023\/02\/04\/tunisie-les-industriels-du-cafe-appellent-a-liberaliser-le-secteur\/\",\"url\":\"https:\/\/kapitalis.com\/tunisie\/2023\/02\/04\/tunisie-les-industriels-du-cafe-appellent-a-liberaliser-le-secteur\/\",\"name\":\"Tunisie\u00a0: les industriels du caf\u00e9 appellent \u00e0 lib\u00e9raliser le secteur - Kapitalis\",\"isPartOf\":{\"@id\":\"https:\/\/kapitalis.com\/tunisie\/#website\"},\"primaryImageOfPage\":{\"@id\":\"https:\/\/kapitalis.com\/tunisie\/2023\/02\/04\/tunisie-les-industriels-du-cafe-appellent-a-liberaliser-le-secteur\/#primaryimage\"},\"image\":{\"@id\":\"https:\/\/kapitalis.com\/tunisie\/2023\/02\/04\/tunisie-les-industriels-du-cafe-appellent-a-liberaliser-le-secteur\/#primaryimage\"},\"thumbnailUrl\":\"https:\/\/kapitalis.com\/tunisie\/wp-content\/uploads\/2022\/08\/Cafe.jpg\",\"datePublished\":\"2023-02-04T11:26:24+00:00\",\"dateModified\":\"2023-02-04T11:26:26+00:00\",\"breadcrumb\":{\"@id\":\"https:\/\/kapitalis.com\/tunisie\/2023\/02\/04\/tunisie-les-industriels-du-cafe-appellent-a-liberaliser-le-secteur\/#breadcrumb\"},\"inLanguage\":\"fr-FR\",\"potentialAction\":[{\"@type\":\"ReadAction\",\"target\":[\"https:\/\/kapitalis.com\/tunisie\/2023\/02\/04\/tunisie-les-industriels-du-cafe-appellent-a-liberaliser-le-secteur\/\"]}]},{\"@type\":\"ImageObject\",\"inLanguage\":\"fr-FR\",\"@id\":\"https:\/\/kapitalis.com\/tunisie\/2023\/02\/04\/tunisie-les-industriels-du-cafe-appellent-a-liberaliser-le-secteur\/#primaryimage\",\"url\":\"https:\/\/kapitalis.com\/tunisie\/wp-content\/uploads\/2022\/08\/Cafe.jpg\",\"contentUrl\":\"https:\/\/kapitalis.com\/tunisie\/wp-content\/uploads\/2022\/08\/Cafe.jpg\",\"width\":1200,\"height\":630},{\"@type\":\"BreadcrumbList\",\"@id\":\"https:\/\/kapitalis.com\/tunisie\/2023\/02\/04\/tunisie-les-industriels-du-cafe-appellent-a-liberaliser-le-secteur\/#breadcrumb\",\"itemListElement\":[{\"@type\":\"ListItem\",\"position\":1,\"name\":\"Accueil\",\"item\":\"https:\/\/kapitalis.com\/tunisie\/\"},{\"@type\":\"ListItem\",\"position\":2,\"name\":\"Tunisie\u00a0: les industriels du caf\u00e9 appellent \u00e0 lib\u00e9raliser le secteur\"}]},{\"@type\":\"WebSite\",\"@id\":\"https:\/\/kapitalis.com\/tunisie\/#website\",\"url\":\"https:\/\/kapitalis.com\/tunisie\/\",\"name\":\"Kapitalis\",\"description\":\"L&#039;actualit\u00e9 en Tunisie et dans le monde\",\"publisher\":{\"@id\":\"https:\/\/kapitalis.com\/tunisie\/#organization\"},\"potentialAction\":[{\"@type\":\"SearchAction\",\"target\":{\"@type\":\"EntryPoint\",\"urlTemplate\":\"https:\/\/kapitalis.com\/tunisie\/?s={search_term_string}\"},\"query-input\":{\"@type\":\"PropertyValueSpecification\",\"valueRequired\":true,\"valueName\":\"search_term_string\"}}],\"inLanguage\":\"fr-FR\"},{\"@type\":\"Organization\",\"@id\":\"https:\/\/kapitalis.com\/tunisie\/#organization\",\"name\":\"Kapitalis\",\"url\":\"https:\/\/kapitalis.com\/tunisie\/\",\"logo\":{\"@type\":\"ImageObject\",\"inLanguage\":\"fr-FR\",\"@id\":\"https:\/\/kapitalis.com\/tunisie\/#\/schema\/logo\/image\/\",\"url\":\"https:\/\/kapitalis.com\/tunisie\/wp-content\/uploads\/2022\/05\/Kapitalis-big-size.png\",\"contentUrl\":\"https:\/\/kapitalis.com\/tunisie\/wp-content\/uploads\/2022\/05\/Kapitalis-big-size.png\",\"width\":5000,\"height\":1500,\"caption\":\"Kapitalis\"},\"image\":{\"@id\":\"https:\/\/kapitalis.com\/tunisie\/#\/schema\/logo\/image\/\"},\"sameAs\":[\"https:\/\/www.facebook.com\/KapitalisInfo\/\",\"https:\/\/x.com\/KapitalisInfo\",\"https:\/\/www.youtube.com\/channel\/UC-yDYrHyfFBWWZaOw3FPg9Q\"]},{\"@type\":\"Person\",\"@id\":\"https:\/\/kapitalis.com\/tunisie\/#\/schema\/person\/d71f33a9ca44f7bad4698210b480c8e9\",\"name\":\"webmaster kapitalis\",\"url\":\"https:\/\/kapitalis.com\/tunisie\/author\/webmaster-kapitalis\/\"}]}<\/script>\n<!-- \/ Yoast SEO plugin. -->","yoast_head_json":{"title":"Tunisie\u00a0: les industriels du caf\u00e9 appellent \u00e0 lib\u00e9raliser le secteur - Kapitalis","robots":{"index":"index","follow":"follow","max-snippet":"max-snippet:-1","max-image-preview":"max-image-preview:large","max-video-preview":"max-video-preview:-1"},"canonical":"https:\/\/kapitalis.com\/tunisie\/2023\/02\/04\/tunisie-les-industriels-du-cafe-appellent-a-liberaliser-le-secteur\/","og_locale":"fr_FR","og_type":"article","og_title":"Tunisie\u00a0: les industriels du caf\u00e9 appellent \u00e0 lib\u00e9raliser le secteur - Kapitalis","og_description":"L'office du commerce relevant de l'Etat est le principal responsable de la p\u00e9nurie de caf\u00e9 en Tunisie.","og_url":"https:\/\/kapitalis.com\/tunisie\/2023\/02\/04\/tunisie-les-industriels-du-cafe-appellent-a-liberaliser-le-secteur\/","og_site_name":"Kapitalis","article_publisher":"https:\/\/www.facebook.com\/KapitalisInfo\/","article_published_time":"2023-02-04T11:26:24+00:00","article_modified_time":"2023-02-04T11:26:26+00:00","og_image":[{"width":1200,"height":630,"url":"https:\/\/kapitalis.com\/tunisie\/wp-content\/uploads\/2022\/08\/Cafe.jpg","type":"image\/jpeg"}],"author":"webmaster kapitalis","twitter_card":"summary_large_image","twitter_creator":"@KapitalisInfo","twitter_site":"@KapitalisInfo","twitter_misc":{"\u00c9crit par":"webmaster kapitalis","Dur\u00e9e de lecture estim\u00e9e":"3 minutes"},"schema":{"@context":"https:\/\/schema.org","@graph":[{"@type":"Article","@id":"https:\/\/kapitalis.com\/tunisie\/2023\/02\/04\/tunisie-les-industriels-du-cafe-appellent-a-liberaliser-le-secteur\/#article","isPartOf":{"@id":"https:\/\/kapitalis.com\/tunisie\/2023\/02\/04\/tunisie-les-industriels-du-cafe-appellent-a-liberaliser-le-secteur\/"},"author":{"name":"webmaster kapitalis","@id":"https:\/\/kapitalis.com\/tunisie\/#\/schema\/person\/d71f33a9ca44f7bad4698210b480c8e9"},"headline":"Tunisie\u00a0: les industriels du caf\u00e9 appellent \u00e0 lib\u00e9raliser le secteur","datePublished":"2023-02-04T11:26:24+00:00","dateModified":"2023-02-04T11:26:26+00:00","mainEntityOfPage":{"@id":"https:\/\/kapitalis.com\/tunisie\/2023\/02\/04\/tunisie-les-industriels-du-cafe-appellent-a-liberaliser-le-secteur\/"},"wordCount":601,"commentCount":0,"publisher":{"@id":"https:\/\/kapitalis.com\/tunisie\/#organization"},"image":{"@id":"https:\/\/kapitalis.com\/tunisie\/2023\/02\/04\/tunisie-les-industriels-du-cafe-appellent-a-liberaliser-le-secteur\/#primaryimage"},"thumbnailUrl":"https:\/\/kapitalis.com\/tunisie\/wp-content\/uploads\/2022\/08\/Cafe.jpg","keywords":["caf\u00e9","industrie","Office du commerce","p\u00e9nurie","torr\u00e9facteurs","Tunisie"],"articleSection":["ECONOMIE","Tunisie"],"inLanguage":"fr-FR","potentialAction":[{"@type":"CommentAction","name":"Comment","target":["https:\/\/kapitalis.com\/tunisie\/2023\/02\/04\/tunisie-les-industriels-du-cafe-appellent-a-liberaliser-le-secteur\/#respond"]}]},{"@type":"WebPage","@id":"https:\/\/kapitalis.com\/tunisie\/2023\/02\/04\/tunisie-les-industriels-du-cafe-appellent-a-liberaliser-le-secteur\/","url":"https:\/\/kapitalis.com\/tunisie\/2023\/02\/04\/tunisie-les-industriels-du-cafe-appellent-a-liberaliser-le-secteur\/","name":"Tunisie\u00a0: les industriels du caf\u00e9 appellent \u00e0 lib\u00e9raliser le secteur - Kapitalis","isPartOf":{"@id":"https:\/\/kapitalis.com\/tunisie\/#website"},"primaryImageOfPage":{"@id":"https:\/\/kapitalis.com\/tunisie\/2023\/02\/04\/tunisie-les-industriels-du-cafe-appellent-a-liberaliser-le-secteur\/#primaryimage"},"image":{"@id":"https:\/\/kapitalis.com\/tunisie\/2023\/02\/04\/tunisie-les-industriels-du-cafe-appellent-a-liberaliser-le-secteur\/#primaryimage"},"thumbnailUrl":"https:\/\/kapitalis.com\/tunisie\/wp-content\/uploads\/2022\/08\/Cafe.jpg","datePublished":"2023-02-04T11:26:24+00:00","dateModified":"2023-02-04T11:26:26+00:00","breadcrumb":{"@id":"https:\/\/kapitalis.com\/tunisie\/2023\/02\/04\/tunisie-les-industriels-du-cafe-appellent-a-liberaliser-le-secteur\/#breadcrumb"},"inLanguage":"fr-FR","potentialAction":[{"@type":"ReadAction","target":["https:\/\/kapitalis.com\/tunisie\/2023\/02\/04\/tunisie-les-industriels-du-cafe-appellent-a-liberaliser-le-secteur\/"]}]},{"@type":"ImageObject","inLanguage":"fr-FR","@id":"https:\/\/kapitalis.com\/tunisie\/2023\/02\/04\/tunisie-les-industriels-du-cafe-appellent-a-liberaliser-le-secteur\/#primaryimage","url":"https:\/\/kapitalis.com\/tunisie\/wp-content\/uploads\/2022\/08\/Cafe.jpg","contentUrl":"https:\/\/kapitalis.com\/tunisie\/wp-content\/uploads\/2022\/08\/Cafe.jpg","width":1200,"height":630},{"@type":"BreadcrumbList","@id":"https:\/\/kapitalis.com\/tunisie\/2023\/02\/04\/tunisie-les-industriels-du-cafe-appellent-a-liberaliser-le-secteur\/#breadcrumb","itemListElement":[{"@type":"ListItem","position":1,"name":"Accueil","item":"https:\/\/kapitalis.com\/tunisie\/"},{"@type":"ListItem","position":2,"name":"Tunisie\u00a0: les industriels du caf\u00e9 appellent \u00e0 lib\u00e9raliser le secteur"}]},{"@type":"WebSite","@id":"https:\/\/kapitalis.com\/tunisie\/#website","url":"https:\/\/kapitalis.com\/tunisie\/","name":"Kapitalis","description":"L&#039;actualit\u00e9 en Tunisie et dans le monde","publisher":{"@id":"https:\/\/kapitalis.com\/tunisie\/#organization"},"potentialAction":[{"@type":"SearchAction","target":{"@type":"EntryPoint","urlTemplate":"https:\/\/kapitalis.com\/tunisie\/?s={search_term_string}"},"query-input":{"@type":"PropertyValueSpecification","valueRequired":true,"valueName":"search_term_string"}}],"inLanguage":"fr-FR"},{"@type":"Organization","@id":"https:\/\/kapitalis.com\/tunisie\/#organization","name":"Kapitalis","url":"https:\/\/kapitalis.com\/tunisie\/","logo":{"@type":"ImageObject","inLanguage":"fr-FR","@id":"https:\/\/kapitalis.com\/tunisie\/#\/schema\/logo\/image\/","url":"https:\/\/kapitalis.com\/tunisie\/wp-content\/uploads\/2022\/05\/Kapitalis-big-size.png","contentUrl":"https:\/\/kapitalis.com\/tunisie\/wp-content\/uploads\/2022\/05\/Kapitalis-big-size.png","width":5000,"height":1500,"caption":"Kapitalis"},"image":{"@id":"https:\/\/kapitalis.com\/tunisie\/#\/schema\/logo\/image\/"},"sameAs":["https:\/\/www.facebook.com\/KapitalisInfo\/","https:\/\/x.com\/KapitalisInfo","https:\/\/www.youtube.com\/channel\/UC-yDYrHyfFBWWZaOw3FPg9Q"]},{"@type":"Person","@id":"https:\/\/kapitalis.com\/tunisie\/#\/schema\/person\/d71f33a9ca44f7bad4698210b480c8e9","name":"webmaster kapitalis","url":"https:\/\/kapitalis.com\/tunisie\/author\/webmaster-kapitalis\/"}]}},"_links":{"self":[{"href":"https:\/\/kapitalis.com\/tunisie\/wp-json\/wp\/v2\/posts\/6285261","targetHints":{"allow":["GET"]}}],"collection":[{"href":"https:\/\/kapitalis.com\/tunisie\/wp-json\/wp\/v2\/posts"}],"about":[{"href":"https:\/\/kapitalis.com\/tunisie\/wp-json\/wp\/v2\/types\/post"}],"author":[{"embeddable":true,"href":"https:\/\/kapitalis.com\/tunisie\/wp-json\/wp\/v2\/users\/8"}],"replies":[{"embeddable":true,"href":"https:\/\/kapitalis.com\/tunisie\/wp-json\/wp\/v2\/comments?post=6285261"}],"version-history":[{"count":1,"href":"https:\/\/kapitalis.com\/tunisie\/wp-json\/wp\/v2\/posts\/6285261\/revisions"}],"predecessor-version":[{"id":6285315,"href":"https:\/\/kapitalis.com\/tunisie\/wp-json\/wp\/v2\/posts\/6285261\/revisions\/6285315"}],"wp:featuredmedia":[{"embeddable":true,"href":"https:\/\/kapitalis.com\/tunisie\/wp-json\/wp\/v2\/media\/3280152"}],"wp:attachment":[{"href":"https:\/\/kapitalis.com\/tunisie\/wp-json\/wp\/v2\/media?parent=6285261"}],"wp:term":[{"taxonomy":"category","embeddable":true,"href":"https:\/\/kapitalis.com\/tunisie\/wp-json\/wp\/v2\/categories?post=6285261"},{"taxonomy":"post_tag","embeddable":true,"href":"https:\/\/kapitalis.com\/tunisie\/wp-json\/wp\/v2\/tags?post=6285261"}],"curies":[{"name":"wp","href":"https:\/\/api.w.org\/{rel}","templated":true}]}}