{"id":6289867,"date":"2023-02-04T19:38:53","date_gmt":"2023-02-04T18:38:53","guid":{"rendered":"https:\/\/kapitalis.com\/tunisie\/?p=6289867"},"modified":"2023-02-04T20:42:27","modified_gmt":"2023-02-04T19:42:27","slug":"affaire-rached-khiari-le-proces-en-appel-fixe-au-16-fevrier","status":"publish","type":"post","link":"https:\/\/kapitalis.com\/tunisie\/2023\/02\/04\/affaire-rached-khiari-le-proces-en-appel-fixe-au-16-fevrier\/","title":{"rendered":"Affaire Rached Khiari : Le proc\u00e8s en appel fix\u00e9 au 16 f\u00e9vrier"},"content":{"rendered":"\n<p><em><strong>L&rsquo;ancien d\u00e9put\u00e9 de la coalition islamiste Al-Krama compara\u00eetra en appel le 16 f\u00e9vrier 2023, dans le cadre de l\u2019affaire relative \u00e0 ses d\u00e9clarations selon lesquelles le pr\u00e9sident Ka\u00efs Sa\u00efed avait b\u00e9n\u00e9fici\u00e9 de financements \u00e9trangers suspects pour sa campagne \u00e9lectorale en 2019, le traitant, au passage de \u00abtra\u00eetre et de collabo\u00bb.<\/strong><\/em><\/p>\n\n\n\n<!--more-->\n\n\n\n<p>En d\u00e9tention depuis le 3 ao\u00fbt 2022 \u00e0 la prison de la Mornaguia, Rached Khiari avait \u00e9t\u00e9 entendu le 17 janvier dernier et la chambre criminelle du Tribunal militaire s\u2019\u00e9tait dessaisie de l\u2019affaire pour incomp\u00e9tence et le minist\u00e8re public, avait pour sa part, fait appel de cette d\u00e9cision de justice.<\/p>\n\n\n\n<p>Rached Khiari rest\u00e9 en d\u00e9tention jusqu\u2019\u00e0 l\u2019examen de l\u2019affaire par la cour d\u2019appel, est \u00e9galement poursuivi dans d&rsquo;autres affaires. Ces avocats avaient d\u00e9nonc\u00e9 son maintien en d\u00e9tention et appel\u00e9 \u00e0 sa lib\u00e9ration, tout en affirmant que ce dernier souffre d&rsquo;une tumeur et en pointant du doigt \u00ab<em> une violation de son droit \u00e0 l\u2019acc\u00e8s aux soins\u00bb.<\/em><\/p>\n\n\n\n<p class=\"has-text-align-right\"><strong>Y. N.<\/strong><\/p>\n\n\n\n<figure class=\"wp-block-embed is-type-wp-embed is-provider-kapitalis wp-block-embed-kapitalis\"><div class=\"wp-block-embed__wrapper\">\n<blockquote class=\"wp-embedded-content\" data-secret=\"jmZoWxeyDe\"><a href=\"https:\/\/kapitalis.com\/tunisie\/2023\/01\/17\/tunisie-le-tribunal-militaire-se-dessaisit-de-laffaire-khiari-le-ministere-public-fait-appel\/\">Tunisie : Le Tribunal militaire se dessaisit de l\u2019affaire Khiari, le minist\u00e8re public fait appel<\/a><\/blockquote><iframe loading=\"lazy\" class=\"wp-embedded-content\" sandbox=\"allow-scripts\" security=\"restricted\" style=\"position: absolute; clip: rect(1px, 1px, 1px, 1px);\" title=\"\u00ab\u00a0Tunisie : Le Tribunal militaire se dessaisit de l\u2019affaire Khiari, le minist\u00e8re public fait appel\u00a0\u00bb &#8212; Kapitalis\" src=\"https:\/\/kapitalis.com\/tunisie\/2023\/01\/17\/tunisie-le-tribunal-militaire-se-dessaisit-de-laffaire-khiari-le-ministere-public-fait-appel\/embed\/#?secret=ZhPgIzKYB8#?secret=jmZoWxeyDe\" data-secret=\"jmZoWxeyDe\" width=\"600\" height=\"338\" frameborder=\"0\" marginwidth=\"0\" marginheight=\"0\" scrolling=\"no\"><\/iframe>\n<\/div><\/figure>\n","protected":false},"excerpt":{"rendered":"<p>Affaire Rached Khiari : Le proc\u00e8s en appel fix\u00e9 au 16 f\u00e9vrier<\/p>\n","protected":false},"author":6,"featured_media":2828641,"comment_status":"open","ping_status":"open","sticky":false,"template":"","format":"standard","meta":{"footnotes":""},"categories":[997,2433],"tags":[76464,85395,76012,84685,106433,7794,62643],"class_list":["post-6289867","post","type-post","status-publish","format-standard","has-post-thumbnail","hentry","category-politique","category-tunisie","tag-al-karama-2","tag-coalition-islamiste","tag-kais-saied-2","tag-proces-en-appel","tag-rached-khiari-2","tag-tribunal-militaire","tag-tunisie"],"yoast_head":"<!-- This site is optimized with the Yoast SEO plugin v26.6 - https:\/\/yoast.com\/wordpress\/plugins\/seo\/ -->\n<title>Affaire Rached Khiari : Le proc\u00e8s en appel fix\u00e9 au 16 f\u00e9vrier - Kapitalis<\/title>\n<meta name=\"description\" content=\"L&#039;ancien d\u00e9put\u00e9 de la coalition Al-Krama compara\u00eetra en appel, le 16 f\u00e9vrier 2023, dans le cadre de l\u2019affaire relative \u00e0 ses d\u00e9clarations selon lesquelles le pr\u00e9sident Ka\u00efs Sa\u00efed avait b\u00e9n\u00e9fici\u00e9 de financements \u00e9trangers suspects pour sa campagne \u00e9lectorale en 2019, le traitant, au passage de \u00abtra\u00eetre et de collabo\u00bb.\" \/>\n<meta name=\"robots\" content=\"index, follow, max-snippet:-1, max-image-preview:large, max-video-preview:-1\" \/>\n<link rel=\"canonical\" href=\"https:\/\/kapitalis.com\/tunisie\/2023\/02\/04\/affaire-rached-khiari-le-proces-en-appel-fixe-au-16-fevrier\/\" \/>\n<meta property=\"og:locale\" content=\"fr_FR\" \/>\n<meta property=\"og:type\" content=\"article\" \/>\n<meta property=\"og:title\" content=\"Affaire Rached Khiari : Le proc\u00e8s en appel fix\u00e9 au 16 f\u00e9vrier - Kapitalis\" \/>\n<meta property=\"og:description\" content=\"L&#039;ancien d\u00e9put\u00e9 de la coalition Al-Krama compara\u00eetra en appel, le 16 f\u00e9vrier 2023, dans le cadre de l\u2019affaire relative \u00e0 ses d\u00e9clarations selon lesquelles le pr\u00e9sident Ka\u00efs Sa\u00efed avait b\u00e9n\u00e9fici\u00e9 de financements \u00e9trangers suspects pour sa campagne \u00e9lectorale en 2019, le traitant, au passage de \u00abtra\u00eetre et de collabo\u00bb.\" \/>\n<meta property=\"og:url\" content=\"https:\/\/kapitalis.com\/tunisie\/2023\/02\/04\/affaire-rached-khiari-le-proces-en-appel-fixe-au-16-fevrier\/\" \/>\n<meta property=\"og:site_name\" content=\"Kapitalis\" \/>\n<meta property=\"article:publisher\" content=\"https:\/\/www.facebook.com\/KapitalisInfo\/\" \/>\n<meta property=\"article:published_time\" content=\"2023-02-04T18:38:53+00:00\" \/>\n<meta property=\"article:modified_time\" content=\"2023-02-04T19:42:27+00:00\" \/>\n<meta property=\"og:image\" content=\"https:\/\/kapitalis.com\/tunisie\/wp-content\/uploads\/2022\/08\/Rached-Khiari-1.jpg\" \/>\n\t<meta property=\"og:image:width\" content=\"1200\" \/>\n\t<meta property=\"og:image:height\" content=\"630\" \/>\n\t<meta property=\"og:image:type\" content=\"image\/jpeg\" \/>\n<meta name=\"author\" content=\"Yusra NY\" \/>\n<meta name=\"twitter:card\" content=\"summary_large_image\" \/>\n<meta name=\"twitter:creator\" content=\"@KapitalisInfo\" \/>\n<meta name=\"twitter:site\" content=\"@KapitalisInfo\" \/>\n<meta name=\"twitter:label1\" content=\"\u00c9crit par\" \/>\n\t<meta name=\"twitter:data1\" content=\"Yusra NY\" \/>\n\t<meta name=\"twitter:label2\" content=\"Dur\u00e9e de lecture estim\u00e9e\" \/>\n\t<meta name=\"twitter:data2\" content=\"1 minute\" \/>\n<script type=\"application\/ld+json\" class=\"yoast-schema-graph\">{\"@context\":\"https:\/\/schema.org\",\"@graph\":[{\"@type\":\"Article\",\"@id\":\"https:\/\/kapitalis.com\/tunisie\/2023\/02\/04\/affaire-rached-khiari-le-proces-en-appel-fixe-au-16-fevrier\/#article\",\"isPartOf\":{\"@id\":\"https:\/\/kapitalis.com\/tunisie\/2023\/02\/04\/affaire-rached-khiari-le-proces-en-appel-fixe-au-16-fevrier\/\"},\"author\":{\"name\":\"Yusra NY\",\"@id\":\"https:\/\/kapitalis.com\/tunisie\/#\/schema\/person\/74bbde0154d49d790a92aaeac5bc01d5\"},\"headline\":\"Affaire Rached Khiari : Le proc\u00e8s en appel fix\u00e9 au 16 f\u00e9vrier\",\"datePublished\":\"2023-02-04T18:38:53+00:00\",\"dateModified\":\"2023-02-04T19:42:27+00:00\",\"mainEntityOfPage\":{\"@id\":\"https:\/\/kapitalis.com\/tunisie\/2023\/02\/04\/affaire-rached-khiari-le-proces-en-appel-fixe-au-16-fevrier\/\"},\"wordCount\":191,\"commentCount\":1,\"publisher\":{\"@id\":\"https:\/\/kapitalis.com\/tunisie\/#organization\"},\"image\":{\"@id\":\"https:\/\/kapitalis.com\/tunisie\/2023\/02\/04\/affaire-rached-khiari-le-proces-en-appel-fixe-au-16-fevrier\/#primaryimage\"},\"thumbnailUrl\":\"https:\/\/kapitalis.com\/tunisie\/wp-content\/uploads\/2022\/08\/Rached-Khiari-1.jpg\",\"keywords\":[\"Al-Karama\",\"coalition islamiste\",\"Ka\u00efs Sa\u00efed\",\"proc\u00e8s en appel\",\"Rached Khiari :\",\"Tribunal militaire\",\"Tunisie\"],\"articleSection\":[\"POLITIQUE\",\"Tunisie\"],\"inLanguage\":\"fr-FR\",\"potentialAction\":[{\"@type\":\"CommentAction\",\"name\":\"Comment\",\"target\":[\"https:\/\/kapitalis.com\/tunisie\/2023\/02\/04\/affaire-rached-khiari-le-proces-en-appel-fixe-au-16-fevrier\/#respond\"]}]},{\"@type\":\"WebPage\",\"@id\":\"https:\/\/kapitalis.com\/tunisie\/2023\/02\/04\/affaire-rached-khiari-le-proces-en-appel-fixe-au-16-fevrier\/\",\"url\":\"https:\/\/kapitalis.com\/tunisie\/2023\/02\/04\/affaire-rached-khiari-le-proces-en-appel-fixe-au-16-fevrier\/\",\"name\":\"Affaire Rached Khiari : Le proc\u00e8s en appel fix\u00e9 au 16 f\u00e9vrier - Kapitalis\",\"isPartOf\":{\"@id\":\"https:\/\/kapitalis.com\/tunisie\/#website\"},\"primaryImageOfPage\":{\"@id\":\"https:\/\/kapitalis.com\/tunisie\/2023\/02\/04\/affaire-rached-khiari-le-proces-en-appel-fixe-au-16-fevrier\/#primaryimage\"},\"image\":{\"@id\":\"https:\/\/kapitalis.com\/tunisie\/2023\/02\/04\/affaire-rached-khiari-le-proces-en-appel-fixe-au-16-fevrier\/#primaryimage\"},\"thumbnailUrl\":\"https:\/\/kapitalis.com\/tunisie\/wp-content\/uploads\/2022\/08\/Rached-Khiari-1.jpg\",\"datePublished\":\"2023-02-04T18:38:53+00:00\",\"dateModified\":\"2023-02-04T19:42:27+00:00\",\"description\":\"L'ancien d\u00e9put\u00e9 de la coalition Al-Krama compara\u00eetra en appel, le 16 f\u00e9vrier 2023, dans le cadre de l\u2019affaire relative \u00e0 ses d\u00e9clarations selon lesquelles le pr\u00e9sident Ka\u00efs Sa\u00efed avait b\u00e9n\u00e9fici\u00e9 de financements \u00e9trangers suspects pour sa campagne \u00e9lectorale en 2019, le traitant, au passage de \u00abtra\u00eetre et de collabo\u00bb.\",\"breadcrumb\":{\"@id\":\"https:\/\/kapitalis.com\/tunisie\/2023\/02\/04\/affaire-rached-khiari-le-proces-en-appel-fixe-au-16-fevrier\/#breadcrumb\"},\"inLanguage\":\"fr-FR\",\"potentialAction\":[{\"@type\":\"ReadAction\",\"target\":[\"https:\/\/kapitalis.com\/tunisie\/2023\/02\/04\/affaire-rached-khiari-le-proces-en-appel-fixe-au-16-fevrier\/\"]}]},{\"@type\":\"ImageObject\",\"inLanguage\":\"fr-FR\",\"@id\":\"https:\/\/kapitalis.com\/tunisie\/2023\/02\/04\/affaire-rached-khiari-le-proces-en-appel-fixe-au-16-fevrier\/#primaryimage\",\"url\":\"https:\/\/kapitalis.com\/tunisie\/wp-content\/uploads\/2022\/08\/Rached-Khiari-1.jpg\",\"contentUrl\":\"https:\/\/kapitalis.com\/tunisie\/wp-content\/uploads\/2022\/08\/Rached-Khiari-1.jpg\",\"width\":1200,\"height\":630},{\"@type\":\"BreadcrumbList\",\"@id\":\"https:\/\/kapitalis.com\/tunisie\/2023\/02\/04\/affaire-rached-khiari-le-proces-en-appel-fixe-au-16-fevrier\/#breadcrumb\",\"itemListElement\":[{\"@type\":\"ListItem\",\"position\":1,\"name\":\"Accueil\",\"item\":\"https:\/\/kapitalis.com\/tunisie\/\"},{\"@type\":\"ListItem\",\"position\":2,\"name\":\"Affaire Rached Khiari : Le proc\u00e8s en appel fix\u00e9 au 16 f\u00e9vrier\"}]},{\"@type\":\"WebSite\",\"@id\":\"https:\/\/kapitalis.com\/tunisie\/#website\",\"url\":\"https:\/\/kapitalis.com\/tunisie\/\",\"name\":\"Kapitalis\",\"description\":\"L&#039;actualit\u00e9 en Tunisie et dans le monde\",\"publisher\":{\"@id\":\"https:\/\/kapitalis.com\/tunisie\/#organization\"},\"potentialAction\":[{\"@type\":\"SearchAction\",\"target\":{\"@type\":\"EntryPoint\",\"urlTemplate\":\"https:\/\/kapitalis.com\/tunisie\/?s={search_term_string}\"},\"query-input\":{\"@type\":\"PropertyValueSpecification\",\"valueRequired\":true,\"valueName\":\"search_term_string\"}}],\"inLanguage\":\"fr-FR\"},{\"@type\":\"Organization\",\"@id\":\"https:\/\/kapitalis.com\/tunisie\/#organization\",\"name\":\"Kapitalis\",\"url\":\"https:\/\/kapitalis.com\/tunisie\/\",\"logo\":{\"@type\":\"ImageObject\",\"inLanguage\":\"fr-FR\",\"@id\":\"https:\/\/kapitalis.com\/tunisie\/#\/schema\/logo\/image\/\",\"url\":\"https:\/\/kapitalis.com\/tunisie\/wp-content\/uploads\/2022\/05\/Kapitalis-big-size.png\",\"contentUrl\":\"https:\/\/kapitalis.com\/tunisie\/wp-content\/uploads\/2022\/05\/Kapitalis-big-size.png\",\"width\":5000,\"height\":1500,\"caption\":\"Kapitalis\"},\"image\":{\"@id\":\"https:\/\/kapitalis.com\/tunisie\/#\/schema\/logo\/image\/\"},\"sameAs\":[\"https:\/\/www.facebook.com\/KapitalisInfo\/\",\"https:\/\/x.com\/KapitalisInfo\",\"https:\/\/www.youtube.com\/channel\/UC-yDYrHyfFBWWZaOw3FPg9Q\"]},{\"@type\":\"Person\",\"@id\":\"https:\/\/kapitalis.com\/tunisie\/#\/schema\/person\/74bbde0154d49d790a92aaeac5bc01d5\",\"name\":\"Yusra NY\",\"url\":\"https:\/\/kapitalis.com\/tunisie\/author\/yuza_adam\/\"}]}<\/script>\n<!-- \/ Yoast SEO plugin. -->","yoast_head_json":{"title":"Affaire Rached Khiari : Le proc\u00e8s en appel fix\u00e9 au 16 f\u00e9vrier - Kapitalis","description":"L'ancien d\u00e9put\u00e9 de la coalition Al-Krama compara\u00eetra en appel, le 16 f\u00e9vrier 2023, dans le cadre de l\u2019affaire relative \u00e0 ses d\u00e9clarations selon lesquelles le pr\u00e9sident Ka\u00efs Sa\u00efed avait b\u00e9n\u00e9fici\u00e9 de financements \u00e9trangers suspects pour sa campagne \u00e9lectorale en 2019, le traitant, au passage de \u00abtra\u00eetre et de collabo\u00bb.","robots":{"index":"index","follow":"follow","max-snippet":"max-snippet:-1","max-image-preview":"max-image-preview:large","max-video-preview":"max-video-preview:-1"},"canonical":"https:\/\/kapitalis.com\/tunisie\/2023\/02\/04\/affaire-rached-khiari-le-proces-en-appel-fixe-au-16-fevrier\/","og_locale":"fr_FR","og_type":"article","og_title":"Affaire Rached Khiari : Le proc\u00e8s en appel fix\u00e9 au 16 f\u00e9vrier - Kapitalis","og_description":"L'ancien d\u00e9put\u00e9 de la coalition Al-Krama compara\u00eetra en appel, le 16 f\u00e9vrier 2023, dans le cadre de l\u2019affaire relative \u00e0 ses d\u00e9clarations selon lesquelles le pr\u00e9sident Ka\u00efs Sa\u00efed avait b\u00e9n\u00e9fici\u00e9 de financements \u00e9trangers suspects pour sa campagne \u00e9lectorale en 2019, le traitant, au passage de \u00abtra\u00eetre et de collabo\u00bb.","og_url":"https:\/\/kapitalis.com\/tunisie\/2023\/02\/04\/affaire-rached-khiari-le-proces-en-appel-fixe-au-16-fevrier\/","og_site_name":"Kapitalis","article_publisher":"https:\/\/www.facebook.com\/KapitalisInfo\/","article_published_time":"2023-02-04T18:38:53+00:00","article_modified_time":"2023-02-04T19:42:27+00:00","og_image":[{"width":1200,"height":630,"url":"https:\/\/kapitalis.com\/tunisie\/wp-content\/uploads\/2022\/08\/Rached-Khiari-1.jpg","type":"image\/jpeg"}],"author":"Yusra NY","twitter_card":"summary_large_image","twitter_creator":"@KapitalisInfo","twitter_site":"@KapitalisInfo","twitter_misc":{"\u00c9crit par":"Yusra NY","Dur\u00e9e de lecture estim\u00e9e":"1 minute"},"schema":{"@context":"https:\/\/schema.org","@graph":[{"@type":"Article","@id":"https:\/\/kapitalis.com\/tunisie\/2023\/02\/04\/affaire-rached-khiari-le-proces-en-appel-fixe-au-16-fevrier\/#article","isPartOf":{"@id":"https:\/\/kapitalis.com\/tunisie\/2023\/02\/04\/affaire-rached-khiari-le-proces-en-appel-fixe-au-16-fevrier\/"},"author":{"name":"Yusra NY","@id":"https:\/\/kapitalis.com\/tunisie\/#\/schema\/person\/74bbde0154d49d790a92aaeac5bc01d5"},"headline":"Affaire Rached Khiari : Le proc\u00e8s en appel fix\u00e9 au 16 f\u00e9vrier","datePublished":"2023-02-04T18:38:53+00:00","dateModified":"2023-02-04T19:42:27+00:00","mainEntityOfPage":{"@id":"https:\/\/kapitalis.com\/tunisie\/2023\/02\/04\/affaire-rached-khiari-le-proces-en-appel-fixe-au-16-fevrier\/"},"wordCount":191,"commentCount":1,"publisher":{"@id":"https:\/\/kapitalis.com\/tunisie\/#organization"},"image":{"@id":"https:\/\/kapitalis.com\/tunisie\/2023\/02\/04\/affaire-rached-khiari-le-proces-en-appel-fixe-au-16-fevrier\/#primaryimage"},"thumbnailUrl":"https:\/\/kapitalis.com\/tunisie\/wp-content\/uploads\/2022\/08\/Rached-Khiari-1.jpg","keywords":["Al-Karama","coalition islamiste","Ka\u00efs Sa\u00efed","proc\u00e8s en appel","Rached Khiari :","Tribunal militaire","Tunisie"],"articleSection":["POLITIQUE","Tunisie"],"inLanguage":"fr-FR","potentialAction":[{"@type":"CommentAction","name":"Comment","target":["https:\/\/kapitalis.com\/tunisie\/2023\/02\/04\/affaire-rached-khiari-le-proces-en-appel-fixe-au-16-fevrier\/#respond"]}]},{"@type":"WebPage","@id":"https:\/\/kapitalis.com\/tunisie\/2023\/02\/04\/affaire-rached-khiari-le-proces-en-appel-fixe-au-16-fevrier\/","url":"https:\/\/kapitalis.com\/tunisie\/2023\/02\/04\/affaire-rached-khiari-le-proces-en-appel-fixe-au-16-fevrier\/","name":"Affaire Rached Khiari : Le proc\u00e8s en appel fix\u00e9 au 16 f\u00e9vrier - Kapitalis","isPartOf":{"@id":"https:\/\/kapitalis.com\/tunisie\/#website"},"primaryImageOfPage":{"@id":"https:\/\/kapitalis.com\/tunisie\/2023\/02\/04\/affaire-rached-khiari-le-proces-en-appel-fixe-au-16-fevrier\/#primaryimage"},"image":{"@id":"https:\/\/kapitalis.com\/tunisie\/2023\/02\/04\/affaire-rached-khiari-le-proces-en-appel-fixe-au-16-fevrier\/#primaryimage"},"thumbnailUrl":"https:\/\/kapitalis.com\/tunisie\/wp-content\/uploads\/2022\/08\/Rached-Khiari-1.jpg","datePublished":"2023-02-04T18:38:53+00:00","dateModified":"2023-02-04T19:42:27+00:00","description":"L'ancien d\u00e9put\u00e9 de la coalition Al-Krama compara\u00eetra en appel, le 16 f\u00e9vrier 2023, dans le cadre de l\u2019affaire relative \u00e0 ses d\u00e9clarations selon lesquelles le pr\u00e9sident Ka\u00efs Sa\u00efed avait b\u00e9n\u00e9fici\u00e9 de financements \u00e9trangers suspects pour sa campagne \u00e9lectorale en 2019, le traitant, au passage de \u00abtra\u00eetre et de collabo\u00bb.","breadcrumb":{"@id":"https:\/\/kapitalis.com\/tunisie\/2023\/02\/04\/affaire-rached-khiari-le-proces-en-appel-fixe-au-16-fevrier\/#breadcrumb"},"inLanguage":"fr-FR","potentialAction":[{"@type":"ReadAction","target":["https:\/\/kapitalis.com\/tunisie\/2023\/02\/04\/affaire-rached-khiari-le-proces-en-appel-fixe-au-16-fevrier\/"]}]},{"@type":"ImageObject","inLanguage":"fr-FR","@id":"https:\/\/kapitalis.com\/tunisie\/2023\/02\/04\/affaire-rached-khiari-le-proces-en-appel-fixe-au-16-fevrier\/#primaryimage","url":"https:\/\/kapitalis.com\/tunisie\/wp-content\/uploads\/2022\/08\/Rached-Khiari-1.jpg","contentUrl":"https:\/\/kapitalis.com\/tunisie\/wp-content\/uploads\/2022\/08\/Rached-Khiari-1.jpg","width":1200,"height":630},{"@type":"BreadcrumbList","@id":"https:\/\/kapitalis.com\/tunisie\/2023\/02\/04\/affaire-rached-khiari-le-proces-en-appel-fixe-au-16-fevrier\/#breadcrumb","itemListElement":[{"@type":"ListItem","position":1,"name":"Accueil","item":"https:\/\/kapitalis.com\/tunisie\/"},{"@type":"ListItem","position":2,"name":"Affaire Rached Khiari : Le proc\u00e8s en appel fix\u00e9 au 16 f\u00e9vrier"}]},{"@type":"WebSite","@id":"https:\/\/kapitalis.com\/tunisie\/#website","url":"https:\/\/kapitalis.com\/tunisie\/","name":"Kapitalis","description":"L&#039;actualit\u00e9 en Tunisie et dans le monde","publisher":{"@id":"https:\/\/kapitalis.com\/tunisie\/#organization"},"potentialAction":[{"@type":"SearchAction","target":{"@type":"EntryPoint","urlTemplate":"https:\/\/kapitalis.com\/tunisie\/?s={search_term_string}"},"query-input":{"@type":"PropertyValueSpecification","valueRequired":true,"valueName":"search_term_string"}}],"inLanguage":"fr-FR"},{"@type":"Organization","@id":"https:\/\/kapitalis.com\/tunisie\/#organization","name":"Kapitalis","url":"https:\/\/kapitalis.com\/tunisie\/","logo":{"@type":"ImageObject","inLanguage":"fr-FR","@id":"https:\/\/kapitalis.com\/tunisie\/#\/schema\/logo\/image\/","url":"https:\/\/kapitalis.com\/tunisie\/wp-content\/uploads\/2022\/05\/Kapitalis-big-size.png","contentUrl":"https:\/\/kapitalis.com\/tunisie\/wp-content\/uploads\/2022\/05\/Kapitalis-big-size.png","width":5000,"height":1500,"caption":"Kapitalis"},"image":{"@id":"https:\/\/kapitalis.com\/tunisie\/#\/schema\/logo\/image\/"},"sameAs":["https:\/\/www.facebook.com\/KapitalisInfo\/","https:\/\/x.com\/KapitalisInfo","https:\/\/www.youtube.com\/channel\/UC-yDYrHyfFBWWZaOw3FPg9Q"]},{"@type":"Person","@id":"https:\/\/kapitalis.com\/tunisie\/#\/schema\/person\/74bbde0154d49d790a92aaeac5bc01d5","name":"Yusra NY","url":"https:\/\/kapitalis.com\/tunisie\/author\/yuza_adam\/"}]}},"_links":{"self":[{"href":"https:\/\/kapitalis.com\/tunisie\/wp-json\/wp\/v2\/posts\/6289867","targetHints":{"allow":["GET"]}}],"collection":[{"href":"https:\/\/kapitalis.com\/tunisie\/wp-json\/wp\/v2\/posts"}],"about":[{"href":"https:\/\/kapitalis.com\/tunisie\/wp-json\/wp\/v2\/types\/post"}],"author":[{"embeddable":true,"href":"https:\/\/kapitalis.com\/tunisie\/wp-json\/wp\/v2\/users\/6"}],"replies":[{"embeddable":true,"href":"https:\/\/kapitalis.com\/tunisie\/wp-json\/wp\/v2\/comments?post=6289867"}],"version-history":[{"count":2,"href":"https:\/\/kapitalis.com\/tunisie\/wp-json\/wp\/v2\/posts\/6289867\/revisions"}],"predecessor-version":[{"id":6290014,"href":"https:\/\/kapitalis.com\/tunisie\/wp-json\/wp\/v2\/posts\/6289867\/revisions\/6290014"}],"wp:featuredmedia":[{"embeddable":true,"href":"https:\/\/kapitalis.com\/tunisie\/wp-json\/wp\/v2\/media\/2828641"}],"wp:attachment":[{"href":"https:\/\/kapitalis.com\/tunisie\/wp-json\/wp\/v2\/media?parent=6289867"}],"wp:term":[{"taxonomy":"category","embeddable":true,"href":"https:\/\/kapitalis.com\/tunisie\/wp-json\/wp\/v2\/categories?post=6289867"},{"taxonomy":"post_tag","embeddable":true,"href":"https:\/\/kapitalis.com\/tunisie\/wp-json\/wp\/v2\/tags?post=6289867"}],"curies":[{"name":"wp","href":"https:\/\/api.w.org\/{rel}","templated":true}]}}