{"id":6292,"date":"2015-07-08T09:26:07","date_gmt":"2015-07-08T08:26:07","guid":{"rendered":"http:\/\/kapitalis.com\/tunisie\/?p=6292"},"modified":"2015-07-08T09:26:07","modified_gmt":"2015-07-08T08:26:07","slug":"tunisie-liberation-de-2-diplomates-russes-accuses-despionnage","status":"publish","type":"post","link":"https:\/\/kapitalis.com\/tunisie\/2015\/07\/08\/tunisie-liberation-de-2-diplomates-russes-accuses-despionnage\/","title":{"rendered":"Tunisie: Lib\u00e9ration de 2 diplomates russes accus\u00e9s d\u2019espionnage"},"content":{"rendered":"<p><img loading=\"lazy\" decoding=\"async\" class=\"aligncenter size-full wp-image-6293\" src=\"http:\/\/kapitalis.com\/tunisie\/wp-content\/uploads\/2015\/07\/Palais-de-Justice.jpg\" alt=\"Palais-de-Justice\" width=\"626\" height=\"380\" \/><\/p>\n<p><em><strong>La justice en Tunisie a lib\u00e9r\u00e9 deux ressortissants russes, Michael Salikov et Kayamran Rasim Ogly Ragimov, accus\u00e9s dans une affaire d\u2019espionnage.<\/strong><\/em><\/p>\n<p><!--more--><\/p>\n<p>Les 2 diplomates, qui ont \u00e9t\u00e9 lib\u00e9r\u00e9s parce qu\u2019ils b\u00e9n\u00e9ficient de l\u2019immunit\u00e9 diplomatique, sont soup\u00e7onn\u00e9s d\u2019avoir notamment demand\u00e9, moyennant finances, \u00e0 des agents des services municipaux d\u2019\u00e9tat civil, de leur fournir des donn\u00e9es sur les jeunes moins de 30 ans.<\/p>\n<p>Le juge a, par contre, \u00e9mis des mandats de d\u00e9p\u00f4t \u00e0 l\u2019encontre de 4 Tunisiens dont une femme, impliqu\u00e9s dans la m\u00eame affaire.<\/p>\n<p style=\"text-align: right;\"><strong>Z. A.<\/strong><\/p>\n<p style=\"text-align: left;\"><em><strong>Illustration<\/strong>: Palais de justice de Tunis.<\/em><\/p>\n","protected":false},"excerpt":{"rendered":"<p>La justice en Tunisie a lib\u00e9r\u00e9 deux ressortissants russes, Michael Salikov et Kayamran Rasim Ogly Ragimov, accus\u00e9s dans une affaire d\u2019espionnage.<\/p>\n","protected":false},"author":5,"featured_media":6293,"comment_status":"open","ping_status":"open","sticky":false,"template":"","format":"standard","meta":{"footnotes":""},"categories":[997,2433],"tags":[2069,3071,731,3070],"class_list":["post-6292","post","type-post","status-publish","format-standard","has-post-thumbnail","hentry","category-politique","category-tunisie","tag-diplomates","tag-espionnage","tag-politique","tag-russes"],"yoast_head":"<!-- This site is optimized with the Yoast SEO plugin v26.6 - https:\/\/yoast.com\/wordpress\/plugins\/seo\/ -->\n<title>Tunisie: Lib\u00e9ration de 2 diplomates russes accus\u00e9s d\u2019espionnage - Kapitalis<\/title>\n<meta name=\"robots\" content=\"index, follow, max-snippet:-1, max-image-preview:large, max-video-preview:-1\" \/>\n<link rel=\"canonical\" href=\"https:\/\/kapitalis.com\/tunisie\/2015\/07\/08\/tunisie-liberation-de-2-diplomates-russes-accuses-despionnage\/\" \/>\n<meta property=\"og:locale\" content=\"fr_FR\" \/>\n<meta property=\"og:type\" content=\"article\" \/>\n<meta property=\"og:title\" content=\"Tunisie: Lib\u00e9ration de 2 diplomates russes accus\u00e9s d\u2019espionnage - Kapitalis\" \/>\n<meta property=\"og:description\" content=\"La justice en Tunisie a lib\u00e9r\u00e9 deux ressortissants russes, Michael Salikov et Kayamran Rasim Ogly Ragimov, accus\u00e9s dans une affaire d\u2019espionnage.\" \/>\n<meta property=\"og:url\" content=\"https:\/\/kapitalis.com\/tunisie\/2015\/07\/08\/tunisie-liberation-de-2-diplomates-russes-accuses-despionnage\/\" \/>\n<meta property=\"og:site_name\" content=\"Kapitalis\" \/>\n<meta property=\"article:publisher\" content=\"https:\/\/www.facebook.com\/KapitalisInfo\/\" \/>\n<meta property=\"article:published_time\" content=\"2015-07-08T08:26:07+00:00\" \/>\n<meta property=\"og:image\" content=\"https:\/\/kapitalis.com\/tunisie\/wp-content\/uploads\/2022\/05\/kapitalis-logo-fb.png\" \/>\n\t<meta property=\"og:image:width\" content=\"1200\" \/>\n\t<meta property=\"og:image:height\" content=\"630\" \/>\n\t<meta property=\"og:image:type\" content=\"image\/png\" \/>\n<meta name=\"author\" content=\"Ridha Elkefi\" \/>\n<meta name=\"twitter:card\" content=\"summary_large_image\" \/>\n<meta name=\"twitter:creator\" content=\"@KapitalisInfo\" \/>\n<meta name=\"twitter:site\" content=\"@KapitalisInfo\" \/>\n<meta name=\"twitter:label1\" content=\"\u00c9crit par\" \/>\n\t<meta name=\"twitter:data1\" content=\"Ridha Elkefi\" \/>\n\t<meta name=\"twitter:label2\" content=\"Dur\u00e9e de lecture estim\u00e9e\" \/>\n\t<meta name=\"twitter:data2\" content=\"1 minute\" \/>\n<script type=\"application\/ld+json\" class=\"yoast-schema-graph\">{\"@context\":\"https:\/\/schema.org\",\"@graph\":[{\"@type\":\"Article\",\"@id\":\"https:\/\/kapitalis.com\/tunisie\/2015\/07\/08\/tunisie-liberation-de-2-diplomates-russes-accuses-despionnage\/#article\",\"isPartOf\":{\"@id\":\"https:\/\/kapitalis.com\/tunisie\/2015\/07\/08\/tunisie-liberation-de-2-diplomates-russes-accuses-despionnage\/\"},\"author\":{\"name\":\"Ridha Elkefi\",\"@id\":\"https:\/\/kapitalis.com\/tunisie\/#\/schema\/person\/16627fc9b2fc0116230e88af071eebab\"},\"headline\":\"Tunisie: Lib\u00e9ration de 2 diplomates russes accus\u00e9s d\u2019espionnage\",\"datePublished\":\"2015-07-08T08:26:07+00:00\",\"mainEntityOfPage\":{\"@id\":\"https:\/\/kapitalis.com\/tunisie\/2015\/07\/08\/tunisie-liberation-de-2-diplomates-russes-accuses-despionnage\/\"},\"wordCount\":116,\"commentCount\":1,\"publisher\":{\"@id\":\"https:\/\/kapitalis.com\/tunisie\/#organization\"},\"image\":{\"@id\":\"https:\/\/kapitalis.com\/tunisie\/2015\/07\/08\/tunisie-liberation-de-2-diplomates-russes-accuses-despionnage\/#primaryimage\"},\"thumbnailUrl\":\"\",\"keywords\":[\"diplomates\",\"espionnage\",\"politique\",\"russes\"],\"articleSection\":[\"POLITIQUE\",\"Tunisie\"],\"inLanguage\":\"fr-FR\",\"potentialAction\":[{\"@type\":\"CommentAction\",\"name\":\"Comment\",\"target\":[\"https:\/\/kapitalis.com\/tunisie\/2015\/07\/08\/tunisie-liberation-de-2-diplomates-russes-accuses-despionnage\/#respond\"]}]},{\"@type\":\"WebPage\",\"@id\":\"https:\/\/kapitalis.com\/tunisie\/2015\/07\/08\/tunisie-liberation-de-2-diplomates-russes-accuses-despionnage\/\",\"url\":\"https:\/\/kapitalis.com\/tunisie\/2015\/07\/08\/tunisie-liberation-de-2-diplomates-russes-accuses-despionnage\/\",\"name\":\"Tunisie: Lib\u00e9ration de 2 diplomates russes accus\u00e9s d\u2019espionnage - Kapitalis\",\"isPartOf\":{\"@id\":\"https:\/\/kapitalis.com\/tunisie\/#website\"},\"primaryImageOfPage\":{\"@id\":\"https:\/\/kapitalis.com\/tunisie\/2015\/07\/08\/tunisie-liberation-de-2-diplomates-russes-accuses-despionnage\/#primaryimage\"},\"image\":{\"@id\":\"https:\/\/kapitalis.com\/tunisie\/2015\/07\/08\/tunisie-liberation-de-2-diplomates-russes-accuses-despionnage\/#primaryimage\"},\"thumbnailUrl\":\"\",\"datePublished\":\"2015-07-08T08:26:07+00:00\",\"breadcrumb\":{\"@id\":\"https:\/\/kapitalis.com\/tunisie\/2015\/07\/08\/tunisie-liberation-de-2-diplomates-russes-accuses-despionnage\/#breadcrumb\"},\"inLanguage\":\"fr-FR\",\"potentialAction\":[{\"@type\":\"ReadAction\",\"target\":[\"https:\/\/kapitalis.com\/tunisie\/2015\/07\/08\/tunisie-liberation-de-2-diplomates-russes-accuses-despionnage\/\"]}]},{\"@type\":\"ImageObject\",\"inLanguage\":\"fr-FR\",\"@id\":\"https:\/\/kapitalis.com\/tunisie\/2015\/07\/08\/tunisie-liberation-de-2-diplomates-russes-accuses-despionnage\/#primaryimage\",\"url\":\"\",\"contentUrl\":\"\"},{\"@type\":\"BreadcrumbList\",\"@id\":\"https:\/\/kapitalis.com\/tunisie\/2015\/07\/08\/tunisie-liberation-de-2-diplomates-russes-accuses-despionnage\/#breadcrumb\",\"itemListElement\":[{\"@type\":\"ListItem\",\"position\":1,\"name\":\"Accueil\",\"item\":\"https:\/\/kapitalis.com\/tunisie\/\"},{\"@type\":\"ListItem\",\"position\":2,\"name\":\"Tunisie: Lib\u00e9ration de 2 diplomates russes accus\u00e9s d\u2019espionnage\"}]},{\"@type\":\"WebSite\",\"@id\":\"https:\/\/kapitalis.com\/tunisie\/#website\",\"url\":\"https:\/\/kapitalis.com\/tunisie\/\",\"name\":\"Kapitalis\",\"description\":\"L&#039;actualit\u00e9 en Tunisie et dans le monde\",\"publisher\":{\"@id\":\"https:\/\/kapitalis.com\/tunisie\/#organization\"},\"potentialAction\":[{\"@type\":\"SearchAction\",\"target\":{\"@type\":\"EntryPoint\",\"urlTemplate\":\"https:\/\/kapitalis.com\/tunisie\/?s={search_term_string}\"},\"query-input\":{\"@type\":\"PropertyValueSpecification\",\"valueRequired\":true,\"valueName\":\"search_term_string\"}}],\"inLanguage\":\"fr-FR\"},{\"@type\":\"Organization\",\"@id\":\"https:\/\/kapitalis.com\/tunisie\/#organization\",\"name\":\"Kapitalis\",\"url\":\"https:\/\/kapitalis.com\/tunisie\/\",\"logo\":{\"@type\":\"ImageObject\",\"inLanguage\":\"fr-FR\",\"@id\":\"https:\/\/kapitalis.com\/tunisie\/#\/schema\/logo\/image\/\",\"url\":\"https:\/\/kapitalis.com\/tunisie\/wp-content\/uploads\/2022\/05\/Kapitalis-big-size.png\",\"contentUrl\":\"https:\/\/kapitalis.com\/tunisie\/wp-content\/uploads\/2022\/05\/Kapitalis-big-size.png\",\"width\":5000,\"height\":1500,\"caption\":\"Kapitalis\"},\"image\":{\"@id\":\"https:\/\/kapitalis.com\/tunisie\/#\/schema\/logo\/image\/\"},\"sameAs\":[\"https:\/\/www.facebook.com\/KapitalisInfo\/\",\"https:\/\/x.com\/KapitalisInfo\",\"https:\/\/www.youtube.com\/channel\/UC-yDYrHyfFBWWZaOw3FPg9Q\"]},{\"@type\":\"Person\",\"@id\":\"https:\/\/kapitalis.com\/tunisie\/#\/schema\/person\/16627fc9b2fc0116230e88af071eebab\",\"name\":\"Ridha Elkefi\",\"url\":\"https:\/\/kapitalis.com\/tunisie\/author\/ridha-kefi\/\"}]}<\/script>\n<!-- \/ Yoast SEO plugin. -->","yoast_head_json":{"title":"Tunisie: Lib\u00e9ration de 2 diplomates russes accus\u00e9s d\u2019espionnage - Kapitalis","robots":{"index":"index","follow":"follow","max-snippet":"max-snippet:-1","max-image-preview":"max-image-preview:large","max-video-preview":"max-video-preview:-1"},"canonical":"https:\/\/kapitalis.com\/tunisie\/2015\/07\/08\/tunisie-liberation-de-2-diplomates-russes-accuses-despionnage\/","og_locale":"fr_FR","og_type":"article","og_title":"Tunisie: Lib\u00e9ration de 2 diplomates russes accus\u00e9s d\u2019espionnage - Kapitalis","og_description":"La justice en Tunisie a lib\u00e9r\u00e9 deux ressortissants russes, Michael Salikov et Kayamran Rasim Ogly Ragimov, accus\u00e9s dans une affaire d\u2019espionnage.","og_url":"https:\/\/kapitalis.com\/tunisie\/2015\/07\/08\/tunisie-liberation-de-2-diplomates-russes-accuses-despionnage\/","og_site_name":"Kapitalis","article_publisher":"https:\/\/www.facebook.com\/KapitalisInfo\/","article_published_time":"2015-07-08T08:26:07+00:00","og_image":[{"width":1200,"height":630,"url":"https:\/\/kapitalis.com\/tunisie\/wp-content\/uploads\/2022\/05\/kapitalis-logo-fb.png","type":"image\/png"}],"author":"Ridha Elkefi","twitter_card":"summary_large_image","twitter_creator":"@KapitalisInfo","twitter_site":"@KapitalisInfo","twitter_misc":{"\u00c9crit par":"Ridha Elkefi","Dur\u00e9e de lecture estim\u00e9e":"1 minute"},"schema":{"@context":"https:\/\/schema.org","@graph":[{"@type":"Article","@id":"https:\/\/kapitalis.com\/tunisie\/2015\/07\/08\/tunisie-liberation-de-2-diplomates-russes-accuses-despionnage\/#article","isPartOf":{"@id":"https:\/\/kapitalis.com\/tunisie\/2015\/07\/08\/tunisie-liberation-de-2-diplomates-russes-accuses-despionnage\/"},"author":{"name":"Ridha Elkefi","@id":"https:\/\/kapitalis.com\/tunisie\/#\/schema\/person\/16627fc9b2fc0116230e88af071eebab"},"headline":"Tunisie: Lib\u00e9ration de 2 diplomates russes accus\u00e9s d\u2019espionnage","datePublished":"2015-07-08T08:26:07+00:00","mainEntityOfPage":{"@id":"https:\/\/kapitalis.com\/tunisie\/2015\/07\/08\/tunisie-liberation-de-2-diplomates-russes-accuses-despionnage\/"},"wordCount":116,"commentCount":1,"publisher":{"@id":"https:\/\/kapitalis.com\/tunisie\/#organization"},"image":{"@id":"https:\/\/kapitalis.com\/tunisie\/2015\/07\/08\/tunisie-liberation-de-2-diplomates-russes-accuses-despionnage\/#primaryimage"},"thumbnailUrl":"","keywords":["diplomates","espionnage","politique","russes"],"articleSection":["POLITIQUE","Tunisie"],"inLanguage":"fr-FR","potentialAction":[{"@type":"CommentAction","name":"Comment","target":["https:\/\/kapitalis.com\/tunisie\/2015\/07\/08\/tunisie-liberation-de-2-diplomates-russes-accuses-despionnage\/#respond"]}]},{"@type":"WebPage","@id":"https:\/\/kapitalis.com\/tunisie\/2015\/07\/08\/tunisie-liberation-de-2-diplomates-russes-accuses-despionnage\/","url":"https:\/\/kapitalis.com\/tunisie\/2015\/07\/08\/tunisie-liberation-de-2-diplomates-russes-accuses-despionnage\/","name":"Tunisie: Lib\u00e9ration de 2 diplomates russes accus\u00e9s d\u2019espionnage - Kapitalis","isPartOf":{"@id":"https:\/\/kapitalis.com\/tunisie\/#website"},"primaryImageOfPage":{"@id":"https:\/\/kapitalis.com\/tunisie\/2015\/07\/08\/tunisie-liberation-de-2-diplomates-russes-accuses-despionnage\/#primaryimage"},"image":{"@id":"https:\/\/kapitalis.com\/tunisie\/2015\/07\/08\/tunisie-liberation-de-2-diplomates-russes-accuses-despionnage\/#primaryimage"},"thumbnailUrl":"","datePublished":"2015-07-08T08:26:07+00:00","breadcrumb":{"@id":"https:\/\/kapitalis.com\/tunisie\/2015\/07\/08\/tunisie-liberation-de-2-diplomates-russes-accuses-despionnage\/#breadcrumb"},"inLanguage":"fr-FR","potentialAction":[{"@type":"ReadAction","target":["https:\/\/kapitalis.com\/tunisie\/2015\/07\/08\/tunisie-liberation-de-2-diplomates-russes-accuses-despionnage\/"]}]},{"@type":"ImageObject","inLanguage":"fr-FR","@id":"https:\/\/kapitalis.com\/tunisie\/2015\/07\/08\/tunisie-liberation-de-2-diplomates-russes-accuses-despionnage\/#primaryimage","url":"","contentUrl":""},{"@type":"BreadcrumbList","@id":"https:\/\/kapitalis.com\/tunisie\/2015\/07\/08\/tunisie-liberation-de-2-diplomates-russes-accuses-despionnage\/#breadcrumb","itemListElement":[{"@type":"ListItem","position":1,"name":"Accueil","item":"https:\/\/kapitalis.com\/tunisie\/"},{"@type":"ListItem","position":2,"name":"Tunisie: Lib\u00e9ration de 2 diplomates russes accus\u00e9s d\u2019espionnage"}]},{"@type":"WebSite","@id":"https:\/\/kapitalis.com\/tunisie\/#website","url":"https:\/\/kapitalis.com\/tunisie\/","name":"Kapitalis","description":"L&#039;actualit\u00e9 en Tunisie et dans le monde","publisher":{"@id":"https:\/\/kapitalis.com\/tunisie\/#organization"},"potentialAction":[{"@type":"SearchAction","target":{"@type":"EntryPoint","urlTemplate":"https:\/\/kapitalis.com\/tunisie\/?s={search_term_string}"},"query-input":{"@type":"PropertyValueSpecification","valueRequired":true,"valueName":"search_term_string"}}],"inLanguage":"fr-FR"},{"@type":"Organization","@id":"https:\/\/kapitalis.com\/tunisie\/#organization","name":"Kapitalis","url":"https:\/\/kapitalis.com\/tunisie\/","logo":{"@type":"ImageObject","inLanguage":"fr-FR","@id":"https:\/\/kapitalis.com\/tunisie\/#\/schema\/logo\/image\/","url":"https:\/\/kapitalis.com\/tunisie\/wp-content\/uploads\/2022\/05\/Kapitalis-big-size.png","contentUrl":"https:\/\/kapitalis.com\/tunisie\/wp-content\/uploads\/2022\/05\/Kapitalis-big-size.png","width":5000,"height":1500,"caption":"Kapitalis"},"image":{"@id":"https:\/\/kapitalis.com\/tunisie\/#\/schema\/logo\/image\/"},"sameAs":["https:\/\/www.facebook.com\/KapitalisInfo\/","https:\/\/x.com\/KapitalisInfo","https:\/\/www.youtube.com\/channel\/UC-yDYrHyfFBWWZaOw3FPg9Q"]},{"@type":"Person","@id":"https:\/\/kapitalis.com\/tunisie\/#\/schema\/person\/16627fc9b2fc0116230e88af071eebab","name":"Ridha Elkefi","url":"https:\/\/kapitalis.com\/tunisie\/author\/ridha-kefi\/"}]}},"_links":{"self":[{"href":"https:\/\/kapitalis.com\/tunisie\/wp-json\/wp\/v2\/posts\/6292","targetHints":{"allow":["GET"]}}],"collection":[{"href":"https:\/\/kapitalis.com\/tunisie\/wp-json\/wp\/v2\/posts"}],"about":[{"href":"https:\/\/kapitalis.com\/tunisie\/wp-json\/wp\/v2\/types\/post"}],"author":[{"embeddable":true,"href":"https:\/\/kapitalis.com\/tunisie\/wp-json\/wp\/v2\/users\/5"}],"replies":[{"embeddable":true,"href":"https:\/\/kapitalis.com\/tunisie\/wp-json\/wp\/v2\/comments?post=6292"}],"version-history":[{"count":0,"href":"https:\/\/kapitalis.com\/tunisie\/wp-json\/wp\/v2\/posts\/6292\/revisions"}],"wp:featuredmedia":[{"embeddable":true,"href":"https:\/\/kapitalis.com\/tunisie\/wp-json\/wp\/v2\/media\/6293"}],"wp:attachment":[{"href":"https:\/\/kapitalis.com\/tunisie\/wp-json\/wp\/v2\/media?parent=6292"}],"wp:term":[{"taxonomy":"category","embeddable":true,"href":"https:\/\/kapitalis.com\/tunisie\/wp-json\/wp\/v2\/categories?post=6292"},{"taxonomy":"post_tag","embeddable":true,"href":"https:\/\/kapitalis.com\/tunisie\/wp-json\/wp\/v2\/tags?post=6292"}],"curies":[{"name":"wp","href":"https:\/\/api.w.org\/{rel}","templated":true}]}}