{"id":6301831,"date":"2023-02-05T10:43:32","date_gmt":"2023-02-05T09:43:32","guid":{"rendered":"https:\/\/kapitalis.com\/tunisie\/?p=6301831"},"modified":"2023-02-05T10:43:34","modified_gmt":"2023-02-05T09:43:34","slug":"tunisie-les-opportunistes-se-bousculent-au-portillon-de-kais-saied","status":"publish","type":"post","link":"https:\/\/kapitalis.com\/tunisie\/2023\/02\/05\/tunisie-les-opportunistes-se-bousculent-au-portillon-de-kais-saied\/","title":{"rendered":"Tunisie\u00a0: les opportunistes se bousculent au portillon de Ka\u00efs Sa\u00efed"},"content":{"rendered":"\n<p><strong><em>L\u2019initiative appel\u00e9e Pour la victoire du peuple, qui a profit\u00e9 du boycottage des derni\u00e8res l\u00e9gislatives par la plupart des partis qui comptent en Tunisie pour faire \u00e9lire un certain nombre de ses candidats, a form\u00e9 un bloc parlementaire de 42 d\u00e9put\u00e9s et entam\u00e9 des consultations avec 16 autres, a annonc\u00e9 Zouhair Hamdi, l\u2019un de ses membres.<\/em><\/strong><\/p>\n\n\n\n<!--more-->\n\n\n\n<p>Cette initiative, rappelons-le, est constitu\u00e9e de gauchistes en rupture avec leur famille politique et de nationalistes arabes adorateurs inv\u00e9t\u00e9r\u00e9s des dictateurs, rassembl\u00e9s autour d\u2019un m\u00eame objectif\u00a0: exister politiquement aux c\u00f4t\u00e9s du pr\u00e9sident Ka\u00efs Sa\u00efed qu\u2019ils soutiennent sans conditions et dont ils attendent qu\u2019il leur jette quelques miettes, notamment des nominations \u00e0 quelques postes minist\u00e9riels. <\/p>\n\n\n\n<p>L\u2019un des leurs, l\u2019ex-secr\u00e9taire g\u00e9n\u00e9ral adjoint de l\u2019Union g\u00e9n\u00e9rale tunisienne du travail (UGTT), Mohamed Ali Boughdiri, entr\u00e9 en dissidence contre la direction actuelle de la centrale syndicale, n\u2019a-t-il pas \u00e9t\u00e9 r\u00e9cemment promu ministre de l\u2019Education sans qu\u2019on ne lui connaisse la moindre comp\u00e9tence dans ce domaine&nbsp;? De quoi aiguiser l\u2019app\u00e9tit de futurs parvenus\u2026 &nbsp;&nbsp;&nbsp;<\/p>\n\n\n\n<p>Zouhair Hamdi,&nbsp;secr\u00e9taire g\u00e9n\u00e9ral du Courant populaire, un petit parti de tendance nationaliste arabe,&nbsp;a mis en garde contre les pressions exerc\u00e9es sur les nouveaux d\u00e9put\u00e9s pour les dissuader de rejoindre ladite initiative, en appelant le parquet \u00e0 intervenir et les m\u00e9dias \u00e0 <em>\u00abd\u00e9masquer les lobbies derri\u00e8re ces pratiques\u00bb<\/em>.<\/p>\n\n\n\n<p>Tout en affirmant que l\u2019initiative Pour la victoire du peuple a commenc\u00e9 \u00e0 former un bloc parlementaire <em>\u00abinfluent\u00bb<\/em>, Hamdi a ajout\u00e9 qu\u2019elle examinera avec ses partisans la composition de la prochaine assembl\u00e9e (pr\u00e9sidence, commissions et bureau parlementaire), et d\u00e9menti au passage l\u2019information selon laquelle l\u2019ex-B\u00e2tonnier Brahim Bouderbala serait le candidat de l&rsquo;initiative \u00e0 la pr\u00e9sidence du parlement.<\/p>\n\n\n\n<p>Concernant les \u00e9lections l\u00e9gislatives, Hamdi a indiqu\u00e9 qu\u2019elles se sont d\u00e9roul\u00e9es <em>\u00abdans de bien meilleures conditions que les pr\u00e9c\u00e9dentes en l\u2019absence de pression des lobbies et d\u2019argent sale\u00bb<\/em>, feignant d\u2019oublier que le taux de participation \u00e0 ces \u00e9lections n\u2019a pas d\u00e9pass\u00e9 11,4%, tr\u00e8s maigre pour l\u00e9gitimer une assembl\u00e9e qui va fonctionner comme une simple chambre de r\u00e9sonnance des d\u00e9sid\u00e9ratas du pr\u00e9sident Ka\u00efs Sa\u00efed. &nbsp;<\/p>\n\n\n\n<p>Le bloc parlementaire de l&rsquo;initiative Pour la victoire du peuple d\u00e9fendra les choix du peuple, des cat\u00e9gories d\u00e9munies et des r\u00e9gions marginalis\u00e9es, a encore d\u00e9clar\u00e9 M. Hamdi cit\u00e9 par l\u2019agence Tap. L\u2019initiative s\u2019emploiera \u00e9galement \u00e0 proposer et \u00e0 soutenir les r\u00e9formes politiques, \u00e9conomiques et sociales auxquelles aspirent les Tunisiens, a-t-il ajout\u00e9, restant ainsi au niveau des g\u00e9n\u00e9ralit\u00e9s qui cachent mal le fait que cette initiative faite de bric et de broc, constitu\u00e9e dans l\u2019urgence dans le sillage du projet politique autoritaire du pr\u00e9sident Sa\u00efed, est d\u00e9munie de tout programme digne de ce nom. Un ramassis d\u2019opportunistes \u00e0 la petite semaine, en somme, qui rassemble, entre autres, l\u2019ex-b\u00e2tonnier Brahim Bouderbala, Mbarka Brahmi (d\u00e9put\u00e9 du Courant Populaire), Mongi Rahoui (d\u00e9put\u00e9 Watad) et Ridha Chiheb Mekki alias Ridha Lenine (un proche du chef de l\u2019Etat), Rafaa Tabib (universitaire), Mohamed Ali Boughdiri (dissident de l\u2019UGTT), et d\u2019autres candidats \u00e0 des postes gouvernementaux.<\/p>\n\n\n\n<p class=\"has-text-align-right\"><strong>I. B.<\/strong><\/p>\n","protected":false},"excerpt":{"rendered":"<p>L&rsquo;initiative Pour la victoire du peuple  est un ramassis d\u2019opportunistes \u00e0 la petite semaine qui qu\u00e9mandent des postes au pr\u00e9sident Sa\u00efed. <\/p>\n","protected":false},"author":8,"featured_media":6302091,"comment_status":"open","ping_status":"open","sticky":false,"template":"","format":"standard","meta":{"footnotes":""},"categories":[997,2433],"tags":[81457,76012,7342,28359,1474,98991,66632,62643,936,81477],"class_list":["post-6301831","post","type-post","status-publish","format-standard","has-post-thumbnail","hentry","category-politique","category-tunisie","tag-brahim-bouderbala","tag-kais-saied-2","tag-mbarka-brahmi","tag-mohamed-ali-boughdiri","tag-mongi-rahoui","tag-rafaa-tabib-2","tag-ridha-chiheb-mekki","tag-tunisie","tag-ugtt","tag-zouhair-hamdi"],"yoast_head":"<!-- This site is optimized with the Yoast SEO plugin v26.6 - https:\/\/yoast.com\/wordpress\/plugins\/seo\/ -->\n<title>Tunisie\u00a0: les opportunistes se bousculent au portillon de Ka\u00efs Sa\u00efed - Kapitalis<\/title>\n<meta name=\"robots\" content=\"index, follow, max-snippet:-1, max-image-preview:large, max-video-preview:-1\" \/>\n<link rel=\"canonical\" href=\"https:\/\/kapitalis.com\/tunisie\/2023\/02\/05\/tunisie-les-opportunistes-se-bousculent-au-portillon-de-kais-saied\/\" \/>\n<meta property=\"og:locale\" content=\"fr_FR\" \/>\n<meta property=\"og:type\" content=\"article\" \/>\n<meta property=\"og:title\" content=\"Tunisie\u00a0: les opportunistes se bousculent au portillon de Ka\u00efs Sa\u00efed - Kapitalis\" \/>\n<meta property=\"og:description\" content=\"L&#039;initiative Pour la victoire du peuple est un ramassis d\u2019opportunistes \u00e0 la petite semaine qui qu\u00e9mandent des postes au pr\u00e9sident Sa\u00efed.\" \/>\n<meta property=\"og:url\" content=\"https:\/\/kapitalis.com\/tunisie\/2023\/02\/05\/tunisie-les-opportunistes-se-bousculent-au-portillon-de-kais-saied\/\" \/>\n<meta property=\"og:site_name\" content=\"Kapitalis\" \/>\n<meta property=\"article:publisher\" content=\"https:\/\/www.facebook.com\/KapitalisInfo\/\" \/>\n<meta property=\"article:published_time\" content=\"2023-02-05T09:43:32+00:00\" \/>\n<meta property=\"article:modified_time\" content=\"2023-02-05T09:43:34+00:00\" \/>\n<meta property=\"og:image\" content=\"https:\/\/kapitalis.com\/tunisie\/wp-content\/uploads\/2023\/02\/Pour-la-victoire-du-peuple.jpg\" \/>\n\t<meta property=\"og:image:width\" content=\"1200\" \/>\n\t<meta property=\"og:image:height\" content=\"630\" \/>\n\t<meta property=\"og:image:type\" content=\"image\/jpeg\" \/>\n<meta name=\"author\" content=\"webmaster kapitalis\" \/>\n<meta name=\"twitter:card\" content=\"summary_large_image\" \/>\n<meta name=\"twitter:creator\" content=\"@KapitalisInfo\" \/>\n<meta name=\"twitter:site\" content=\"@KapitalisInfo\" \/>\n<meta name=\"twitter:label1\" content=\"\u00c9crit par\" \/>\n\t<meta name=\"twitter:data1\" content=\"webmaster kapitalis\" \/>\n\t<meta name=\"twitter:label2\" content=\"Dur\u00e9e de lecture estim\u00e9e\" \/>\n\t<meta name=\"twitter:data2\" content=\"3 minutes\" \/>\n<script type=\"application\/ld+json\" class=\"yoast-schema-graph\">{\"@context\":\"https:\/\/schema.org\",\"@graph\":[{\"@type\":\"Article\",\"@id\":\"https:\/\/kapitalis.com\/tunisie\/2023\/02\/05\/tunisie-les-opportunistes-se-bousculent-au-portillon-de-kais-saied\/#article\",\"isPartOf\":{\"@id\":\"https:\/\/kapitalis.com\/tunisie\/2023\/02\/05\/tunisie-les-opportunistes-se-bousculent-au-portillon-de-kais-saied\/\"},\"author\":{\"name\":\"webmaster kapitalis\",\"@id\":\"https:\/\/kapitalis.com\/tunisie\/#\/schema\/person\/d71f33a9ca44f7bad4698210b480c8e9\"},\"headline\":\"Tunisie\u00a0: les opportunistes se bousculent au portillon de Ka\u00efs Sa\u00efed\",\"datePublished\":\"2023-02-05T09:43:32+00:00\",\"dateModified\":\"2023-02-05T09:43:34+00:00\",\"mainEntityOfPage\":{\"@id\":\"https:\/\/kapitalis.com\/tunisie\/2023\/02\/05\/tunisie-les-opportunistes-se-bousculent-au-portillon-de-kais-saied\/\"},\"wordCount\":589,\"commentCount\":4,\"publisher\":{\"@id\":\"https:\/\/kapitalis.com\/tunisie\/#organization\"},\"image\":{\"@id\":\"https:\/\/kapitalis.com\/tunisie\/2023\/02\/05\/tunisie-les-opportunistes-se-bousculent-au-portillon-de-kais-saied\/#primaryimage\"},\"thumbnailUrl\":\"https:\/\/kapitalis.com\/tunisie\/wp-content\/uploads\/2023\/02\/Pour-la-victoire-du-peuple.jpg\",\"keywords\":[\"Brahim Bouderbala\",\"Ka\u00efs Sa\u00efed\",\"Mbarka Brahmi\",\"Mohamed Ali Boughdiri\",\"Mongi Rahoui\",\"Rafaa Tabib\",\"Ridha Chiheb Mekki\",\"Tunisie\",\"UGTT\",\"Zouhair Hamdi\"],\"articleSection\":[\"POLITIQUE\",\"Tunisie\"],\"inLanguage\":\"fr-FR\",\"potentialAction\":[{\"@type\":\"CommentAction\",\"name\":\"Comment\",\"target\":[\"https:\/\/kapitalis.com\/tunisie\/2023\/02\/05\/tunisie-les-opportunistes-se-bousculent-au-portillon-de-kais-saied\/#respond\"]}]},{\"@type\":\"WebPage\",\"@id\":\"https:\/\/kapitalis.com\/tunisie\/2023\/02\/05\/tunisie-les-opportunistes-se-bousculent-au-portillon-de-kais-saied\/\",\"url\":\"https:\/\/kapitalis.com\/tunisie\/2023\/02\/05\/tunisie-les-opportunistes-se-bousculent-au-portillon-de-kais-saied\/\",\"name\":\"Tunisie\u00a0: les opportunistes se bousculent au portillon de Ka\u00efs Sa\u00efed - Kapitalis\",\"isPartOf\":{\"@id\":\"https:\/\/kapitalis.com\/tunisie\/#website\"},\"primaryImageOfPage\":{\"@id\":\"https:\/\/kapitalis.com\/tunisie\/2023\/02\/05\/tunisie-les-opportunistes-se-bousculent-au-portillon-de-kais-saied\/#primaryimage\"},\"image\":{\"@id\":\"https:\/\/kapitalis.com\/tunisie\/2023\/02\/05\/tunisie-les-opportunistes-se-bousculent-au-portillon-de-kais-saied\/#primaryimage\"},\"thumbnailUrl\":\"https:\/\/kapitalis.com\/tunisie\/wp-content\/uploads\/2023\/02\/Pour-la-victoire-du-peuple.jpg\",\"datePublished\":\"2023-02-05T09:43:32+00:00\",\"dateModified\":\"2023-02-05T09:43:34+00:00\",\"breadcrumb\":{\"@id\":\"https:\/\/kapitalis.com\/tunisie\/2023\/02\/05\/tunisie-les-opportunistes-se-bousculent-au-portillon-de-kais-saied\/#breadcrumb\"},\"inLanguage\":\"fr-FR\",\"potentialAction\":[{\"@type\":\"ReadAction\",\"target\":[\"https:\/\/kapitalis.com\/tunisie\/2023\/02\/05\/tunisie-les-opportunistes-se-bousculent-au-portillon-de-kais-saied\/\"]}]},{\"@type\":\"ImageObject\",\"inLanguage\":\"fr-FR\",\"@id\":\"https:\/\/kapitalis.com\/tunisie\/2023\/02\/05\/tunisie-les-opportunistes-se-bousculent-au-portillon-de-kais-saied\/#primaryimage\",\"url\":\"https:\/\/kapitalis.com\/tunisie\/wp-content\/uploads\/2023\/02\/Pour-la-victoire-du-peuple.jpg\",\"contentUrl\":\"https:\/\/kapitalis.com\/tunisie\/wp-content\/uploads\/2023\/02\/Pour-la-victoire-du-peuple.jpg\",\"width\":1200,\"height\":630},{\"@type\":\"BreadcrumbList\",\"@id\":\"https:\/\/kapitalis.com\/tunisie\/2023\/02\/05\/tunisie-les-opportunistes-se-bousculent-au-portillon-de-kais-saied\/#breadcrumb\",\"itemListElement\":[{\"@type\":\"ListItem\",\"position\":1,\"name\":\"Accueil\",\"item\":\"https:\/\/kapitalis.com\/tunisie\/\"},{\"@type\":\"ListItem\",\"position\":2,\"name\":\"Tunisie\u00a0: les opportunistes se bousculent au portillon de Ka\u00efs Sa\u00efed\"}]},{\"@type\":\"WebSite\",\"@id\":\"https:\/\/kapitalis.com\/tunisie\/#website\",\"url\":\"https:\/\/kapitalis.com\/tunisie\/\",\"name\":\"Kapitalis\",\"description\":\"L&#039;actualit\u00e9 en Tunisie et dans le monde\",\"publisher\":{\"@id\":\"https:\/\/kapitalis.com\/tunisie\/#organization\"},\"potentialAction\":[{\"@type\":\"SearchAction\",\"target\":{\"@type\":\"EntryPoint\",\"urlTemplate\":\"https:\/\/kapitalis.com\/tunisie\/?s={search_term_string}\"},\"query-input\":{\"@type\":\"PropertyValueSpecification\",\"valueRequired\":true,\"valueName\":\"search_term_string\"}}],\"inLanguage\":\"fr-FR\"},{\"@type\":\"Organization\",\"@id\":\"https:\/\/kapitalis.com\/tunisie\/#organization\",\"name\":\"Kapitalis\",\"url\":\"https:\/\/kapitalis.com\/tunisie\/\",\"logo\":{\"@type\":\"ImageObject\",\"inLanguage\":\"fr-FR\",\"@id\":\"https:\/\/kapitalis.com\/tunisie\/#\/schema\/logo\/image\/\",\"url\":\"https:\/\/kapitalis.com\/tunisie\/wp-content\/uploads\/2022\/05\/Kapitalis-big-size.png\",\"contentUrl\":\"https:\/\/kapitalis.com\/tunisie\/wp-content\/uploads\/2022\/05\/Kapitalis-big-size.png\",\"width\":5000,\"height\":1500,\"caption\":\"Kapitalis\"},\"image\":{\"@id\":\"https:\/\/kapitalis.com\/tunisie\/#\/schema\/logo\/image\/\"},\"sameAs\":[\"https:\/\/www.facebook.com\/KapitalisInfo\/\",\"https:\/\/x.com\/KapitalisInfo\",\"https:\/\/www.youtube.com\/channel\/UC-yDYrHyfFBWWZaOw3FPg9Q\"]},{\"@type\":\"Person\",\"@id\":\"https:\/\/kapitalis.com\/tunisie\/#\/schema\/person\/d71f33a9ca44f7bad4698210b480c8e9\",\"name\":\"webmaster kapitalis\",\"url\":\"https:\/\/kapitalis.com\/tunisie\/author\/webmaster-kapitalis\/\"}]}<\/script>\n<!-- \/ Yoast SEO plugin. -->","yoast_head_json":{"title":"Tunisie\u00a0: les opportunistes se bousculent au portillon de Ka\u00efs Sa\u00efed - Kapitalis","robots":{"index":"index","follow":"follow","max-snippet":"max-snippet:-1","max-image-preview":"max-image-preview:large","max-video-preview":"max-video-preview:-1"},"canonical":"https:\/\/kapitalis.com\/tunisie\/2023\/02\/05\/tunisie-les-opportunistes-se-bousculent-au-portillon-de-kais-saied\/","og_locale":"fr_FR","og_type":"article","og_title":"Tunisie\u00a0: les opportunistes se bousculent au portillon de Ka\u00efs Sa\u00efed - Kapitalis","og_description":"L'initiative Pour la victoire du peuple est un ramassis d\u2019opportunistes \u00e0 la petite semaine qui qu\u00e9mandent des postes au pr\u00e9sident Sa\u00efed.","og_url":"https:\/\/kapitalis.com\/tunisie\/2023\/02\/05\/tunisie-les-opportunistes-se-bousculent-au-portillon-de-kais-saied\/","og_site_name":"Kapitalis","article_publisher":"https:\/\/www.facebook.com\/KapitalisInfo\/","article_published_time":"2023-02-05T09:43:32+00:00","article_modified_time":"2023-02-05T09:43:34+00:00","og_image":[{"width":1200,"height":630,"url":"https:\/\/kapitalis.com\/tunisie\/wp-content\/uploads\/2023\/02\/Pour-la-victoire-du-peuple.jpg","type":"image\/jpeg"}],"author":"webmaster kapitalis","twitter_card":"summary_large_image","twitter_creator":"@KapitalisInfo","twitter_site":"@KapitalisInfo","twitter_misc":{"\u00c9crit par":"webmaster kapitalis","Dur\u00e9e de lecture estim\u00e9e":"3 minutes"},"schema":{"@context":"https:\/\/schema.org","@graph":[{"@type":"Article","@id":"https:\/\/kapitalis.com\/tunisie\/2023\/02\/05\/tunisie-les-opportunistes-se-bousculent-au-portillon-de-kais-saied\/#article","isPartOf":{"@id":"https:\/\/kapitalis.com\/tunisie\/2023\/02\/05\/tunisie-les-opportunistes-se-bousculent-au-portillon-de-kais-saied\/"},"author":{"name":"webmaster kapitalis","@id":"https:\/\/kapitalis.com\/tunisie\/#\/schema\/person\/d71f33a9ca44f7bad4698210b480c8e9"},"headline":"Tunisie\u00a0: les opportunistes se bousculent au portillon de Ka\u00efs Sa\u00efed","datePublished":"2023-02-05T09:43:32+00:00","dateModified":"2023-02-05T09:43:34+00:00","mainEntityOfPage":{"@id":"https:\/\/kapitalis.com\/tunisie\/2023\/02\/05\/tunisie-les-opportunistes-se-bousculent-au-portillon-de-kais-saied\/"},"wordCount":589,"commentCount":4,"publisher":{"@id":"https:\/\/kapitalis.com\/tunisie\/#organization"},"image":{"@id":"https:\/\/kapitalis.com\/tunisie\/2023\/02\/05\/tunisie-les-opportunistes-se-bousculent-au-portillon-de-kais-saied\/#primaryimage"},"thumbnailUrl":"https:\/\/kapitalis.com\/tunisie\/wp-content\/uploads\/2023\/02\/Pour-la-victoire-du-peuple.jpg","keywords":["Brahim Bouderbala","Ka\u00efs Sa\u00efed","Mbarka Brahmi","Mohamed Ali Boughdiri","Mongi Rahoui","Rafaa Tabib","Ridha Chiheb Mekki","Tunisie","UGTT","Zouhair Hamdi"],"articleSection":["POLITIQUE","Tunisie"],"inLanguage":"fr-FR","potentialAction":[{"@type":"CommentAction","name":"Comment","target":["https:\/\/kapitalis.com\/tunisie\/2023\/02\/05\/tunisie-les-opportunistes-se-bousculent-au-portillon-de-kais-saied\/#respond"]}]},{"@type":"WebPage","@id":"https:\/\/kapitalis.com\/tunisie\/2023\/02\/05\/tunisie-les-opportunistes-se-bousculent-au-portillon-de-kais-saied\/","url":"https:\/\/kapitalis.com\/tunisie\/2023\/02\/05\/tunisie-les-opportunistes-se-bousculent-au-portillon-de-kais-saied\/","name":"Tunisie\u00a0: les opportunistes se bousculent au portillon de Ka\u00efs Sa\u00efed - Kapitalis","isPartOf":{"@id":"https:\/\/kapitalis.com\/tunisie\/#website"},"primaryImageOfPage":{"@id":"https:\/\/kapitalis.com\/tunisie\/2023\/02\/05\/tunisie-les-opportunistes-se-bousculent-au-portillon-de-kais-saied\/#primaryimage"},"image":{"@id":"https:\/\/kapitalis.com\/tunisie\/2023\/02\/05\/tunisie-les-opportunistes-se-bousculent-au-portillon-de-kais-saied\/#primaryimage"},"thumbnailUrl":"https:\/\/kapitalis.com\/tunisie\/wp-content\/uploads\/2023\/02\/Pour-la-victoire-du-peuple.jpg","datePublished":"2023-02-05T09:43:32+00:00","dateModified":"2023-02-05T09:43:34+00:00","breadcrumb":{"@id":"https:\/\/kapitalis.com\/tunisie\/2023\/02\/05\/tunisie-les-opportunistes-se-bousculent-au-portillon-de-kais-saied\/#breadcrumb"},"inLanguage":"fr-FR","potentialAction":[{"@type":"ReadAction","target":["https:\/\/kapitalis.com\/tunisie\/2023\/02\/05\/tunisie-les-opportunistes-se-bousculent-au-portillon-de-kais-saied\/"]}]},{"@type":"ImageObject","inLanguage":"fr-FR","@id":"https:\/\/kapitalis.com\/tunisie\/2023\/02\/05\/tunisie-les-opportunistes-se-bousculent-au-portillon-de-kais-saied\/#primaryimage","url":"https:\/\/kapitalis.com\/tunisie\/wp-content\/uploads\/2023\/02\/Pour-la-victoire-du-peuple.jpg","contentUrl":"https:\/\/kapitalis.com\/tunisie\/wp-content\/uploads\/2023\/02\/Pour-la-victoire-du-peuple.jpg","width":1200,"height":630},{"@type":"BreadcrumbList","@id":"https:\/\/kapitalis.com\/tunisie\/2023\/02\/05\/tunisie-les-opportunistes-se-bousculent-au-portillon-de-kais-saied\/#breadcrumb","itemListElement":[{"@type":"ListItem","position":1,"name":"Accueil","item":"https:\/\/kapitalis.com\/tunisie\/"},{"@type":"ListItem","position":2,"name":"Tunisie\u00a0: les opportunistes se bousculent au portillon de Ka\u00efs Sa\u00efed"}]},{"@type":"WebSite","@id":"https:\/\/kapitalis.com\/tunisie\/#website","url":"https:\/\/kapitalis.com\/tunisie\/","name":"Kapitalis","description":"L&#039;actualit\u00e9 en Tunisie et dans le monde","publisher":{"@id":"https:\/\/kapitalis.com\/tunisie\/#organization"},"potentialAction":[{"@type":"SearchAction","target":{"@type":"EntryPoint","urlTemplate":"https:\/\/kapitalis.com\/tunisie\/?s={search_term_string}"},"query-input":{"@type":"PropertyValueSpecification","valueRequired":true,"valueName":"search_term_string"}}],"inLanguage":"fr-FR"},{"@type":"Organization","@id":"https:\/\/kapitalis.com\/tunisie\/#organization","name":"Kapitalis","url":"https:\/\/kapitalis.com\/tunisie\/","logo":{"@type":"ImageObject","inLanguage":"fr-FR","@id":"https:\/\/kapitalis.com\/tunisie\/#\/schema\/logo\/image\/","url":"https:\/\/kapitalis.com\/tunisie\/wp-content\/uploads\/2022\/05\/Kapitalis-big-size.png","contentUrl":"https:\/\/kapitalis.com\/tunisie\/wp-content\/uploads\/2022\/05\/Kapitalis-big-size.png","width":5000,"height":1500,"caption":"Kapitalis"},"image":{"@id":"https:\/\/kapitalis.com\/tunisie\/#\/schema\/logo\/image\/"},"sameAs":["https:\/\/www.facebook.com\/KapitalisInfo\/","https:\/\/x.com\/KapitalisInfo","https:\/\/www.youtube.com\/channel\/UC-yDYrHyfFBWWZaOw3FPg9Q"]},{"@type":"Person","@id":"https:\/\/kapitalis.com\/tunisie\/#\/schema\/person\/d71f33a9ca44f7bad4698210b480c8e9","name":"webmaster kapitalis","url":"https:\/\/kapitalis.com\/tunisie\/author\/webmaster-kapitalis\/"}]}},"_links":{"self":[{"href":"https:\/\/kapitalis.com\/tunisie\/wp-json\/wp\/v2\/posts\/6301831","targetHints":{"allow":["GET"]}}],"collection":[{"href":"https:\/\/kapitalis.com\/tunisie\/wp-json\/wp\/v2\/posts"}],"about":[{"href":"https:\/\/kapitalis.com\/tunisie\/wp-json\/wp\/v2\/types\/post"}],"author":[{"embeddable":true,"href":"https:\/\/kapitalis.com\/tunisie\/wp-json\/wp\/v2\/users\/8"}],"replies":[{"embeddable":true,"href":"https:\/\/kapitalis.com\/tunisie\/wp-json\/wp\/v2\/comments?post=6301831"}],"version-history":[{"count":1,"href":"https:\/\/kapitalis.com\/tunisie\/wp-json\/wp\/v2\/posts\/6301831\/revisions"}],"predecessor-version":[{"id":6302116,"href":"https:\/\/kapitalis.com\/tunisie\/wp-json\/wp\/v2\/posts\/6301831\/revisions\/6302116"}],"wp:featuredmedia":[{"embeddable":true,"href":"https:\/\/kapitalis.com\/tunisie\/wp-json\/wp\/v2\/media\/6302091"}],"wp:attachment":[{"href":"https:\/\/kapitalis.com\/tunisie\/wp-json\/wp\/v2\/media?parent=6301831"}],"wp:term":[{"taxonomy":"category","embeddable":true,"href":"https:\/\/kapitalis.com\/tunisie\/wp-json\/wp\/v2\/categories?post=6301831"},{"taxonomy":"post_tag","embeddable":true,"href":"https:\/\/kapitalis.com\/tunisie\/wp-json\/wp\/v2\/tags?post=6301831"}],"curies":[{"name":"wp","href":"https:\/\/api.w.org\/{rel}","templated":true}]}}