{"id":6307,"date":"2015-07-08T10:50:38","date_gmt":"2015-07-08T09:50:38","guid":{"rendered":"http:\/\/kapitalis.com\/tunisie\/?p=6307"},"modified":"2015-07-08T10:51:13","modified_gmt":"2015-07-08T09:51:13","slug":"zouhair-hamdi-a-salem-labiadh-vous-avez-ete-le-larbin-dennahdha","status":"publish","type":"post","link":"https:\/\/kapitalis.com\/tunisie\/2015\/07\/08\/zouhair-hamdi-a-salem-labiadh-vous-avez-ete-le-larbin-dennahdha\/","title":{"rendered":"Zouhair Hamdi \u00e0 Salem Labiadh : \u00abVous avez \u00e9t\u00e9 le larbin d\u2019Ennahdha\u00bb"},"content":{"rendered":"<p><img loading=\"lazy\" decoding=\"async\" class=\"aligncenter size-full wp-image-6308\" src=\"http:\/\/kapitalis.com\/tunisie\/wp-content\/uploads\/2015\/07\/Salem-Labiadh-et-Zouhaier-Hamdi.jpg\" alt=\"Salem-Labiadh-et-Zouhaier-Hamdi\" width=\"626\" height=\"380\" \/><\/p>\n<p><em><strong>Le secr\u00e9taire g\u00e9n\u00e9ral du Courant populaire a demand\u00e9, hier, \u00e0 Salem Labiadh, d\u00e9put\u00e9 du Mouvement populaire, de laisser Mohamed Brahmi reposer en paix.<\/strong><\/em><\/p>\n<p><!--more--><\/p>\n<p>Salem Labiadh, ancien ministre de l\u2019Education, a d\u00e9clar\u00e9, hier, lors d\u2019une r\u00e9union \u00e0 l\u2019Assembl\u00e9e des repr\u00e9sentants du peuple (ARP), que le symbole que repr\u00e9sentait feu Mohamed Brahmi, assassin\u00e9 par des extr\u00e9mistes religieux le 25 juillet 2013, au sein du Mouvement du peuple, est instrumentalis\u00e9 par d\u2019autres partis politiques.<\/p>\n<p>Cette d\u00e9claration n\u2019a pas laiss\u00e9 indiff\u00e9rent Zouhair Hamdi, secr\u00e9taire g\u00e9n\u00e9ral du Courant populaire, parti fond\u00e9 par Mohamed Brahmi peu de temps avant son assassinat, qui a r\u00e9agi en demandant \u00e0 Salem Labiadh de cesser de mentir et d\u2019avoir honte de ses d\u00e9clarations, lui rappelant que le martyr avait bel et bien milit\u00e9 au sein du Mouvement du peuple, mais qu\u2019il s\u2019en est retir\u00e9 apr\u00e8s avoir d\u00e9couvert qu\u2019il a d\u00e9vi\u00e9 de ses objectifs et ne d\u00e9fend plus les m\u00eames principes.<\/p>\n<p><em>\u00abIl faut arr\u00eater de mentir. Merci de ne plus utiliser le nom de Mohamed Brahmi \u00e0 des fins politiques et pour gagner en l\u00e9gitimit\u00e9. Vous qui avez toujours \u00e9t\u00e9 le larbin d\u2019Ennahdha, ayez honte!<\/em>\u00bb, a lanc\u00e9 Zouhair Hamdi \u00e0 l\u2019ex-ministre de l\u2019Education qui cherche \u00e0 s\u2019approprier le legs de Mohamed Brahmi.<\/p>\n<p style=\"text-align: right;\"><strong>Z. A.\u00a0<\/strong><\/p>\n<p style=\"text-align: left;\"><em><strong>Illustration<\/strong>: De gauche \u00e0 droite, \u00a0Salem Labiadh et Zouhair Hamdi.<\/em><\/p>\n","protected":false},"excerpt":{"rendered":"<p>Le secr\u00e9taire g\u00e9n\u00e9ral du Courant populaire a demand\u00e9, hier, \u00e0 Salem Labiadh, d\u00e9put\u00e9 du Mouvement populaire, de laisser Mohamed Brahmi reposer en paix.<\/p>\n","protected":false},"author":5,"featured_media":6308,"comment_status":"open","ping_status":"open","sticky":false,"template":"","format":"standard","meta":{"footnotes":""},"categories":[997,2433],"tags":[3079,625,731,3077],"class_list":["post-6307","post","type-post","status-publish","format-standard","has-post-thumbnail","hentry","category-politique","category-tunisie","tag-courant-populaire","tag-mohamed-brahmi","tag-politique","tag-salem-labiadh"],"yoast_head":"<!-- This site is optimized with the Yoast SEO plugin v26.6 - https:\/\/yoast.com\/wordpress\/plugins\/seo\/ -->\n<title>Zouhair Hamdi \u00e0 Salem Labiadh : \u00abVous avez \u00e9t\u00e9 le larbin d\u2019Ennahdha\u00bb - Kapitalis<\/title>\n<meta name=\"robots\" content=\"index, follow, max-snippet:-1, max-image-preview:large, max-video-preview:-1\" \/>\n<link rel=\"canonical\" href=\"https:\/\/kapitalis.com\/tunisie\/2015\/07\/08\/zouhair-hamdi-a-salem-labiadh-vous-avez-ete-le-larbin-dennahdha\/\" \/>\n<meta property=\"og:locale\" content=\"fr_FR\" \/>\n<meta property=\"og:type\" content=\"article\" \/>\n<meta property=\"og:title\" content=\"Zouhair Hamdi \u00e0 Salem Labiadh : \u00abVous avez \u00e9t\u00e9 le larbin d\u2019Ennahdha\u00bb - Kapitalis\" \/>\n<meta property=\"og:description\" content=\"Le secr\u00e9taire g\u00e9n\u00e9ral du Courant populaire a demand\u00e9, hier, \u00e0 Salem Labiadh, d\u00e9put\u00e9 du Mouvement populaire, de laisser Mohamed Brahmi reposer en paix.\" \/>\n<meta property=\"og:url\" content=\"https:\/\/kapitalis.com\/tunisie\/2015\/07\/08\/zouhair-hamdi-a-salem-labiadh-vous-avez-ete-le-larbin-dennahdha\/\" \/>\n<meta property=\"og:site_name\" content=\"Kapitalis\" \/>\n<meta property=\"article:publisher\" content=\"https:\/\/www.facebook.com\/KapitalisInfo\/\" \/>\n<meta property=\"article:published_time\" content=\"2015-07-08T09:50:38+00:00\" \/>\n<meta property=\"article:modified_time\" content=\"2015-07-08T09:51:13+00:00\" \/>\n<meta property=\"og:image\" content=\"https:\/\/kapitalis.com\/tunisie\/wp-content\/uploads\/2022\/05\/kapitalis-logo-fb.png\" \/>\n\t<meta property=\"og:image:width\" content=\"1200\" \/>\n\t<meta property=\"og:image:height\" content=\"630\" \/>\n\t<meta property=\"og:image:type\" content=\"image\/png\" \/>\n<meta name=\"author\" content=\"Ridha Elkefi\" \/>\n<meta name=\"twitter:card\" content=\"summary_large_image\" \/>\n<meta name=\"twitter:creator\" content=\"@KapitalisInfo\" \/>\n<meta name=\"twitter:site\" content=\"@KapitalisInfo\" \/>\n<meta name=\"twitter:label1\" content=\"\u00c9crit par\" \/>\n\t<meta name=\"twitter:data1\" content=\"Ridha Elkefi\" \/>\n\t<meta name=\"twitter:label2\" content=\"Dur\u00e9e de lecture estim\u00e9e\" \/>\n\t<meta name=\"twitter:data2\" content=\"1 minute\" \/>\n<script type=\"application\/ld+json\" class=\"yoast-schema-graph\">{\"@context\":\"https:\/\/schema.org\",\"@graph\":[{\"@type\":\"Article\",\"@id\":\"https:\/\/kapitalis.com\/tunisie\/2015\/07\/08\/zouhair-hamdi-a-salem-labiadh-vous-avez-ete-le-larbin-dennahdha\/#article\",\"isPartOf\":{\"@id\":\"https:\/\/kapitalis.com\/tunisie\/2015\/07\/08\/zouhair-hamdi-a-salem-labiadh-vous-avez-ete-le-larbin-dennahdha\/\"},\"author\":{\"name\":\"Ridha Elkefi\",\"@id\":\"https:\/\/kapitalis.com\/tunisie\/#\/schema\/person\/16627fc9b2fc0116230e88af071eebab\"},\"headline\":\"Zouhair Hamdi \u00e0 Salem Labiadh : \u00abVous avez \u00e9t\u00e9 le larbin d\u2019Ennahdha\u00bb\",\"datePublished\":\"2015-07-08T09:50:38+00:00\",\"dateModified\":\"2015-07-08T09:51:13+00:00\",\"mainEntityOfPage\":{\"@id\":\"https:\/\/kapitalis.com\/tunisie\/2015\/07\/08\/zouhair-hamdi-a-salem-labiadh-vous-avez-ete-le-larbin-dennahdha\/\"},\"wordCount\":252,\"commentCount\":3,\"publisher\":{\"@id\":\"https:\/\/kapitalis.com\/tunisie\/#organization\"},\"image\":{\"@id\":\"https:\/\/kapitalis.com\/tunisie\/2015\/07\/08\/zouhair-hamdi-a-salem-labiadh-vous-avez-ete-le-larbin-dennahdha\/#primaryimage\"},\"thumbnailUrl\":\"\",\"keywords\":[\"Courant populaire\",\"Mohamed Brahmi\",\"politique\",\"Salem Labiadh\"],\"articleSection\":[\"POLITIQUE\",\"Tunisie\"],\"inLanguage\":\"fr-FR\",\"potentialAction\":[{\"@type\":\"CommentAction\",\"name\":\"Comment\",\"target\":[\"https:\/\/kapitalis.com\/tunisie\/2015\/07\/08\/zouhair-hamdi-a-salem-labiadh-vous-avez-ete-le-larbin-dennahdha\/#respond\"]}]},{\"@type\":\"WebPage\",\"@id\":\"https:\/\/kapitalis.com\/tunisie\/2015\/07\/08\/zouhair-hamdi-a-salem-labiadh-vous-avez-ete-le-larbin-dennahdha\/\",\"url\":\"https:\/\/kapitalis.com\/tunisie\/2015\/07\/08\/zouhair-hamdi-a-salem-labiadh-vous-avez-ete-le-larbin-dennahdha\/\",\"name\":\"Zouhair Hamdi \u00e0 Salem Labiadh : \u00abVous avez \u00e9t\u00e9 le larbin d\u2019Ennahdha\u00bb - Kapitalis\",\"isPartOf\":{\"@id\":\"https:\/\/kapitalis.com\/tunisie\/#website\"},\"primaryImageOfPage\":{\"@id\":\"https:\/\/kapitalis.com\/tunisie\/2015\/07\/08\/zouhair-hamdi-a-salem-labiadh-vous-avez-ete-le-larbin-dennahdha\/#primaryimage\"},\"image\":{\"@id\":\"https:\/\/kapitalis.com\/tunisie\/2015\/07\/08\/zouhair-hamdi-a-salem-labiadh-vous-avez-ete-le-larbin-dennahdha\/#primaryimage\"},\"thumbnailUrl\":\"\",\"datePublished\":\"2015-07-08T09:50:38+00:00\",\"dateModified\":\"2015-07-08T09:51:13+00:00\",\"breadcrumb\":{\"@id\":\"https:\/\/kapitalis.com\/tunisie\/2015\/07\/08\/zouhair-hamdi-a-salem-labiadh-vous-avez-ete-le-larbin-dennahdha\/#breadcrumb\"},\"inLanguage\":\"fr-FR\",\"potentialAction\":[{\"@type\":\"ReadAction\",\"target\":[\"https:\/\/kapitalis.com\/tunisie\/2015\/07\/08\/zouhair-hamdi-a-salem-labiadh-vous-avez-ete-le-larbin-dennahdha\/\"]}]},{\"@type\":\"ImageObject\",\"inLanguage\":\"fr-FR\",\"@id\":\"https:\/\/kapitalis.com\/tunisie\/2015\/07\/08\/zouhair-hamdi-a-salem-labiadh-vous-avez-ete-le-larbin-dennahdha\/#primaryimage\",\"url\":\"\",\"contentUrl\":\"\"},{\"@type\":\"BreadcrumbList\",\"@id\":\"https:\/\/kapitalis.com\/tunisie\/2015\/07\/08\/zouhair-hamdi-a-salem-labiadh-vous-avez-ete-le-larbin-dennahdha\/#breadcrumb\",\"itemListElement\":[{\"@type\":\"ListItem\",\"position\":1,\"name\":\"Accueil\",\"item\":\"https:\/\/kapitalis.com\/tunisie\/\"},{\"@type\":\"ListItem\",\"position\":2,\"name\":\"Zouhair Hamdi \u00e0 Salem Labiadh : \u00abVous avez \u00e9t\u00e9 le larbin d\u2019Ennahdha\u00bb\"}]},{\"@type\":\"WebSite\",\"@id\":\"https:\/\/kapitalis.com\/tunisie\/#website\",\"url\":\"https:\/\/kapitalis.com\/tunisie\/\",\"name\":\"Kapitalis\",\"description\":\"L&#039;actualit\u00e9 en Tunisie et dans le monde\",\"publisher\":{\"@id\":\"https:\/\/kapitalis.com\/tunisie\/#organization\"},\"potentialAction\":[{\"@type\":\"SearchAction\",\"target\":{\"@type\":\"EntryPoint\",\"urlTemplate\":\"https:\/\/kapitalis.com\/tunisie\/?s={search_term_string}\"},\"query-input\":{\"@type\":\"PropertyValueSpecification\",\"valueRequired\":true,\"valueName\":\"search_term_string\"}}],\"inLanguage\":\"fr-FR\"},{\"@type\":\"Organization\",\"@id\":\"https:\/\/kapitalis.com\/tunisie\/#organization\",\"name\":\"Kapitalis\",\"url\":\"https:\/\/kapitalis.com\/tunisie\/\",\"logo\":{\"@type\":\"ImageObject\",\"inLanguage\":\"fr-FR\",\"@id\":\"https:\/\/kapitalis.com\/tunisie\/#\/schema\/logo\/image\/\",\"url\":\"https:\/\/kapitalis.com\/tunisie\/wp-content\/uploads\/2022\/05\/Kapitalis-big-size.png\",\"contentUrl\":\"https:\/\/kapitalis.com\/tunisie\/wp-content\/uploads\/2022\/05\/Kapitalis-big-size.png\",\"width\":5000,\"height\":1500,\"caption\":\"Kapitalis\"},\"image\":{\"@id\":\"https:\/\/kapitalis.com\/tunisie\/#\/schema\/logo\/image\/\"},\"sameAs\":[\"https:\/\/www.facebook.com\/KapitalisInfo\/\",\"https:\/\/x.com\/KapitalisInfo\",\"https:\/\/www.youtube.com\/channel\/UC-yDYrHyfFBWWZaOw3FPg9Q\"]},{\"@type\":\"Person\",\"@id\":\"https:\/\/kapitalis.com\/tunisie\/#\/schema\/person\/16627fc9b2fc0116230e88af071eebab\",\"name\":\"Ridha Elkefi\",\"url\":\"https:\/\/kapitalis.com\/tunisie\/author\/ridha-kefi\/\"}]}<\/script>\n<!-- \/ Yoast SEO plugin. -->","yoast_head_json":{"title":"Zouhair Hamdi \u00e0 Salem Labiadh : \u00abVous avez \u00e9t\u00e9 le larbin d\u2019Ennahdha\u00bb - Kapitalis","robots":{"index":"index","follow":"follow","max-snippet":"max-snippet:-1","max-image-preview":"max-image-preview:large","max-video-preview":"max-video-preview:-1"},"canonical":"https:\/\/kapitalis.com\/tunisie\/2015\/07\/08\/zouhair-hamdi-a-salem-labiadh-vous-avez-ete-le-larbin-dennahdha\/","og_locale":"fr_FR","og_type":"article","og_title":"Zouhair Hamdi \u00e0 Salem Labiadh : \u00abVous avez \u00e9t\u00e9 le larbin d\u2019Ennahdha\u00bb - Kapitalis","og_description":"Le secr\u00e9taire g\u00e9n\u00e9ral du Courant populaire a demand\u00e9, hier, \u00e0 Salem Labiadh, d\u00e9put\u00e9 du Mouvement populaire, de laisser Mohamed Brahmi reposer en paix.","og_url":"https:\/\/kapitalis.com\/tunisie\/2015\/07\/08\/zouhair-hamdi-a-salem-labiadh-vous-avez-ete-le-larbin-dennahdha\/","og_site_name":"Kapitalis","article_publisher":"https:\/\/www.facebook.com\/KapitalisInfo\/","article_published_time":"2015-07-08T09:50:38+00:00","article_modified_time":"2015-07-08T09:51:13+00:00","og_image":[{"width":1200,"height":630,"url":"https:\/\/kapitalis.com\/tunisie\/wp-content\/uploads\/2022\/05\/kapitalis-logo-fb.png","type":"image\/png"}],"author":"Ridha Elkefi","twitter_card":"summary_large_image","twitter_creator":"@KapitalisInfo","twitter_site":"@KapitalisInfo","twitter_misc":{"\u00c9crit par":"Ridha Elkefi","Dur\u00e9e de lecture estim\u00e9e":"1 minute"},"schema":{"@context":"https:\/\/schema.org","@graph":[{"@type":"Article","@id":"https:\/\/kapitalis.com\/tunisie\/2015\/07\/08\/zouhair-hamdi-a-salem-labiadh-vous-avez-ete-le-larbin-dennahdha\/#article","isPartOf":{"@id":"https:\/\/kapitalis.com\/tunisie\/2015\/07\/08\/zouhair-hamdi-a-salem-labiadh-vous-avez-ete-le-larbin-dennahdha\/"},"author":{"name":"Ridha Elkefi","@id":"https:\/\/kapitalis.com\/tunisie\/#\/schema\/person\/16627fc9b2fc0116230e88af071eebab"},"headline":"Zouhair Hamdi \u00e0 Salem Labiadh : \u00abVous avez \u00e9t\u00e9 le larbin d\u2019Ennahdha\u00bb","datePublished":"2015-07-08T09:50:38+00:00","dateModified":"2015-07-08T09:51:13+00:00","mainEntityOfPage":{"@id":"https:\/\/kapitalis.com\/tunisie\/2015\/07\/08\/zouhair-hamdi-a-salem-labiadh-vous-avez-ete-le-larbin-dennahdha\/"},"wordCount":252,"commentCount":3,"publisher":{"@id":"https:\/\/kapitalis.com\/tunisie\/#organization"},"image":{"@id":"https:\/\/kapitalis.com\/tunisie\/2015\/07\/08\/zouhair-hamdi-a-salem-labiadh-vous-avez-ete-le-larbin-dennahdha\/#primaryimage"},"thumbnailUrl":"","keywords":["Courant populaire","Mohamed Brahmi","politique","Salem Labiadh"],"articleSection":["POLITIQUE","Tunisie"],"inLanguage":"fr-FR","potentialAction":[{"@type":"CommentAction","name":"Comment","target":["https:\/\/kapitalis.com\/tunisie\/2015\/07\/08\/zouhair-hamdi-a-salem-labiadh-vous-avez-ete-le-larbin-dennahdha\/#respond"]}]},{"@type":"WebPage","@id":"https:\/\/kapitalis.com\/tunisie\/2015\/07\/08\/zouhair-hamdi-a-salem-labiadh-vous-avez-ete-le-larbin-dennahdha\/","url":"https:\/\/kapitalis.com\/tunisie\/2015\/07\/08\/zouhair-hamdi-a-salem-labiadh-vous-avez-ete-le-larbin-dennahdha\/","name":"Zouhair Hamdi \u00e0 Salem Labiadh : \u00abVous avez \u00e9t\u00e9 le larbin d\u2019Ennahdha\u00bb - Kapitalis","isPartOf":{"@id":"https:\/\/kapitalis.com\/tunisie\/#website"},"primaryImageOfPage":{"@id":"https:\/\/kapitalis.com\/tunisie\/2015\/07\/08\/zouhair-hamdi-a-salem-labiadh-vous-avez-ete-le-larbin-dennahdha\/#primaryimage"},"image":{"@id":"https:\/\/kapitalis.com\/tunisie\/2015\/07\/08\/zouhair-hamdi-a-salem-labiadh-vous-avez-ete-le-larbin-dennahdha\/#primaryimage"},"thumbnailUrl":"","datePublished":"2015-07-08T09:50:38+00:00","dateModified":"2015-07-08T09:51:13+00:00","breadcrumb":{"@id":"https:\/\/kapitalis.com\/tunisie\/2015\/07\/08\/zouhair-hamdi-a-salem-labiadh-vous-avez-ete-le-larbin-dennahdha\/#breadcrumb"},"inLanguage":"fr-FR","potentialAction":[{"@type":"ReadAction","target":["https:\/\/kapitalis.com\/tunisie\/2015\/07\/08\/zouhair-hamdi-a-salem-labiadh-vous-avez-ete-le-larbin-dennahdha\/"]}]},{"@type":"ImageObject","inLanguage":"fr-FR","@id":"https:\/\/kapitalis.com\/tunisie\/2015\/07\/08\/zouhair-hamdi-a-salem-labiadh-vous-avez-ete-le-larbin-dennahdha\/#primaryimage","url":"","contentUrl":""},{"@type":"BreadcrumbList","@id":"https:\/\/kapitalis.com\/tunisie\/2015\/07\/08\/zouhair-hamdi-a-salem-labiadh-vous-avez-ete-le-larbin-dennahdha\/#breadcrumb","itemListElement":[{"@type":"ListItem","position":1,"name":"Accueil","item":"https:\/\/kapitalis.com\/tunisie\/"},{"@type":"ListItem","position":2,"name":"Zouhair Hamdi \u00e0 Salem Labiadh : \u00abVous avez \u00e9t\u00e9 le larbin d\u2019Ennahdha\u00bb"}]},{"@type":"WebSite","@id":"https:\/\/kapitalis.com\/tunisie\/#website","url":"https:\/\/kapitalis.com\/tunisie\/","name":"Kapitalis","description":"L&#039;actualit\u00e9 en Tunisie et dans le monde","publisher":{"@id":"https:\/\/kapitalis.com\/tunisie\/#organization"},"potentialAction":[{"@type":"SearchAction","target":{"@type":"EntryPoint","urlTemplate":"https:\/\/kapitalis.com\/tunisie\/?s={search_term_string}"},"query-input":{"@type":"PropertyValueSpecification","valueRequired":true,"valueName":"search_term_string"}}],"inLanguage":"fr-FR"},{"@type":"Organization","@id":"https:\/\/kapitalis.com\/tunisie\/#organization","name":"Kapitalis","url":"https:\/\/kapitalis.com\/tunisie\/","logo":{"@type":"ImageObject","inLanguage":"fr-FR","@id":"https:\/\/kapitalis.com\/tunisie\/#\/schema\/logo\/image\/","url":"https:\/\/kapitalis.com\/tunisie\/wp-content\/uploads\/2022\/05\/Kapitalis-big-size.png","contentUrl":"https:\/\/kapitalis.com\/tunisie\/wp-content\/uploads\/2022\/05\/Kapitalis-big-size.png","width":5000,"height":1500,"caption":"Kapitalis"},"image":{"@id":"https:\/\/kapitalis.com\/tunisie\/#\/schema\/logo\/image\/"},"sameAs":["https:\/\/www.facebook.com\/KapitalisInfo\/","https:\/\/x.com\/KapitalisInfo","https:\/\/www.youtube.com\/channel\/UC-yDYrHyfFBWWZaOw3FPg9Q"]},{"@type":"Person","@id":"https:\/\/kapitalis.com\/tunisie\/#\/schema\/person\/16627fc9b2fc0116230e88af071eebab","name":"Ridha Elkefi","url":"https:\/\/kapitalis.com\/tunisie\/author\/ridha-kefi\/"}]}},"_links":{"self":[{"href":"https:\/\/kapitalis.com\/tunisie\/wp-json\/wp\/v2\/posts\/6307","targetHints":{"allow":["GET"]}}],"collection":[{"href":"https:\/\/kapitalis.com\/tunisie\/wp-json\/wp\/v2\/posts"}],"about":[{"href":"https:\/\/kapitalis.com\/tunisie\/wp-json\/wp\/v2\/types\/post"}],"author":[{"embeddable":true,"href":"https:\/\/kapitalis.com\/tunisie\/wp-json\/wp\/v2\/users\/5"}],"replies":[{"embeddable":true,"href":"https:\/\/kapitalis.com\/tunisie\/wp-json\/wp\/v2\/comments?post=6307"}],"version-history":[{"count":0,"href":"https:\/\/kapitalis.com\/tunisie\/wp-json\/wp\/v2\/posts\/6307\/revisions"}],"wp:featuredmedia":[{"embeddable":true,"href":"https:\/\/kapitalis.com\/tunisie\/wp-json\/wp\/v2\/media\/6308"}],"wp:attachment":[{"href":"https:\/\/kapitalis.com\/tunisie\/wp-json\/wp\/v2\/media?parent=6307"}],"wp:term":[{"taxonomy":"category","embeddable":true,"href":"https:\/\/kapitalis.com\/tunisie\/wp-json\/wp\/v2\/categories?post=6307"},{"taxonomy":"post_tag","embeddable":true,"href":"https:\/\/kapitalis.com\/tunisie\/wp-json\/wp\/v2\/tags?post=6307"}],"curies":[{"name":"wp","href":"https:\/\/api.w.org\/{rel}","templated":true}]}}