{"id":6324219,"date":"2023-02-07T07:10:06","date_gmt":"2023-02-07T06:10:06","guid":{"rendered":"https:\/\/kapitalis.com\/tunisie\/?p=6324219"},"modified":"2023-02-07T07:10:08","modified_gmt":"2023-02-07T06:10:08","slug":"lafd-digital-challenge-cible-les-projets-culturels-et-creatifs","status":"publish","type":"post","link":"https:\/\/kapitalis.com\/tunisie\/2023\/02\/07\/lafd-digital-challenge-cible-les-projets-culturels-et-creatifs\/","title":{"rendered":"L\u2019AFD Digital Challenge cible les projets culturels et cr\u00e9atifs"},"content":{"rendered":"\n<p><strong><em>L\u2019appel \u00e0 projets pour la sixi\u00e8me \u00e9dition de l\u2019AFD Digital Challenge a \u00e9t\u00e9 lanc\u00e9. Cette ann\u00e9e, ce sont les entrepreneurs qui conjuguent au mieux le num\u00e9rique et les industries culturelles et cr\u00e9atives en Afrique qui seront r\u00e9compens\u00e9s. Les porteurs de projets ont jusqu\u2019au 24 f\u00e9vrier 2023 pour d\u00e9poser leur candidature, lit-on sur le site de l\u2019Agence Fran\u00e7aise de D\u00e9veloppement (AFD).<\/em><\/strong><\/p>\n\n\n\n<!--more-->\n\n\n\n<p>La nouvelle \u00e9dition de l\u2019AFD Digital Challenge est d\u00e9di\u00e9e au num\u00e9rique mis au service des industries culturelles et cr\u00e9atives (ICC), qui regroupent notamment la musique, l\u2019\u00e9dition, l\u2019audiovisuel, la presse, les jeux vid\u00e9o ou encore le spectacle vivant.<\/p>\n\n\n\n<p>Six domaines d\u2019activit\u00e9 sont concern\u00e9s: le patrimoine culturel et naturel (mus\u00e9es, lieux historiques, sites arch\u00e9ologiques, paysages culturels\u2026), les arts de la sc\u00e8ne et festivit\u00e9s (concerts, danse, festivals, salons\u2026), les arts visuels et l\u2019artisanat (beaux-arts, photographie\u2026 ), l\u2019\u00e9dition et la presse ( livres, journaux, magazines, biblioth\u00e8ques, salons du livre\u2026), audiovisuel et m\u00e9dias interactifs (cin\u00e9ma, TV et radio, streaming, podcasts, jeux vid\u00e9o\u2026) et design et services cr\u00e9atifs (architecture, stylisme, graphisme, d\u00e9coration d\u2019int\u00e9rieur, publicit\u00e9\u2026).<\/p>\n\n\n\n<h2 class=\"wp-block-heading\">L\u2019entrepreneuriat cr\u00e9atif<\/h2>\n\n\n\n<p>Les ICC regroupent les secteurs d\u2019activit\u00e9 ayant comme objet principal la cr\u00e9ation, le d\u00e9veloppement, la production, la reproduction, la diffusion ou la commercialisation de biens, de services et activit\u00e9s \u00e0 contenu culturel, artistique et\/ou patrimonial.<\/p>\n\n\n\n<p>Gr\u00e2ce au num\u00e9rique, le secteur culturel et cr\u00e9atif dispose d\u2019un \u00e9norme potentiel pour soutenir la reprise et favoriser la cr\u00e9ation d\u2019opportunit\u00e9s \u00e9conomiques pour la jeunesse africaine.<\/p>\n\n\n\n<p>Dans ce contexte, l\u2019entrepreneuriat cr\u00e9atif doit \u00eatre valoris\u00e9 dans les strat\u00e9gies de d\u00e9veloppement \u00e9conomique port\u00e9es par les pays africains, avec le potentiel de transformer la cr\u00e9ativit\u00e9 et le capital humain en une croissance et un d\u00e9veloppement durable.<\/p>\n\n\n\n<p>Dans ce sens, les solutions num\u00e9riques et\/ou technologiques doivent r\u00e9pondre \u00e0 un ou plusieurs des trois enjeux suivants: la transformation et la professionnalisation des modes de production et de consommation des biens et services culturels et cr\u00e9atifs via le num\u00e9rique, la valorisation des patrimoines et des h\u00e9ritages culturels africains via le num\u00e9rique et la promotion d\u2019un acc\u00e8s inclusif aux contenus culturels et cr\u00e9atifs via le num\u00e9rique.<\/p>\n\n\n\n<p>Les 10 projets laur\u00e9ats dont les innovations remarquables servent le d\u00e9veloppement seront accompagn\u00e9s par l\u2019AFD via un <em>\u00abpack d\u2019acc\u00e9l\u00e9ration\u00bb<\/em> alliant appui technique et appui financier, d\u2019un montant pouvant aller jusqu\u2019\u00e0 45 000 \u20ac.<\/p>\n\n\n\n<p>Depuis 2016, l\u2019AFD Digital Challenge r\u00e9compense les start-up, associations et centres de recherche africains les plus innovants en mati\u00e8re de num\u00e9rique et de soutien aux Objectifs de d\u00e9veloppement durable (ODD) sur le continent. Apr\u00e8s cinq ans d\u2019existence, ce sont 35 start-up africaines qui ont pu b\u00e9n\u00e9ficier d\u2019un soutien financier et de coaching.<\/p>\n\n\n\n<p>La 5e \u00e9dition de l\u2019AFD Digital Challenge ciblait les projets num\u00e9riques favorisant le climat et la biodiversit\u00e9 des villes durables, en lien avec les objectifs 13,14 et 15 des ODD.<\/p>\n\n\n\n<p>Parmi les 10 laur\u00e9ats 2021, figure le Tunisien Mohamed Taghouti, fondateur de Smart Logger qui a d\u00e9velopp\u00e9 deux solutions. La premi\u00e8re, Smart Collect, est une plateforme digitale innovante permettant de mettre en relation les parties prenantes du secteur de recyclage des d\u00e9chets. La seconde, Smart Collect Plus, consiste en un r\u00e9seau de poubelles semi-enterr\u00e9es dot\u00e9es d\u2019un syst\u00e8me de monitoring permettant l\u2019optimisation du ramassage des d\u00e9chets.<\/p>\n","protected":false},"excerpt":{"rendered":"<p>L\u2019AFD Digital Challenge cible cette ann\u00e9e les entrepreneurs conjuguant au mieux le num\u00e9rique et les industries culturelles et cr\u00e9atives en Afrique. <\/p>\n","protected":false},"author":8,"featured_media":6324307,"comment_status":"open","ping_status":"open","sticky":false,"template":"","format":"standard","meta":{"footnotes":""},"categories":[994,995,2433],"tags":[90109,41,82955,106473,106475,106474],"class_list":["post-6324219","post","type-post","status-publish","format-standard","has-post-thumbnail","hentry","category-culture","category-economie","category-tunisie","tag-afd-digital-challenge","tag-afrique","tag-industries-culturelles","tag-mohamed-taghouti","tag-smart-collect","tag-smart-logger"],"yoast_head":"<!-- This site is optimized with the Yoast SEO plugin v26.6 - https:\/\/yoast.com\/wordpress\/plugins\/seo\/ -->\n<title>L\u2019AFD Digital Challenge cible les projets culturels et cr\u00e9atifs - Kapitalis<\/title>\n<meta name=\"robots\" content=\"index, follow, max-snippet:-1, max-image-preview:large, max-video-preview:-1\" \/>\n<link rel=\"canonical\" href=\"https:\/\/kapitalis.com\/tunisie\/2023\/02\/07\/lafd-digital-challenge-cible-les-projets-culturels-et-creatifs\/\" \/>\n<meta property=\"og:locale\" content=\"fr_FR\" \/>\n<meta property=\"og:type\" content=\"article\" \/>\n<meta property=\"og:title\" content=\"L\u2019AFD Digital Challenge cible les projets culturels et cr\u00e9atifs - Kapitalis\" \/>\n<meta property=\"og:description\" content=\"L\u2019AFD Digital Challenge cible cette ann\u00e9e les entrepreneurs conjuguant au mieux le num\u00e9rique et les industries culturelles et cr\u00e9atives en Afrique.\" \/>\n<meta property=\"og:url\" content=\"https:\/\/kapitalis.com\/tunisie\/2023\/02\/07\/lafd-digital-challenge-cible-les-projets-culturels-et-creatifs\/\" \/>\n<meta property=\"og:site_name\" content=\"Kapitalis\" \/>\n<meta property=\"article:publisher\" content=\"https:\/\/www.facebook.com\/KapitalisInfo\/\" \/>\n<meta property=\"article:published_time\" content=\"2023-02-07T06:10:06+00:00\" \/>\n<meta property=\"article:modified_time\" content=\"2023-02-07T06:10:08+00:00\" \/>\n<meta property=\"og:image\" content=\"https:\/\/kapitalis.com\/tunisie\/wp-content\/uploads\/2023\/02\/AFD-Digital-Challenge.jpg\" \/>\n\t<meta property=\"og:image:width\" content=\"1200\" \/>\n\t<meta property=\"og:image:height\" content=\"630\" \/>\n\t<meta property=\"og:image:type\" content=\"image\/jpeg\" \/>\n<meta name=\"author\" content=\"webmaster kapitalis\" \/>\n<meta name=\"twitter:card\" content=\"summary_large_image\" \/>\n<meta name=\"twitter:creator\" content=\"@KapitalisInfo\" \/>\n<meta name=\"twitter:site\" content=\"@KapitalisInfo\" \/>\n<meta name=\"twitter:label1\" content=\"\u00c9crit par\" \/>\n\t<meta name=\"twitter:data1\" content=\"webmaster kapitalis\" \/>\n\t<meta name=\"twitter:label2\" content=\"Dur\u00e9e de lecture estim\u00e9e\" \/>\n\t<meta name=\"twitter:data2\" content=\"3 minutes\" \/>\n<script type=\"application\/ld+json\" class=\"yoast-schema-graph\">{\"@context\":\"https:\/\/schema.org\",\"@graph\":[{\"@type\":\"Article\",\"@id\":\"https:\/\/kapitalis.com\/tunisie\/2023\/02\/07\/lafd-digital-challenge-cible-les-projets-culturels-et-creatifs\/#article\",\"isPartOf\":{\"@id\":\"https:\/\/kapitalis.com\/tunisie\/2023\/02\/07\/lafd-digital-challenge-cible-les-projets-culturels-et-creatifs\/\"},\"author\":{\"name\":\"webmaster kapitalis\",\"@id\":\"https:\/\/kapitalis.com\/tunisie\/#\/schema\/person\/d71f33a9ca44f7bad4698210b480c8e9\"},\"headline\":\"L\u2019AFD Digital Challenge cible les projets culturels et cr\u00e9atifs\",\"datePublished\":\"2023-02-07T06:10:06+00:00\",\"dateModified\":\"2023-02-07T06:10:08+00:00\",\"mainEntityOfPage\":{\"@id\":\"https:\/\/kapitalis.com\/tunisie\/2023\/02\/07\/lafd-digital-challenge-cible-les-projets-culturels-et-creatifs\/\"},\"wordCount\":609,\"commentCount\":0,\"publisher\":{\"@id\":\"https:\/\/kapitalis.com\/tunisie\/#organization\"},\"image\":{\"@id\":\"https:\/\/kapitalis.com\/tunisie\/2023\/02\/07\/lafd-digital-challenge-cible-les-projets-culturels-et-creatifs\/#primaryimage\"},\"thumbnailUrl\":\"https:\/\/kapitalis.com\/tunisie\/wp-content\/uploads\/2023\/02\/AFD-Digital-Challenge.jpg\",\"keywords\":[\"AFD Digital Challenge\",\"Afrique\",\"industries culturelles\",\"Mohamed Taghouti\",\"Smart Collect\",\"Smart Logger\"],\"articleSection\":[\"CULTURE\",\"ECONOMIE\",\"Tunisie\"],\"inLanguage\":\"fr-FR\",\"potentialAction\":[{\"@type\":\"CommentAction\",\"name\":\"Comment\",\"target\":[\"https:\/\/kapitalis.com\/tunisie\/2023\/02\/07\/lafd-digital-challenge-cible-les-projets-culturels-et-creatifs\/#respond\"]}]},{\"@type\":\"WebPage\",\"@id\":\"https:\/\/kapitalis.com\/tunisie\/2023\/02\/07\/lafd-digital-challenge-cible-les-projets-culturels-et-creatifs\/\",\"url\":\"https:\/\/kapitalis.com\/tunisie\/2023\/02\/07\/lafd-digital-challenge-cible-les-projets-culturels-et-creatifs\/\",\"name\":\"L\u2019AFD Digital Challenge cible les projets culturels et cr\u00e9atifs - Kapitalis\",\"isPartOf\":{\"@id\":\"https:\/\/kapitalis.com\/tunisie\/#website\"},\"primaryImageOfPage\":{\"@id\":\"https:\/\/kapitalis.com\/tunisie\/2023\/02\/07\/lafd-digital-challenge-cible-les-projets-culturels-et-creatifs\/#primaryimage\"},\"image\":{\"@id\":\"https:\/\/kapitalis.com\/tunisie\/2023\/02\/07\/lafd-digital-challenge-cible-les-projets-culturels-et-creatifs\/#primaryimage\"},\"thumbnailUrl\":\"https:\/\/kapitalis.com\/tunisie\/wp-content\/uploads\/2023\/02\/AFD-Digital-Challenge.jpg\",\"datePublished\":\"2023-02-07T06:10:06+00:00\",\"dateModified\":\"2023-02-07T06:10:08+00:00\",\"breadcrumb\":{\"@id\":\"https:\/\/kapitalis.com\/tunisie\/2023\/02\/07\/lafd-digital-challenge-cible-les-projets-culturels-et-creatifs\/#breadcrumb\"},\"inLanguage\":\"fr-FR\",\"potentialAction\":[{\"@type\":\"ReadAction\",\"target\":[\"https:\/\/kapitalis.com\/tunisie\/2023\/02\/07\/lafd-digital-challenge-cible-les-projets-culturels-et-creatifs\/\"]}]},{\"@type\":\"ImageObject\",\"inLanguage\":\"fr-FR\",\"@id\":\"https:\/\/kapitalis.com\/tunisie\/2023\/02\/07\/lafd-digital-challenge-cible-les-projets-culturels-et-creatifs\/#primaryimage\",\"url\":\"https:\/\/kapitalis.com\/tunisie\/wp-content\/uploads\/2023\/02\/AFD-Digital-Challenge.jpg\",\"contentUrl\":\"https:\/\/kapitalis.com\/tunisie\/wp-content\/uploads\/2023\/02\/AFD-Digital-Challenge.jpg\",\"width\":1200,\"height\":630},{\"@type\":\"BreadcrumbList\",\"@id\":\"https:\/\/kapitalis.com\/tunisie\/2023\/02\/07\/lafd-digital-challenge-cible-les-projets-culturels-et-creatifs\/#breadcrumb\",\"itemListElement\":[{\"@type\":\"ListItem\",\"position\":1,\"name\":\"Accueil\",\"item\":\"https:\/\/kapitalis.com\/tunisie\/\"},{\"@type\":\"ListItem\",\"position\":2,\"name\":\"L\u2019AFD Digital Challenge cible les projets culturels et cr\u00e9atifs\"}]},{\"@type\":\"WebSite\",\"@id\":\"https:\/\/kapitalis.com\/tunisie\/#website\",\"url\":\"https:\/\/kapitalis.com\/tunisie\/\",\"name\":\"Kapitalis\",\"description\":\"L&#039;actualit\u00e9 en Tunisie et dans le monde\",\"publisher\":{\"@id\":\"https:\/\/kapitalis.com\/tunisie\/#organization\"},\"potentialAction\":[{\"@type\":\"SearchAction\",\"target\":{\"@type\":\"EntryPoint\",\"urlTemplate\":\"https:\/\/kapitalis.com\/tunisie\/?s={search_term_string}\"},\"query-input\":{\"@type\":\"PropertyValueSpecification\",\"valueRequired\":true,\"valueName\":\"search_term_string\"}}],\"inLanguage\":\"fr-FR\"},{\"@type\":\"Organization\",\"@id\":\"https:\/\/kapitalis.com\/tunisie\/#organization\",\"name\":\"Kapitalis\",\"url\":\"https:\/\/kapitalis.com\/tunisie\/\",\"logo\":{\"@type\":\"ImageObject\",\"inLanguage\":\"fr-FR\",\"@id\":\"https:\/\/kapitalis.com\/tunisie\/#\/schema\/logo\/image\/\",\"url\":\"https:\/\/kapitalis.com\/tunisie\/wp-content\/uploads\/2022\/05\/Kapitalis-big-size.png\",\"contentUrl\":\"https:\/\/kapitalis.com\/tunisie\/wp-content\/uploads\/2022\/05\/Kapitalis-big-size.png\",\"width\":5000,\"height\":1500,\"caption\":\"Kapitalis\"},\"image\":{\"@id\":\"https:\/\/kapitalis.com\/tunisie\/#\/schema\/logo\/image\/\"},\"sameAs\":[\"https:\/\/www.facebook.com\/KapitalisInfo\/\",\"https:\/\/x.com\/KapitalisInfo\",\"https:\/\/www.youtube.com\/channel\/UC-yDYrHyfFBWWZaOw3FPg9Q\"]},{\"@type\":\"Person\",\"@id\":\"https:\/\/kapitalis.com\/tunisie\/#\/schema\/person\/d71f33a9ca44f7bad4698210b480c8e9\",\"name\":\"webmaster kapitalis\",\"url\":\"https:\/\/kapitalis.com\/tunisie\/author\/webmaster-kapitalis\/\"}]}<\/script>\n<!-- \/ Yoast SEO plugin. -->","yoast_head_json":{"title":"L\u2019AFD Digital Challenge cible les projets culturels et cr\u00e9atifs - Kapitalis","robots":{"index":"index","follow":"follow","max-snippet":"max-snippet:-1","max-image-preview":"max-image-preview:large","max-video-preview":"max-video-preview:-1"},"canonical":"https:\/\/kapitalis.com\/tunisie\/2023\/02\/07\/lafd-digital-challenge-cible-les-projets-culturels-et-creatifs\/","og_locale":"fr_FR","og_type":"article","og_title":"L\u2019AFD Digital Challenge cible les projets culturels et cr\u00e9atifs - Kapitalis","og_description":"L\u2019AFD Digital Challenge cible cette ann\u00e9e les entrepreneurs conjuguant au mieux le num\u00e9rique et les industries culturelles et cr\u00e9atives en Afrique.","og_url":"https:\/\/kapitalis.com\/tunisie\/2023\/02\/07\/lafd-digital-challenge-cible-les-projets-culturels-et-creatifs\/","og_site_name":"Kapitalis","article_publisher":"https:\/\/www.facebook.com\/KapitalisInfo\/","article_published_time":"2023-02-07T06:10:06+00:00","article_modified_time":"2023-02-07T06:10:08+00:00","og_image":[{"width":1200,"height":630,"url":"https:\/\/kapitalis.com\/tunisie\/wp-content\/uploads\/2023\/02\/AFD-Digital-Challenge.jpg","type":"image\/jpeg"}],"author":"webmaster kapitalis","twitter_card":"summary_large_image","twitter_creator":"@KapitalisInfo","twitter_site":"@KapitalisInfo","twitter_misc":{"\u00c9crit par":"webmaster kapitalis","Dur\u00e9e de lecture estim\u00e9e":"3 minutes"},"schema":{"@context":"https:\/\/schema.org","@graph":[{"@type":"Article","@id":"https:\/\/kapitalis.com\/tunisie\/2023\/02\/07\/lafd-digital-challenge-cible-les-projets-culturels-et-creatifs\/#article","isPartOf":{"@id":"https:\/\/kapitalis.com\/tunisie\/2023\/02\/07\/lafd-digital-challenge-cible-les-projets-culturels-et-creatifs\/"},"author":{"name":"webmaster kapitalis","@id":"https:\/\/kapitalis.com\/tunisie\/#\/schema\/person\/d71f33a9ca44f7bad4698210b480c8e9"},"headline":"L\u2019AFD Digital Challenge cible les projets culturels et cr\u00e9atifs","datePublished":"2023-02-07T06:10:06+00:00","dateModified":"2023-02-07T06:10:08+00:00","mainEntityOfPage":{"@id":"https:\/\/kapitalis.com\/tunisie\/2023\/02\/07\/lafd-digital-challenge-cible-les-projets-culturels-et-creatifs\/"},"wordCount":609,"commentCount":0,"publisher":{"@id":"https:\/\/kapitalis.com\/tunisie\/#organization"},"image":{"@id":"https:\/\/kapitalis.com\/tunisie\/2023\/02\/07\/lafd-digital-challenge-cible-les-projets-culturels-et-creatifs\/#primaryimage"},"thumbnailUrl":"https:\/\/kapitalis.com\/tunisie\/wp-content\/uploads\/2023\/02\/AFD-Digital-Challenge.jpg","keywords":["AFD Digital Challenge","Afrique","industries culturelles","Mohamed Taghouti","Smart Collect","Smart Logger"],"articleSection":["CULTURE","ECONOMIE","Tunisie"],"inLanguage":"fr-FR","potentialAction":[{"@type":"CommentAction","name":"Comment","target":["https:\/\/kapitalis.com\/tunisie\/2023\/02\/07\/lafd-digital-challenge-cible-les-projets-culturels-et-creatifs\/#respond"]}]},{"@type":"WebPage","@id":"https:\/\/kapitalis.com\/tunisie\/2023\/02\/07\/lafd-digital-challenge-cible-les-projets-culturels-et-creatifs\/","url":"https:\/\/kapitalis.com\/tunisie\/2023\/02\/07\/lafd-digital-challenge-cible-les-projets-culturels-et-creatifs\/","name":"L\u2019AFD Digital Challenge cible les projets culturels et cr\u00e9atifs - Kapitalis","isPartOf":{"@id":"https:\/\/kapitalis.com\/tunisie\/#website"},"primaryImageOfPage":{"@id":"https:\/\/kapitalis.com\/tunisie\/2023\/02\/07\/lafd-digital-challenge-cible-les-projets-culturels-et-creatifs\/#primaryimage"},"image":{"@id":"https:\/\/kapitalis.com\/tunisie\/2023\/02\/07\/lafd-digital-challenge-cible-les-projets-culturels-et-creatifs\/#primaryimage"},"thumbnailUrl":"https:\/\/kapitalis.com\/tunisie\/wp-content\/uploads\/2023\/02\/AFD-Digital-Challenge.jpg","datePublished":"2023-02-07T06:10:06+00:00","dateModified":"2023-02-07T06:10:08+00:00","breadcrumb":{"@id":"https:\/\/kapitalis.com\/tunisie\/2023\/02\/07\/lafd-digital-challenge-cible-les-projets-culturels-et-creatifs\/#breadcrumb"},"inLanguage":"fr-FR","potentialAction":[{"@type":"ReadAction","target":["https:\/\/kapitalis.com\/tunisie\/2023\/02\/07\/lafd-digital-challenge-cible-les-projets-culturels-et-creatifs\/"]}]},{"@type":"ImageObject","inLanguage":"fr-FR","@id":"https:\/\/kapitalis.com\/tunisie\/2023\/02\/07\/lafd-digital-challenge-cible-les-projets-culturels-et-creatifs\/#primaryimage","url":"https:\/\/kapitalis.com\/tunisie\/wp-content\/uploads\/2023\/02\/AFD-Digital-Challenge.jpg","contentUrl":"https:\/\/kapitalis.com\/tunisie\/wp-content\/uploads\/2023\/02\/AFD-Digital-Challenge.jpg","width":1200,"height":630},{"@type":"BreadcrumbList","@id":"https:\/\/kapitalis.com\/tunisie\/2023\/02\/07\/lafd-digital-challenge-cible-les-projets-culturels-et-creatifs\/#breadcrumb","itemListElement":[{"@type":"ListItem","position":1,"name":"Accueil","item":"https:\/\/kapitalis.com\/tunisie\/"},{"@type":"ListItem","position":2,"name":"L\u2019AFD Digital Challenge cible les projets culturels et cr\u00e9atifs"}]},{"@type":"WebSite","@id":"https:\/\/kapitalis.com\/tunisie\/#website","url":"https:\/\/kapitalis.com\/tunisie\/","name":"Kapitalis","description":"L&#039;actualit\u00e9 en Tunisie et dans le monde","publisher":{"@id":"https:\/\/kapitalis.com\/tunisie\/#organization"},"potentialAction":[{"@type":"SearchAction","target":{"@type":"EntryPoint","urlTemplate":"https:\/\/kapitalis.com\/tunisie\/?s={search_term_string}"},"query-input":{"@type":"PropertyValueSpecification","valueRequired":true,"valueName":"search_term_string"}}],"inLanguage":"fr-FR"},{"@type":"Organization","@id":"https:\/\/kapitalis.com\/tunisie\/#organization","name":"Kapitalis","url":"https:\/\/kapitalis.com\/tunisie\/","logo":{"@type":"ImageObject","inLanguage":"fr-FR","@id":"https:\/\/kapitalis.com\/tunisie\/#\/schema\/logo\/image\/","url":"https:\/\/kapitalis.com\/tunisie\/wp-content\/uploads\/2022\/05\/Kapitalis-big-size.png","contentUrl":"https:\/\/kapitalis.com\/tunisie\/wp-content\/uploads\/2022\/05\/Kapitalis-big-size.png","width":5000,"height":1500,"caption":"Kapitalis"},"image":{"@id":"https:\/\/kapitalis.com\/tunisie\/#\/schema\/logo\/image\/"},"sameAs":["https:\/\/www.facebook.com\/KapitalisInfo\/","https:\/\/x.com\/KapitalisInfo","https:\/\/www.youtube.com\/channel\/UC-yDYrHyfFBWWZaOw3FPg9Q"]},{"@type":"Person","@id":"https:\/\/kapitalis.com\/tunisie\/#\/schema\/person\/d71f33a9ca44f7bad4698210b480c8e9","name":"webmaster kapitalis","url":"https:\/\/kapitalis.com\/tunisie\/author\/webmaster-kapitalis\/"}]}},"_links":{"self":[{"href":"https:\/\/kapitalis.com\/tunisie\/wp-json\/wp\/v2\/posts\/6324219","targetHints":{"allow":["GET"]}}],"collection":[{"href":"https:\/\/kapitalis.com\/tunisie\/wp-json\/wp\/v2\/posts"}],"about":[{"href":"https:\/\/kapitalis.com\/tunisie\/wp-json\/wp\/v2\/types\/post"}],"author":[{"embeddable":true,"href":"https:\/\/kapitalis.com\/tunisie\/wp-json\/wp\/v2\/users\/8"}],"replies":[{"embeddable":true,"href":"https:\/\/kapitalis.com\/tunisie\/wp-json\/wp\/v2\/comments?post=6324219"}],"version-history":[{"count":1,"href":"https:\/\/kapitalis.com\/tunisie\/wp-json\/wp\/v2\/posts\/6324219\/revisions"}],"predecessor-version":[{"id":6324340,"href":"https:\/\/kapitalis.com\/tunisie\/wp-json\/wp\/v2\/posts\/6324219\/revisions\/6324340"}],"wp:featuredmedia":[{"embeddable":true,"href":"https:\/\/kapitalis.com\/tunisie\/wp-json\/wp\/v2\/media\/6324307"}],"wp:attachment":[{"href":"https:\/\/kapitalis.com\/tunisie\/wp-json\/wp\/v2\/media?parent=6324219"}],"wp:term":[{"taxonomy":"category","embeddable":true,"href":"https:\/\/kapitalis.com\/tunisie\/wp-json\/wp\/v2\/categories?post=6324219"},{"taxonomy":"post_tag","embeddable":true,"href":"https:\/\/kapitalis.com\/tunisie\/wp-json\/wp\/v2\/tags?post=6324219"}],"curies":[{"name":"wp","href":"https:\/\/api.w.org\/{rel}","templated":true}]}}