{"id":6326089,"date":"2023-02-07T08:13:25","date_gmt":"2023-02-07T07:13:25","guid":{"rendered":"https:\/\/kapitalis.com\/tunisie\/?p=6326089"},"modified":"2023-02-07T08:16:44","modified_gmt":"2023-02-07T07:16:44","slug":"tunisie-rabii-majidi-echafaude-des-plans-et-des-strategies","status":"publish","type":"post","link":"https:\/\/kapitalis.com\/tunisie\/2023\/02\/07\/tunisie-rabii-majidi-echafaude-des-plans-et-des-strategies\/","title":{"rendered":"Tunisie\u00a0: Rabii Majidi \u00e9chafaude des plans et des strat\u00e9gies \u00a0"},"content":{"rendered":"\n<p><strong><em>Au lieu de trouver des solutions aux probl\u00e8mes qui empoisonnent le quotidien des citoyens et handicapent les activit\u00e9s \u00e9conomiques, les membres du gouvernement continuent de tirer des plans sur la com\u00e8te avec des strat\u00e9gies et des \u00e9tudes qui co\u00fbtent de l\u2019argent avant de se retrouver dans les tiroirs de ces chers directeurs g\u00e9n\u00e9raux dont regorge l\u2019administration publique tunisienne, prolifique, co\u00fbteuse et inefficace.<\/em><\/strong><\/p>\n\n\n\n<p>Par<strong> Imed Bahri<\/strong><\/p>\n\n\n\n<!--more-->\n\n\n\n<p>C\u2019est le cas du programme qualifi\u00e9 d\u2019<em>\u00abambitieux\u00bb<\/em> visant \u00e0 renforcer la comp\u00e9titivit\u00e9 et la performance du syst\u00e8me de transport maritime qui vient d\u2019\u00eatre \u00e9labor\u00e9 dans le cadre de (tenez-vous bien&nbsp;!) la Vision strat\u00e9gique des transports et de la logistique \u00e0 l\u2019horizon 2040.<\/p>\n\n\n\n<p>Ce programme a \u00e9t\u00e9 pr\u00e9sent\u00e9 lundi 6 f\u00e9vrier 2023 par le ministre des Transports Rabii Majidi \u00e0 l\u2019ouverture d\u2019un atelier \u00e0 Tunis sur le th\u00e8me&nbsp;: <em>\u00abLa r\u00e9silience des ports et la qualit\u00e9 des infrastructures\u00bb<\/em>.<\/p>\n\n\n\n<p>Pour la <em>\u00abr\u00e9silience des ports\u00bb<\/em>, nous sommes largement \u00e9difi\u00e9s par l\u2019impuissance o\u00f9 se trouve aujourd\u2019hui l\u2019Etat face aux dysfonctionnements du port de Rad\u00e8s, le poumon de l\u2019\u00e9conomie nationale devenu un v\u00e9ritable frein au d\u00e9veloppement du pays. Et pour la <em>\u00abqualit\u00e9 des infrastructures\u00bb<\/em>, les usagers qui s\u2019en plaignent au quotidien dans toutes les r\u00e9gions du pays, vous en parleront volontiers. &nbsp;&nbsp;&nbsp;&nbsp;&nbsp;&nbsp;&nbsp;&nbsp;<\/p>\n\n\n\n<p>Le programme vise \u00e0 moderniser et mettre \u00e0 niveau les infrastructures portuaires afin de faire de la Tunisie <em>\u00abun corridor \u00e9conomique efficace et conforme aux normes HSSE (Sant\u00e9, S\u00fbret\u00e9, S\u00e9curit\u00e9 et Environnement)\u00bb<\/em> et un<em> \u00abcentre d\u2019investissement attractif\u00bb<\/em>, a ajout\u00e9 le ministre, d\u00e9cid\u00e9ment tr\u00e8s ambitieux et, surtout, r\u00eaveur, et qui gagnerait sans doute \u00e0 redescendre sur terre.<\/p>\n\n\n\n<h2 class=\"wp-block-heading\">Am\u00e9liorer le secteur du transport, dit-il<\/h2>\n\n\n\n<p>S\u2019exprimant lors de cet atelier organis\u00e9 par l\u2019association MEDports, le ministre a aussi indiqu\u00e9 que ledit programme comprend la r\u00e9forme et la r\u00e9habilitation des ports ainsi que l\u2019am\u00e9lioration de leurs performances et de leurs services, rappelant \u00e0 cet \u00e9gard que 98% du commerce ext\u00e9rieur de la Tunisie s\u2019effectue par voie maritime, \u00e0 travers les 7 ports de commerce.<\/p>\n\n\n\n<p>L\u2019objectif est \u00e9galement de d\u00e9velopper et d\u2019am\u00e9liorer encore le secteur du transport et de la logistique, qui regroupe pr\u00e8s de 560 entreprises exer\u00e7ant les m\u00e9tiers maritimes et portuaires, ainsi que les transitaires, et qui fournit pr\u00e8s de 6 000 emplois directs.<\/p>\n\n\n\n<p>Ce programme, a-t-il expliqu\u00e9, vise \u00e0 donner la priorit\u00e9 aux m\u00e9canismes alternatifs dans la mise en \u0153uvre des programmes d\u2019investissement, y compris les partenariats public-priv\u00e9 et les partenariats strat\u00e9giques avec les grandes entreprises mondiales dans ce domaine.<\/p>\n\n\n\n<figure class=\"wp-block-embed is-type-wp-embed is-provider-kapitalis wp-block-embed-kapitalis\"><div class=\"wp-block-embed__wrapper\">\n<blockquote class=\"wp-embedded-content\" data-secret=\"hcbs574tU0\"><a href=\"https:\/\/kapitalis.com\/tunisie\/2023\/02\/07\/tunisie-41-des-equipements-dedies-a-lentretien-des-routes-est-hors-service\/\">Tunisie\u00a0: 41% des \u00e9quipements d\u00e9di\u00e9s \u00e0 l\u2019entretien des routes est hors service<\/a><\/blockquote><iframe loading=\"lazy\" class=\"wp-embedded-content\" sandbox=\"allow-scripts\" security=\"restricted\" style=\"position: absolute; clip: rect(1px, 1px, 1px, 1px);\" title=\"\u00ab\u00a0Tunisie\u00a0: 41% des \u00e9quipements d\u00e9di\u00e9s \u00e0 l\u2019entretien des routes est hors service\u00a0\u00bb &#8212; Kapitalis\" src=\"https:\/\/kapitalis.com\/tunisie\/2023\/02\/07\/tunisie-41-des-equipements-dedies-a-lentretien-des-routes-est-hors-service\/embed\/#?secret=B7OFJguG88#?secret=hcbs574tU0\" data-secret=\"hcbs574tU0\" width=\"600\" height=\"338\" frameborder=\"0\" marginwidth=\"0\" marginheight=\"0\" scrolling=\"no\"><\/iframe>\n<\/div><\/figure>\n\n\n\n<p>Rabii Majidi a indiqu\u00e9 que ce programme vise \u00e9galement \u00e0 am\u00e9liorer l\u2019efficacit\u00e9 \u00e9nerg\u00e9tique du secteur du transport maritime, mettre en place des transports verts, rationaliser la gouvernance et mettre \u00e0 jour le cadre l\u00e9gal et r\u00e9glementaire organisant les diff\u00e9rentes activit\u00e9s de transport et de logistique, afin de se conformer aux \u00e9volutions enregistr\u00e9es sur le niveau international.<\/p>\n\n\n\n<h2 class=\"wp-block-heading\">V\u00e9tust\u00e9, d\u00e9labrement et mauvaise gouvernance<\/h2>\n\n\n\n<p>Voil\u00e0 pour la langue de bois officielle, soporifique \u00e0 souhait et \u00e0 laquelle plus personne dans le pays ne croit. Mais quand on sait l\u2019\u00e9tat de d\u00e9labrement des \u00e9quipements des grandes soci\u00e9t\u00e9s de transport public, presque toutes au bord de la faillite\u00a0(Tunisair, SNCFT, Transtu et autres soci\u00e9t\u00e9s r\u00e9gionales) ainsi que la v\u00e9tust\u00e9 et la mauvaise gouvernance des ports, maritimes et a\u00e9riens, qui handicapent les activit\u00e9s \u00e9conomiques, on est en droit de demander \u00e0 M. Majidi et aux centaines de directeurs dont regorge son d\u00e9partement de s\u2019occuper d\u2019abord de ce qui ne marche pas aujourd\u2019hui et de lui trouver de solutions imm\u00e9diates, au lieu d\u2019\u00e9chafauder des plans qu\u2019il ne pourront sans doute pas mettre en \u0153uvre, et qui resteront dans les cartons, comme des tonnes d\u2019autres plans, strat\u00e9gies et projets dont on entend souvent parler dans les m\u00e9dias mais qui ne voient jamais le jour.<\/p>\n\n\n\n<p>On aurait souhait\u00e9 voir le ministre et ses \u00e9quipes se concentrer sur un ou deux probl\u00e8mes urgents et mettre les bouch\u00e9es doubles pour les solutionner dans les plus courts d\u00e9lais. Cela rendrait beaucoup service aux citoyens et r\u00e9tablirait la confiance entre l&rsquo;administration et le public. Et, surtout, donnerait du cr\u00e9dit \u00e0 un gouvernement qui, jusque-l\u00e0, ne fait que brasser du vent, alors que les r\u00e9formes envisag\u00e9es et d\u00e9taill\u00e9es dans les drafts et les power-points pr\u00e9sent\u00e9s aux bailleurs de fonds sont encore presque toutes bloqu\u00e9es. <\/p>\n\n\n\n<p>A bon entendeur\u2026 <\/p>\n\n\n\n<p><strong><em>(avec <a href=\"https:\/\/www.tap.info.tn\/fr\/Portail-Economie\/15980421-mise-en-place-d-un\" target=\"_blank\" rel=\"noreferrer noopener\">Tap<\/a>).<\/em><\/strong><\/p>\n","protected":false},"excerpt":{"rendered":"<p>Au lieu de trouver des solutions aux probl\u00e8mes qui empoisonnent le quotidien des citoyens et handicapent les activit\u00e9s \u00e9conomiques, les membres du gouvernement tunisien continuent de tirer des plans sur la com\u00e8te.<\/p>\n","protected":false},"author":8,"featured_media":6326360,"comment_status":"open","ping_status":"open","sticky":false,"template":"","format":"standard","meta":{"footnotes":""},"categories":[992,995,2433],"tags":[7099,76507,98350,102745,918,62643],"class_list":["post-6326089","post","type-post","status-publish","format-standard","has-post-thumbnail","hentry","category-a-la-une","category-economie","category-tunisie","tag-logistique","tag-port-de-rades-2","tag-ports-maritimes","tag-rabii-majidi","tag-transport","tag-tunisie"],"yoast_head":"<!-- This site is optimized with the Yoast SEO plugin v26.6 - https:\/\/yoast.com\/wordpress\/plugins\/seo\/ -->\n<title>Tunisie\u00a0: Rabii Majidi \u00e9chafaude des plans et des strat\u00e9gies \u00a0 - Kapitalis<\/title>\n<meta name=\"robots\" content=\"index, follow, max-snippet:-1, max-image-preview:large, max-video-preview:-1\" \/>\n<link rel=\"canonical\" href=\"https:\/\/kapitalis.com\/tunisie\/2023\/02\/07\/tunisie-rabii-majidi-echafaude-des-plans-et-des-strategies\/\" \/>\n<meta property=\"og:locale\" content=\"fr_FR\" \/>\n<meta property=\"og:type\" content=\"article\" \/>\n<meta property=\"og:title\" content=\"Tunisie\u00a0: Rabii Majidi \u00e9chafaude des plans et des strat\u00e9gies \u00a0 - Kapitalis\" \/>\n<meta property=\"og:description\" content=\"Au lieu de trouver des solutions aux probl\u00e8mes qui empoisonnent le quotidien des citoyens et handicapent les activit\u00e9s \u00e9conomiques, les membres du gouvernement tunisien continuent de tirer des plans sur la com\u00e8te.\" \/>\n<meta property=\"og:url\" content=\"https:\/\/kapitalis.com\/tunisie\/2023\/02\/07\/tunisie-rabii-majidi-echafaude-des-plans-et-des-strategies\/\" \/>\n<meta property=\"og:site_name\" content=\"Kapitalis\" \/>\n<meta property=\"article:publisher\" content=\"https:\/\/www.facebook.com\/KapitalisInfo\/\" \/>\n<meta property=\"article:published_time\" content=\"2023-02-07T07:13:25+00:00\" \/>\n<meta property=\"article:modified_time\" content=\"2023-02-07T07:16:44+00:00\" \/>\n<meta property=\"og:image\" content=\"https:\/\/kapitalis.com\/tunisie\/wp-content\/uploads\/2023\/02\/Rabii-Majidi.jpg\" \/>\n\t<meta property=\"og:image:width\" content=\"1200\" \/>\n\t<meta property=\"og:image:height\" content=\"630\" \/>\n\t<meta property=\"og:image:type\" content=\"image\/jpeg\" \/>\n<meta name=\"author\" content=\"webmaster kapitalis\" \/>\n<meta name=\"twitter:card\" content=\"summary_large_image\" \/>\n<meta name=\"twitter:creator\" content=\"@KapitalisInfo\" \/>\n<meta name=\"twitter:site\" content=\"@KapitalisInfo\" \/>\n<meta name=\"twitter:label1\" content=\"\u00c9crit par\" \/>\n\t<meta name=\"twitter:data1\" content=\"webmaster kapitalis\" \/>\n\t<meta name=\"twitter:label2\" content=\"Dur\u00e9e de lecture estim\u00e9e\" \/>\n\t<meta name=\"twitter:data2\" content=\"4 minutes\" \/>\n<script type=\"application\/ld+json\" class=\"yoast-schema-graph\">{\"@context\":\"https:\/\/schema.org\",\"@graph\":[{\"@type\":\"Article\",\"@id\":\"https:\/\/kapitalis.com\/tunisie\/2023\/02\/07\/tunisie-rabii-majidi-echafaude-des-plans-et-des-strategies\/#article\",\"isPartOf\":{\"@id\":\"https:\/\/kapitalis.com\/tunisie\/2023\/02\/07\/tunisie-rabii-majidi-echafaude-des-plans-et-des-strategies\/\"},\"author\":{\"name\":\"webmaster kapitalis\",\"@id\":\"https:\/\/kapitalis.com\/tunisie\/#\/schema\/person\/d71f33a9ca44f7bad4698210b480c8e9\"},\"headline\":\"Tunisie\u00a0: Rabii Majidi \u00e9chafaude des plans et des strat\u00e9gies \u00a0\",\"datePublished\":\"2023-02-07T07:13:25+00:00\",\"dateModified\":\"2023-02-07T07:16:44+00:00\",\"mainEntityOfPage\":{\"@id\":\"https:\/\/kapitalis.com\/tunisie\/2023\/02\/07\/tunisie-rabii-majidi-echafaude-des-plans-et-des-strategies\/\"},\"wordCount\":798,\"commentCount\":3,\"publisher\":{\"@id\":\"https:\/\/kapitalis.com\/tunisie\/#organization\"},\"image\":{\"@id\":\"https:\/\/kapitalis.com\/tunisie\/2023\/02\/07\/tunisie-rabii-majidi-echafaude-des-plans-et-des-strategies\/#primaryimage\"},\"thumbnailUrl\":\"https:\/\/kapitalis.com\/tunisie\/wp-content\/uploads\/2023\/02\/Rabii-Majidi.jpg\",\"keywords\":[\"logistique\",\"Port de Rad\u00e8s\",\"ports maritimes\",\"Rabii Majidi\",\"transport\",\"Tunisie\"],\"articleSection\":[\"A LA UNE\",\"ECONOMIE\",\"Tunisie\"],\"inLanguage\":\"fr-FR\",\"potentialAction\":[{\"@type\":\"CommentAction\",\"name\":\"Comment\",\"target\":[\"https:\/\/kapitalis.com\/tunisie\/2023\/02\/07\/tunisie-rabii-majidi-echafaude-des-plans-et-des-strategies\/#respond\"]}]},{\"@type\":\"WebPage\",\"@id\":\"https:\/\/kapitalis.com\/tunisie\/2023\/02\/07\/tunisie-rabii-majidi-echafaude-des-plans-et-des-strategies\/\",\"url\":\"https:\/\/kapitalis.com\/tunisie\/2023\/02\/07\/tunisie-rabii-majidi-echafaude-des-plans-et-des-strategies\/\",\"name\":\"Tunisie\u00a0: Rabii Majidi \u00e9chafaude des plans et des strat\u00e9gies \u00a0 - Kapitalis\",\"isPartOf\":{\"@id\":\"https:\/\/kapitalis.com\/tunisie\/#website\"},\"primaryImageOfPage\":{\"@id\":\"https:\/\/kapitalis.com\/tunisie\/2023\/02\/07\/tunisie-rabii-majidi-echafaude-des-plans-et-des-strategies\/#primaryimage\"},\"image\":{\"@id\":\"https:\/\/kapitalis.com\/tunisie\/2023\/02\/07\/tunisie-rabii-majidi-echafaude-des-plans-et-des-strategies\/#primaryimage\"},\"thumbnailUrl\":\"https:\/\/kapitalis.com\/tunisie\/wp-content\/uploads\/2023\/02\/Rabii-Majidi.jpg\",\"datePublished\":\"2023-02-07T07:13:25+00:00\",\"dateModified\":\"2023-02-07T07:16:44+00:00\",\"breadcrumb\":{\"@id\":\"https:\/\/kapitalis.com\/tunisie\/2023\/02\/07\/tunisie-rabii-majidi-echafaude-des-plans-et-des-strategies\/#breadcrumb\"},\"inLanguage\":\"fr-FR\",\"potentialAction\":[{\"@type\":\"ReadAction\",\"target\":[\"https:\/\/kapitalis.com\/tunisie\/2023\/02\/07\/tunisie-rabii-majidi-echafaude-des-plans-et-des-strategies\/\"]}]},{\"@type\":\"ImageObject\",\"inLanguage\":\"fr-FR\",\"@id\":\"https:\/\/kapitalis.com\/tunisie\/2023\/02\/07\/tunisie-rabii-majidi-echafaude-des-plans-et-des-strategies\/#primaryimage\",\"url\":\"https:\/\/kapitalis.com\/tunisie\/wp-content\/uploads\/2023\/02\/Rabii-Majidi.jpg\",\"contentUrl\":\"https:\/\/kapitalis.com\/tunisie\/wp-content\/uploads\/2023\/02\/Rabii-Majidi.jpg\",\"width\":1200,\"height\":630},{\"@type\":\"BreadcrumbList\",\"@id\":\"https:\/\/kapitalis.com\/tunisie\/2023\/02\/07\/tunisie-rabii-majidi-echafaude-des-plans-et-des-strategies\/#breadcrumb\",\"itemListElement\":[{\"@type\":\"ListItem\",\"position\":1,\"name\":\"Accueil\",\"item\":\"https:\/\/kapitalis.com\/tunisie\/\"},{\"@type\":\"ListItem\",\"position\":2,\"name\":\"Tunisie\u00a0: Rabii Majidi \u00e9chafaude des plans et des strat\u00e9gies \u00a0\"}]},{\"@type\":\"WebSite\",\"@id\":\"https:\/\/kapitalis.com\/tunisie\/#website\",\"url\":\"https:\/\/kapitalis.com\/tunisie\/\",\"name\":\"Kapitalis\",\"description\":\"L&#039;actualit\u00e9 en Tunisie et dans le monde\",\"publisher\":{\"@id\":\"https:\/\/kapitalis.com\/tunisie\/#organization\"},\"potentialAction\":[{\"@type\":\"SearchAction\",\"target\":{\"@type\":\"EntryPoint\",\"urlTemplate\":\"https:\/\/kapitalis.com\/tunisie\/?s={search_term_string}\"},\"query-input\":{\"@type\":\"PropertyValueSpecification\",\"valueRequired\":true,\"valueName\":\"search_term_string\"}}],\"inLanguage\":\"fr-FR\"},{\"@type\":\"Organization\",\"@id\":\"https:\/\/kapitalis.com\/tunisie\/#organization\",\"name\":\"Kapitalis\",\"url\":\"https:\/\/kapitalis.com\/tunisie\/\",\"logo\":{\"@type\":\"ImageObject\",\"inLanguage\":\"fr-FR\",\"@id\":\"https:\/\/kapitalis.com\/tunisie\/#\/schema\/logo\/image\/\",\"url\":\"https:\/\/kapitalis.com\/tunisie\/wp-content\/uploads\/2022\/05\/Kapitalis-big-size.png\",\"contentUrl\":\"https:\/\/kapitalis.com\/tunisie\/wp-content\/uploads\/2022\/05\/Kapitalis-big-size.png\",\"width\":5000,\"height\":1500,\"caption\":\"Kapitalis\"},\"image\":{\"@id\":\"https:\/\/kapitalis.com\/tunisie\/#\/schema\/logo\/image\/\"},\"sameAs\":[\"https:\/\/www.facebook.com\/KapitalisInfo\/\",\"https:\/\/x.com\/KapitalisInfo\",\"https:\/\/www.youtube.com\/channel\/UC-yDYrHyfFBWWZaOw3FPg9Q\"]},{\"@type\":\"Person\",\"@id\":\"https:\/\/kapitalis.com\/tunisie\/#\/schema\/person\/d71f33a9ca44f7bad4698210b480c8e9\",\"name\":\"webmaster kapitalis\",\"url\":\"https:\/\/kapitalis.com\/tunisie\/author\/webmaster-kapitalis\/\"}]}<\/script>\n<!-- \/ Yoast SEO plugin. -->","yoast_head_json":{"title":"Tunisie\u00a0: Rabii Majidi \u00e9chafaude des plans et des strat\u00e9gies \u00a0 - Kapitalis","robots":{"index":"index","follow":"follow","max-snippet":"max-snippet:-1","max-image-preview":"max-image-preview:large","max-video-preview":"max-video-preview:-1"},"canonical":"https:\/\/kapitalis.com\/tunisie\/2023\/02\/07\/tunisie-rabii-majidi-echafaude-des-plans-et-des-strategies\/","og_locale":"fr_FR","og_type":"article","og_title":"Tunisie\u00a0: Rabii Majidi \u00e9chafaude des plans et des strat\u00e9gies \u00a0 - Kapitalis","og_description":"Au lieu de trouver des solutions aux probl\u00e8mes qui empoisonnent le quotidien des citoyens et handicapent les activit\u00e9s \u00e9conomiques, les membres du gouvernement tunisien continuent de tirer des plans sur la com\u00e8te.","og_url":"https:\/\/kapitalis.com\/tunisie\/2023\/02\/07\/tunisie-rabii-majidi-echafaude-des-plans-et-des-strategies\/","og_site_name":"Kapitalis","article_publisher":"https:\/\/www.facebook.com\/KapitalisInfo\/","article_published_time":"2023-02-07T07:13:25+00:00","article_modified_time":"2023-02-07T07:16:44+00:00","og_image":[{"width":1200,"height":630,"url":"https:\/\/kapitalis.com\/tunisie\/wp-content\/uploads\/2023\/02\/Rabii-Majidi.jpg","type":"image\/jpeg"}],"author":"webmaster kapitalis","twitter_card":"summary_large_image","twitter_creator":"@KapitalisInfo","twitter_site":"@KapitalisInfo","twitter_misc":{"\u00c9crit par":"webmaster kapitalis","Dur\u00e9e de lecture estim\u00e9e":"4 minutes"},"schema":{"@context":"https:\/\/schema.org","@graph":[{"@type":"Article","@id":"https:\/\/kapitalis.com\/tunisie\/2023\/02\/07\/tunisie-rabii-majidi-echafaude-des-plans-et-des-strategies\/#article","isPartOf":{"@id":"https:\/\/kapitalis.com\/tunisie\/2023\/02\/07\/tunisie-rabii-majidi-echafaude-des-plans-et-des-strategies\/"},"author":{"name":"webmaster kapitalis","@id":"https:\/\/kapitalis.com\/tunisie\/#\/schema\/person\/d71f33a9ca44f7bad4698210b480c8e9"},"headline":"Tunisie\u00a0: Rabii Majidi \u00e9chafaude des plans et des strat\u00e9gies \u00a0","datePublished":"2023-02-07T07:13:25+00:00","dateModified":"2023-02-07T07:16:44+00:00","mainEntityOfPage":{"@id":"https:\/\/kapitalis.com\/tunisie\/2023\/02\/07\/tunisie-rabii-majidi-echafaude-des-plans-et-des-strategies\/"},"wordCount":798,"commentCount":3,"publisher":{"@id":"https:\/\/kapitalis.com\/tunisie\/#organization"},"image":{"@id":"https:\/\/kapitalis.com\/tunisie\/2023\/02\/07\/tunisie-rabii-majidi-echafaude-des-plans-et-des-strategies\/#primaryimage"},"thumbnailUrl":"https:\/\/kapitalis.com\/tunisie\/wp-content\/uploads\/2023\/02\/Rabii-Majidi.jpg","keywords":["logistique","Port de Rad\u00e8s","ports maritimes","Rabii Majidi","transport","Tunisie"],"articleSection":["A LA UNE","ECONOMIE","Tunisie"],"inLanguage":"fr-FR","potentialAction":[{"@type":"CommentAction","name":"Comment","target":["https:\/\/kapitalis.com\/tunisie\/2023\/02\/07\/tunisie-rabii-majidi-echafaude-des-plans-et-des-strategies\/#respond"]}]},{"@type":"WebPage","@id":"https:\/\/kapitalis.com\/tunisie\/2023\/02\/07\/tunisie-rabii-majidi-echafaude-des-plans-et-des-strategies\/","url":"https:\/\/kapitalis.com\/tunisie\/2023\/02\/07\/tunisie-rabii-majidi-echafaude-des-plans-et-des-strategies\/","name":"Tunisie\u00a0: Rabii Majidi \u00e9chafaude des plans et des strat\u00e9gies \u00a0 - Kapitalis","isPartOf":{"@id":"https:\/\/kapitalis.com\/tunisie\/#website"},"primaryImageOfPage":{"@id":"https:\/\/kapitalis.com\/tunisie\/2023\/02\/07\/tunisie-rabii-majidi-echafaude-des-plans-et-des-strategies\/#primaryimage"},"image":{"@id":"https:\/\/kapitalis.com\/tunisie\/2023\/02\/07\/tunisie-rabii-majidi-echafaude-des-plans-et-des-strategies\/#primaryimage"},"thumbnailUrl":"https:\/\/kapitalis.com\/tunisie\/wp-content\/uploads\/2023\/02\/Rabii-Majidi.jpg","datePublished":"2023-02-07T07:13:25+00:00","dateModified":"2023-02-07T07:16:44+00:00","breadcrumb":{"@id":"https:\/\/kapitalis.com\/tunisie\/2023\/02\/07\/tunisie-rabii-majidi-echafaude-des-plans-et-des-strategies\/#breadcrumb"},"inLanguage":"fr-FR","potentialAction":[{"@type":"ReadAction","target":["https:\/\/kapitalis.com\/tunisie\/2023\/02\/07\/tunisie-rabii-majidi-echafaude-des-plans-et-des-strategies\/"]}]},{"@type":"ImageObject","inLanguage":"fr-FR","@id":"https:\/\/kapitalis.com\/tunisie\/2023\/02\/07\/tunisie-rabii-majidi-echafaude-des-plans-et-des-strategies\/#primaryimage","url":"https:\/\/kapitalis.com\/tunisie\/wp-content\/uploads\/2023\/02\/Rabii-Majidi.jpg","contentUrl":"https:\/\/kapitalis.com\/tunisie\/wp-content\/uploads\/2023\/02\/Rabii-Majidi.jpg","width":1200,"height":630},{"@type":"BreadcrumbList","@id":"https:\/\/kapitalis.com\/tunisie\/2023\/02\/07\/tunisie-rabii-majidi-echafaude-des-plans-et-des-strategies\/#breadcrumb","itemListElement":[{"@type":"ListItem","position":1,"name":"Accueil","item":"https:\/\/kapitalis.com\/tunisie\/"},{"@type":"ListItem","position":2,"name":"Tunisie\u00a0: Rabii Majidi \u00e9chafaude des plans et des strat\u00e9gies \u00a0"}]},{"@type":"WebSite","@id":"https:\/\/kapitalis.com\/tunisie\/#website","url":"https:\/\/kapitalis.com\/tunisie\/","name":"Kapitalis","description":"L&#039;actualit\u00e9 en Tunisie et dans le monde","publisher":{"@id":"https:\/\/kapitalis.com\/tunisie\/#organization"},"potentialAction":[{"@type":"SearchAction","target":{"@type":"EntryPoint","urlTemplate":"https:\/\/kapitalis.com\/tunisie\/?s={search_term_string}"},"query-input":{"@type":"PropertyValueSpecification","valueRequired":true,"valueName":"search_term_string"}}],"inLanguage":"fr-FR"},{"@type":"Organization","@id":"https:\/\/kapitalis.com\/tunisie\/#organization","name":"Kapitalis","url":"https:\/\/kapitalis.com\/tunisie\/","logo":{"@type":"ImageObject","inLanguage":"fr-FR","@id":"https:\/\/kapitalis.com\/tunisie\/#\/schema\/logo\/image\/","url":"https:\/\/kapitalis.com\/tunisie\/wp-content\/uploads\/2022\/05\/Kapitalis-big-size.png","contentUrl":"https:\/\/kapitalis.com\/tunisie\/wp-content\/uploads\/2022\/05\/Kapitalis-big-size.png","width":5000,"height":1500,"caption":"Kapitalis"},"image":{"@id":"https:\/\/kapitalis.com\/tunisie\/#\/schema\/logo\/image\/"},"sameAs":["https:\/\/www.facebook.com\/KapitalisInfo\/","https:\/\/x.com\/KapitalisInfo","https:\/\/www.youtube.com\/channel\/UC-yDYrHyfFBWWZaOw3FPg9Q"]},{"@type":"Person","@id":"https:\/\/kapitalis.com\/tunisie\/#\/schema\/person\/d71f33a9ca44f7bad4698210b480c8e9","name":"webmaster kapitalis","url":"https:\/\/kapitalis.com\/tunisie\/author\/webmaster-kapitalis\/"}]}},"_links":{"self":[{"href":"https:\/\/kapitalis.com\/tunisie\/wp-json\/wp\/v2\/posts\/6326089","targetHints":{"allow":["GET"]}}],"collection":[{"href":"https:\/\/kapitalis.com\/tunisie\/wp-json\/wp\/v2\/posts"}],"about":[{"href":"https:\/\/kapitalis.com\/tunisie\/wp-json\/wp\/v2\/types\/post"}],"author":[{"embeddable":true,"href":"https:\/\/kapitalis.com\/tunisie\/wp-json\/wp\/v2\/users\/8"}],"replies":[{"embeddable":true,"href":"https:\/\/kapitalis.com\/tunisie\/wp-json\/wp\/v2\/comments?post=6326089"}],"version-history":[{"count":2,"href":"https:\/\/kapitalis.com\/tunisie\/wp-json\/wp\/v2\/posts\/6326089\/revisions"}],"predecessor-version":[{"id":6326543,"href":"https:\/\/kapitalis.com\/tunisie\/wp-json\/wp\/v2\/posts\/6326089\/revisions\/6326543"}],"wp:featuredmedia":[{"embeddable":true,"href":"https:\/\/kapitalis.com\/tunisie\/wp-json\/wp\/v2\/media\/6326360"}],"wp:attachment":[{"href":"https:\/\/kapitalis.com\/tunisie\/wp-json\/wp\/v2\/media?parent=6326089"}],"wp:term":[{"taxonomy":"category","embeddable":true,"href":"https:\/\/kapitalis.com\/tunisie\/wp-json\/wp\/v2\/categories?post=6326089"},{"taxonomy":"post_tag","embeddable":true,"href":"https:\/\/kapitalis.com\/tunisie\/wp-json\/wp\/v2\/tags?post=6326089"}],"curies":[{"name":"wp","href":"https:\/\/api.w.org\/{rel}","templated":true}]}}