{"id":63614,"date":"2016-09-02T18:30:32","date_gmt":"2016-09-02T17:30:32","guid":{"rendered":"http:\/\/kapitalis.com\/tunisie\/?p=63614"},"modified":"2016-09-02T18:30:32","modified_gmt":"2016-09-02T17:30:32","slug":"jhinaoui-contre-linstrumentalisation-politique-des-dossiers-des-otages-tunisiens","status":"publish","type":"post","link":"https:\/\/kapitalis.com\/tunisie\/2016\/09\/02\/jhinaoui-contre-linstrumentalisation-politique-des-dossiers-des-otages-tunisiens\/","title":{"rendered":"Jhinaoui contre l\u2019instrumentalisation politique des dossiers des otages tunisiens"},"content":{"rendered":"<p style=\"text-align: center;\"><img loading=\"lazy\" decoding=\"async\" class=\"alignnone size-full wp-image-63615\" src=\"http:\/\/kapitalis.com\/tunisie\/wp-content\/uploads\/2016\/09\/Otages-tunisiens.jpg\" alt=\"Otages-tunisiens\" width=\"626\" height=\"380\" \/><\/p>\n<p style=\"text-align: left;\"><em><strong>Kidnapp\u00e9e depuis d\u00e9cembre 2015 au Y\u00e9men, Nourane Houas, fonctionnaire du Comit\u00e9 international de la Croix rouge (CICR), est saine et sauve a affirm\u00e9 Khema\u00efes Jhinaoui.<\/strong> <\/em><\/p>\n<p style=\"text-align: left;\"><!--more--><\/p>\n<p style=\"text-align: left;\">Dans une d\u00e9claration \u00e0 l\u2019agence Tap, vendredi, le ministre des Affaires \u00e9trang\u00e8res a indiqu\u00e9 que son d\u00e9partement est en contact permanent avec les services comp\u00e9tents au Y\u00e9men et au CICR pour obtenir la lib\u00e9ration de Nourane Houas.<\/p>\n<p style=\"text-align: left;\"><em>\u00abNous sommes aussi en contact permanent avec les parties libyennes pour obtenir la lib\u00e9ration des deux journalistes Sofiane Chourabi et Nadhir Ktari ainsi que le fonctionnaire de l\u2019ambassade de Tunisie \u00e0 Tripoli Oualid Ksiksi\u00bb<\/em>, a-t-il assur\u00e9.<\/p>\n<p style=\"text-align: left;\">Tout en r\u00e9affirmant la collaboration du d\u00e9partement avec les familles de Sofiane Chouarabi et Nadhir Ktari, M. Jhinaoui a mis en garde contre l\u2019instrumentalisation du dossier des otages tunisiens \u00e0 des fins politiciennes.<\/p>\n<p style=\"text-align: left;\">A cet \u00e9gard, il a d\u00e9menti la non-collaboration du d\u00e9partement avec la m\u00e8re de Nadhir Ktari au sujet de son d\u00e9placement en Libye.<\/p>\n<p style=\"text-align: left;\">Sonia Rejab, ma m\u00e8re de Nadhir Ktari, a d\u00e9plor\u00e9, le 29 ao\u00fbt dernier, l\u2019indiff\u00e9rence des autorit\u00e9s tunisiennes face \u00e0 son d\u00e9placement en Libye. Selon elle, cette indiff\u00e9rence vient affirmer que l\u2019affaire Sofiane Chourabi et Nadhir Ktari ne figure pas dans les priorit\u00e9s des autorit\u00e9s tunisiennes et explique l\u2019attitude des gouvernements successifs face \u00e0 ce dossier.<\/p>\n<p style=\"text-align: left;\">Les deux journalistes ont \u00e9t\u00e9 enlev\u00e9s en Libye, depuis le 8 septembre 2014, alors que le fonctionnaire de l\u2019ambassade de Tunisie \u00e0 Tripoli, Oualid Ksiksi, a \u00e9t\u00e9 kidnapp\u00e9 depuis octobre 2014. Quant \u00e0 Nourane Houas, fonctionnaire franco-tunisienne du CICR au Y\u00e9men, elle a \u00e9t\u00e9 enlev\u00e9e le 1er d\u00e9cembre 2015 par un groupe arm\u00e9, alors qu\u2019elle se rendait au travail dans la capitale y\u00e9m\u00e9nite Sanaa.<\/p>\n<p style=\"text-align: right;\"><strong>I. B.<\/strong> (avec Tap).<\/p>\n","protected":false},"excerpt":{"rendered":"<p>Kidnapp\u00e9e depuis d\u00e9cembre 2015 au Y\u00e9men, Nourane Houas, fonctionnaire du Comit\u00e9 international de la Croix rouge (CICR), est saine et sauve a affirm\u00e9 Khema\u00efes Jhinaoui.<\/p>\n","protected":false},"author":8,"featured_media":63615,"comment_status":"open","ping_status":"open","sticky":false,"template":"","format":"standard","meta":{"footnotes":""},"categories":[997,2433],"tags":[10603,12471,10630,841,5443],"class_list":["post-63614","post","type-post","status-publish","format-standard","has-post-thumbnail","hentry","category-politique","category-tunisie","tag-cicr","tag-khemaies-jhinaoui","tag-nourane-houas","tag-sofiane-chourabi","tag-yemen"],"yoast_head":"<!-- This site is optimized with the Yoast SEO plugin v26.6 - https:\/\/yoast.com\/wordpress\/plugins\/seo\/ -->\n<title>Jhinaoui contre l\u2019instrumentalisation politique des dossiers des otages tunisiens - Kapitalis<\/title>\n<meta name=\"robots\" content=\"index, follow, max-snippet:-1, max-image-preview:large, max-video-preview:-1\" \/>\n<link rel=\"canonical\" href=\"https:\/\/kapitalis.com\/tunisie\/2016\/09\/02\/jhinaoui-contre-linstrumentalisation-politique-des-dossiers-des-otages-tunisiens\/\" \/>\n<meta property=\"og:locale\" content=\"fr_FR\" \/>\n<meta property=\"og:type\" content=\"article\" \/>\n<meta property=\"og:title\" content=\"Jhinaoui contre l\u2019instrumentalisation politique des dossiers des otages tunisiens - Kapitalis\" \/>\n<meta property=\"og:description\" content=\"Kidnapp\u00e9e depuis d\u00e9cembre 2015 au Y\u00e9men, Nourane Houas, fonctionnaire du Comit\u00e9 international de la Croix rouge (CICR), est saine et sauve a affirm\u00e9 Khema\u00efes Jhinaoui.\" \/>\n<meta property=\"og:url\" content=\"https:\/\/kapitalis.com\/tunisie\/2016\/09\/02\/jhinaoui-contre-linstrumentalisation-politique-des-dossiers-des-otages-tunisiens\/\" \/>\n<meta property=\"og:site_name\" content=\"Kapitalis\" \/>\n<meta property=\"article:publisher\" content=\"https:\/\/www.facebook.com\/KapitalisInfo\/\" \/>\n<meta property=\"article:published_time\" content=\"2016-09-02T17:30:32+00:00\" \/>\n<meta property=\"og:image\" content=\"https:\/\/kapitalis.com\/tunisie\/wp-content\/uploads\/2022\/05\/kapitalis-logo-fb.png\" \/>\n\t<meta property=\"og:image:width\" content=\"1200\" \/>\n\t<meta property=\"og:image:height\" content=\"630\" \/>\n\t<meta property=\"og:image:type\" content=\"image\/png\" \/>\n<meta name=\"author\" content=\"webmaster kapitalis\" \/>\n<meta name=\"twitter:card\" content=\"summary_large_image\" \/>\n<meta name=\"twitter:creator\" content=\"@KapitalisInfo\" \/>\n<meta name=\"twitter:site\" content=\"@KapitalisInfo\" \/>\n<meta name=\"twitter:label1\" content=\"\u00c9crit par\" \/>\n\t<meta name=\"twitter:data1\" content=\"webmaster kapitalis\" \/>\n\t<meta name=\"twitter:label2\" content=\"Dur\u00e9e de lecture estim\u00e9e\" \/>\n\t<meta name=\"twitter:data2\" content=\"2 minutes\" \/>\n<script type=\"application\/ld+json\" class=\"yoast-schema-graph\">{\"@context\":\"https:\/\/schema.org\",\"@graph\":[{\"@type\":\"Article\",\"@id\":\"https:\/\/kapitalis.com\/tunisie\/2016\/09\/02\/jhinaoui-contre-linstrumentalisation-politique-des-dossiers-des-otages-tunisiens\/#article\",\"isPartOf\":{\"@id\":\"https:\/\/kapitalis.com\/tunisie\/2016\/09\/02\/jhinaoui-contre-linstrumentalisation-politique-des-dossiers-des-otages-tunisiens\/\"},\"author\":{\"name\":\"webmaster kapitalis\",\"@id\":\"https:\/\/kapitalis.com\/tunisie\/#\/schema\/person\/d71f33a9ca44f7bad4698210b480c8e9\"},\"headline\":\"Jhinaoui contre l\u2019instrumentalisation politique des dossiers des otages tunisiens\",\"datePublished\":\"2016-09-02T17:30:32+00:00\",\"mainEntityOfPage\":{\"@id\":\"https:\/\/kapitalis.com\/tunisie\/2016\/09\/02\/jhinaoui-contre-linstrumentalisation-politique-des-dossiers-des-otages-tunisiens\/\"},\"wordCount\":314,\"commentCount\":0,\"publisher\":{\"@id\":\"https:\/\/kapitalis.com\/tunisie\/#organization\"},\"image\":{\"@id\":\"https:\/\/kapitalis.com\/tunisie\/2016\/09\/02\/jhinaoui-contre-linstrumentalisation-politique-des-dossiers-des-otages-tunisiens\/#primaryimage\"},\"thumbnailUrl\":\"\",\"keywords\":[\"CICR\",\"Khemaies Jhinaoui\",\"Nourane Houas\",\"Sofiane Chourabi\",\"Y\u00e9men\"],\"articleSection\":[\"POLITIQUE\",\"Tunisie\"],\"inLanguage\":\"fr-FR\",\"potentialAction\":[{\"@type\":\"CommentAction\",\"name\":\"Comment\",\"target\":[\"https:\/\/kapitalis.com\/tunisie\/2016\/09\/02\/jhinaoui-contre-linstrumentalisation-politique-des-dossiers-des-otages-tunisiens\/#respond\"]}]},{\"@type\":\"WebPage\",\"@id\":\"https:\/\/kapitalis.com\/tunisie\/2016\/09\/02\/jhinaoui-contre-linstrumentalisation-politique-des-dossiers-des-otages-tunisiens\/\",\"url\":\"https:\/\/kapitalis.com\/tunisie\/2016\/09\/02\/jhinaoui-contre-linstrumentalisation-politique-des-dossiers-des-otages-tunisiens\/\",\"name\":\"Jhinaoui contre l\u2019instrumentalisation politique des dossiers des otages tunisiens - Kapitalis\",\"isPartOf\":{\"@id\":\"https:\/\/kapitalis.com\/tunisie\/#website\"},\"primaryImageOfPage\":{\"@id\":\"https:\/\/kapitalis.com\/tunisie\/2016\/09\/02\/jhinaoui-contre-linstrumentalisation-politique-des-dossiers-des-otages-tunisiens\/#primaryimage\"},\"image\":{\"@id\":\"https:\/\/kapitalis.com\/tunisie\/2016\/09\/02\/jhinaoui-contre-linstrumentalisation-politique-des-dossiers-des-otages-tunisiens\/#primaryimage\"},\"thumbnailUrl\":\"\",\"datePublished\":\"2016-09-02T17:30:32+00:00\",\"breadcrumb\":{\"@id\":\"https:\/\/kapitalis.com\/tunisie\/2016\/09\/02\/jhinaoui-contre-linstrumentalisation-politique-des-dossiers-des-otages-tunisiens\/#breadcrumb\"},\"inLanguage\":\"fr-FR\",\"potentialAction\":[{\"@type\":\"ReadAction\",\"target\":[\"https:\/\/kapitalis.com\/tunisie\/2016\/09\/02\/jhinaoui-contre-linstrumentalisation-politique-des-dossiers-des-otages-tunisiens\/\"]}]},{\"@type\":\"ImageObject\",\"inLanguage\":\"fr-FR\",\"@id\":\"https:\/\/kapitalis.com\/tunisie\/2016\/09\/02\/jhinaoui-contre-linstrumentalisation-politique-des-dossiers-des-otages-tunisiens\/#primaryimage\",\"url\":\"\",\"contentUrl\":\"\"},{\"@type\":\"BreadcrumbList\",\"@id\":\"https:\/\/kapitalis.com\/tunisie\/2016\/09\/02\/jhinaoui-contre-linstrumentalisation-politique-des-dossiers-des-otages-tunisiens\/#breadcrumb\",\"itemListElement\":[{\"@type\":\"ListItem\",\"position\":1,\"name\":\"Accueil\",\"item\":\"https:\/\/kapitalis.com\/tunisie\/\"},{\"@type\":\"ListItem\",\"position\":2,\"name\":\"Jhinaoui contre l\u2019instrumentalisation politique des dossiers des otages tunisiens\"}]},{\"@type\":\"WebSite\",\"@id\":\"https:\/\/kapitalis.com\/tunisie\/#website\",\"url\":\"https:\/\/kapitalis.com\/tunisie\/\",\"name\":\"Kapitalis\",\"description\":\"L&#039;actualit\u00e9 en Tunisie et dans le monde\",\"publisher\":{\"@id\":\"https:\/\/kapitalis.com\/tunisie\/#organization\"},\"potentialAction\":[{\"@type\":\"SearchAction\",\"target\":{\"@type\":\"EntryPoint\",\"urlTemplate\":\"https:\/\/kapitalis.com\/tunisie\/?s={search_term_string}\"},\"query-input\":{\"@type\":\"PropertyValueSpecification\",\"valueRequired\":true,\"valueName\":\"search_term_string\"}}],\"inLanguage\":\"fr-FR\"},{\"@type\":\"Organization\",\"@id\":\"https:\/\/kapitalis.com\/tunisie\/#organization\",\"name\":\"Kapitalis\",\"url\":\"https:\/\/kapitalis.com\/tunisie\/\",\"logo\":{\"@type\":\"ImageObject\",\"inLanguage\":\"fr-FR\",\"@id\":\"https:\/\/kapitalis.com\/tunisie\/#\/schema\/logo\/image\/\",\"url\":\"https:\/\/kapitalis.com\/tunisie\/wp-content\/uploads\/2022\/05\/Kapitalis-big-size.png\",\"contentUrl\":\"https:\/\/kapitalis.com\/tunisie\/wp-content\/uploads\/2022\/05\/Kapitalis-big-size.png\",\"width\":5000,\"height\":1500,\"caption\":\"Kapitalis\"},\"image\":{\"@id\":\"https:\/\/kapitalis.com\/tunisie\/#\/schema\/logo\/image\/\"},\"sameAs\":[\"https:\/\/www.facebook.com\/KapitalisInfo\/\",\"https:\/\/x.com\/KapitalisInfo\",\"https:\/\/www.youtube.com\/channel\/UC-yDYrHyfFBWWZaOw3FPg9Q\"]},{\"@type\":\"Person\",\"@id\":\"https:\/\/kapitalis.com\/tunisie\/#\/schema\/person\/d71f33a9ca44f7bad4698210b480c8e9\",\"name\":\"webmaster kapitalis\",\"url\":\"https:\/\/kapitalis.com\/tunisie\/author\/webmaster-kapitalis\/\"}]}<\/script>\n<!-- \/ Yoast SEO plugin. -->","yoast_head_json":{"title":"Jhinaoui contre l\u2019instrumentalisation politique des dossiers des otages tunisiens - Kapitalis","robots":{"index":"index","follow":"follow","max-snippet":"max-snippet:-1","max-image-preview":"max-image-preview:large","max-video-preview":"max-video-preview:-1"},"canonical":"https:\/\/kapitalis.com\/tunisie\/2016\/09\/02\/jhinaoui-contre-linstrumentalisation-politique-des-dossiers-des-otages-tunisiens\/","og_locale":"fr_FR","og_type":"article","og_title":"Jhinaoui contre l\u2019instrumentalisation politique des dossiers des otages tunisiens - Kapitalis","og_description":"Kidnapp\u00e9e depuis d\u00e9cembre 2015 au Y\u00e9men, Nourane Houas, fonctionnaire du Comit\u00e9 international de la Croix rouge (CICR), est saine et sauve a affirm\u00e9 Khema\u00efes Jhinaoui.","og_url":"https:\/\/kapitalis.com\/tunisie\/2016\/09\/02\/jhinaoui-contre-linstrumentalisation-politique-des-dossiers-des-otages-tunisiens\/","og_site_name":"Kapitalis","article_publisher":"https:\/\/www.facebook.com\/KapitalisInfo\/","article_published_time":"2016-09-02T17:30:32+00:00","og_image":[{"width":1200,"height":630,"url":"https:\/\/kapitalis.com\/tunisie\/wp-content\/uploads\/2022\/05\/kapitalis-logo-fb.png","type":"image\/png"}],"author":"webmaster kapitalis","twitter_card":"summary_large_image","twitter_creator":"@KapitalisInfo","twitter_site":"@KapitalisInfo","twitter_misc":{"\u00c9crit par":"webmaster kapitalis","Dur\u00e9e de lecture estim\u00e9e":"2 minutes"},"schema":{"@context":"https:\/\/schema.org","@graph":[{"@type":"Article","@id":"https:\/\/kapitalis.com\/tunisie\/2016\/09\/02\/jhinaoui-contre-linstrumentalisation-politique-des-dossiers-des-otages-tunisiens\/#article","isPartOf":{"@id":"https:\/\/kapitalis.com\/tunisie\/2016\/09\/02\/jhinaoui-contre-linstrumentalisation-politique-des-dossiers-des-otages-tunisiens\/"},"author":{"name":"webmaster kapitalis","@id":"https:\/\/kapitalis.com\/tunisie\/#\/schema\/person\/d71f33a9ca44f7bad4698210b480c8e9"},"headline":"Jhinaoui contre l\u2019instrumentalisation politique des dossiers des otages tunisiens","datePublished":"2016-09-02T17:30:32+00:00","mainEntityOfPage":{"@id":"https:\/\/kapitalis.com\/tunisie\/2016\/09\/02\/jhinaoui-contre-linstrumentalisation-politique-des-dossiers-des-otages-tunisiens\/"},"wordCount":314,"commentCount":0,"publisher":{"@id":"https:\/\/kapitalis.com\/tunisie\/#organization"},"image":{"@id":"https:\/\/kapitalis.com\/tunisie\/2016\/09\/02\/jhinaoui-contre-linstrumentalisation-politique-des-dossiers-des-otages-tunisiens\/#primaryimage"},"thumbnailUrl":"","keywords":["CICR","Khemaies Jhinaoui","Nourane Houas","Sofiane Chourabi","Y\u00e9men"],"articleSection":["POLITIQUE","Tunisie"],"inLanguage":"fr-FR","potentialAction":[{"@type":"CommentAction","name":"Comment","target":["https:\/\/kapitalis.com\/tunisie\/2016\/09\/02\/jhinaoui-contre-linstrumentalisation-politique-des-dossiers-des-otages-tunisiens\/#respond"]}]},{"@type":"WebPage","@id":"https:\/\/kapitalis.com\/tunisie\/2016\/09\/02\/jhinaoui-contre-linstrumentalisation-politique-des-dossiers-des-otages-tunisiens\/","url":"https:\/\/kapitalis.com\/tunisie\/2016\/09\/02\/jhinaoui-contre-linstrumentalisation-politique-des-dossiers-des-otages-tunisiens\/","name":"Jhinaoui contre l\u2019instrumentalisation politique des dossiers des otages tunisiens - Kapitalis","isPartOf":{"@id":"https:\/\/kapitalis.com\/tunisie\/#website"},"primaryImageOfPage":{"@id":"https:\/\/kapitalis.com\/tunisie\/2016\/09\/02\/jhinaoui-contre-linstrumentalisation-politique-des-dossiers-des-otages-tunisiens\/#primaryimage"},"image":{"@id":"https:\/\/kapitalis.com\/tunisie\/2016\/09\/02\/jhinaoui-contre-linstrumentalisation-politique-des-dossiers-des-otages-tunisiens\/#primaryimage"},"thumbnailUrl":"","datePublished":"2016-09-02T17:30:32+00:00","breadcrumb":{"@id":"https:\/\/kapitalis.com\/tunisie\/2016\/09\/02\/jhinaoui-contre-linstrumentalisation-politique-des-dossiers-des-otages-tunisiens\/#breadcrumb"},"inLanguage":"fr-FR","potentialAction":[{"@type":"ReadAction","target":["https:\/\/kapitalis.com\/tunisie\/2016\/09\/02\/jhinaoui-contre-linstrumentalisation-politique-des-dossiers-des-otages-tunisiens\/"]}]},{"@type":"ImageObject","inLanguage":"fr-FR","@id":"https:\/\/kapitalis.com\/tunisie\/2016\/09\/02\/jhinaoui-contre-linstrumentalisation-politique-des-dossiers-des-otages-tunisiens\/#primaryimage","url":"","contentUrl":""},{"@type":"BreadcrumbList","@id":"https:\/\/kapitalis.com\/tunisie\/2016\/09\/02\/jhinaoui-contre-linstrumentalisation-politique-des-dossiers-des-otages-tunisiens\/#breadcrumb","itemListElement":[{"@type":"ListItem","position":1,"name":"Accueil","item":"https:\/\/kapitalis.com\/tunisie\/"},{"@type":"ListItem","position":2,"name":"Jhinaoui contre l\u2019instrumentalisation politique des dossiers des otages tunisiens"}]},{"@type":"WebSite","@id":"https:\/\/kapitalis.com\/tunisie\/#website","url":"https:\/\/kapitalis.com\/tunisie\/","name":"Kapitalis","description":"L&#039;actualit\u00e9 en Tunisie et dans le monde","publisher":{"@id":"https:\/\/kapitalis.com\/tunisie\/#organization"},"potentialAction":[{"@type":"SearchAction","target":{"@type":"EntryPoint","urlTemplate":"https:\/\/kapitalis.com\/tunisie\/?s={search_term_string}"},"query-input":{"@type":"PropertyValueSpecification","valueRequired":true,"valueName":"search_term_string"}}],"inLanguage":"fr-FR"},{"@type":"Organization","@id":"https:\/\/kapitalis.com\/tunisie\/#organization","name":"Kapitalis","url":"https:\/\/kapitalis.com\/tunisie\/","logo":{"@type":"ImageObject","inLanguage":"fr-FR","@id":"https:\/\/kapitalis.com\/tunisie\/#\/schema\/logo\/image\/","url":"https:\/\/kapitalis.com\/tunisie\/wp-content\/uploads\/2022\/05\/Kapitalis-big-size.png","contentUrl":"https:\/\/kapitalis.com\/tunisie\/wp-content\/uploads\/2022\/05\/Kapitalis-big-size.png","width":5000,"height":1500,"caption":"Kapitalis"},"image":{"@id":"https:\/\/kapitalis.com\/tunisie\/#\/schema\/logo\/image\/"},"sameAs":["https:\/\/www.facebook.com\/KapitalisInfo\/","https:\/\/x.com\/KapitalisInfo","https:\/\/www.youtube.com\/channel\/UC-yDYrHyfFBWWZaOw3FPg9Q"]},{"@type":"Person","@id":"https:\/\/kapitalis.com\/tunisie\/#\/schema\/person\/d71f33a9ca44f7bad4698210b480c8e9","name":"webmaster kapitalis","url":"https:\/\/kapitalis.com\/tunisie\/author\/webmaster-kapitalis\/"}]}},"_links":{"self":[{"href":"https:\/\/kapitalis.com\/tunisie\/wp-json\/wp\/v2\/posts\/63614","targetHints":{"allow":["GET"]}}],"collection":[{"href":"https:\/\/kapitalis.com\/tunisie\/wp-json\/wp\/v2\/posts"}],"about":[{"href":"https:\/\/kapitalis.com\/tunisie\/wp-json\/wp\/v2\/types\/post"}],"author":[{"embeddable":true,"href":"https:\/\/kapitalis.com\/tunisie\/wp-json\/wp\/v2\/users\/8"}],"replies":[{"embeddable":true,"href":"https:\/\/kapitalis.com\/tunisie\/wp-json\/wp\/v2\/comments?post=63614"}],"version-history":[{"count":0,"href":"https:\/\/kapitalis.com\/tunisie\/wp-json\/wp\/v2\/posts\/63614\/revisions"}],"wp:featuredmedia":[{"embeddable":true,"href":"https:\/\/kapitalis.com\/tunisie\/wp-json\/wp\/v2\/media\/63615"}],"wp:attachment":[{"href":"https:\/\/kapitalis.com\/tunisie\/wp-json\/wp\/v2\/media?parent=63614"}],"wp:term":[{"taxonomy":"category","embeddable":true,"href":"https:\/\/kapitalis.com\/tunisie\/wp-json\/wp\/v2\/categories?post=63614"},{"taxonomy":"post_tag","embeddable":true,"href":"https:\/\/kapitalis.com\/tunisie\/wp-json\/wp\/v2\/tags?post=63614"}],"curies":[{"name":"wp","href":"https:\/\/api.w.org\/{rel}","templated":true}]}}