{"id":6366231,"date":"2023-02-08T10:14:11","date_gmt":"2023-02-08T09:14:11","guid":{"rendered":"https:\/\/kapitalis.com\/tunisie\/?p=6366231"},"modified":"2023-02-08T11:17:58","modified_gmt":"2023-02-08T10:17:58","slug":"tunisie-un-limogeage-bien-tardif","status":"publish","type":"post","link":"https:\/\/kapitalis.com\/tunisie\/2023\/02\/08\/tunisie-un-limogeage-bien-tardif\/","title":{"rendered":"Tunisie&nbsp;: un limogeage bien tardif"},"content":{"rendered":"\n<p><strong><em>Parmi les d\u00e9fauts du pr\u00e9sident de la r\u00e9publique Ka\u00efs Sa\u00efed, c\u2019est qu\u2019il choisit mal ses principaux collaborateurs, perd beaucoup de temps avant de se rendre compte de son erreur et ne se presse pas pour la r\u00e9parer.<\/em><\/strong><\/p>\n\n\n\n<!--more-->\n\n\n\n<p>Il vient de nous en apporter une nouvelle fois la preuve avec le limogeage \u00f4 combien tardif de l\u2019ex-ministre des Affaires \u00e9trang\u00e8res, de l\u2019Immigration et des Tunisiens de l\u2019\u00e9tranger, Othman Jerandi, sous le mandat duquel la diplomatie tunisienne a \u00e9t\u00e9 compl\u00e8tement \u00e9teinte, comme nous n\u2019avons pas cess\u00e9 de l\u2019\u00e9crire sur ces m\u00eames colonnes depuis sa nomination, et la d\u00e9signation de son successeur, un autre diplomate de carri\u00e8re, <a href=\"https:\/\/kapitalis.com\/tunisie\/2023\/02\/07\/tunisie-nabil-ammar-le-nouveau-ministre-des-affaires-etrangeres-prete-serment-photos\/\" target=\"_blank\" rel=\"noreferrer noopener\">Nabil Ammar<\/a>, qui a pr\u00eat\u00e9 serment hier, mardi 7 f\u00e9vrier 2023, devant le pr\u00e9sident Ka\u00efs Sa\u00efed lors d&rsquo;une c\u00e9r\u00e9monie au palais de Carthage.<\/p>\n\n\n\n<p>Esp\u00e9rons que le choix se r\u00e9v\u00e9lera meilleur cette fois-ci, et que sous le mandat de M. Ammar, la diplomatie tunisienne prendra quelques couleurs, sera moins absente de la sc\u00e8ne r\u00e9gionale et mondiale et apportera le plus dont le pays a besoin, surtout en cette p\u00e9riode de crise et d\u2019incertitude, o\u00f9 les absents ou les timor\u00e9s seront doublement sanctionn\u00e9s.<\/p>\n\n\n\n<p>Sur un autre plan, avec ce changement, on ne manquera pas de v\u00e9rifier bient\u00f4t si la quasi-absence de la diplomatie tunisienne sur la sc\u00e8ne internationale depuis 2019 est imputable au seul ministre des Affaires \u00e9trang\u00e8res ou qu&rsquo;elle doit aussi beaucoup, comme le pensent certains analystes, aux rigidit\u00e9s doctrinales du pr\u00e9sident Sa\u00efed et \u00e0 son incompr\u00e9hension des r\u00e9alit\u00e9s du monde d&rsquo;aujourd&rsquo;hui. <\/p>\n\n\n\n<p class=\"has-text-align-right\"><strong>I. B.<\/strong><\/p>\n\n\n\n<figure class=\"wp-block-embed is-type-wp-embed is-provider-kapitalis wp-block-embed-kapitalis\"><div class=\"wp-block-embed__wrapper\">\n<blockquote class=\"wp-embedded-content\" data-secret=\"S5feuvOKtb\"><a href=\"https:\/\/kapitalis.com\/tunisie\/2022\/09\/05\/les-limites-de-la-diplomatie-tunisienne-mises-a-nue\/\">Les limites de la diplomatie tunisienne mises \u00e0 nu<\/a><\/blockquote><iframe loading=\"lazy\" class=\"wp-embedded-content\" sandbox=\"allow-scripts\" security=\"restricted\" style=\"position: absolute; clip: rect(1px, 1px, 1px, 1px);\" title=\"\u00ab\u00a0Les limites de la diplomatie tunisienne mises \u00e0 nu\u00a0\u00bb &#8212; Kapitalis\" src=\"https:\/\/kapitalis.com\/tunisie\/2022\/09\/05\/les-limites-de-la-diplomatie-tunisienne-mises-a-nue\/embed\/#?secret=6ZpXubx0y1#?secret=S5feuvOKtb\" data-secret=\"S5feuvOKtb\" width=\"600\" height=\"338\" frameborder=\"0\" marginwidth=\"0\" marginheight=\"0\" scrolling=\"no\"><\/iframe>\n<\/div><\/figure>\n\n\n\n<figure class=\"wp-block-embed is-type-wp-embed is-provider-kapitalis wp-block-embed-kapitalis\"><div class=\"wp-block-embed__wrapper\">\n<blockquote class=\"wp-embedded-content\" data-secret=\"UN5ahPrQ7e\"><a href=\"https:\/\/kapitalis.com\/tunisie\/2022\/12\/15\/maroc-tunisie-les-occasions-ratees-de-la-diplomatie-tunisienne\/\">Maroc-Tunisie : les occasions rat\u00e9es de la diplomatie tunisienne<\/a><\/blockquote><iframe loading=\"lazy\" class=\"wp-embedded-content\" sandbox=\"allow-scripts\" security=\"restricted\" style=\"position: absolute; clip: rect(1px, 1px, 1px, 1px);\" title=\"\u00ab\u00a0Maroc-Tunisie : les occasions rat\u00e9es de la diplomatie tunisienne\u00a0\u00bb &#8212; Kapitalis\" src=\"https:\/\/kapitalis.com\/tunisie\/2022\/12\/15\/maroc-tunisie-les-occasions-ratees-de-la-diplomatie-tunisienne\/embed\/#?secret=osXdtNyx7e#?secret=UN5ahPrQ7e\" data-secret=\"UN5ahPrQ7e\" width=\"600\" height=\"338\" frameborder=\"0\" marginwidth=\"0\" marginheight=\"0\" scrolling=\"no\"><\/iframe>\n<\/div><figcaption class=\"wp-element-caption\"><br><\/figcaption><\/figure>\n","protected":false},"excerpt":{"rendered":"<p>Qui est le vrai responsable des rat\u00e9s de la diplomatie tunisienne ? <\/p>\n","protected":false},"author":8,"featured_media":3663766,"comment_status":"open","ping_status":"open","sticky":false,"template":"","format":"standard","meta":{"footnotes":""},"categories":[997,2433],"tags":[11842,76012,92415,106495,62643],"class_list":["post-6366231","post","type-post","status-publish","format-standard","has-post-thumbnail","hentry","category-politique","category-tunisie","tag-diplomatie-tunisienne","tag-kais-saied-2","tag-nabil-ammar","tag-othman-jerandi-2","tag-tunisie"],"yoast_head":"<!-- This site is optimized with the Yoast SEO plugin v26.6 - https:\/\/yoast.com\/wordpress\/plugins\/seo\/ -->\n<title>Tunisie&nbsp;: un limogeage bien tardif - Kapitalis<\/title>\n<meta name=\"robots\" content=\"index, follow, max-snippet:-1, max-image-preview:large, max-video-preview:-1\" \/>\n<link rel=\"canonical\" href=\"https:\/\/kapitalis.com\/tunisie\/2023\/02\/08\/tunisie-un-limogeage-bien-tardif\/\" \/>\n<meta property=\"og:locale\" content=\"fr_FR\" \/>\n<meta property=\"og:type\" content=\"article\" \/>\n<meta property=\"og:title\" content=\"Tunisie&nbsp;: un limogeage bien tardif - Kapitalis\" \/>\n<meta property=\"og:description\" content=\"Qui est le vrai responsable des rat\u00e9s de la diplomatie tunisienne ?\" \/>\n<meta property=\"og:url\" content=\"https:\/\/kapitalis.com\/tunisie\/2023\/02\/08\/tunisie-un-limogeage-bien-tardif\/\" \/>\n<meta property=\"og:site_name\" content=\"Kapitalis\" \/>\n<meta property=\"article:publisher\" content=\"https:\/\/www.facebook.com\/KapitalisInfo\/\" \/>\n<meta property=\"article:published_time\" content=\"2023-02-08T09:14:11+00:00\" \/>\n<meta property=\"article:modified_time\" content=\"2023-02-08T10:17:58+00:00\" \/>\n<meta property=\"og:image\" content=\"https:\/\/kapitalis.com\/tunisie\/wp-content\/uploads\/2022\/09\/Kais-Saied-Othman-Jerandi.jpg\" \/>\n\t<meta property=\"og:image:width\" content=\"1200\" \/>\n\t<meta property=\"og:image:height\" content=\"630\" \/>\n\t<meta property=\"og:image:type\" content=\"image\/jpeg\" \/>\n<meta name=\"author\" content=\"webmaster kapitalis\" \/>\n<meta name=\"twitter:card\" content=\"summary_large_image\" \/>\n<meta name=\"twitter:creator\" content=\"@KapitalisInfo\" \/>\n<meta name=\"twitter:site\" content=\"@KapitalisInfo\" \/>\n<meta name=\"twitter:label1\" content=\"\u00c9crit par\" \/>\n\t<meta name=\"twitter:data1\" content=\"webmaster kapitalis\" \/>\n\t<meta name=\"twitter:label2\" content=\"Dur\u00e9e de lecture estim\u00e9e\" \/>\n\t<meta name=\"twitter:data2\" content=\"2 minutes\" \/>\n<script type=\"application\/ld+json\" class=\"yoast-schema-graph\">{\"@context\":\"https:\/\/schema.org\",\"@graph\":[{\"@type\":\"Article\",\"@id\":\"https:\/\/kapitalis.com\/tunisie\/2023\/02\/08\/tunisie-un-limogeage-bien-tardif\/#article\",\"isPartOf\":{\"@id\":\"https:\/\/kapitalis.com\/tunisie\/2023\/02\/08\/tunisie-un-limogeage-bien-tardif\/\"},\"author\":{\"name\":\"webmaster kapitalis\",\"@id\":\"https:\/\/kapitalis.com\/tunisie\/#\/schema\/person\/d71f33a9ca44f7bad4698210b480c8e9\"},\"headline\":\"Tunisie&nbsp;: un limogeage bien tardif\",\"datePublished\":\"2023-02-08T09:14:11+00:00\",\"dateModified\":\"2023-02-08T10:17:58+00:00\",\"mainEntityOfPage\":{\"@id\":\"https:\/\/kapitalis.com\/tunisie\/2023\/02\/08\/tunisie-un-limogeage-bien-tardif\/\"},\"wordCount\":302,\"commentCount\":3,\"publisher\":{\"@id\":\"https:\/\/kapitalis.com\/tunisie\/#organization\"},\"image\":{\"@id\":\"https:\/\/kapitalis.com\/tunisie\/2023\/02\/08\/tunisie-un-limogeage-bien-tardif\/#primaryimage\"},\"thumbnailUrl\":\"https:\/\/kapitalis.com\/tunisie\/wp-content\/uploads\/2022\/09\/Kais-Saied-Othman-Jerandi.jpg\",\"keywords\":[\"diplomatie tunisienne\",\"Ka\u00efs Sa\u00efed\",\"Nabil Ammar\",\"\u00d4thman Jerandi\",\"Tunisie\"],\"articleSection\":[\"POLITIQUE\",\"Tunisie\"],\"inLanguage\":\"fr-FR\",\"potentialAction\":[{\"@type\":\"CommentAction\",\"name\":\"Comment\",\"target\":[\"https:\/\/kapitalis.com\/tunisie\/2023\/02\/08\/tunisie-un-limogeage-bien-tardif\/#respond\"]}]},{\"@type\":\"WebPage\",\"@id\":\"https:\/\/kapitalis.com\/tunisie\/2023\/02\/08\/tunisie-un-limogeage-bien-tardif\/\",\"url\":\"https:\/\/kapitalis.com\/tunisie\/2023\/02\/08\/tunisie-un-limogeage-bien-tardif\/\",\"name\":\"Tunisie&nbsp;: un limogeage bien tardif - Kapitalis\",\"isPartOf\":{\"@id\":\"https:\/\/kapitalis.com\/tunisie\/#website\"},\"primaryImageOfPage\":{\"@id\":\"https:\/\/kapitalis.com\/tunisie\/2023\/02\/08\/tunisie-un-limogeage-bien-tardif\/#primaryimage\"},\"image\":{\"@id\":\"https:\/\/kapitalis.com\/tunisie\/2023\/02\/08\/tunisie-un-limogeage-bien-tardif\/#primaryimage\"},\"thumbnailUrl\":\"https:\/\/kapitalis.com\/tunisie\/wp-content\/uploads\/2022\/09\/Kais-Saied-Othman-Jerandi.jpg\",\"datePublished\":\"2023-02-08T09:14:11+00:00\",\"dateModified\":\"2023-02-08T10:17:58+00:00\",\"breadcrumb\":{\"@id\":\"https:\/\/kapitalis.com\/tunisie\/2023\/02\/08\/tunisie-un-limogeage-bien-tardif\/#breadcrumb\"},\"inLanguage\":\"fr-FR\",\"potentialAction\":[{\"@type\":\"ReadAction\",\"target\":[\"https:\/\/kapitalis.com\/tunisie\/2023\/02\/08\/tunisie-un-limogeage-bien-tardif\/\"]}]},{\"@type\":\"ImageObject\",\"inLanguage\":\"fr-FR\",\"@id\":\"https:\/\/kapitalis.com\/tunisie\/2023\/02\/08\/tunisie-un-limogeage-bien-tardif\/#primaryimage\",\"url\":\"https:\/\/kapitalis.com\/tunisie\/wp-content\/uploads\/2022\/09\/Kais-Saied-Othman-Jerandi.jpg\",\"contentUrl\":\"https:\/\/kapitalis.com\/tunisie\/wp-content\/uploads\/2022\/09\/Kais-Saied-Othman-Jerandi.jpg\",\"width\":1200,\"height\":630},{\"@type\":\"BreadcrumbList\",\"@id\":\"https:\/\/kapitalis.com\/tunisie\/2023\/02\/08\/tunisie-un-limogeage-bien-tardif\/#breadcrumb\",\"itemListElement\":[{\"@type\":\"ListItem\",\"position\":1,\"name\":\"Accueil\",\"item\":\"https:\/\/kapitalis.com\/tunisie\/\"},{\"@type\":\"ListItem\",\"position\":2,\"name\":\"Tunisie&nbsp;: un limogeage bien tardif\"}]},{\"@type\":\"WebSite\",\"@id\":\"https:\/\/kapitalis.com\/tunisie\/#website\",\"url\":\"https:\/\/kapitalis.com\/tunisie\/\",\"name\":\"Kapitalis\",\"description\":\"L&#039;actualit\u00e9 en Tunisie et dans le monde\",\"publisher\":{\"@id\":\"https:\/\/kapitalis.com\/tunisie\/#organization\"},\"potentialAction\":[{\"@type\":\"SearchAction\",\"target\":{\"@type\":\"EntryPoint\",\"urlTemplate\":\"https:\/\/kapitalis.com\/tunisie\/?s={search_term_string}\"},\"query-input\":{\"@type\":\"PropertyValueSpecification\",\"valueRequired\":true,\"valueName\":\"search_term_string\"}}],\"inLanguage\":\"fr-FR\"},{\"@type\":\"Organization\",\"@id\":\"https:\/\/kapitalis.com\/tunisie\/#organization\",\"name\":\"Kapitalis\",\"url\":\"https:\/\/kapitalis.com\/tunisie\/\",\"logo\":{\"@type\":\"ImageObject\",\"inLanguage\":\"fr-FR\",\"@id\":\"https:\/\/kapitalis.com\/tunisie\/#\/schema\/logo\/image\/\",\"url\":\"https:\/\/kapitalis.com\/tunisie\/wp-content\/uploads\/2022\/05\/Kapitalis-big-size.png\",\"contentUrl\":\"https:\/\/kapitalis.com\/tunisie\/wp-content\/uploads\/2022\/05\/Kapitalis-big-size.png\",\"width\":5000,\"height\":1500,\"caption\":\"Kapitalis\"},\"image\":{\"@id\":\"https:\/\/kapitalis.com\/tunisie\/#\/schema\/logo\/image\/\"},\"sameAs\":[\"https:\/\/www.facebook.com\/KapitalisInfo\/\",\"https:\/\/x.com\/KapitalisInfo\",\"https:\/\/www.youtube.com\/channel\/UC-yDYrHyfFBWWZaOw3FPg9Q\"]},{\"@type\":\"Person\",\"@id\":\"https:\/\/kapitalis.com\/tunisie\/#\/schema\/person\/d71f33a9ca44f7bad4698210b480c8e9\",\"name\":\"webmaster kapitalis\",\"url\":\"https:\/\/kapitalis.com\/tunisie\/author\/webmaster-kapitalis\/\"}]}<\/script>\n<!-- \/ Yoast SEO plugin. -->","yoast_head_json":{"title":"Tunisie&nbsp;: un limogeage bien tardif - Kapitalis","robots":{"index":"index","follow":"follow","max-snippet":"max-snippet:-1","max-image-preview":"max-image-preview:large","max-video-preview":"max-video-preview:-1"},"canonical":"https:\/\/kapitalis.com\/tunisie\/2023\/02\/08\/tunisie-un-limogeage-bien-tardif\/","og_locale":"fr_FR","og_type":"article","og_title":"Tunisie&nbsp;: un limogeage bien tardif - Kapitalis","og_description":"Qui est le vrai responsable des rat\u00e9s de la diplomatie tunisienne ?","og_url":"https:\/\/kapitalis.com\/tunisie\/2023\/02\/08\/tunisie-un-limogeage-bien-tardif\/","og_site_name":"Kapitalis","article_publisher":"https:\/\/www.facebook.com\/KapitalisInfo\/","article_published_time":"2023-02-08T09:14:11+00:00","article_modified_time":"2023-02-08T10:17:58+00:00","og_image":[{"width":1200,"height":630,"url":"https:\/\/kapitalis.com\/tunisie\/wp-content\/uploads\/2022\/09\/Kais-Saied-Othman-Jerandi.jpg","type":"image\/jpeg"}],"author":"webmaster kapitalis","twitter_card":"summary_large_image","twitter_creator":"@KapitalisInfo","twitter_site":"@KapitalisInfo","twitter_misc":{"\u00c9crit par":"webmaster kapitalis","Dur\u00e9e de lecture estim\u00e9e":"2 minutes"},"schema":{"@context":"https:\/\/schema.org","@graph":[{"@type":"Article","@id":"https:\/\/kapitalis.com\/tunisie\/2023\/02\/08\/tunisie-un-limogeage-bien-tardif\/#article","isPartOf":{"@id":"https:\/\/kapitalis.com\/tunisie\/2023\/02\/08\/tunisie-un-limogeage-bien-tardif\/"},"author":{"name":"webmaster kapitalis","@id":"https:\/\/kapitalis.com\/tunisie\/#\/schema\/person\/d71f33a9ca44f7bad4698210b480c8e9"},"headline":"Tunisie&nbsp;: un limogeage bien tardif","datePublished":"2023-02-08T09:14:11+00:00","dateModified":"2023-02-08T10:17:58+00:00","mainEntityOfPage":{"@id":"https:\/\/kapitalis.com\/tunisie\/2023\/02\/08\/tunisie-un-limogeage-bien-tardif\/"},"wordCount":302,"commentCount":3,"publisher":{"@id":"https:\/\/kapitalis.com\/tunisie\/#organization"},"image":{"@id":"https:\/\/kapitalis.com\/tunisie\/2023\/02\/08\/tunisie-un-limogeage-bien-tardif\/#primaryimage"},"thumbnailUrl":"https:\/\/kapitalis.com\/tunisie\/wp-content\/uploads\/2022\/09\/Kais-Saied-Othman-Jerandi.jpg","keywords":["diplomatie tunisienne","Ka\u00efs Sa\u00efed","Nabil Ammar","\u00d4thman Jerandi","Tunisie"],"articleSection":["POLITIQUE","Tunisie"],"inLanguage":"fr-FR","potentialAction":[{"@type":"CommentAction","name":"Comment","target":["https:\/\/kapitalis.com\/tunisie\/2023\/02\/08\/tunisie-un-limogeage-bien-tardif\/#respond"]}]},{"@type":"WebPage","@id":"https:\/\/kapitalis.com\/tunisie\/2023\/02\/08\/tunisie-un-limogeage-bien-tardif\/","url":"https:\/\/kapitalis.com\/tunisie\/2023\/02\/08\/tunisie-un-limogeage-bien-tardif\/","name":"Tunisie&nbsp;: un limogeage bien tardif - Kapitalis","isPartOf":{"@id":"https:\/\/kapitalis.com\/tunisie\/#website"},"primaryImageOfPage":{"@id":"https:\/\/kapitalis.com\/tunisie\/2023\/02\/08\/tunisie-un-limogeage-bien-tardif\/#primaryimage"},"image":{"@id":"https:\/\/kapitalis.com\/tunisie\/2023\/02\/08\/tunisie-un-limogeage-bien-tardif\/#primaryimage"},"thumbnailUrl":"https:\/\/kapitalis.com\/tunisie\/wp-content\/uploads\/2022\/09\/Kais-Saied-Othman-Jerandi.jpg","datePublished":"2023-02-08T09:14:11+00:00","dateModified":"2023-02-08T10:17:58+00:00","breadcrumb":{"@id":"https:\/\/kapitalis.com\/tunisie\/2023\/02\/08\/tunisie-un-limogeage-bien-tardif\/#breadcrumb"},"inLanguage":"fr-FR","potentialAction":[{"@type":"ReadAction","target":["https:\/\/kapitalis.com\/tunisie\/2023\/02\/08\/tunisie-un-limogeage-bien-tardif\/"]}]},{"@type":"ImageObject","inLanguage":"fr-FR","@id":"https:\/\/kapitalis.com\/tunisie\/2023\/02\/08\/tunisie-un-limogeage-bien-tardif\/#primaryimage","url":"https:\/\/kapitalis.com\/tunisie\/wp-content\/uploads\/2022\/09\/Kais-Saied-Othman-Jerandi.jpg","contentUrl":"https:\/\/kapitalis.com\/tunisie\/wp-content\/uploads\/2022\/09\/Kais-Saied-Othman-Jerandi.jpg","width":1200,"height":630},{"@type":"BreadcrumbList","@id":"https:\/\/kapitalis.com\/tunisie\/2023\/02\/08\/tunisie-un-limogeage-bien-tardif\/#breadcrumb","itemListElement":[{"@type":"ListItem","position":1,"name":"Accueil","item":"https:\/\/kapitalis.com\/tunisie\/"},{"@type":"ListItem","position":2,"name":"Tunisie&nbsp;: un limogeage bien tardif"}]},{"@type":"WebSite","@id":"https:\/\/kapitalis.com\/tunisie\/#website","url":"https:\/\/kapitalis.com\/tunisie\/","name":"Kapitalis","description":"L&#039;actualit\u00e9 en Tunisie et dans le monde","publisher":{"@id":"https:\/\/kapitalis.com\/tunisie\/#organization"},"potentialAction":[{"@type":"SearchAction","target":{"@type":"EntryPoint","urlTemplate":"https:\/\/kapitalis.com\/tunisie\/?s={search_term_string}"},"query-input":{"@type":"PropertyValueSpecification","valueRequired":true,"valueName":"search_term_string"}}],"inLanguage":"fr-FR"},{"@type":"Organization","@id":"https:\/\/kapitalis.com\/tunisie\/#organization","name":"Kapitalis","url":"https:\/\/kapitalis.com\/tunisie\/","logo":{"@type":"ImageObject","inLanguage":"fr-FR","@id":"https:\/\/kapitalis.com\/tunisie\/#\/schema\/logo\/image\/","url":"https:\/\/kapitalis.com\/tunisie\/wp-content\/uploads\/2022\/05\/Kapitalis-big-size.png","contentUrl":"https:\/\/kapitalis.com\/tunisie\/wp-content\/uploads\/2022\/05\/Kapitalis-big-size.png","width":5000,"height":1500,"caption":"Kapitalis"},"image":{"@id":"https:\/\/kapitalis.com\/tunisie\/#\/schema\/logo\/image\/"},"sameAs":["https:\/\/www.facebook.com\/KapitalisInfo\/","https:\/\/x.com\/KapitalisInfo","https:\/\/www.youtube.com\/channel\/UC-yDYrHyfFBWWZaOw3FPg9Q"]},{"@type":"Person","@id":"https:\/\/kapitalis.com\/tunisie\/#\/schema\/person\/d71f33a9ca44f7bad4698210b480c8e9","name":"webmaster kapitalis","url":"https:\/\/kapitalis.com\/tunisie\/author\/webmaster-kapitalis\/"}]}},"_links":{"self":[{"href":"https:\/\/kapitalis.com\/tunisie\/wp-json\/wp\/v2\/posts\/6366231","targetHints":{"allow":["GET"]}}],"collection":[{"href":"https:\/\/kapitalis.com\/tunisie\/wp-json\/wp\/v2\/posts"}],"about":[{"href":"https:\/\/kapitalis.com\/tunisie\/wp-json\/wp\/v2\/types\/post"}],"author":[{"embeddable":true,"href":"https:\/\/kapitalis.com\/tunisie\/wp-json\/wp\/v2\/users\/8"}],"replies":[{"embeddable":true,"href":"https:\/\/kapitalis.com\/tunisie\/wp-json\/wp\/v2\/comments?post=6366231"}],"version-history":[{"count":2,"href":"https:\/\/kapitalis.com\/tunisie\/wp-json\/wp\/v2\/posts\/6366231\/revisions"}],"predecessor-version":[{"id":6367845,"href":"https:\/\/kapitalis.com\/tunisie\/wp-json\/wp\/v2\/posts\/6366231\/revisions\/6367845"}],"wp:featuredmedia":[{"embeddable":true,"href":"https:\/\/kapitalis.com\/tunisie\/wp-json\/wp\/v2\/media\/3663766"}],"wp:attachment":[{"href":"https:\/\/kapitalis.com\/tunisie\/wp-json\/wp\/v2\/media?parent=6366231"}],"wp:term":[{"taxonomy":"category","embeddable":true,"href":"https:\/\/kapitalis.com\/tunisie\/wp-json\/wp\/v2\/categories?post=6366231"},{"taxonomy":"post_tag","embeddable":true,"href":"https:\/\/kapitalis.com\/tunisie\/wp-json\/wp\/v2\/tags?post=6366231"}],"curies":[{"name":"wp","href":"https:\/\/api.w.org\/{rel}","templated":true}]}}