{"id":63958,"date":"2016-09-06T10:42:26","date_gmt":"2016-09-06T09:42:26","guid":{"rendered":"http:\/\/kapitalis.com\/tunisie\/?p=63958"},"modified":"2016-09-06T10:46:03","modified_gmt":"2016-09-06T09:46:03","slug":"festivals-zinelabidine-plaide-pour-des-poles-regionaux","status":"publish","type":"post","link":"https:\/\/kapitalis.com\/tunisie\/2016\/09\/06\/festivals-zinelabidine-plaide-pour-des-poles-regionaux\/","title":{"rendered":"Festivals : Zinelabidine plaide pour des p\u00f4les r\u00e9gionaux\u00a0"},"content":{"rendered":"<p style=\"text-align: center;\"><img loading=\"lazy\" decoding=\"async\" class=\"alignnone size-full wp-image-63973\" src=\"http:\/\/kapitalis.com\/tunisie\/wp-content\/uploads\/2016\/09\/Mohamed-Zinelabidine.jpg\" alt=\"Mohamed-Zinelabidine\" width=\"626\" height=\"380\" \/><\/p>\n<p><em><strong>Le nouveau ministre des Affaires culturelles, Mohamed Zinelabidine, appelle les directeurs des festivals \u00e0 cr\u00e9er des p\u00f4les\u00a0dans les r\u00e9gions, \u00e0 l\u2019image de ce qui se fait\u00a0au\u00a0Maroc.<\/strong><\/em><\/p>\n<p><!--more--><\/p>\n<p>Dans un post publi\u00e9, mardi, sur sa page Facebook, le ministre s\u2019est adress\u00e9 \u00e0 ses <em>\u00abamis responsables au minist\u00e8re des Affaires culturelles, Brahim Letaief, directeur des JCC, Lassaad Jamoussi, directeur des JTC, et Hamdi Makhlouf, directeur des JMC\u00bb<\/em>, les\u00a0appelant \u00e0 s&rsquo;int\u00e9resser aussi aux r\u00e9gions int\u00e9rieures. Selon lui,<em> \u00ables Journ\u00e9es cin\u00e9matographiques, th\u00e9\u00e2trales et musicales de Carthage &#8211; pour lesquelles le minist\u00e8re accorde des subventions importantes, doivent\u00a0s&rsquo;organiser prioritairement dans les r\u00e9gions\u00bb.<\/em><\/p>\n<p>Le ministre a ajout\u00e9, en s&rsquo;adressant aux m\u00eames responsables: \u00ab<em>Quittons les slogans pour du concret! Je pense \u00e0 un p\u00f4le pour ces Journ\u00e9es&#8230; \u00e0 Kasserine, allant vers Sidi Bouzid, Kairouan. Un autre p\u00f4le \u00e0 Gafsa allant vers Tozeur, Nefta, Douz&#8230; Un autre encore \u00e0 Gab\u00e8s allant vers M\u00e9denine, Djerba&#8230; Et un autre au\u00a0Kef allant vers Jendouba, Beja&#8230;\u00bb<\/em>.<\/p>\n<p>Mohamed Zinelabidine a soulign\u00e9 aussi\u00a0la n\u00e9cessit\u00e9 de mettre \u00e0 niveau l&rsquo;infrastructure, la\u00a0logistique et les ressources culturelles dans toutes ces r\u00e9gions.<\/p>\n<p>La vision habituelle, qui centralise tout \u00e0 Tunis, nuit au mod\u00e8le paritaire, \u00e9galitaire et d\u00e9centralis\u00e9e qui est la revendication m\u00eame de la r\u00e9volution du\u00a014 janvier 2011, a\u00a0poursuivi le ministre des Affaires culturelles. <em>\u00abNous pourrions faire des r\u00e9gions\u00a0des p\u00f4les nationaux d&rsquo;activit\u00e9s, de croissance et de d\u00e9veloppement et m\u00eame de visibilit\u00e9 internationale. Le Maroc, bien avant nous, l&rsquo;a fait. Il est peut-\u00eatre grand temps d&rsquo;y \u0153uvrer\u00bb<\/em>, a encore propos\u00e9 le ministre.<\/p>\n<p style=\"text-align: right;\"><strong>Z. A.<\/strong><\/p>\n","protected":false},"excerpt":{"rendered":"<p>Le nouveau ministre des Affaires culturelles, Mohamed Zinelabidine, appelle les directeurs des festivals \u00e0 cr\u00e9er des p\u00f4les\u00a0dans les r\u00e9gions, \u00e0 l\u2019image de ce qui se fait\u00a0au\u00a0Maroc.<\/p>\n","protected":false},"author":7,"featured_media":63973,"comment_status":"open","ping_status":"open","sticky":false,"template":"","format":"standard","meta":{"footnotes":""},"categories":[994,2433],"tags":[22395,510,10705,5952,14831],"class_list":["post-63958","post","type-post","status-publish","format-standard","has-post-thumbnail","hentry","category-culture","category-tunisie","tag-affaires-culturelles","tag-jcc","tag-jmc","tag-jtc","tag-mohamed-zinelabidine"],"yoast_head":"<!-- This site is optimized with the Yoast SEO plugin v26.6 - https:\/\/yoast.com\/wordpress\/plugins\/seo\/ -->\n<title>Festivals : Zinelabidine plaide pour des p\u00f4les r\u00e9gionaux\u00a0 - Kapitalis<\/title>\n<meta name=\"robots\" content=\"index, follow, max-snippet:-1, max-image-preview:large, max-video-preview:-1\" \/>\n<link rel=\"canonical\" href=\"https:\/\/kapitalis.com\/tunisie\/2016\/09\/06\/festivals-zinelabidine-plaide-pour-des-poles-regionaux\/\" \/>\n<meta property=\"og:locale\" content=\"fr_FR\" \/>\n<meta property=\"og:type\" content=\"article\" \/>\n<meta property=\"og:title\" content=\"Festivals : Zinelabidine plaide pour des p\u00f4les r\u00e9gionaux\u00a0 - Kapitalis\" \/>\n<meta property=\"og:description\" content=\"Le nouveau ministre des Affaires culturelles, Mohamed Zinelabidine, appelle les directeurs des festivals \u00e0 cr\u00e9er des p\u00f4les\u00a0dans les r\u00e9gions, \u00e0 l\u2019image de ce qui se fait\u00a0au\u00a0Maroc.\" \/>\n<meta property=\"og:url\" content=\"https:\/\/kapitalis.com\/tunisie\/2016\/09\/06\/festivals-zinelabidine-plaide-pour-des-poles-regionaux\/\" \/>\n<meta property=\"og:site_name\" content=\"Kapitalis\" \/>\n<meta property=\"article:publisher\" content=\"https:\/\/www.facebook.com\/KapitalisInfo\/\" \/>\n<meta property=\"article:published_time\" content=\"2016-09-06T09:42:26+00:00\" \/>\n<meta property=\"article:modified_time\" content=\"2016-09-06T09:46:03+00:00\" \/>\n<meta property=\"og:image\" content=\"https:\/\/kapitalis.com\/tunisie\/wp-content\/uploads\/2022\/05\/kapitalis-logo-fb.png\" \/>\n\t<meta property=\"og:image:width\" content=\"1200\" \/>\n\t<meta property=\"og:image:height\" content=\"630\" \/>\n\t<meta property=\"og:image:type\" content=\"image\/png\" \/>\n<meta name=\"author\" content=\"zohra abid\" \/>\n<meta name=\"twitter:card\" content=\"summary_large_image\" \/>\n<meta name=\"twitter:creator\" content=\"@KapitalisInfo\" \/>\n<meta name=\"twitter:site\" content=\"@KapitalisInfo\" \/>\n<meta name=\"twitter:label1\" content=\"\u00c9crit par\" \/>\n\t<meta name=\"twitter:data1\" content=\"zohra abid\" \/>\n\t<meta name=\"twitter:label2\" content=\"Dur\u00e9e de lecture estim\u00e9e\" \/>\n\t<meta name=\"twitter:data2\" content=\"1 minute\" \/>\n<script type=\"application\/ld+json\" class=\"yoast-schema-graph\">{\"@context\":\"https:\/\/schema.org\",\"@graph\":[{\"@type\":\"Article\",\"@id\":\"https:\/\/kapitalis.com\/tunisie\/2016\/09\/06\/festivals-zinelabidine-plaide-pour-des-poles-regionaux\/#article\",\"isPartOf\":{\"@id\":\"https:\/\/kapitalis.com\/tunisie\/2016\/09\/06\/festivals-zinelabidine-plaide-pour-des-poles-regionaux\/\"},\"author\":{\"name\":\"zohra abid\",\"@id\":\"https:\/\/kapitalis.com\/tunisie\/#\/schema\/person\/6fc2988ceb6eacf6836db1d8360b4912\"},\"headline\":\"Festivals : Zinelabidine plaide pour des p\u00f4les r\u00e9gionaux\u00a0\",\"datePublished\":\"2016-09-06T09:42:26+00:00\",\"dateModified\":\"2016-09-06T09:46:03+00:00\",\"mainEntityOfPage\":{\"@id\":\"https:\/\/kapitalis.com\/tunisie\/2016\/09\/06\/festivals-zinelabidine-plaide-pour-des-poles-regionaux\/\"},\"wordCount\":284,\"commentCount\":1,\"publisher\":{\"@id\":\"https:\/\/kapitalis.com\/tunisie\/#organization\"},\"image\":{\"@id\":\"https:\/\/kapitalis.com\/tunisie\/2016\/09\/06\/festivals-zinelabidine-plaide-pour-des-poles-regionaux\/#primaryimage\"},\"thumbnailUrl\":\"\",\"keywords\":[\"affaires culturelles\",\"JCC\",\"JMC\",\"JTC\",\"Mohamed Zinelabidine\"],\"articleSection\":[\"CULTURE\",\"Tunisie\"],\"inLanguage\":\"fr-FR\",\"potentialAction\":[{\"@type\":\"CommentAction\",\"name\":\"Comment\",\"target\":[\"https:\/\/kapitalis.com\/tunisie\/2016\/09\/06\/festivals-zinelabidine-plaide-pour-des-poles-regionaux\/#respond\"]}]},{\"@type\":\"WebPage\",\"@id\":\"https:\/\/kapitalis.com\/tunisie\/2016\/09\/06\/festivals-zinelabidine-plaide-pour-des-poles-regionaux\/\",\"url\":\"https:\/\/kapitalis.com\/tunisie\/2016\/09\/06\/festivals-zinelabidine-plaide-pour-des-poles-regionaux\/\",\"name\":\"Festivals : Zinelabidine plaide pour des p\u00f4les r\u00e9gionaux\u00a0 - Kapitalis\",\"isPartOf\":{\"@id\":\"https:\/\/kapitalis.com\/tunisie\/#website\"},\"primaryImageOfPage\":{\"@id\":\"https:\/\/kapitalis.com\/tunisie\/2016\/09\/06\/festivals-zinelabidine-plaide-pour-des-poles-regionaux\/#primaryimage\"},\"image\":{\"@id\":\"https:\/\/kapitalis.com\/tunisie\/2016\/09\/06\/festivals-zinelabidine-plaide-pour-des-poles-regionaux\/#primaryimage\"},\"thumbnailUrl\":\"\",\"datePublished\":\"2016-09-06T09:42:26+00:00\",\"dateModified\":\"2016-09-06T09:46:03+00:00\",\"breadcrumb\":{\"@id\":\"https:\/\/kapitalis.com\/tunisie\/2016\/09\/06\/festivals-zinelabidine-plaide-pour-des-poles-regionaux\/#breadcrumb\"},\"inLanguage\":\"fr-FR\",\"potentialAction\":[{\"@type\":\"ReadAction\",\"target\":[\"https:\/\/kapitalis.com\/tunisie\/2016\/09\/06\/festivals-zinelabidine-plaide-pour-des-poles-regionaux\/\"]}]},{\"@type\":\"ImageObject\",\"inLanguage\":\"fr-FR\",\"@id\":\"https:\/\/kapitalis.com\/tunisie\/2016\/09\/06\/festivals-zinelabidine-plaide-pour-des-poles-regionaux\/#primaryimage\",\"url\":\"\",\"contentUrl\":\"\"},{\"@type\":\"BreadcrumbList\",\"@id\":\"https:\/\/kapitalis.com\/tunisie\/2016\/09\/06\/festivals-zinelabidine-plaide-pour-des-poles-regionaux\/#breadcrumb\",\"itemListElement\":[{\"@type\":\"ListItem\",\"position\":1,\"name\":\"Accueil\",\"item\":\"https:\/\/kapitalis.com\/tunisie\/\"},{\"@type\":\"ListItem\",\"position\":2,\"name\":\"Festivals : Zinelabidine plaide pour des p\u00f4les r\u00e9gionaux\u00a0\"}]},{\"@type\":\"WebSite\",\"@id\":\"https:\/\/kapitalis.com\/tunisie\/#website\",\"url\":\"https:\/\/kapitalis.com\/tunisie\/\",\"name\":\"Kapitalis\",\"description\":\"L&#039;actualit\u00e9 en Tunisie et dans le monde\",\"publisher\":{\"@id\":\"https:\/\/kapitalis.com\/tunisie\/#organization\"},\"potentialAction\":[{\"@type\":\"SearchAction\",\"target\":{\"@type\":\"EntryPoint\",\"urlTemplate\":\"https:\/\/kapitalis.com\/tunisie\/?s={search_term_string}\"},\"query-input\":{\"@type\":\"PropertyValueSpecification\",\"valueRequired\":true,\"valueName\":\"search_term_string\"}}],\"inLanguage\":\"fr-FR\"},{\"@type\":\"Organization\",\"@id\":\"https:\/\/kapitalis.com\/tunisie\/#organization\",\"name\":\"Kapitalis\",\"url\":\"https:\/\/kapitalis.com\/tunisie\/\",\"logo\":{\"@type\":\"ImageObject\",\"inLanguage\":\"fr-FR\",\"@id\":\"https:\/\/kapitalis.com\/tunisie\/#\/schema\/logo\/image\/\",\"url\":\"https:\/\/kapitalis.com\/tunisie\/wp-content\/uploads\/2022\/05\/Kapitalis-big-size.png\",\"contentUrl\":\"https:\/\/kapitalis.com\/tunisie\/wp-content\/uploads\/2022\/05\/Kapitalis-big-size.png\",\"width\":5000,\"height\":1500,\"caption\":\"Kapitalis\"},\"image\":{\"@id\":\"https:\/\/kapitalis.com\/tunisie\/#\/schema\/logo\/image\/\"},\"sameAs\":[\"https:\/\/www.facebook.com\/KapitalisInfo\/\",\"https:\/\/x.com\/KapitalisInfo\",\"https:\/\/www.youtube.com\/channel\/UC-yDYrHyfFBWWZaOw3FPg9Q\"]},{\"@type\":\"Person\",\"@id\":\"https:\/\/kapitalis.com\/tunisie\/#\/schema\/person\/6fc2988ceb6eacf6836db1d8360b4912\",\"name\":\"zohra abid\",\"url\":\"https:\/\/kapitalis.com\/tunisie\/author\/zohra-abid-2015\/\"}]}<\/script>\n<!-- \/ Yoast SEO plugin. -->","yoast_head_json":{"title":"Festivals : Zinelabidine plaide pour des p\u00f4les r\u00e9gionaux\u00a0 - Kapitalis","robots":{"index":"index","follow":"follow","max-snippet":"max-snippet:-1","max-image-preview":"max-image-preview:large","max-video-preview":"max-video-preview:-1"},"canonical":"https:\/\/kapitalis.com\/tunisie\/2016\/09\/06\/festivals-zinelabidine-plaide-pour-des-poles-regionaux\/","og_locale":"fr_FR","og_type":"article","og_title":"Festivals : Zinelabidine plaide pour des p\u00f4les r\u00e9gionaux\u00a0 - Kapitalis","og_description":"Le nouveau ministre des Affaires culturelles, Mohamed Zinelabidine, appelle les directeurs des festivals \u00e0 cr\u00e9er des p\u00f4les\u00a0dans les r\u00e9gions, \u00e0 l\u2019image de ce qui se fait\u00a0au\u00a0Maroc.","og_url":"https:\/\/kapitalis.com\/tunisie\/2016\/09\/06\/festivals-zinelabidine-plaide-pour-des-poles-regionaux\/","og_site_name":"Kapitalis","article_publisher":"https:\/\/www.facebook.com\/KapitalisInfo\/","article_published_time":"2016-09-06T09:42:26+00:00","article_modified_time":"2016-09-06T09:46:03+00:00","og_image":[{"width":1200,"height":630,"url":"https:\/\/kapitalis.com\/tunisie\/wp-content\/uploads\/2022\/05\/kapitalis-logo-fb.png","type":"image\/png"}],"author":"zohra abid","twitter_card":"summary_large_image","twitter_creator":"@KapitalisInfo","twitter_site":"@KapitalisInfo","twitter_misc":{"\u00c9crit par":"zohra abid","Dur\u00e9e de lecture estim\u00e9e":"1 minute"},"schema":{"@context":"https:\/\/schema.org","@graph":[{"@type":"Article","@id":"https:\/\/kapitalis.com\/tunisie\/2016\/09\/06\/festivals-zinelabidine-plaide-pour-des-poles-regionaux\/#article","isPartOf":{"@id":"https:\/\/kapitalis.com\/tunisie\/2016\/09\/06\/festivals-zinelabidine-plaide-pour-des-poles-regionaux\/"},"author":{"name":"zohra abid","@id":"https:\/\/kapitalis.com\/tunisie\/#\/schema\/person\/6fc2988ceb6eacf6836db1d8360b4912"},"headline":"Festivals : Zinelabidine plaide pour des p\u00f4les r\u00e9gionaux\u00a0","datePublished":"2016-09-06T09:42:26+00:00","dateModified":"2016-09-06T09:46:03+00:00","mainEntityOfPage":{"@id":"https:\/\/kapitalis.com\/tunisie\/2016\/09\/06\/festivals-zinelabidine-plaide-pour-des-poles-regionaux\/"},"wordCount":284,"commentCount":1,"publisher":{"@id":"https:\/\/kapitalis.com\/tunisie\/#organization"},"image":{"@id":"https:\/\/kapitalis.com\/tunisie\/2016\/09\/06\/festivals-zinelabidine-plaide-pour-des-poles-regionaux\/#primaryimage"},"thumbnailUrl":"","keywords":["affaires culturelles","JCC","JMC","JTC","Mohamed Zinelabidine"],"articleSection":["CULTURE","Tunisie"],"inLanguage":"fr-FR","potentialAction":[{"@type":"CommentAction","name":"Comment","target":["https:\/\/kapitalis.com\/tunisie\/2016\/09\/06\/festivals-zinelabidine-plaide-pour-des-poles-regionaux\/#respond"]}]},{"@type":"WebPage","@id":"https:\/\/kapitalis.com\/tunisie\/2016\/09\/06\/festivals-zinelabidine-plaide-pour-des-poles-regionaux\/","url":"https:\/\/kapitalis.com\/tunisie\/2016\/09\/06\/festivals-zinelabidine-plaide-pour-des-poles-regionaux\/","name":"Festivals : Zinelabidine plaide pour des p\u00f4les r\u00e9gionaux\u00a0 - Kapitalis","isPartOf":{"@id":"https:\/\/kapitalis.com\/tunisie\/#website"},"primaryImageOfPage":{"@id":"https:\/\/kapitalis.com\/tunisie\/2016\/09\/06\/festivals-zinelabidine-plaide-pour-des-poles-regionaux\/#primaryimage"},"image":{"@id":"https:\/\/kapitalis.com\/tunisie\/2016\/09\/06\/festivals-zinelabidine-plaide-pour-des-poles-regionaux\/#primaryimage"},"thumbnailUrl":"","datePublished":"2016-09-06T09:42:26+00:00","dateModified":"2016-09-06T09:46:03+00:00","breadcrumb":{"@id":"https:\/\/kapitalis.com\/tunisie\/2016\/09\/06\/festivals-zinelabidine-plaide-pour-des-poles-regionaux\/#breadcrumb"},"inLanguage":"fr-FR","potentialAction":[{"@type":"ReadAction","target":["https:\/\/kapitalis.com\/tunisie\/2016\/09\/06\/festivals-zinelabidine-plaide-pour-des-poles-regionaux\/"]}]},{"@type":"ImageObject","inLanguage":"fr-FR","@id":"https:\/\/kapitalis.com\/tunisie\/2016\/09\/06\/festivals-zinelabidine-plaide-pour-des-poles-regionaux\/#primaryimage","url":"","contentUrl":""},{"@type":"BreadcrumbList","@id":"https:\/\/kapitalis.com\/tunisie\/2016\/09\/06\/festivals-zinelabidine-plaide-pour-des-poles-regionaux\/#breadcrumb","itemListElement":[{"@type":"ListItem","position":1,"name":"Accueil","item":"https:\/\/kapitalis.com\/tunisie\/"},{"@type":"ListItem","position":2,"name":"Festivals : Zinelabidine plaide pour des p\u00f4les r\u00e9gionaux\u00a0"}]},{"@type":"WebSite","@id":"https:\/\/kapitalis.com\/tunisie\/#website","url":"https:\/\/kapitalis.com\/tunisie\/","name":"Kapitalis","description":"L&#039;actualit\u00e9 en Tunisie et dans le monde","publisher":{"@id":"https:\/\/kapitalis.com\/tunisie\/#organization"},"potentialAction":[{"@type":"SearchAction","target":{"@type":"EntryPoint","urlTemplate":"https:\/\/kapitalis.com\/tunisie\/?s={search_term_string}"},"query-input":{"@type":"PropertyValueSpecification","valueRequired":true,"valueName":"search_term_string"}}],"inLanguage":"fr-FR"},{"@type":"Organization","@id":"https:\/\/kapitalis.com\/tunisie\/#organization","name":"Kapitalis","url":"https:\/\/kapitalis.com\/tunisie\/","logo":{"@type":"ImageObject","inLanguage":"fr-FR","@id":"https:\/\/kapitalis.com\/tunisie\/#\/schema\/logo\/image\/","url":"https:\/\/kapitalis.com\/tunisie\/wp-content\/uploads\/2022\/05\/Kapitalis-big-size.png","contentUrl":"https:\/\/kapitalis.com\/tunisie\/wp-content\/uploads\/2022\/05\/Kapitalis-big-size.png","width":5000,"height":1500,"caption":"Kapitalis"},"image":{"@id":"https:\/\/kapitalis.com\/tunisie\/#\/schema\/logo\/image\/"},"sameAs":["https:\/\/www.facebook.com\/KapitalisInfo\/","https:\/\/x.com\/KapitalisInfo","https:\/\/www.youtube.com\/channel\/UC-yDYrHyfFBWWZaOw3FPg9Q"]},{"@type":"Person","@id":"https:\/\/kapitalis.com\/tunisie\/#\/schema\/person\/6fc2988ceb6eacf6836db1d8360b4912","name":"zohra abid","url":"https:\/\/kapitalis.com\/tunisie\/author\/zohra-abid-2015\/"}]}},"_links":{"self":[{"href":"https:\/\/kapitalis.com\/tunisie\/wp-json\/wp\/v2\/posts\/63958","targetHints":{"allow":["GET"]}}],"collection":[{"href":"https:\/\/kapitalis.com\/tunisie\/wp-json\/wp\/v2\/posts"}],"about":[{"href":"https:\/\/kapitalis.com\/tunisie\/wp-json\/wp\/v2\/types\/post"}],"author":[{"embeddable":true,"href":"https:\/\/kapitalis.com\/tunisie\/wp-json\/wp\/v2\/users\/7"}],"replies":[{"embeddable":true,"href":"https:\/\/kapitalis.com\/tunisie\/wp-json\/wp\/v2\/comments?post=63958"}],"version-history":[{"count":0,"href":"https:\/\/kapitalis.com\/tunisie\/wp-json\/wp\/v2\/posts\/63958\/revisions"}],"wp:featuredmedia":[{"embeddable":true,"href":"https:\/\/kapitalis.com\/tunisie\/wp-json\/wp\/v2\/media\/63973"}],"wp:attachment":[{"href":"https:\/\/kapitalis.com\/tunisie\/wp-json\/wp\/v2\/media?parent=63958"}],"wp:term":[{"taxonomy":"category","embeddable":true,"href":"https:\/\/kapitalis.com\/tunisie\/wp-json\/wp\/v2\/categories?post=63958"},{"taxonomy":"post_tag","embeddable":true,"href":"https:\/\/kapitalis.com\/tunisie\/wp-json\/wp\/v2\/tags?post=63958"}],"curies":[{"name":"wp","href":"https:\/\/api.w.org\/{rel}","templated":true}]}}